{"id":127690,"date":"2019-04-07T16:41:44","date_gmt":"2019-04-07T13:41:44","guid":{"rendered":"http:\/\/www.tvturk.com\/index.php\/il-milli-egitim-muduru-yarismada-dereceye-giren-ogrenciyi-misafir-etti\/"},"modified":"2019-04-07T16:41:47","modified_gmt":"2019-04-07T13:41:47","slug":"il-milli-egitim-muduru-yarismada-dereceye-giren-ogrenciyi-misafir-etti","status":"publish","type":"post","link":"http:\/\/www.tvturk.com\/index.php\/il-milli-egitim-muduru-yarismada-dereceye-giren-ogrenciyi-misafir-etti\/","title":{"rendered":"\u0130l Milli E\u011fitim M\u00fcd\u00fcr\u00fc yar\u0131\u015fmada dereceye giren \u00f6\u011frenciyi misafir etti"},"content":{"rendered":"<p>\u0130l Milli E\u011fitim M\u00fcd\u00fcr\u00fc Sabahattin D\u00fclger, insan haklar\u0131n\u0131n korunmas\u0131 ve geli\u015ftirilmesi, ayr\u0131mc\u0131l\u0131\u011f\u0131n \u00f6nlenmesine y\u00f6nelik d\u00fczenlenen yar\u0131\u015fmada T\u00fcrkiye \u00fc\u00e7\u00fcnc\u00fcl\u00fc\u011f\u00fc elde eden Ahmet Erdem Anadolu Lisesi \u00d6\u011frencisi Dilruba Bekler\u2019i makam\u0131nda misafir etti.<\/p>\n<p>T\u00fcrkiye \u0130nsan Haklar\u0131 ve E\u015fitlik Kurumu taraf\u0131ndan insan haklar\u0131n\u0131n korunmas\u0131 ve geli\u015ftirilmesi, ayr\u0131mc\u0131l\u0131\u011f\u0131n \u00f6nlenmesi amac\u0131yla ilk\u00f6\u011fretim ve orta\u00f6\u011fretim \u00f6\u011frencilerine y\u00f6nelik \u201c\u0130nsan Haklar\u0131n\u0131n Korunmas\u0131 ve Geli\u015ftirilmesi Ba\u011flam\u0131nda Anne, Baba ve Ya\u015fl\u0131 Haklar\u0131\u201d konulu resim, \u015fiir ve kompozisyon yar\u0131\u015fmas\u0131 d\u00fczenlendi.<\/p>\n<p>Bursa Ahmet Erdem Anadolu Lisesi \u00d6\u011frencisi Dilruba Bekler, lise d\u00fczeyi \u015fiir yar\u0131\u015fmas\u0131nda elde eti\u011fi T\u00fcrkiye \u00fc\u00e7\u00fcnc\u00fcl\u00fc\u011f\u00fc ba\u015far\u0131s\u0131yla tablet ile \u00f6d\u00fcllendirildi. \u0130l Milli E\u011fitim M\u00fcd\u00fcr\u00fc D\u00fclger, yar\u0131\u015fmada dereceye giren Ahmet Erdem Anadolu Lisesi \u00d6\u011frencisi Dilruba Bekler\u2019i ve Okul M\u00fcd\u00fcr\u00fc Zeki Av\u015far ile Dan\u0131\u015fman \u00d6\u011fretmen Apdulkadir Y\u0131lmaz\u2019\u0131 makam\u0131nda misafir etti.  \u00d6\u011frenci Dilruba Bekler, yar\u0131\u015fma derecesiyle elde etti\u011fi \u00f6d\u00fcl\u00fcn\u00fc Valilik ad\u0131na \u0130l Milli E\u011fitim M\u00fcd\u00fcr\u00fc Sabahattin D\u00fclger\u2019den ald\u0131.<\/p>\n<p>Gelece\u011fin teminat\u0131 olan \u00e7ocuklar\u0131n iyi birer insan olarak yeti\u015ftirilmesi i\u00e7in canla ba\u015fla \u00e7al\u0131\u015f\u0131ld\u0131\u011f\u0131n\u0131 belirten \u0130l Milli E\u011fitim M\u00fcd\u00fcr\u00fc Sabahattin D\u00fclger, \u201cBizim inanc\u0131m\u0131zda, k\u00fclt\u00fcr\u00fcm\u00fczde hakk\u0131 korumak, insanlar aras\u0131nda ay\u0131r\u0131m yapmamak, farkl\u0131l\u0131klara sayg\u0131 duymak son derece k\u0131ymetli ve \u00f6nemlidir. \u00c7ocuklar\u0131m\u0131z\u0131n bu kavramlar\u0131 \u00f6nemsemesi, bu de\u011ferlerimizin k\u0131ymetini daha g\u00fczel kavramas\u0131 i\u00e7in d\u00fczenlenen bu t\u00fcr yar\u0131\u015fmalara kat\u0131lmalar\u0131 asl\u0131nda \u00e7ocuklar\u0131m\u0131z\u0131n da bu temel de\u011ferlerle i\u00e7 i\u00e7e yeti\u015ftiklerinin bir g\u00f6stergesi. Anne babaya g\u00f6sterilen sayg\u0131 ve sevgi, ya\u015fl\u0131lar\u0131m\u0131z\u0131 koruyup g\u00f6zetmek toplumumuzun en hassas noktalar\u0131. \u00d6\u011frencimizi de b\u00f6ylesi \u00f6nemli bir konuda elde etti\u011fi ba\u015far\u0131dan dolay\u0131 kutluyorum &#8221; ifadelerini kulland\u0131.<div class=\"tiled-gallery type-rectangular tiled-gallery-unresized\" data-original-width=\"500\" data-carousel-extra='null' itemscope itemtype=\"http:\/\/schema.org\/ImageGallery\" > <div class=\"gallery-row\" style=\"width: 500px; height: 168px;\" data-original-width=\"500\" data-original-height=\"168\" > <div class=\"gallery-group images-1\" style=\"width: 250px; height: 168px;\" data-original-width=\"250\" data-original-height=\"168\" > <div class=\"tiled-gallery-item tiled-gallery-item-small\" itemprop=\"associatedMedia\" itemscope itemtype=\"http:\/\/schema.org\/ImageObject\"> <a href=\"http:\/\/www.tvturk.com\/index.php\/il-milli-egitim-muduru-yarismada-dereceye-giren-ogrenciyi-misafir-etti\/il-milli-egitim-muduru-yarismada-dereceye-giren-ogrenciyi-misafir-etti-3\/\" border=\"0\" itemprop=\"url\"> <meta itemprop=\"width\" content=\"246\"> <meta itemprop=\"height\" content=\"164\"> <img decoding=\"async\" class=\"\" data-attachment-id=\"127692\" data-orig-file=\"http:\/\/www.tvturk.com\/wp-content\/uploads\/2019\/04\/il-milli-egitim-muduru-yarismada-dereceye-giren-ogrenciyi-misafir-etti_ee946db.jpg\" data-orig-size=\"1000,666\" data-comments-opened=\"\" data-image-meta=\"{&quot;aperture&quot;:&quot;0&quot;,&quot;credit&quot;:&quot;IHA&quot;,&quot;camera&quot;:&quot;&quot;,&quot;caption&quot;:&quot;\\u0130L M\\u0130LL\\u0130 E\\u011e\\u0130T\\u0130M M\\u00dcD\\u00dcR\\u00dc SABAHATT\\u0130N D\\u00dcLGER, \\u0130NSAN HAKLARININ KORUNMASI VE GEL\\u0130\\u015eT\\u0130R\\u0130LMES\\u0130, AYRIMCILI\\u011eIN \\u00d6NLENMES\\u0130NE Y\\u00d6NEL\\u0130K D\\u00dcZENLENEN YARI\\u015eMADA T\\u00dcRK\\u0130YE \\u00dc\\u00c7\\u00dcNC\\u00dcL\\u00dc\\u011e\\u00dc ELDE EDEN AHMET ERDEM ANADOLU L\\u0130SES\\u0130 \\u00d6\\u011eRENC\\u0130S\\u0130 D\\u0130LRUBA BEKLER\\u0027\\u0130 MAKAMINDA M\\u0130SAF\\u0130R ETT\\u0130. (AHMET K\\u00dc\\u00c7\\u00dcKKARACA\\\/BURSA-\\u0130HA)&quot;,&quot;created_timestamp&quot;:&quot;0&quot;,&quot;copyright&quot;:&quot;\\u0130HLAS HABER AJANSI, www.iha.com.tr&quot;,&quot;focal_length&quot;:&quot;0&quot;,&quot;iso&quot;:&quot;0&quot;,&quot;shutter_speed&quot;:&quot;0&quot;,&quot;title&quot;:&quot;\\u0130L M\\u0130LL\\u0130 E\\u011e\\u0130T\\u0130M M\\u00dcD\\u00dcR\\u00dc YARI\\u015eMADA DERECEYE G\\u0130REN \\u00d6\\u011eRENC\\u0130Y\\u0130 M\\u0130SAF\\u0130R ETT\\u0130&quot;,&quot;orientation&quot;:&quot;0&quot;}\" data-image-title=\"\u0130l Milli E\u011fitim M\u00fcd\u00fcr\u00fc yar\u0131\u015fmada dereceye giren \u00f6\u011frenciyi misafir etti\" data-image-description=\"&lt;p&gt;\u0130l Milli E\u011fitim M\u00fcd\u00fcr\u00fc yar\u0131\u015fmada dereceye giren \u00f6\u011frenciyi misafir etti&lt;\/p&gt; \" data-medium-file=\"https:\/\/i0.wp.com\/www.tvturk.com\/wp-content\/uploads\/2019\/04\/il-milli-egitim-muduru-yarismada-dereceye-giren-ogrenciyi-misafir-etti_ee946db.jpg?fit=300%2C200\" data-large-file=\"https:\/\/i0.wp.com\/www.tvturk.com\/wp-content\/uploads\/2019\/04\/il-milli-egitim-muduru-yarismada-dereceye-giren-ogrenciyi-misafir-etti_ee946db.jpg?fit=1000%2C666\" src=\"https:\/\/i0.wp.com\/www.tvturk.com\/wp-content\/uploads\/2019\/04\/il-milli-egitim-muduru-yarismada-dereceye-giren-ogrenciyi-misafir-etti_ee946db.jpg?w=246&#038;h=164\" srcset=\"https:\/\/i0.wp.com\/www.tvturk.com\/wp-content\/uploads\/2019\/04\/il-milli-egitim-muduru-yarismada-dereceye-giren-ogrenciyi-misafir-etti_ee946db.jpg?w=1000 1000w, https:\/\/i0.wp.com\/www.tvturk.com\/wp-content\/uploads\/2019\/04\/il-milli-egitim-muduru-yarismada-dereceye-giren-ogrenciyi-misafir-etti_ee946db.jpg?resize=150%2C100 150w, https:\/\/i0.wp.com\/www.tvturk.com\/wp-content\/uploads\/2019\/04\/il-milli-egitim-muduru-yarismada-dereceye-giren-ogrenciyi-misafir-etti_ee946db.jpg?resize=300%2C200 300w, https:\/\/i0.wp.com\/www.tvturk.com\/wp-content\/uploads\/2019\/04\/il-milli-egitim-muduru-yarismada-dereceye-giren-ogrenciyi-misafir-etti_ee946db.jpg?resize=768%2C511 768w, https:\/\/i0.wp.com\/www.tvturk.com\/wp-content\/uploads\/2019\/04\/il-milli-egitim-muduru-yarismada-dereceye-giren-ogrenciyi-misafir-etti_ee946db.jpg?resize=170%2C113 170w, https:\/\/i0.wp.com\/www.tvturk.com\/wp-content\/uploads\/2019\/04\/il-milli-egitim-muduru-yarismada-dereceye-giren-ogrenciyi-misafir-etti_ee946db.jpg?resize=120%2C80 120w\" width=\"246\" height=\"164\" loading=\"lazy\" data-original-width=\"246\" data-original-height=\"164\" itemprop=\"http:\/\/schema.org\/image\" title=\"\u0130l Milli E\u011fitim M\u00fcd\u00fcr\u00fc yar\u0131\u015fmada dereceye giren \u00f6\u011frenciyi misafir etti\" alt=\"\u0130l Milli E\u011fitim M\u00fcd\u00fcr\u00fc yar\u0131\u015fmada dereceye giren \u00f6\u011frenciyi misafir etti\" style=\"width: 246px; height: 164px;\" \/> <\/a> <\/div> <\/div> <!-- close group --> <div class=\"gallery-group images-1\" style=\"width: 250px; height: 168px;\" data-original-width=\"250\" data-original-height=\"168\" > <div class=\"tiled-gallery-item tiled-gallery-item-small\" itemprop=\"associatedMedia\" itemscope itemtype=\"http:\/\/schema.org\/ImageObject\"> <a href=\"http:\/\/www.tvturk.com\/index.php\/il-milli-egitim-muduru-yarismada-dereceye-giren-ogrenciyi-misafir-etti\/il-milli-egitim-muduru-yarismada-dereceye-giren-ogrenciyi-misafir-etti-4\/\" border=\"0\" itemprop=\"url\"> <meta itemprop=\"width\" content=\"246\"> <meta itemprop=\"height\" content=\"164\"> <img decoding=\"async\" class=\"\" data-attachment-id=\"127693\" data-orig-file=\"http:\/\/www.tvturk.com\/wp-content\/uploads\/2019\/04\/il-milli-egitim-muduru-yarismada-dereceye-giren-ogrenciyi-misafir-etti_61b839a.jpg\" data-orig-size=\"1000,666\" data-comments-opened=\"\" data-image-meta=\"{&quot;aperture&quot;:&quot;0&quot;,&quot;credit&quot;:&quot;IHA&quot;,&quot;camera&quot;:&quot;&quot;,&quot;caption&quot;:&quot;\\u0130L M\\u0130LL\\u0130 E\\u011e\\u0130T\\u0130M M\\u00dcD\\u00dcR\\u00dc SABAHATT\\u0130N D\\u00dcLGER, \\u0130NSAN HAKLARININ KORUNMASI VE GEL\\u0130\\u015eT\\u0130R\\u0130LMES\\u0130, AYRIMCILI\\u011eIN \\u00d6NLENMES\\u0130NE Y\\u00d6NEL\\u0130K D\\u00dcZENLENEN YARI\\u015eMADA T\\u00dcRK\\u0130YE \\u00dc\\u00c7\\u00dcNC\\u00dcL\\u00dc\\u011e\\u00dc ELDE EDEN AHMET ERDEM ANADOLU L\\u0130SES\\u0130 \\u00d6\\u011eRENC\\u0130S\\u0130 D\\u0130LRUBA BEKLER\\u0027\\u0130 MAKAMINDA M\\u0130SAF\\u0130R ETT\\u0130. (AHMET K\\u00dc\\u00c7\\u00dcKKARACA\\\/BURSA-\\u0130HA)&quot;,&quot;created_timestamp&quot;:&quot;0&quot;,&quot;copyright&quot;:&quot;\\u0130HLAS HABER AJANSI, www.iha.com.tr&quot;,&quot;focal_length&quot;:&quot;0&quot;,&quot;iso&quot;:&quot;0&quot;,&quot;shutter_speed&quot;:&quot;0&quot;,&quot;title&quot;:&quot;\\u0130L M\\u0130LL\\u0130 E\\u011e\\u0130T\\u0130M M\\u00dcD\\u00dcR\\u00dc YARI\\u015eMADA DERECEYE G\\u0130REN \\u00d6\\u011eRENC\\u0130Y\\u0130 M\\u0130SAF\\u0130R ETT\\u0130&quot;,&quot;orientation&quot;:&quot;0&quot;}\" data-image-title=\"\u0130l Milli E\u011fitim M\u00fcd\u00fcr\u00fc yar\u0131\u015fmada dereceye giren \u00f6\u011frenciyi misafir etti\" data-image-description=\"&lt;p&gt;\u0130l Milli E\u011fitim M\u00fcd\u00fcr\u00fc yar\u0131\u015fmada dereceye giren \u00f6\u011frenciyi misafir etti&lt;\/p&gt; \" data-medium-file=\"https:\/\/i0.wp.com\/www.tvturk.com\/wp-content\/uploads\/2019\/04\/il-milli-egitim-muduru-yarismada-dereceye-giren-ogrenciyi-misafir-etti_61b839a.jpg?fit=300%2C200\" data-large-file=\"https:\/\/i0.wp.com\/www.tvturk.com\/wp-content\/uploads\/2019\/04\/il-milli-egitim-muduru-yarismada-dereceye-giren-ogrenciyi-misafir-etti_61b839a.jpg?fit=1000%2C666\" src=\"https:\/\/i0.wp.com\/www.tvturk.com\/wp-content\/uploads\/2019\/04\/il-milli-egitim-muduru-yarismada-dereceye-giren-ogrenciyi-misafir-etti_61b839a.jpg?w=246&#038;h=164\" srcset=\"https:\/\/i0.wp.com\/www.tvturk.com\/wp-content\/uploads\/2019\/04\/il-milli-egitim-muduru-yarismada-dereceye-giren-ogrenciyi-misafir-etti_61b839a.jpg?w=1000 1000w, https:\/\/i0.wp.com\/www.tvturk.com\/wp-content\/uploads\/2019\/04\/il-milli-egitim-muduru-yarismada-dereceye-giren-ogrenciyi-misafir-etti_61b839a.jpg?resize=150%2C100 150w, https:\/\/i0.wp.com\/www.tvturk.com\/wp-content\/uploads\/2019\/04\/il-milli-egitim-muduru-yarismada-dereceye-giren-ogrenciyi-misafir-etti_61b839a.jpg?resize=300%2C200 300w, https:\/\/i0.wp.com\/www.tvturk.com\/wp-content\/uploads\/2019\/04\/il-milli-egitim-muduru-yarismada-dereceye-giren-ogrenciyi-misafir-etti_61b839a.jpg?resize=768%2C511 768w, https:\/\/i0.wp.com\/www.tvturk.com\/wp-content\/uploads\/2019\/04\/il-milli-egitim-muduru-yarismada-dereceye-giren-ogrenciyi-misafir-etti_61b839a.jpg?resize=170%2C113 170w, https:\/\/i0.wp.com\/www.tvturk.com\/wp-content\/uploads\/2019\/04\/il-milli-egitim-muduru-yarismada-dereceye-giren-ogrenciyi-misafir-etti_61b839a.jpg?resize=120%2C80 120w\" width=\"246\" height=\"164\" loading=\"lazy\" data-original-width=\"246\" data-original-height=\"164\" itemprop=\"http:\/\/schema.org\/image\" title=\"\u0130l Milli E\u011fitim M\u00fcd\u00fcr\u00fc yar\u0131\u015fmada dereceye giren \u00f6\u011frenciyi misafir etti\" alt=\"\u0130l Milli E\u011fitim M\u00fcd\u00fcr\u00fc yar\u0131\u015fmada dereceye giren \u00f6\u011frenciyi misafir etti\" style=\"width: 246px; height: 164px;\" \/> <\/a> <\/div> <\/div> <!-- close group --> <\/div> <!-- close row --> <\/div><\/p>\n","protected":false},"excerpt":{"rendered":"<p>\u0130L M\u0130LL\u0130 E\u011e\u0130T\u0130M M\u00dcD\u00dcR\u00dc SABAHATT\u0130N D\u00dcLGER, \u0130NSAN HAKLARININ KORUNMASI VE GEL\u0130\u015eT\u0130R\u0130LMES\u0130, AYRIMCILI\u011eIN \u00d6NLENMES\u0130NE Y\u00d6NEL\u0130K D\u00dcZENLENEN YARI\u015eMADA T\u00dcRK\u0130YE \u00dc\u00c7\u00dcNC\u00dcL\u00dc\u011e\u00dc ELDE EDEN AHMET ERDEM ANADOLU L\u0130SES\u0130 \u00d6\u011eRENC\u0130S\u0130 D\u0130LRUBA BEKLER&#8217;\u0130 MAKAMINDA M\u0130SAF\u0130R ETT\u0130.<\/p>\n","protected":false},"author":1,"featured_media":127691,"comment_status":"closed","ping_status":"open","sticky":false,"template":"","format":"standard","meta":{"jetpack_post_was_ever_published":false,"_jetpack_newsletter_access":"","_jetpack_dont_email_post_to_subs":false,"_jetpack_newsletter_tier_id":0,"_jetpack_memberships_contains_paywalled_content":false,"_jetpack_memberships_contains_paid_content":false,"footnotes":"","jetpack_publicize_message":"","jetpack_publicize_feature_enabled":true,"jetpack_social_post_already_shared":true,"jetpack_social_options":{"image_generator_settings":{"template":"highway","default_image_id":0,"font":"","enabled":false},"version":2}},"categories":[1],"tags":[8409,398,207,5779,424,429,6140,254,4340,21384],"class_list":["post-127690","post","type-post","status-publish","format-standard","has-post-thumbnail","hentry","category-genel","tag-dereceye","tag-egitim","tag-etti","tag-giren","tag-il","tag-milli","tag-misafir","tag-muduru","tag-ogrenciyi","tag-yarismada"],"jetpack_publicize_connections":[],"jetpack_featured_media_url":"https:\/\/i0.wp.com\/www.tvturk.com\/wp-content\/uploads\/2019\/04\/il-milli-egitim-muduru-yarismada-dereceye-giren-ogrenciyi-misafir-etti_cea8526.jpg?fit=1000%2C666","jetpack_sharing_enabled":true,"jetpack_shortlink":"https:\/\/wp.me\/paKIfm-xdw","_links":{"self":[{"href":"http:\/\/www.tvturk.com\/index.php\/wp-json\/wp\/v2\/posts\/127690","targetHints":{"allow":["GET"]}}],"collection":[{"href":"http:\/\/www.tvturk.com\/index.php\/wp-json\/wp\/v2\/posts"}],"about":[{"href":"http:\/\/www.tvturk.com\/index.php\/wp-json\/wp\/v2\/types\/post"}],"author":[{"embeddable":true,"href":"http:\/\/www.tvturk.com\/index.php\/wp-json\/wp\/v2\/users\/1"}],"replies":[{"embeddable":true,"href":"http:\/\/www.tvturk.com\/index.php\/wp-json\/wp\/v2\/comments?post=127690"}],"version-history":[{"count":1,"href":"http:\/\/www.tvturk.com\/index.php\/wp-json\/wp\/v2\/posts\/127690\/revisions"}],"predecessor-version":[{"id":127694,"href":"http:\/\/www.tvturk.com\/index.php\/wp-json\/wp\/v2\/posts\/127690\/revisions\/127694"}],"wp:featuredmedia":[{"embeddable":true,"href":"http:\/\/www.tvturk.com\/index.php\/wp-json\/wp\/v2\/media\/127691"}],"wp:attachment":[{"href":"http:\/\/www.tvturk.com\/index.php\/wp-json\/wp\/v2\/media?parent=127690"}],"wp:term":[{"taxonomy":"category","embeddable":true,"href":"http:\/\/www.tvturk.com\/index.php\/wp-json\/wp\/v2\/categories?post=127690"},{"taxonomy":"post_tag","embeddable":true,"href":"http:\/\/www.tvturk.com\/index.php\/wp-json\/wp\/v2\/tags?post=127690"}],"curies":[{"name":"wp","href":"https:\/\/api.w.org\/{rel}","templated":true}]}}