{"id":127941,"date":"2019-04-07T19:07:24","date_gmt":"2019-04-07T16:07:24","guid":{"rendered":"http:\/\/www.tvturk.com\/index.php\/ersun-yanal-kadikoydeki-derbiler-bizim-bayramimiz\/"},"modified":"2019-04-07T19:07:27","modified_gmt":"2019-04-07T16:07:27","slug":"ersun-yanal-kadikoydeki-derbiler-bizim-bayramimiz","status":"publish","type":"post","link":"http:\/\/www.tvturk.com\/index.php\/ersun-yanal-kadikoydeki-derbiler-bizim-bayramimiz\/","title":{"rendered":"Ersun Yanal: \u201cKad\u0131k\u00f6y\u2019deki derbiler bizim bayram\u0131m\u0131z\u201d"},"content":{"rendered":"<p>Spor Toto S\u00fcper Lig\u2019in 27. haftas\u0131nda Fenerbah\u00e7e, MKE Ankarag\u00fcc\u00fc\u2019yle 1-1 berabere kald\u0131. Fenerbah\u00e7e Teknik Direkt\u00f6r\u00fc Ersun Yanal, \u201cBug\u00fcn oyuncular\u0131m oyun oynama becerisini g\u00f6stermelerine ra\u011fmen gol atma becerisi g\u00f6steremedi\u201d dedi.<\/p>\n<p>Spor Toto S\u00fcper Lig\u2019in 27. haftas\u0131nda sezona iyi ba\u015flayamayan ve devam\u0131nda d\u00fc\u015fme hatt\u0131na kadar gerileyen Fenerbah\u00e7e, ba\u015fkent temsilcisi MKE Ankarag\u00fcc\u00fc\u2019ne konuk oldu. Eryaman Stad\u0131\u2019nda oynanan ma\u00e7ta taraflar puanlar\u0131 b\u00f6l\u00fc\u015ft\u00fc. Galatasaray ma\u00e7\u0131 \u00f6ncesi, ba\u015fkentte 1-1 berabere biten ma\u00e7\u0131n ard\u0131ndan bas\u0131n toplant\u0131s\u0131na kat\u0131lan Fenerbah\u00e7e Teknik Direkt\u00f6r\u00fc Ersun Yanal, \u201cFutbolu sonu\u00e7land\u0131ran gold\u00fcr. Bug\u00fcn biz, oyun becerisinin \u00fcst\u00fcne ilave edemedik. Gol\u00fc idare edemedi\u011fimizde \u00f6zellikle defansif konsantrasyonumuz da\u011f\u0131ld\u0131. Sezon ba\u015f\u0131ndan beri ve benim ilk geldi\u011fim g\u00fcnden beri gol \u00fcretme konusunda iyi de\u011filiz. Bug\u00fcn oyuncular\u0131m oyun oynama becerisini g\u00f6stermelerine ra\u011fmen gol atma becerisi g\u00f6steremedi\u201d ifadelerini kulland\u0131.<\/p>\n<p>Ma\u00e7 sonunda Fenerbah\u00e7e\u2019nin ligdeki durumu ve Eryaman Stad\u0131n\u0131n ambiyans\u0131 hakk\u0131nda da konu\u015fan Yanal, \u201cAnkarag\u00fcc\u00fc taraftar\u0131 bug\u00fcn hem tak\u0131m\u0131n\u0131 destekledi hem de sahiplenme tavr\u0131n\u0131 ortaya koydu. Umar\u0131m Ankarag\u00fcc\u00fc tak\u0131m\u0131 da istedi\u011fi sonucu ligde al\u0131r. Burada statta ambiyans \u00e7ok g\u00fczeldi. Fenerbah\u00e7e gibi bir tak\u0131m bu sezon buralara geldiyse bunu iyi de\u011ferlendirmek gerekiyor. Fakat Fenerbah\u00e7e, sonu\u00e7lardan daha \u00f6nemli bir yerde. Fenerbah\u00e7e sahada Fenerbah\u00e7e gibi olmaya devam edecek\u201d \u015feklinde konu\u015ftu.<\/p>\n<p>28. haftada Kad\u0131k\u00f6y\u2019de oynanacak Fenerbah\u00e7e &#8211; Galatasaray ma\u00e7\u0131 hakk\u0131nda da k\u0131sa bir de\u011ferlendirmede bulunan Yanal, \u201cKad\u0131k\u00f6y\u2019deki derbiler bizim bayram\u0131m\u0131z gibi. Fenerbah\u00e7e taraftar\u0131 o g\u00fcn\u00fc bir bayram havas\u0131nda ya\u015far. Bence o gece \u00e7ok farkl\u0131 bir ambiyans olacak ve tak\u0131m\u0131m gelene\u011fi s\u00fcrd\u00fcrecek. Sahaya \u00e7\u0131kan tak\u0131m iyi bir \u015fekilde m\u00fccadele edecek\u201d dedi.<div class=\"tiled-gallery type-rectangular tiled-gallery-unresized\" data-original-width=\"500\" data-carousel-extra='null' itemscope itemtype=\"http:\/\/schema.org\/ImageGallery\" > <div class=\"gallery-row\" style=\"width: 500px; height: 223px;\" data-original-width=\"500\" data-original-height=\"223\" > <div class=\"gallery-group images-1\" style=\"width: 334px; height: 223px;\" data-original-width=\"334\" data-original-height=\"223\" > <div class=\"tiled-gallery-item tiled-gallery-item-large\" itemprop=\"associatedMedia\" itemscope itemtype=\"http:\/\/schema.org\/ImageObject\"> <a href=\"http:\/\/www.tvturk.com\/index.php\/ersun-yanal-kadikoydeki-derbiler-bizim-bayramimiz\/ersun-yanal-kadikoydeki-derbiler-bizim-bayramimiz-3\/\" border=\"0\" itemprop=\"url\"> <meta itemprop=\"width\" content=\"330\"> <meta itemprop=\"height\" content=\"219\"> <img decoding=\"async\" class=\"\" data-attachment-id=\"127943\" data-orig-file=\"http:\/\/www.tvturk.com\/wp-content\/uploads\/2019\/04\/ersun-yanal-kadikoydeki-derbiler-bizim-bayramimiz_247c6f6.jpg\" data-orig-size=\"1000,665\" data-comments-opened=\"\" data-image-meta=\"{&quot;aperture&quot;:&quot;0&quot;,&quot;credit&quot;:&quot;IHA&quot;,&quot;camera&quot;:&quot;&quot;,&quot;caption&quot;:&quot;SPOR TOTO S\\u00dcPER L\\u0130G\\u2019\\u0130N 27. HAFTASINDA FENERBAH\\u00c7E, MKE ANKARAG\\u00dcC\\u00dc\\u2019YLE 1-1 BERABERE KALDI. FENERBAH\\u00c7E TEKN\\u0130K D\\u0130REKT\\u00d6R\\u00dc ERSUN YANAL, \\u201cBUG\\u00dcN OYUNCULARIM OYUN OYNAMA BECER\\u0130S\\u0130N\\u0130 G\\u00d6STERMELER\\u0130NE RA\\u011eMEN GOL ATMA BECER\\u0130S\\u0130 G\\u00d6STEREMED\\u0130\\u201d DED\\u0130. (\\u00d6MER \\u00c7ET\\u0130N\\\/ANKARA-\\u0130HA)&quot;,&quot;created_timestamp&quot;:&quot;0&quot;,&quot;copyright&quot;:&quot;\\u0130HLAS HABER AJANSI, www.iha.com.tr&quot;,&quot;focal_length&quot;:&quot;0&quot;,&quot;iso&quot;:&quot;0&quot;,&quot;shutter_speed&quot;:&quot;0&quot;,&quot;title&quot;:&quot;ERSUN YANAL: \\u201cKADIK\\u00d6Y\\u2019DEK\\u0130 DERB\\u0130LER B\\u0130Z\\u0130M BAYRAMIMIZ\\u201d&quot;,&quot;orientation&quot;:&quot;0&quot;}\" data-image-title=\"Ersun Yanal: \u201cKad\u0131k\u00f6y\u2019deki derbiler bizim bayram\u0131m\u0131z\u201d\" data-image-description=\"&lt;p&gt;Ersun Yanal: \u201cKad\u0131k\u00f6y\u2019deki derbiler bizim bayram\u0131m\u0131z\u201d&lt;\/p&gt; \" data-medium-file=\"https:\/\/i0.wp.com\/www.tvturk.com\/wp-content\/uploads\/2019\/04\/ersun-yanal-kadikoydeki-derbiler-bizim-bayramimiz_247c6f6.jpg?fit=300%2C200\" data-large-file=\"https:\/\/i0.wp.com\/www.tvturk.com\/wp-content\/uploads\/2019\/04\/ersun-yanal-kadikoydeki-derbiler-bizim-bayramimiz_247c6f6.jpg?fit=1000%2C665\" src=\"https:\/\/i0.wp.com\/www.tvturk.com\/wp-content\/uploads\/2019\/04\/ersun-yanal-kadikoydeki-derbiler-bizim-bayramimiz_247c6f6.jpg?w=330&#038;h=219\" srcset=\"https:\/\/i0.wp.com\/www.tvturk.com\/wp-content\/uploads\/2019\/04\/ersun-yanal-kadikoydeki-derbiler-bizim-bayramimiz_247c6f6.jpg?w=1000 1000w, https:\/\/i0.wp.com\/www.tvturk.com\/wp-content\/uploads\/2019\/04\/ersun-yanal-kadikoydeki-derbiler-bizim-bayramimiz_247c6f6.jpg?resize=150%2C100 150w, https:\/\/i0.wp.com\/www.tvturk.com\/wp-content\/uploads\/2019\/04\/ersun-yanal-kadikoydeki-derbiler-bizim-bayramimiz_247c6f6.jpg?resize=300%2C200 300w, https:\/\/i0.wp.com\/www.tvturk.com\/wp-content\/uploads\/2019\/04\/ersun-yanal-kadikoydeki-derbiler-bizim-bayramimiz_247c6f6.jpg?resize=768%2C511 768w, https:\/\/i0.wp.com\/www.tvturk.com\/wp-content\/uploads\/2019\/04\/ersun-yanal-kadikoydeki-derbiler-bizim-bayramimiz_247c6f6.jpg?resize=170%2C113 170w, https:\/\/i0.wp.com\/www.tvturk.com\/wp-content\/uploads\/2019\/04\/ersun-yanal-kadikoydeki-derbiler-bizim-bayramimiz_247c6f6.jpg?resize=120%2C80 120w\" width=\"330\" height=\"219\" loading=\"lazy\" data-original-width=\"330\" data-original-height=\"219\" itemprop=\"http:\/\/schema.org\/image\" title=\"Ersun Yanal: \u201cKad\u0131k\u00f6y\u2019deki derbiler bizim bayram\u0131m\u0131z\u201d\" alt=\"Ersun Yanal: \u201cKad\u0131k\u00f6y\u2019deki derbiler bizim bayram\u0131m\u0131z\u201d\" style=\"width: 330px; height: 219px;\" \/> <\/a> <\/div> <\/div> <!-- close group --> <div class=\"gallery-group images-2\" style=\"width: 166px; height: 223px;\" data-original-width=\"166\" data-original-height=\"223\" > <div class=\"tiled-gallery-item tiled-gallery-item-small\" itemprop=\"associatedMedia\" itemscope itemtype=\"http:\/\/schema.org\/ImageObject\"> <a href=\"http:\/\/www.tvturk.com\/index.php\/ersun-yanal-kadikoydeki-derbiler-bizim-bayramimiz\/ersun-yanal-kadikoydeki-derbiler-bizim-bayramimiz-4\/\" border=\"0\" itemprop=\"url\"> <meta itemprop=\"width\" content=\"162\"> <meta itemprop=\"height\" content=\"108\"> <img decoding=\"async\" class=\"\" data-attachment-id=\"127944\" data-orig-file=\"http:\/\/www.tvturk.com\/wp-content\/uploads\/2019\/04\/ersun-yanal-kadikoydeki-derbiler-bizim-bayramimiz_dcc36a0.jpg\" data-orig-size=\"1000,665\" data-comments-opened=\"\" data-image-meta=\"{&quot;aperture&quot;:&quot;0&quot;,&quot;credit&quot;:&quot;IHA&quot;,&quot;camera&quot;:&quot;&quot;,&quot;caption&quot;:&quot;SPOR TOTO S\\u00dcPER L\\u0130G\\u2019\\u0130N 27. HAFTASINDA FENERBAH\\u00c7E, MKE ANKARAG\\u00dcC\\u00dc\\u2019YLE 1-1 BERABERE KALDI. FENERBAH\\u00c7E TEKN\\u0130K D\\u0130REKT\\u00d6R\\u00dc ERSUN YANAL, \\u201cBUG\\u00dcN OYUNCULARIM OYUN OYNAMA BECER\\u0130S\\u0130N\\u0130 G\\u00d6STERMELER\\u0130NE RA\\u011eMEN GOL ATMA BECER\\u0130S\\u0130 G\\u00d6STEREMED\\u0130\\u201d DED\\u0130. (\\u00d6MER \\u00c7ET\\u0130N\\\/ANKARA-\\u0130HA)&quot;,&quot;created_timestamp&quot;:&quot;0&quot;,&quot;copyright&quot;:&quot;\\u0130HLAS HABER AJANSI, www.iha.com.tr&quot;,&quot;focal_length&quot;:&quot;0&quot;,&quot;iso&quot;:&quot;0&quot;,&quot;shutter_speed&quot;:&quot;0&quot;,&quot;title&quot;:&quot;ERSUN YANAL: \\u201cKADIK\\u00d6Y\\u2019DEK\\u0130 DERB\\u0130LER B\\u0130Z\\u0130M BAYRAMIMIZ\\u201d&quot;,&quot;orientation&quot;:&quot;0&quot;}\" data-image-title=\"Ersun Yanal: \u201cKad\u0131k\u00f6y\u2019deki derbiler bizim bayram\u0131m\u0131z\u201d\" data-image-description=\"&lt;p&gt;Ersun Yanal: \u201cKad\u0131k\u00f6y\u2019deki derbiler bizim bayram\u0131m\u0131z\u201d&lt;\/p&gt; \" data-medium-file=\"https:\/\/i0.wp.com\/www.tvturk.com\/wp-content\/uploads\/2019\/04\/ersun-yanal-kadikoydeki-derbiler-bizim-bayramimiz_dcc36a0.jpg?fit=300%2C200\" data-large-file=\"https:\/\/i0.wp.com\/www.tvturk.com\/wp-content\/uploads\/2019\/04\/ersun-yanal-kadikoydeki-derbiler-bizim-bayramimiz_dcc36a0.jpg?fit=1000%2C665\" src=\"https:\/\/i0.wp.com\/www.tvturk.com\/wp-content\/uploads\/2019\/04\/ersun-yanal-kadikoydeki-derbiler-bizim-bayramimiz_dcc36a0.jpg?w=162&#038;h=108\" srcset=\"https:\/\/i0.wp.com\/www.tvturk.com\/wp-content\/uploads\/2019\/04\/ersun-yanal-kadikoydeki-derbiler-bizim-bayramimiz_dcc36a0.jpg?w=1000 1000w, https:\/\/i0.wp.com\/www.tvturk.com\/wp-content\/uploads\/2019\/04\/ersun-yanal-kadikoydeki-derbiler-bizim-bayramimiz_dcc36a0.jpg?resize=150%2C100 150w, https:\/\/i0.wp.com\/www.tvturk.com\/wp-content\/uploads\/2019\/04\/ersun-yanal-kadikoydeki-derbiler-bizim-bayramimiz_dcc36a0.jpg?resize=300%2C200 300w, https:\/\/i0.wp.com\/www.tvturk.com\/wp-content\/uploads\/2019\/04\/ersun-yanal-kadikoydeki-derbiler-bizim-bayramimiz_dcc36a0.jpg?resize=768%2C511 768w, https:\/\/i0.wp.com\/www.tvturk.com\/wp-content\/uploads\/2019\/04\/ersun-yanal-kadikoydeki-derbiler-bizim-bayramimiz_dcc36a0.jpg?resize=170%2C113 170w, https:\/\/i0.wp.com\/www.tvturk.com\/wp-content\/uploads\/2019\/04\/ersun-yanal-kadikoydeki-derbiler-bizim-bayramimiz_dcc36a0.jpg?resize=120%2C80 120w\" width=\"162\" height=\"108\" loading=\"lazy\" data-original-width=\"162\" data-original-height=\"108\" itemprop=\"http:\/\/schema.org\/image\" title=\"Ersun Yanal: \u201cKad\u0131k\u00f6y\u2019deki derbiler bizim bayram\u0131m\u0131z\u201d\" alt=\"Ersun Yanal: \u201cKad\u0131k\u00f6y\u2019deki derbiler bizim bayram\u0131m\u0131z\u201d\" style=\"width: 162px; height: 108px;\" \/> <\/a> <\/div> <div class=\"tiled-gallery-item tiled-gallery-item-small\" itemprop=\"associatedMedia\" itemscope itemtype=\"http:\/\/schema.org\/ImageObject\"> <a href=\"http:\/\/www.tvturk.com\/index.php\/ersun-yanal-kadikoydeki-derbiler-bizim-bayramimiz\/ersun-yanal-kadikoydeki-derbiler-bizim-bayramimiz-5\/\" border=\"0\" itemprop=\"url\"> <meta itemprop=\"width\" content=\"162\"> <meta itemprop=\"height\" content=\"107\"> <img decoding=\"async\" class=\"\" data-attachment-id=\"127945\" data-orig-file=\"http:\/\/www.tvturk.com\/wp-content\/uploads\/2019\/04\/ersun-yanal-kadikoydeki-derbiler-bizim-bayramimiz_c87f273.jpg\" data-orig-size=\"1000,665\" data-comments-opened=\"\" data-image-meta=\"{&quot;aperture&quot;:&quot;0&quot;,&quot;credit&quot;:&quot;IHA&quot;,&quot;camera&quot;:&quot;&quot;,&quot;caption&quot;:&quot;SPOR TOTO S\\u00dcPER L\\u0130G\\u2019\\u0130N 27. HAFTASINDA FENERBAH\\u00c7E, MKE ANKARAG\\u00dcC\\u00dc\\u2019YLE 1-1 BERABERE KALDI. FENERBAH\\u00c7E TEKN\\u0130K D\\u0130REKT\\u00d6R\\u00dc ERSUN YANAL, \\u201cBUG\\u00dcN OYUNCULARIM OYUN OYNAMA BECER\\u0130S\\u0130N\\u0130 G\\u00d6STERMELER\\u0130NE RA\\u011eMEN GOL ATMA BECER\\u0130S\\u0130 G\\u00d6STEREMED\\u0130\\u201d DED\\u0130. (\\u00d6MER \\u00c7ET\\u0130N\\\/ANKARA-\\u0130HA)&quot;,&quot;created_timestamp&quot;:&quot;0&quot;,&quot;copyright&quot;:&quot;\\u0130HLAS HABER AJANSI, www.iha.com.tr&quot;,&quot;focal_length&quot;:&quot;0&quot;,&quot;iso&quot;:&quot;0&quot;,&quot;shutter_speed&quot;:&quot;0&quot;,&quot;title&quot;:&quot;ERSUN YANAL: \\u201cKADIK\\u00d6Y\\u2019DEK\\u0130 DERB\\u0130LER B\\u0130Z\\u0130M BAYRAMIMIZ\\u201d&quot;,&quot;orientation&quot;:&quot;0&quot;}\" data-image-title=\"Ersun Yanal: \u201cKad\u0131k\u00f6y\u2019deki derbiler bizim bayram\u0131m\u0131z\u201d\" data-image-description=\"&lt;p&gt;Ersun Yanal: \u201cKad\u0131k\u00f6y\u2019deki derbiler bizim bayram\u0131m\u0131z\u201d&lt;\/p&gt; \" data-medium-file=\"https:\/\/i0.wp.com\/www.tvturk.com\/wp-content\/uploads\/2019\/04\/ersun-yanal-kadikoydeki-derbiler-bizim-bayramimiz_c87f273.jpg?fit=300%2C200\" data-large-file=\"https:\/\/i0.wp.com\/www.tvturk.com\/wp-content\/uploads\/2019\/04\/ersun-yanal-kadikoydeki-derbiler-bizim-bayramimiz_c87f273.jpg?fit=1000%2C665\" src=\"https:\/\/i0.wp.com\/www.tvturk.com\/wp-content\/uploads\/2019\/04\/ersun-yanal-kadikoydeki-derbiler-bizim-bayramimiz_c87f273.jpg?w=162&#038;h=107\" srcset=\"https:\/\/i0.wp.com\/www.tvturk.com\/wp-content\/uploads\/2019\/04\/ersun-yanal-kadikoydeki-derbiler-bizim-bayramimiz_c87f273.jpg?w=1000 1000w, https:\/\/i0.wp.com\/www.tvturk.com\/wp-content\/uploads\/2019\/04\/ersun-yanal-kadikoydeki-derbiler-bizim-bayramimiz_c87f273.jpg?resize=150%2C100 150w, https:\/\/i0.wp.com\/www.tvturk.com\/wp-content\/uploads\/2019\/04\/ersun-yanal-kadikoydeki-derbiler-bizim-bayramimiz_c87f273.jpg?resize=300%2C200 300w, https:\/\/i0.wp.com\/www.tvturk.com\/wp-content\/uploads\/2019\/04\/ersun-yanal-kadikoydeki-derbiler-bizim-bayramimiz_c87f273.jpg?resize=768%2C511 768w, https:\/\/i0.wp.com\/www.tvturk.com\/wp-content\/uploads\/2019\/04\/ersun-yanal-kadikoydeki-derbiler-bizim-bayramimiz_c87f273.jpg?resize=170%2C113 170w, https:\/\/i0.wp.com\/www.tvturk.com\/wp-content\/uploads\/2019\/04\/ersun-yanal-kadikoydeki-derbiler-bizim-bayramimiz_c87f273.jpg?resize=120%2C80 120w\" width=\"162\" height=\"107\" loading=\"lazy\" data-original-width=\"162\" data-original-height=\"107\" itemprop=\"http:\/\/schema.org\/image\" title=\"Ersun Yanal: \u201cKad\u0131k\u00f6y\u2019deki derbiler bizim bayram\u0131m\u0131z\u201d\" alt=\"Ersun Yanal: \u201cKad\u0131k\u00f6y\u2019deki derbiler bizim bayram\u0131m\u0131z\u201d\" style=\"width: 162px; height: 107px;\" \/> <\/a> <\/div> <\/div> <!-- close group --> <\/div> <!-- close row --> <\/div><\/p>\n","protected":false},"excerpt":{"rendered":"<p>SPOR TOTO S\u00dcPER L\u0130G\u2019\u0130N 27. HAFTASINDA FENERBAH\u00c7E, MKE ANKARAG\u00dcC\u00dc\u2019YLE 1-1 BERABERE KALDI. FENERBAH\u00c7E TEKN\u0130K D\u0130REKT\u00d6R\u00dc ERSUN YANAL, \u201cBUG\u00dcN OYUNCULARIM OYUN OYNAMA BECER\u0130S\u0130N\u0130 G\u00d6STERMELER\u0130NE RA\u011eMEN GOL ATMA BECER\u0130S\u0130 G\u00d6STEREMED\u0130\u201d DED\u0130.<\/p>\n","protected":false},"author":1,"featured_media":127942,"comment_status":"closed","ping_status":"open","sticky":false,"template":"","format":"standard","meta":{"jetpack_post_was_ever_published":false,"_jetpack_newsletter_access":"","_jetpack_dont_email_post_to_subs":false,"_jetpack_newsletter_tier_id":0,"_jetpack_memberships_contains_paywalled_content":false,"_jetpack_memberships_contains_paid_content":false,"footnotes":"","jetpack_publicize_message":"","jetpack_publicize_feature_enabled":true,"jetpack_social_post_already_shared":true,"jetpack_social_options":{"image_generator_settings":{"template":"highway","default_image_id":0,"font":"","enabled":false},"version":2}},"categories":[657],"tags":[29951,104,29950,9672,20509,3775],"class_list":["post-127941","post","type-post","status-publish","format-standard","has-post-thumbnail","hentry","category-spor","tag-bayramimiz","tag-bizim","tag-derbiler","tag-ersun","tag-kadikoydeki","tag-yanal"],"jetpack_publicize_connections":[],"jetpack_featured_media_url":"https:\/\/i0.wp.com\/www.tvturk.com\/wp-content\/uploads\/2019\/04\/ersun-yanal-kadikoydeki-derbiler-bizim-bayramimiz_8638c6f.jpg?fit=1000%2C665","jetpack_sharing_enabled":true,"jetpack_shortlink":"https:\/\/wp.me\/paKIfm-xhz","_links":{"self":[{"href":"http:\/\/www.tvturk.com\/index.php\/wp-json\/wp\/v2\/posts\/127941","targetHints":{"allow":["GET"]}}],"collection":[{"href":"http:\/\/www.tvturk.com\/index.php\/wp-json\/wp\/v2\/posts"}],"about":[{"href":"http:\/\/www.tvturk.com\/index.php\/wp-json\/wp\/v2\/types\/post"}],"author":[{"embeddable":true,"href":"http:\/\/www.tvturk.com\/index.php\/wp-json\/wp\/v2\/users\/1"}],"replies":[{"embeddable":true,"href":"http:\/\/www.tvturk.com\/index.php\/wp-json\/wp\/v2\/comments?post=127941"}],"version-history":[{"count":1,"href":"http:\/\/www.tvturk.com\/index.php\/wp-json\/wp\/v2\/posts\/127941\/revisions"}],"predecessor-version":[{"id":127946,"href":"http:\/\/www.tvturk.com\/index.php\/wp-json\/wp\/v2\/posts\/127941\/revisions\/127946"}],"wp:featuredmedia":[{"embeddable":true,"href":"http:\/\/www.tvturk.com\/index.php\/wp-json\/wp\/v2\/media\/127942"}],"wp:attachment":[{"href":"http:\/\/www.tvturk.com\/index.php\/wp-json\/wp\/v2\/media?parent=127941"}],"wp:term":[{"taxonomy":"category","embeddable":true,"href":"http:\/\/www.tvturk.com\/index.php\/wp-json\/wp\/v2\/categories?post=127941"},{"taxonomy":"post_tag","embeddable":true,"href":"http:\/\/www.tvturk.com\/index.php\/wp-json\/wp\/v2\/tags?post=127941"}],"curies":[{"name":"wp","href":"https:\/\/api.w.org\/{rel}","templated":true}]}}