{"id":128020,"date":"2019-04-07T20:44:13","date_gmt":"2019-04-07T17:44:13","guid":{"rendered":"http:\/\/www.tvturk.com\/index.php\/yasli-kari-ve-koca-arazideki-su-dolu-kuyuda-olu-bulundu\/"},"modified":"2019-04-07T20:44:18","modified_gmt":"2019-04-07T17:44:18","slug":"yasli-kari-ve-koca-arazideki-su-dolu-kuyuda-olu-bulundu","status":"publish","type":"post","link":"http:\/\/www.tvturk.com\/index.php\/yasli-kari-ve-koca-arazideki-su-dolu-kuyuda-olu-bulundu\/","title":{"rendered":"Ya\u015fl\u0131 kar\u0131 ve koca arazideki su dolu kuyuda \u00f6l\u00fc bulundu"},"content":{"rendered":"<p>Antalya\u2019n\u0131n \u0130brad\u0131 il\u00e7esinde ya\u015fl\u0131 kar\u0131-koca, arazide bulunan 3 metrelik su ile dolu kuyuda \u00f6l\u00fc olarak bulundu.<\/p>\n<p>Olay, il\u00e7e yak\u0131nlar\u0131ndaki Sal\u0131ca mevkiinde bug\u00fcn \u00f6\u011fle saatlerinde meydana geldi. Edinilen bilgiye g\u00f6re, 65 ya\u015f\u0131ndaki \u0130hsan Kesik\u00e7i ve e\u015fi 60 ya\u015f\u0131ndaki Durdu Kesik\u00e7i, orman i\u00e7erisinde bulunan kendilerine ait ekilip dikilmeyen arazide bulunan 3 metrelik su kuyusunda akrabalar\u0131 taraf\u0131ndan \u00f6l\u00fc bulundu. \u0130ddiaya g\u00f6re, akrabalar\u0131, telefonla arad\u0131klar\u0131 Kesik\u00e7i \u00e7iftine ula\u015famay\u0131nca \u00f6\u011fle saatlerinde \u00e7ifte ait ormanl\u0131k araziye gidip aramaya ba\u015flad\u0131.  \u00c7ifte ait arazinin i\u00e7indeki 3 metrelik su dolu kuyuda  \u0130hsan ve Durdu Kesik\u00e7i\u2019ye ait cesetleri g\u00f6ren akrabalar\u0131 durumu hemen jandarma ve sa\u011fl\u0131k ekiplerine bildirdi. Olay yerine gelen ekipler taraf\u0131ndan kuyudan \u00e7\u0131kart\u0131lan cesetler, savc\u0131n\u0131n incelemesinin ard\u0131ndan otopsi i\u00e7in Akseki Devlet Hastanesi\u2019ne kald\u0131r\u0131ld\u0131. Jandarma ve polis olayla ilgili inceleme ba\u015flatt\u0131.<\/p>\n<p>Ormana Mahalle Muhtar\u0131 Fikret Canba\u015f, \u00f6l\u00fc bulunan \u0130hsan Kesik\u00e7i\u2019nin daha \u00f6nce \u0130stanbul\u2019da ya\u015fad\u0131\u011f\u0131n\u0131 ve bir bu\u00e7uk y\u0131l \u00f6nce \u0130stanbul\u2019dan Ormana\u2019ya gelerek tamamen yerle\u015fti\u011fini s\u00f6yledi. Canba\u015f, &#8220;E\u015finin psikolojik sorunlar\u0131 vard\u0131. \u0130hsan Kesik\u00e7i\u2019nin rahats\u0131zl\u0131\u011f\u0131ndan dolay\u0131 bize \u2019E\u015fim kendisini kuyuya ataca\u011f\u0131m diyor. Bu kuyular\u0131n kapaklar\u0131n\u0131 kapatal\u0131m\u2019 demi\u015fti. Biz de \u0130brad\u0131 Belediyesine m\u00fcracaatta bulunarak kuyular\u0131n \u00fczerlerine demir kapaklar yapt\u0131rd\u0131k. 20-25 g\u00fcn \u00f6nce Antalya\u2019da e\u011fitim ara\u015ft\u0131rma hastanesinde tedavi g\u00f6rd\u00fc. Bug\u00fcn Ormana\u2019da \u00f6\u011fleyin 12.00-13.00 s\u0131ralar\u0131nda kar\u0131 kocay\u0131 g\u00f6rm\u00fc\u015fler. Daha sonra \u0130brad\u0131 yoluna do\u011fru devam etmi\u015fler. Karde\u015fi kendilerine ula\u015famad\u0131\u011f\u0131n\u0131 s\u00f6ylemi\u015f. Daha sonra erkek karde\u015fi kendilerine ait araziye aramaya ba\u015flam\u0131\u015flar ve her ikisini de kuyuda \u00f6l\u00fc \u015fekilde g\u00f6rm\u00fc\u015fler&#8221; dedi.<div class=\"tiled-gallery type-rectangular tiled-gallery-unresized\" data-original-width=\"500\" data-carousel-extra='null' itemscope itemtype=\"http:\/\/schema.org\/ImageGallery\" > <div class=\"gallery-row\" style=\"width: 500px; height: 227px;\" data-original-width=\"500\" data-original-height=\"227\" > <div class=\"gallery-group images-1\" style=\"width: 341px; height: 227px;\" data-original-width=\"341\" data-original-height=\"227\" > <div class=\"tiled-gallery-item tiled-gallery-item-large\" itemprop=\"associatedMedia\" itemscope itemtype=\"http:\/\/schema.org\/ImageObject\"> <a href=\"http:\/\/www.tvturk.com\/index.php\/yasli-kari-ve-koca-arazideki-su-dolu-kuyuda-olu-bulundu\/yasli-kari-ve-koca-arazideki-su-dolu-kuyuda-olu-bulundu-3\/\" border=\"0\" itemprop=\"url\"> <meta itemprop=\"width\" content=\"337\"> <meta itemprop=\"height\" content=\"223\"> <img decoding=\"async\" class=\"\" data-attachment-id=\"128022\" data-orig-file=\"http:\/\/www.tvturk.com\/wp-content\/uploads\/2019\/04\/yasli-kari-ve-koca-arazideki-su-dolu-kuyuda-olu-bulundu_07a948f.jpg\" data-orig-size=\"1000,662\" data-comments-opened=\"\" data-image-meta=\"{&quot;aperture&quot;:&quot;0&quot;,&quot;credit&quot;:&quot;IHA&quot;,&quot;camera&quot;:&quot;&quot;,&quot;caption&quot;:&quot;ANTALYA\\u0027NIN \\u0130BRADI \\u0130L\\u00c7ES\\u0130NDE YA\\u015eLI KARI-KOCA, ARAZ\\u0130DE BULUNAN 3 METREL\\u0130K SU \\u0130LE DOLU KUYUDA \\u00d6L\\u00dc OLARAK BULUNDU. (AY\\u015eE \\u00c7ATLI\\\/ANTALYA-\\u0130HA)&quot;,&quot;created_timestamp&quot;:&quot;0&quot;,&quot;copyright&quot;:&quot;\\u0130HLAS HABER AJANSI, www.iha.com.tr&quot;,&quot;focal_length&quot;:&quot;0&quot;,&quot;iso&quot;:&quot;0&quot;,&quot;shutter_speed&quot;:&quot;0&quot;,&quot;title&quot;:&quot;YA\\u015eLI KARI VE KOCA ARAZ\\u0130DEK\\u0130 SU DOLU KUYUDA \\u00d6L\\u00dc BULUNDU AKRABALARININ \\u0130HBARI \\u00dcZER\\u0130N OLAY YER\\u0130NE GELEN EK\\u0130PLER \\u00c7\\u0130FT\\u0130N CESED\\u0130N\\u0130 KUYUDAN \\u00c7IKARDI&quot;,&quot;orientation&quot;:&quot;0&quot;}\" data-image-title=\"Ya\u015fl\u0131 kar\u0131 ve koca arazideki su dolu kuyuda \u00f6l\u00fc bulundu\" data-image-description=\"&lt;p&gt;Ya\u015fl\u0131 kar\u0131 ve koca arazideki su dolu kuyuda \u00f6l\u00fc bulundu&lt;\/p&gt; \" data-medium-file=\"https:\/\/i0.wp.com\/www.tvturk.com\/wp-content\/uploads\/2019\/04\/yasli-kari-ve-koca-arazideki-su-dolu-kuyuda-olu-bulundu_07a948f.jpg?fit=300%2C199\" data-large-file=\"https:\/\/i0.wp.com\/www.tvturk.com\/wp-content\/uploads\/2019\/04\/yasli-kari-ve-koca-arazideki-su-dolu-kuyuda-olu-bulundu_07a948f.jpg?fit=1000%2C662\" src=\"https:\/\/i0.wp.com\/www.tvturk.com\/wp-content\/uploads\/2019\/04\/yasli-kari-ve-koca-arazideki-su-dolu-kuyuda-olu-bulundu_07a948f.jpg?w=337&#038;h=223\" srcset=\"https:\/\/i0.wp.com\/www.tvturk.com\/wp-content\/uploads\/2019\/04\/yasli-kari-ve-koca-arazideki-su-dolu-kuyuda-olu-bulundu_07a948f.jpg?w=1000 1000w, https:\/\/i0.wp.com\/www.tvturk.com\/wp-content\/uploads\/2019\/04\/yasli-kari-ve-koca-arazideki-su-dolu-kuyuda-olu-bulundu_07a948f.jpg?resize=150%2C99 150w, https:\/\/i0.wp.com\/www.tvturk.com\/wp-content\/uploads\/2019\/04\/yasli-kari-ve-koca-arazideki-su-dolu-kuyuda-olu-bulundu_07a948f.jpg?resize=300%2C200 300w, https:\/\/i0.wp.com\/www.tvturk.com\/wp-content\/uploads\/2019\/04\/yasli-kari-ve-koca-arazideki-su-dolu-kuyuda-olu-bulundu_07a948f.jpg?resize=768%2C508 768w, https:\/\/i0.wp.com\/www.tvturk.com\/wp-content\/uploads\/2019\/04\/yasli-kari-ve-koca-arazideki-su-dolu-kuyuda-olu-bulundu_07a948f.jpg?resize=170%2C113 170w, https:\/\/i0.wp.com\/www.tvturk.com\/wp-content\/uploads\/2019\/04\/yasli-kari-ve-koca-arazideki-su-dolu-kuyuda-olu-bulundu_07a948f.jpg?resize=120%2C80 120w\" width=\"337\" height=\"223\" loading=\"lazy\" data-original-width=\"337\" data-original-height=\"223\" itemprop=\"http:\/\/schema.org\/image\" title=\"Ya\u015fl\u0131 kar\u0131 ve koca arazideki su dolu kuyuda \u00f6l\u00fc bulundu\" alt=\"Ya\u015fl\u0131 kar\u0131 ve koca arazideki su dolu kuyuda \u00f6l\u00fc bulundu\" style=\"width: 337px; height: 223px;\" \/> <\/a> <\/div> <\/div> <!-- close group --> <div class=\"gallery-group images-2\" style=\"width: 159px; height: 227px;\" data-original-width=\"159\" data-original-height=\"227\" > <div class=\"tiled-gallery-item tiled-gallery-item-small\" itemprop=\"associatedMedia\" itemscope itemtype=\"http:\/\/schema.org\/ImageObject\"> <a href=\"http:\/\/www.tvturk.com\/index.php\/yasli-kari-ve-koca-arazideki-su-dolu-kuyuda-olu-bulundu\/yasli-kari-ve-koca-arazideki-su-dolu-kuyuda-olu-bulundu-4\/\" border=\"0\" itemprop=\"url\"> <meta itemprop=\"width\" content=\"155\"> <meta itemprop=\"height\" content=\"103\"> <img decoding=\"async\" class=\"\" data-attachment-id=\"128023\" data-orig-file=\"http:\/\/www.tvturk.com\/wp-content\/uploads\/2019\/04\/yasli-kari-ve-koca-arazideki-su-dolu-kuyuda-olu-bulundu_7d9b6f0.jpg\" data-orig-size=\"1000,662\" data-comments-opened=\"\" data-image-meta=\"{&quot;aperture&quot;:&quot;0&quot;,&quot;credit&quot;:&quot;IHA&quot;,&quot;camera&quot;:&quot;&quot;,&quot;caption&quot;:&quot;ANTALYA\\u0027NIN \\u0130BRADI \\u0130L\\u00c7ES\\u0130NDE YA\\u015eLI KARI-KOCA, ARAZ\\u0130DE BULUNAN 3 METREL\\u0130K SU \\u0130LE DOLU KUYUDA \\u00d6L\\u00dc OLARAK BULUNDU. (AY\\u015eE \\u00c7ATLI\\\/ANTALYA-\\u0130HA)&quot;,&quot;created_timestamp&quot;:&quot;0&quot;,&quot;copyright&quot;:&quot;\\u0130HLAS HABER AJANSI, www.iha.com.tr&quot;,&quot;focal_length&quot;:&quot;0&quot;,&quot;iso&quot;:&quot;0&quot;,&quot;shutter_speed&quot;:&quot;0&quot;,&quot;title&quot;:&quot;YA\\u015eLI KARI VE KOCA ARAZ\\u0130DEK\\u0130 SU DOLU KUYUDA \\u00d6L\\u00dc BULUNDU AKRABALARININ \\u0130HBARI \\u00dcZER\\u0130N OLAY YER\\u0130NE GELEN EK\\u0130PLER \\u00c7\\u0130FT\\u0130N CESED\\u0130N\\u0130 KUYUDAN \\u00c7IKARDI&quot;,&quot;orientation&quot;:&quot;0&quot;}\" data-image-title=\"Ya\u015fl\u0131 kar\u0131 ve koca arazideki su dolu kuyuda \u00f6l\u00fc bulundu\" data-image-description=\"&lt;p&gt;Ya\u015fl\u0131 kar\u0131 ve koca arazideki su dolu kuyuda \u00f6l\u00fc bulundu&lt;\/p&gt; \" data-medium-file=\"https:\/\/i0.wp.com\/www.tvturk.com\/wp-content\/uploads\/2019\/04\/yasli-kari-ve-koca-arazideki-su-dolu-kuyuda-olu-bulundu_7d9b6f0.jpg?fit=300%2C199\" data-large-file=\"https:\/\/i0.wp.com\/www.tvturk.com\/wp-content\/uploads\/2019\/04\/yasli-kari-ve-koca-arazideki-su-dolu-kuyuda-olu-bulundu_7d9b6f0.jpg?fit=1000%2C662\" src=\"https:\/\/i0.wp.com\/www.tvturk.com\/wp-content\/uploads\/2019\/04\/yasli-kari-ve-koca-arazideki-su-dolu-kuyuda-olu-bulundu_7d9b6f0.jpg?w=155&#038;h=103\" srcset=\"https:\/\/i0.wp.com\/www.tvturk.com\/wp-content\/uploads\/2019\/04\/yasli-kari-ve-koca-arazideki-su-dolu-kuyuda-olu-bulundu_7d9b6f0.jpg?w=1000 1000w, https:\/\/i0.wp.com\/www.tvturk.com\/wp-content\/uploads\/2019\/04\/yasli-kari-ve-koca-arazideki-su-dolu-kuyuda-olu-bulundu_7d9b6f0.jpg?resize=150%2C99 150w, https:\/\/i0.wp.com\/www.tvturk.com\/wp-content\/uploads\/2019\/04\/yasli-kari-ve-koca-arazideki-su-dolu-kuyuda-olu-bulundu_7d9b6f0.jpg?resize=300%2C200 300w, https:\/\/i0.wp.com\/www.tvturk.com\/wp-content\/uploads\/2019\/04\/yasli-kari-ve-koca-arazideki-su-dolu-kuyuda-olu-bulundu_7d9b6f0.jpg?resize=768%2C508 768w, https:\/\/i0.wp.com\/www.tvturk.com\/wp-content\/uploads\/2019\/04\/yasli-kari-ve-koca-arazideki-su-dolu-kuyuda-olu-bulundu_7d9b6f0.jpg?resize=170%2C113 170w, https:\/\/i0.wp.com\/www.tvturk.com\/wp-content\/uploads\/2019\/04\/yasli-kari-ve-koca-arazideki-su-dolu-kuyuda-olu-bulundu_7d9b6f0.jpg?resize=120%2C80 120w\" width=\"155\" height=\"103\" loading=\"lazy\" data-original-width=\"155\" data-original-height=\"103\" itemprop=\"http:\/\/schema.org\/image\" title=\"Ya\u015fl\u0131 kar\u0131 ve koca arazideki su dolu kuyuda \u00f6l\u00fc bulundu\" alt=\"Ya\u015fl\u0131 kar\u0131 ve koca arazideki su dolu kuyuda \u00f6l\u00fc bulundu\" style=\"width: 155px; height: 103px;\" \/> <\/a> <\/div> <div class=\"tiled-gallery-item tiled-gallery-item-small\" itemprop=\"associatedMedia\" itemscope itemtype=\"http:\/\/schema.org\/ImageObject\"> <a href=\"http:\/\/www.tvturk.com\/index.php\/yasli-kari-ve-koca-arazideki-su-dolu-kuyuda-olu-bulundu\/yasli-kari-ve-koca-arazideki-su-dolu-kuyuda-olu-bulundu-5\/\" border=\"0\" itemprop=\"url\"> <meta itemprop=\"width\" content=\"155\"> <meta itemprop=\"height\" content=\"116\"> <img decoding=\"async\" class=\"\" data-attachment-id=\"128024\" data-orig-file=\"http:\/\/www.tvturk.com\/wp-content\/uploads\/2019\/04\/yasli-kari-ve-koca-arazideki-su-dolu-kuyuda-olu-bulundu_1f03249.jpg\" data-orig-size=\"1000,750\" data-comments-opened=\"\" data-image-meta=\"{&quot;aperture&quot;:&quot;0&quot;,&quot;credit&quot;:&quot;IHA&quot;,&quot;camera&quot;:&quot;&quot;,&quot;caption&quot;:&quot;ANTALYA\\u0027NIN \\u0130BRADI \\u0130L\\u00c7ES\\u0130NDE YA\\u015eLI KARI-KOCA, ARAZ\\u0130DE BULUNAN 3 METREL\\u0130K SU \\u0130LE DOLU KUYUDA \\u00d6L\\u00dc OLARAK BULUNDU. (AY\\u015eE \\u00c7ATLI\\\/ANTALYA-\\u0130HA)&quot;,&quot;created_timestamp&quot;:&quot;0&quot;,&quot;copyright&quot;:&quot;\\u0130HLAS HABER AJANSI, www.iha.com.tr&quot;,&quot;focal_length&quot;:&quot;0&quot;,&quot;iso&quot;:&quot;0&quot;,&quot;shutter_speed&quot;:&quot;0&quot;,&quot;title&quot;:&quot;YA\\u015eLI KARI VE KOCA ARAZ\\u0130DEK\\u0130 SU DOLU KUYUDA \\u00d6L\\u00dc BULUNDU AKRABALARININ \\u0130HBARI \\u00dcZER\\u0130N OLAY YER\\u0130NE GELEN EK\\u0130PLER \\u00c7\\u0130FT\\u0130N CESED\\u0130N\\u0130 KUYUDAN \\u00c7IKARDI&quot;,&quot;orientation&quot;:&quot;0&quot;}\" data-image-title=\"Ya\u015fl\u0131 kar\u0131 ve koca arazideki su dolu kuyuda \u00f6l\u00fc bulundu\" data-image-description=\"&lt;p&gt;Ya\u015fl\u0131 kar\u0131 ve koca arazideki su dolu kuyuda \u00f6l\u00fc bulundu&lt;\/p&gt; \" data-medium-file=\"https:\/\/i0.wp.com\/www.tvturk.com\/wp-content\/uploads\/2019\/04\/yasli-kari-ve-koca-arazideki-su-dolu-kuyuda-olu-bulundu_1f03249.jpg?fit=300%2C225\" data-large-file=\"https:\/\/i0.wp.com\/www.tvturk.com\/wp-content\/uploads\/2019\/04\/yasli-kari-ve-koca-arazideki-su-dolu-kuyuda-olu-bulundu_1f03249.jpg?fit=1000%2C750\" src=\"https:\/\/i0.wp.com\/www.tvturk.com\/wp-content\/uploads\/2019\/04\/yasli-kari-ve-koca-arazideki-su-dolu-kuyuda-olu-bulundu_1f03249.jpg?w=155&#038;h=116\" srcset=\"https:\/\/i0.wp.com\/www.tvturk.com\/wp-content\/uploads\/2019\/04\/yasli-kari-ve-koca-arazideki-su-dolu-kuyuda-olu-bulundu_1f03249.jpg?w=1000 1000w, https:\/\/i0.wp.com\/www.tvturk.com\/wp-content\/uploads\/2019\/04\/yasli-kari-ve-koca-arazideki-su-dolu-kuyuda-olu-bulundu_1f03249.jpg?resize=150%2C113 150w, https:\/\/i0.wp.com\/www.tvturk.com\/wp-content\/uploads\/2019\/04\/yasli-kari-ve-koca-arazideki-su-dolu-kuyuda-olu-bulundu_1f03249.jpg?resize=300%2C225 300w, https:\/\/i0.wp.com\/www.tvturk.com\/wp-content\/uploads\/2019\/04\/yasli-kari-ve-koca-arazideki-su-dolu-kuyuda-olu-bulundu_1f03249.jpg?resize=768%2C576 768w\" width=\"155\" height=\"116\" loading=\"lazy\" data-original-width=\"155\" data-original-height=\"116\" itemprop=\"http:\/\/schema.org\/image\" title=\"Ya\u015fl\u0131 kar\u0131 ve koca arazideki su dolu kuyuda \u00f6l\u00fc bulundu\" alt=\"Ya\u015fl\u0131 kar\u0131 ve koca arazideki su dolu kuyuda \u00f6l\u00fc bulundu\" style=\"width: 155px; height: 116px;\" \/> <\/a> <\/div> <\/div> <!-- close group --> <\/div> <!-- close row --> <div class=\"gallery-row\" style=\"width: 500px; height: 126px;\" data-original-width=\"500\" data-original-height=\"126\" > <div class=\"gallery-group images-1\" style=\"width: 167px; height: 126px;\" data-original-width=\"167\" data-original-height=\"126\" > <div class=\"tiled-gallery-item tiled-gallery-item-small\" itemprop=\"associatedMedia\" itemscope itemtype=\"http:\/\/schema.org\/ImageObject\"> <a href=\"http:\/\/www.tvturk.com\/index.php\/yasli-kari-ve-koca-arazideki-su-dolu-kuyuda-olu-bulundu\/yasli-kari-ve-koca-arazideki-su-dolu-kuyuda-olu-bulundu-6\/\" border=\"0\" itemprop=\"url\"> <meta itemprop=\"width\" content=\"163\"> <meta itemprop=\"height\" content=\"122\"> <img decoding=\"async\" class=\"\" data-attachment-id=\"128025\" data-orig-file=\"http:\/\/www.tvturk.com\/wp-content\/uploads\/2019\/04\/yasli-kari-ve-koca-arazideki-su-dolu-kuyuda-olu-bulundu_249ffc0.jpg\" data-orig-size=\"1000,750\" data-comments-opened=\"\" data-image-meta=\"{&quot;aperture&quot;:&quot;0&quot;,&quot;credit&quot;:&quot;IHA&quot;,&quot;camera&quot;:&quot;&quot;,&quot;caption&quot;:&quot;ANTALYA\\u0027NIN \\u0130BRADI \\u0130L\\u00c7ES\\u0130NDE YA\\u015eLI KARI-KOCA, ARAZ\\u0130DE BULUNAN 3 METREL\\u0130K SU \\u0130LE DOLU KUYUDA \\u00d6L\\u00dc OLARAK BULUNDU. (AY\\u015eE \\u00c7ATLI\\\/ANTALYA-\\u0130HA)&quot;,&quot;created_timestamp&quot;:&quot;0&quot;,&quot;copyright&quot;:&quot;\\u0130HLAS HABER AJANSI, www.iha.com.tr&quot;,&quot;focal_length&quot;:&quot;0&quot;,&quot;iso&quot;:&quot;0&quot;,&quot;shutter_speed&quot;:&quot;0&quot;,&quot;title&quot;:&quot;YA\\u015eLI KARI VE KOCA ARAZ\\u0130DEK\\u0130 SU DOLU KUYUDA \\u00d6L\\u00dc BULUNDU AKRABALARININ \\u0130HBARI \\u00dcZER\\u0130N OLAY YER\\u0130NE GELEN EK\\u0130PLER \\u00c7\\u0130FT\\u0130N CESED\\u0130N\\u0130 KUYUDAN \\u00c7IKARDI&quot;,&quot;orientation&quot;:&quot;0&quot;}\" data-image-title=\"Ya\u015fl\u0131 kar\u0131 ve koca arazideki su dolu kuyuda \u00f6l\u00fc bulundu\" data-image-description=\"&lt;p&gt;Ya\u015fl\u0131 kar\u0131 ve koca arazideki su dolu kuyuda \u00f6l\u00fc bulundu&lt;\/p&gt; \" data-medium-file=\"https:\/\/i0.wp.com\/www.tvturk.com\/wp-content\/uploads\/2019\/04\/yasli-kari-ve-koca-arazideki-su-dolu-kuyuda-olu-bulundu_249ffc0.jpg?fit=300%2C225\" data-large-file=\"https:\/\/i0.wp.com\/www.tvturk.com\/wp-content\/uploads\/2019\/04\/yasli-kari-ve-koca-arazideki-su-dolu-kuyuda-olu-bulundu_249ffc0.jpg?fit=1000%2C750\" src=\"https:\/\/i0.wp.com\/www.tvturk.com\/wp-content\/uploads\/2019\/04\/yasli-kari-ve-koca-arazideki-su-dolu-kuyuda-olu-bulundu_249ffc0.jpg?w=163&#038;h=122\" srcset=\"https:\/\/i0.wp.com\/www.tvturk.com\/wp-content\/uploads\/2019\/04\/yasli-kari-ve-koca-arazideki-su-dolu-kuyuda-olu-bulundu_249ffc0.jpg?w=1000 1000w, https:\/\/i0.wp.com\/www.tvturk.com\/wp-content\/uploads\/2019\/04\/yasli-kari-ve-koca-arazideki-su-dolu-kuyuda-olu-bulundu_249ffc0.jpg?resize=150%2C113 150w, https:\/\/i0.wp.com\/www.tvturk.com\/wp-content\/uploads\/2019\/04\/yasli-kari-ve-koca-arazideki-su-dolu-kuyuda-olu-bulundu_249ffc0.jpg?resize=300%2C225 300w, https:\/\/i0.wp.com\/www.tvturk.com\/wp-content\/uploads\/2019\/04\/yasli-kari-ve-koca-arazideki-su-dolu-kuyuda-olu-bulundu_249ffc0.jpg?resize=768%2C576 768w\" width=\"163\" height=\"122\" loading=\"lazy\" data-original-width=\"163\" data-original-height=\"122\" itemprop=\"http:\/\/schema.org\/image\" title=\"Ya\u015fl\u0131 kar\u0131 ve koca arazideki su dolu kuyuda \u00f6l\u00fc bulundu\" alt=\"Ya\u015fl\u0131 kar\u0131 ve koca arazideki su dolu kuyuda \u00f6l\u00fc bulundu\" style=\"width: 163px; height: 122px;\" \/> <\/a> <\/div> <\/div> <!-- close group --> <div class=\"gallery-group images-1\" style=\"width: 167px; height: 126px;\" data-original-width=\"167\" data-original-height=\"126\" > <div class=\"tiled-gallery-item tiled-gallery-item-small\" itemprop=\"associatedMedia\" itemscope itemtype=\"http:\/\/schema.org\/ImageObject\"> <a href=\"http:\/\/www.tvturk.com\/index.php\/yasli-kari-ve-koca-arazideki-su-dolu-kuyuda-olu-bulundu\/yasli-kari-ve-koca-arazideki-su-dolu-kuyuda-olu-bulundu-7\/\" border=\"0\" itemprop=\"url\"> <meta itemprop=\"width\" content=\"163\"> <meta itemprop=\"height\" content=\"122\"> <img decoding=\"async\" class=\"\" data-attachment-id=\"128026\" data-orig-file=\"http:\/\/www.tvturk.com\/wp-content\/uploads\/2019\/04\/yasli-kari-ve-koca-arazideki-su-dolu-kuyuda-olu-bulundu_091c5a8.jpg\" data-orig-size=\"1000,750\" data-comments-opened=\"\" data-image-meta=\"{&quot;aperture&quot;:&quot;0&quot;,&quot;credit&quot;:&quot;IHA&quot;,&quot;camera&quot;:&quot;&quot;,&quot;caption&quot;:&quot;ANTALYA\\u0027NIN \\u0130BRADI \\u0130L\\u00c7ES\\u0130NDE YA\\u015eLI KARI-KOCA, ARAZ\\u0130DE BULUNAN 3 METREL\\u0130K SU \\u0130LE DOLU KUYUDA \\u00d6L\\u00dc OLARAK BULUNDU. (AY\\u015eE \\u00c7ATLI\\\/ANTALYA-\\u0130HA)&quot;,&quot;created_timestamp&quot;:&quot;0&quot;,&quot;copyright&quot;:&quot;\\u0130HLAS HABER AJANSI, www.iha.com.tr&quot;,&quot;focal_length&quot;:&quot;0&quot;,&quot;iso&quot;:&quot;0&quot;,&quot;shutter_speed&quot;:&quot;0&quot;,&quot;title&quot;:&quot;YA\\u015eLI KARI VE KOCA ARAZ\\u0130DEK\\u0130 SU DOLU KUYUDA \\u00d6L\\u00dc BULUNDU AKRABALARININ \\u0130HBARI \\u00dcZER\\u0130N OLAY YER\\u0130NE GELEN EK\\u0130PLER \\u00c7\\u0130FT\\u0130N CESED\\u0130N\\u0130 KUYUDAN \\u00c7IKARDI&quot;,&quot;orientation&quot;:&quot;0&quot;}\" data-image-title=\"Ya\u015fl\u0131 kar\u0131 ve koca arazideki su dolu kuyuda \u00f6l\u00fc bulundu\" data-image-description=\"&lt;p&gt;Ya\u015fl\u0131 kar\u0131 ve koca arazideki su dolu kuyuda \u00f6l\u00fc bulundu&lt;\/p&gt; \" data-medium-file=\"https:\/\/i0.wp.com\/www.tvturk.com\/wp-content\/uploads\/2019\/04\/yasli-kari-ve-koca-arazideki-su-dolu-kuyuda-olu-bulundu_091c5a8.jpg?fit=300%2C225\" data-large-file=\"https:\/\/i0.wp.com\/www.tvturk.com\/wp-content\/uploads\/2019\/04\/yasli-kari-ve-koca-arazideki-su-dolu-kuyuda-olu-bulundu_091c5a8.jpg?fit=1000%2C750\" src=\"https:\/\/i0.wp.com\/www.tvturk.com\/wp-content\/uploads\/2019\/04\/yasli-kari-ve-koca-arazideki-su-dolu-kuyuda-olu-bulundu_091c5a8.jpg?w=163&#038;h=122\" srcset=\"https:\/\/i0.wp.com\/www.tvturk.com\/wp-content\/uploads\/2019\/04\/yasli-kari-ve-koca-arazideki-su-dolu-kuyuda-olu-bulundu_091c5a8.jpg?w=1000 1000w, https:\/\/i0.wp.com\/www.tvturk.com\/wp-content\/uploads\/2019\/04\/yasli-kari-ve-koca-arazideki-su-dolu-kuyuda-olu-bulundu_091c5a8.jpg?resize=150%2C113 150w, https:\/\/i0.wp.com\/www.tvturk.com\/wp-content\/uploads\/2019\/04\/yasli-kari-ve-koca-arazideki-su-dolu-kuyuda-olu-bulundu_091c5a8.jpg?resize=300%2C225 300w, https:\/\/i0.wp.com\/www.tvturk.com\/wp-content\/uploads\/2019\/04\/yasli-kari-ve-koca-arazideki-su-dolu-kuyuda-olu-bulundu_091c5a8.jpg?resize=768%2C576 768w\" width=\"163\" height=\"122\" loading=\"lazy\" data-original-width=\"163\" data-original-height=\"122\" itemprop=\"http:\/\/schema.org\/image\" title=\"Ya\u015fl\u0131 kar\u0131 ve koca arazideki su dolu kuyuda \u00f6l\u00fc bulundu\" alt=\"Ya\u015fl\u0131 kar\u0131 ve koca arazideki su dolu kuyuda \u00f6l\u00fc bulundu\" style=\"width: 163px; height: 122px;\" \/> <\/a> <\/div> <\/div> <!-- close group --> <div class=\"gallery-group images-1\" style=\"width: 166px; height: 126px;\" data-original-width=\"166\" data-original-height=\"126\" > <div class=\"tiled-gallery-item tiled-gallery-item-small\" itemprop=\"associatedMedia\" itemscope itemtype=\"http:\/\/schema.org\/ImageObject\"> <a href=\"http:\/\/www.tvturk.com\/index.php\/yasli-kari-ve-koca-arazideki-su-dolu-kuyuda-olu-bulundu\/yasli-kari-ve-koca-arazideki-su-dolu-kuyuda-olu-bulundu-8\/\" border=\"0\" itemprop=\"url\"> <meta itemprop=\"width\" content=\"162\"> <meta itemprop=\"height\" content=\"122\"> <img decoding=\"async\" class=\"\" data-attachment-id=\"128027\" data-orig-file=\"http:\/\/www.tvturk.com\/wp-content\/uploads\/2019\/04\/yasli-kari-ve-koca-arazideki-su-dolu-kuyuda-olu-bulundu_cc914f9.jpg\" data-orig-size=\"1000,750\" data-comments-opened=\"\" data-image-meta=\"{&quot;aperture&quot;:&quot;0&quot;,&quot;credit&quot;:&quot;IHA&quot;,&quot;camera&quot;:&quot;&quot;,&quot;caption&quot;:&quot;ANTALYA\\u0027NIN \\u0130BRADI \\u0130L\\u00c7ES\\u0130NDE YA\\u015eLI KARI-KOCA, ARAZ\\u0130DE BULUNAN 3 METREL\\u0130K SU \\u0130LE DOLU KUYUDA \\u00d6L\\u00dc OLARAK BULUNDU. (AY\\u015eE \\u00c7ATLI\\\/ANTALYA-\\u0130HA)&quot;,&quot;created_timestamp&quot;:&quot;0&quot;,&quot;copyright&quot;:&quot;\\u0130HLAS HABER AJANSI, www.iha.com.tr&quot;,&quot;focal_length&quot;:&quot;0&quot;,&quot;iso&quot;:&quot;0&quot;,&quot;shutter_speed&quot;:&quot;0&quot;,&quot;title&quot;:&quot;YA\\u015eLI KARI VE KOCA ARAZ\\u0130DEK\\u0130 SU DOLU KUYUDA \\u00d6L\\u00dc BULUNDU AKRABALARININ \\u0130HBARI \\u00dcZER\\u0130N OLAY YER\\u0130NE GELEN EK\\u0130PLER \\u00c7\\u0130FT\\u0130N CESED\\u0130N\\u0130 KUYUDAN \\u00c7IKARDI&quot;,&quot;orientation&quot;:&quot;0&quot;}\" data-image-title=\"Ya\u015fl\u0131 kar\u0131 ve koca arazideki su dolu kuyuda \u00f6l\u00fc bulundu\" data-image-description=\"&lt;p&gt;Ya\u015fl\u0131 kar\u0131 ve koca arazideki su dolu kuyuda \u00f6l\u00fc bulundu&lt;\/p&gt; \" data-medium-file=\"https:\/\/i0.wp.com\/www.tvturk.com\/wp-content\/uploads\/2019\/04\/yasli-kari-ve-koca-arazideki-su-dolu-kuyuda-olu-bulundu_cc914f9.jpg?fit=300%2C225\" data-large-file=\"https:\/\/i0.wp.com\/www.tvturk.com\/wp-content\/uploads\/2019\/04\/yasli-kari-ve-koca-arazideki-su-dolu-kuyuda-olu-bulundu_cc914f9.jpg?fit=1000%2C750\" src=\"https:\/\/i0.wp.com\/www.tvturk.com\/wp-content\/uploads\/2019\/04\/yasli-kari-ve-koca-arazideki-su-dolu-kuyuda-olu-bulundu_cc914f9.jpg?w=162&#038;h=122\" srcset=\"https:\/\/i0.wp.com\/www.tvturk.com\/wp-content\/uploads\/2019\/04\/yasli-kari-ve-koca-arazideki-su-dolu-kuyuda-olu-bulundu_cc914f9.jpg?w=1000 1000w, https:\/\/i0.wp.com\/www.tvturk.com\/wp-content\/uploads\/2019\/04\/yasli-kari-ve-koca-arazideki-su-dolu-kuyuda-olu-bulundu_cc914f9.jpg?resize=150%2C113 150w, https:\/\/i0.wp.com\/www.tvturk.com\/wp-content\/uploads\/2019\/04\/yasli-kari-ve-koca-arazideki-su-dolu-kuyuda-olu-bulundu_cc914f9.jpg?resize=300%2C225 300w, https:\/\/i0.wp.com\/www.tvturk.com\/wp-content\/uploads\/2019\/04\/yasli-kari-ve-koca-arazideki-su-dolu-kuyuda-olu-bulundu_cc914f9.jpg?resize=768%2C576 768w\" width=\"162\" height=\"122\" loading=\"lazy\" data-original-width=\"162\" data-original-height=\"122\" itemprop=\"http:\/\/schema.org\/image\" title=\"Ya\u015fl\u0131 kar\u0131 ve koca arazideki su dolu kuyuda \u00f6l\u00fc bulundu\" alt=\"Ya\u015fl\u0131 kar\u0131 ve koca arazideki su dolu kuyuda \u00f6l\u00fc bulundu\" style=\"width: 162px; height: 122px;\" \/> <\/a> <\/div> <\/div> <!-- close group --> <\/div> <!-- close row --> <\/div><\/p>\n","protected":false},"excerpt":{"rendered":"<p>ANTALYA&#8217;NIN \u0130BRADI \u0130L\u00c7ES\u0130NDE YA\u015eLI KARI-KOCA, ARAZ\u0130DE BULUNAN 3 METREL\u0130K SU \u0130LE DOLU KUYUDA \u00d6L\u00dc OLARAK BULUNDU.<\/p>\n","protected":false},"author":1,"featured_media":128021,"comment_status":"closed","ping_status":"open","sticky":false,"template":"","format":"standard","meta":{"jetpack_post_was_ever_published":false,"_jetpack_newsletter_access":"","_jetpack_dont_email_post_to_subs":false,"_jetpack_newsletter_tier_id":0,"_jetpack_memberships_contains_paywalled_content":false,"_jetpack_memberships_contains_paid_content":false,"footnotes":"","jetpack_publicize_message":"","jetpack_publicize_feature_enabled":true,"jetpack_social_post_already_shared":true,"jetpack_social_options":{"image_generator_settings":{"template":"highway","default_image_id":0,"font":"","enabled":false},"version":2}},"categories":[1],"tags":[29958,204,6667,21957,2154,8454,1664,1051],"class_list":["post-128020","post","type-post","status-publish","format-standard","has-post-thumbnail","hentry","category-genel","tag-arazideki","tag-bulundu","tag-dolu","tag-kari","tag-koca","tag-kuyuda","tag-olu","tag-yasli"],"jetpack_publicize_connections":[],"jetpack_featured_media_url":"https:\/\/i0.wp.com\/www.tvturk.com\/wp-content\/uploads\/2019\/04\/yasli-kari-ve-koca-arazideki-su-dolu-kuyuda-olu-bulundu_c76d30b.jpg?fit=1000%2C662","jetpack_sharing_enabled":true,"jetpack_shortlink":"https:\/\/wp.me\/paKIfm-xiQ","_links":{"self":[{"href":"http:\/\/www.tvturk.com\/index.php\/wp-json\/wp\/v2\/posts\/128020","targetHints":{"allow":["GET"]}}],"collection":[{"href":"http:\/\/www.tvturk.com\/index.php\/wp-json\/wp\/v2\/posts"}],"about":[{"href":"http:\/\/www.tvturk.com\/index.php\/wp-json\/wp\/v2\/types\/post"}],"author":[{"embeddable":true,"href":"http:\/\/www.tvturk.com\/index.php\/wp-json\/wp\/v2\/users\/1"}],"replies":[{"embeddable":true,"href":"http:\/\/www.tvturk.com\/index.php\/wp-json\/wp\/v2\/comments?post=128020"}],"version-history":[{"count":1,"href":"http:\/\/www.tvturk.com\/index.php\/wp-json\/wp\/v2\/posts\/128020\/revisions"}],"predecessor-version":[{"id":128028,"href":"http:\/\/www.tvturk.com\/index.php\/wp-json\/wp\/v2\/posts\/128020\/revisions\/128028"}],"wp:featuredmedia":[{"embeddable":true,"href":"http:\/\/www.tvturk.com\/index.php\/wp-json\/wp\/v2\/media\/128021"}],"wp:attachment":[{"href":"http:\/\/www.tvturk.com\/index.php\/wp-json\/wp\/v2\/media?parent=128020"}],"wp:term":[{"taxonomy":"category","embeddable":true,"href":"http:\/\/www.tvturk.com\/index.php\/wp-json\/wp\/v2\/categories?post=128020"},{"taxonomy":"post_tag","embeddable":true,"href":"http:\/\/www.tvturk.com\/index.php\/wp-json\/wp\/v2\/tags?post=128020"}],"curies":[{"name":"wp","href":"https:\/\/api.w.org\/{rel}","templated":true}]}}