{"id":128307,"date":"2019-04-08T11:09:54","date_gmt":"2019-04-08T08:09:54","guid":{"rendered":"http:\/\/www.tvturk.com\/index.php\/guney-korede-orman-yangini-kontrol-altina-alindi-478-ev-yandi\/"},"modified":"2019-04-08T11:09:56","modified_gmt":"2019-04-08T08:09:56","slug":"guney-korede-orman-yangini-kontrol-altina-alindi-478-ev-yandi","status":"publish","type":"post","link":"http:\/\/www.tvturk.com\/index.php\/guney-korede-orman-yangini-kontrol-altina-alindi-478-ev-yandi\/","title":{"rendered":"G\u00fcney Kore\u2019de orman yang\u0131n\u0131 kontrol alt\u0131na al\u0131nd\u0131, 478 ev yand\u0131"},"content":{"rendered":"<p>G\u00fcney Kore\u2019de ge\u00e7en hafta ba\u015flayan orman yang\u0131n\u0131n kontrol alt\u0131na al\u0131nmas\u0131n\u0131n ard\u0131ndan yap\u0131lan a\u00e7\u0131klamada 478 evin yand\u0131\u011f\u0131, 800\u2019den fazla b\u00f6lge sakininin yerlerini de\u011fi\u015ftirdi\u011fi belirtildi.<\/p>\n<p>Per\u015fembe g\u00fcn\u00fc Seul\u2019un 160 kilometre g\u00fcneydo\u011fusunda ba\u015flayan orman yang\u0131n\u0131 k\u0131sa s\u00fcrede kom\u015fu \u015fehirlere ve kasabalara yay\u0131larak 742 futbol sahas\u0131 b\u00fcy\u00fckl\u00fc\u011f\u00fcnde alan\u0131 k\u00fcle \u00e7evirdi. G\u00fcney Kore\u2019deki en b\u00fcy\u00fck yang\u0131nlardan biri olan orman yang\u0131n\u0131nda 1 ki\u015fi hayat\u0131n\u0131 kaybetti. B\u00f6lge sakinlerinden 829 ki\u015finin ba\u015fka yerlere yerle\u015ftirildi\u011fi ifade edildi.<\/p>\n<p>G\u00fcney Kore \u0130\u00e7i\u015fleri Bakanl\u0131\u011f\u0131 Afet Kontrol Merkezi\u2019nden yap\u0131lan a\u00e7\u0131klamada, Gozeong\u2019da 335, Gangneung\u2019da 71, Sokcho\u2019da 60, Donhae\u2019de 12 olmak \u00fczere 478 evin yand\u0131\u011f\u0131 belirtildi. Orman yang\u0131n\u0131nda ayr\u0131ca 195 deponun, 50 tar\u0131m tesisinin, 434 tar\u0131m makinas\u0131n\u0131n, 61 ah\u0131r\u0131n yand\u0131\u011f\u0131 ve 41 bin 520 hayvan\u0131n telef ya da kay\u0131p oldu\u011fu kaydedildi. Yetkililer b\u00f6lgede 21 acil s\u0131\u011f\u0131nma merkezi olu\u015fturuldu\u011funu, yang\u0131n ma\u011fdurlar\u0131na g\u0131da, yatak ve battaniye temin edildi\u011fini belirtti.<div class=\"tiled-gallery type-rectangular tiled-gallery-unresized\" data-original-width=\"500\" data-carousel-extra='null' itemscope itemtype=\"http:\/\/schema.org\/ImageGallery\" > <div class=\"gallery-row\" style=\"width: 500px; height: 376px;\" data-original-width=\"500\" data-original-height=\"376\" > <div class=\"gallery-group images-1\" style=\"width: 500px; height: 376px;\" data-original-width=\"500\" data-original-height=\"376\" > <div class=\"tiled-gallery-item tiled-gallery-item-large\" itemprop=\"associatedMedia\" itemscope itemtype=\"http:\/\/schema.org\/ImageObject\"> <a href=\"http:\/\/www.tvturk.com\/index.php\/guney-korede-orman-yangini-kontrol-altina-alindi-478-ev-yandi\/guney-korede-orman-yangini-kontrol-altina-alindi-478-ev-yandi-3\/\" border=\"0\" itemprop=\"url\"> <meta itemprop=\"width\" content=\"496\"> <meta itemprop=\"height\" content=\"372\"> <img decoding=\"async\" class=\"\" data-attachment-id=\"128309\" data-orig-file=\"http:\/\/www.tvturk.com\/wp-content\/uploads\/2019\/04\/guney-korede-orman-yangini-kontrol-altina-alindi-478-ev-yandi_f8abaad.jpg\" data-orig-size=\"1000,750\" data-comments-opened=\"\" data-image-meta=\"{&quot;aperture&quot;:&quot;0&quot;,&quot;credit&quot;:&quot;IHA&quot;,&quot;camera&quot;:&quot;&quot;,&quot;caption&quot;:&quot;G\\u00dcNEY KORE\\u2019DE GE\\u00c7EN HAFTA BA\\u015eLAYAN ORMAN YANGININ KONTROL ALTINA ALINMASININ ARDINDAN YAPILAN A\\u00c7IKLAMADA 470\\u2019DEN FAZLA EV\\u0130N YANDI\\u011eI, 800\\u2019DEN FAZLA B\\u00d6LGE SAK\\u0130N\\u0130N\\u0130N YERLER\\u0130N\\u0130N DE\\u011e\\u0130\\u015eT\\u0130R\\u0130LD\\u0130\\u011e\\u0130, BEL\\u0130RT\\u0130LD\\u0130. (\\u0130HA\\\/SEUL-\\u0130HA)&quot;,&quot;created_timestamp&quot;:&quot;0&quot;,&quot;copyright&quot;:&quot;\\u0130HLAS HABER AJANSI, www.iha.com.tr&quot;,&quot;focal_length&quot;:&quot;0&quot;,&quot;iso&quot;:&quot;0&quot;,&quot;shutter_speed&quot;:&quot;0&quot;,&quot;title&quot;:&quot;G\\u00dcNEY KORE\\u0027DE ORMAN YANGINI KONTROL ALTINA ALINDI, 478 EV YANDI&quot;,&quot;orientation&quot;:&quot;0&quot;}\" data-image-title=\"G\u00fcney Kore\u2019de orman yang\u0131n\u0131 kontrol alt\u0131na al\u0131nd\u0131, 478 ev yand\u0131\" data-image-description=\"&lt;p&gt;G\u00fcney Kore\u2019de orman yang\u0131n\u0131 kontrol alt\u0131na al\u0131nd\u0131, 478 ev yand\u0131&lt;\/p&gt; \" data-medium-file=\"https:\/\/i0.wp.com\/www.tvturk.com\/wp-content\/uploads\/2019\/04\/guney-korede-orman-yangini-kontrol-altina-alindi-478-ev-yandi_f8abaad.jpg?fit=300%2C225\" data-large-file=\"https:\/\/i0.wp.com\/www.tvturk.com\/wp-content\/uploads\/2019\/04\/guney-korede-orman-yangini-kontrol-altina-alindi-478-ev-yandi_f8abaad.jpg?fit=1000%2C750\" src=\"https:\/\/i0.wp.com\/www.tvturk.com\/wp-content\/uploads\/2019\/04\/guney-korede-orman-yangini-kontrol-altina-alindi-478-ev-yandi_f8abaad.jpg?w=496&#038;h=372\" srcset=\"https:\/\/i0.wp.com\/www.tvturk.com\/wp-content\/uploads\/2019\/04\/guney-korede-orman-yangini-kontrol-altina-alindi-478-ev-yandi_f8abaad.jpg?w=1000 1000w, https:\/\/i0.wp.com\/www.tvturk.com\/wp-content\/uploads\/2019\/04\/guney-korede-orman-yangini-kontrol-altina-alindi-478-ev-yandi_f8abaad.jpg?resize=150%2C113 150w, https:\/\/i0.wp.com\/www.tvturk.com\/wp-content\/uploads\/2019\/04\/guney-korede-orman-yangini-kontrol-altina-alindi-478-ev-yandi_f8abaad.jpg?resize=300%2C225 300w, https:\/\/i0.wp.com\/www.tvturk.com\/wp-content\/uploads\/2019\/04\/guney-korede-orman-yangini-kontrol-altina-alindi-478-ev-yandi_f8abaad.jpg?resize=768%2C576 768w\" width=\"496\" height=\"372\" loading=\"lazy\" data-original-width=\"496\" data-original-height=\"372\" itemprop=\"http:\/\/schema.org\/image\" title=\"G\u00fcney Kore\u2019de orman yang\u0131n\u0131 kontrol alt\u0131na al\u0131nd\u0131, 478 ev yand\u0131\" alt=\"G\u00fcney Kore\u2019de orman yang\u0131n\u0131 kontrol alt\u0131na al\u0131nd\u0131, 478 ev yand\u0131\" style=\"width: 496px; height: 372px;\" \/> <\/a> <\/div> <\/div> <!-- close group --> <\/div> <!-- close row --> <\/div><\/p>\n","protected":false},"excerpt":{"rendered":"<p>G\u00dcNEY KORE\u2019DE GE\u00c7EN HAFTA BA\u015eLAYAN ORMAN YANGININ KONTROL ALTINA ALINMASININ ARDINDAN YAPILAN A\u00c7IKLAMADA 470\u2019DEN FAZLA EV\u0130N YANDI\u011eI, 800\u2019DEN FAZLA B\u00d6LGE SAK\u0130N\u0130N\u0130N YERLER\u0130N\u0130N DE\u011e\u0130\u015eT\u0130R\u0130LD\u0130\u011e\u0130, BEL\u0130RT\u0130LD\u0130.<\/p>\n","protected":false},"author":1,"featured_media":128308,"comment_status":"closed","ping_status":"open","sticky":false,"template":"","format":"standard","meta":{"jetpack_post_was_ever_published":false,"_jetpack_newsletter_access":"","_jetpack_dont_email_post_to_subs":false,"_jetpack_newsletter_tier_id":0,"_jetpack_memberships_contains_paywalled_content":false,"_jetpack_memberships_contains_paid_content":false,"footnotes":"","jetpack_publicize_message":"","jetpack_publicize_feature_enabled":true,"jetpack_social_post_already_shared":true,"jetpack_social_options":{"image_generator_settings":{"template":"highway","default_image_id":0,"font":"","enabled":false},"version":2}},"categories":[10],"tags":[19781,1014,1186,9258,868,23108,2404,1222,2115],"class_list":["post-128307","post","type-post","status-publish","format-standard","has-post-thumbnail","hentry","category-dunya","tag-19781","tag-alindi","tag-altina","tag-guney","tag-kontrol","tag-korede","tag-orman","tag-yandi","tag-yangini"],"jetpack_publicize_connections":[],"jetpack_featured_media_url":"https:\/\/i0.wp.com\/www.tvturk.com\/wp-content\/uploads\/2019\/04\/guney-korede-orman-yangini-kontrol-altina-alindi-478-ev-yandi_ce5ac66.jpg?fit=1000%2C662","jetpack_sharing_enabled":true,"jetpack_shortlink":"https:\/\/wp.me\/paKIfm-xnt","_links":{"self":[{"href":"http:\/\/www.tvturk.com\/index.php\/wp-json\/wp\/v2\/posts\/128307","targetHints":{"allow":["GET"]}}],"collection":[{"href":"http:\/\/www.tvturk.com\/index.php\/wp-json\/wp\/v2\/posts"}],"about":[{"href":"http:\/\/www.tvturk.com\/index.php\/wp-json\/wp\/v2\/types\/post"}],"author":[{"embeddable":true,"href":"http:\/\/www.tvturk.com\/index.php\/wp-json\/wp\/v2\/users\/1"}],"replies":[{"embeddable":true,"href":"http:\/\/www.tvturk.com\/index.php\/wp-json\/wp\/v2\/comments?post=128307"}],"version-history":[{"count":1,"href":"http:\/\/www.tvturk.com\/index.php\/wp-json\/wp\/v2\/posts\/128307\/revisions"}],"predecessor-version":[{"id":128310,"href":"http:\/\/www.tvturk.com\/index.php\/wp-json\/wp\/v2\/posts\/128307\/revisions\/128310"}],"wp:featuredmedia":[{"embeddable":true,"href":"http:\/\/www.tvturk.com\/index.php\/wp-json\/wp\/v2\/media\/128308"}],"wp:attachment":[{"href":"http:\/\/www.tvturk.com\/index.php\/wp-json\/wp\/v2\/media?parent=128307"}],"wp:term":[{"taxonomy":"category","embeddable":true,"href":"http:\/\/www.tvturk.com\/index.php\/wp-json\/wp\/v2\/categories?post=128307"},{"taxonomy":"post_tag","embeddable":true,"href":"http:\/\/www.tvturk.com\/index.php\/wp-json\/wp\/v2\/tags?post=128307"}],"curies":[{"name":"wp","href":"https:\/\/api.w.org\/{rel}","templated":true}]}}