{"id":12839,"date":"2019-02-08T15:32:55","date_gmt":"2019-02-08T12:32:55","guid":{"rendered":"http:\/\/www.tvturk.com\/index.php\/ptt-a-s-yonetim-ve-degerlendirme-toplantisi-afyonkarahisarda-basladi\/"},"modified":"2019-02-08T15:32:58","modified_gmt":"2019-02-08T12:32:58","slug":"ptt-a-s-yonetim-ve-degerlendirme-toplantisi-afyonkarahisarda-basladi","status":"publish","type":"post","link":"http:\/\/www.tvturk.com\/index.php\/ptt-a-s-yonetim-ve-degerlendirme-toplantisi-afyonkarahisarda-basladi\/","title":{"rendered":"PTT A.\u015e. Y\u00f6netim ve De\u011ferlendirme Toplant\u0131s\u0131 Afyonkarahisar\u2019da ba\u015flad\u0131"},"content":{"rendered":"<p>PTT A.\u015e. Y\u00f6netim Kurulu Ba\u015fkan\u0131 ve Genel M\u00fcd\u00fcr\u00fc Kenan Bozgeyik, \u201cBu \u00fclkede teknoloji ad\u0131na, yenilik ad\u0131na ne yap\u0131lm\u0131\u015fsa; d\u00f6n\u00fcp bir tarihe bakt\u0131\u011f\u0131n\u0131zda bunun hepsinin alt\u0131nda PTT\u2019nin imzas\u0131n\u0131n oldu\u011funu g\u00f6r\u00fcyorsunuz\u201d dedi.<\/p>\n<p>\u015eirketin 2018 hedef ger\u00e7ekle\u015fmeleri ile 2019 y\u0131l\u0131 yeni hedef planlamalar\u0131 konusunda gerekli de\u011ferlendirmelerin yap\u0131laca\u011f\u0131 PTT A.\u015e. Y\u00f6netim ve De\u011ferlendirme Toplant\u0131s\u0131 Afyonkarahisar\u2019da ba\u015flad\u0131. A\u00e7\u0131l\u0131\u015f program\u0131na Vali Mustafa Tutulmaz\u2019\u0131n yan\u0131 s\u0131ra PTT A.\u015e. Y\u00f6netim Kurulu Ba\u015fkan\u0131 ve Genel M\u00fcd\u00fcr\u00fc Kenan Bozgeyik, PTT Merkez Te\u015fkilat\u0131 \u00fcst d\u00fczey y\u00f6neticileri ile 81 ilin PTT ba\u015fm\u00fcd\u00fcrleri kat\u0131ld\u0131.<\/p>\n<p>A\u00e7\u0131l\u0131\u015f program\u0131nda ilk olarak PTT A.\u015e. Y\u00f6netim Kurulu Ba\u015fkan\u0131 ve Genel M\u00fcd\u00fcr\u00fc Kenan Bozgeyik, PTT\u2019nin tarihsel geli\u015fimi ve bug\u00fcnk\u00fc durumu hakk\u0131nda detayl\u0131 bir konu\u015fma yapt\u0131. Bozgeyik, \u201cBu \u00fclkede teknoloji ad\u0131na, yenilik ad\u0131na ne yap\u0131lm\u0131\u015fsa; d\u00f6n\u00fcp bir tarihe bakt\u0131\u011f\u0131n\u0131zda bunun hepsinin alt\u0131nda PTT\u2019nin imzas\u0131n\u0131n oldu\u011funu g\u00f6r\u00fcyorsunuz. Daha 1800\u2019l\u00fc y\u0131llar\u0131n sonunda ilk telgraf\u0131 bu \u00fclkeye ta\u015f\u0131yan, ilk telefonu bu \u00fclkede kuran, ilk radyo yay\u0131n\u0131n\u0131 yapan, teknoloji ad\u0131na s\u00f6ylenecek ne varsa alt\u0131nda bak\u0131yorsunuz ki bu te\u015fkilat var. Dolay\u0131s\u0131yla bizim sorumlulu\u011fumuz, bizim y\u00fck\u00fcm\u00fcz bir kat daha art\u0131yor. PTT\u2019mizin tarihini de \u00e7ok iyi bilip, bu tarihten ald\u0131\u011f\u0131m\u0131z dersle gelece\u011fi \u00e7ok do\u011fru planlamam\u0131z gerekiyor. \u0130\u015fte tam bu kav\u015fakta 2016 y\u0131l\u0131ndan ba\u015flatt\u0131\u011f\u0131m\u0131z yeniden de\u011fi\u015fim ve d\u00f6n\u00fc\u015f\u00fcm program\u0131n\u0131 her ge\u00e7en g\u00fcn sizlerin deste\u011fi ile \u00e7ok daha ilerilere ta\u015f\u0131yoruz\u201d diye konu\u015ftu.<\/p>\n<p>\u00dclke olarak teknolojiyi yapar hale gelmemiz laz\u0131m<\/p>\n<p>Teknolojide ve haberle\u015fmede elektronik ortama ge\u00e7ildi\u011fini ifade eden Afyonkarahisar Valisi Mustafa Tutulmaz ise konu\u015fmas\u0131nda \u015fu ifadelere yer verdi:<\/p>\n<p>\u201cTeknolojide bir y\u00f6n\u00fcyle art\u0131k elektronik ortama ge\u00e7ildi. Haberle\u015fmelerde elektronik ortama ge\u00e7ildi. Kamuda yine elektronik ortamda haber ve yaz\u0131\u015fmalar \u00e7o\u011falmaya ba\u015flad\u0131. Bunun da temelini ve g\u00fcvenli\u011fini sa\u011flayacak olan sizin kurumunuzdur. Bundan dolay\u0131 sizlere te\u015fekk\u00fcr ediyoruz. Art\u0131k ticaret de de\u011fi\u015fti, e ticaret yolu ile art\u0131k herkes evine kadar mal\u0131n gelmesini istiyor. Son y\u0131llarda da PTT\u2019nin yine kargo \u00e7al\u0131\u015fmalar\u0131 \u00f6nemli bir ba\u015far\u0131 g\u00f6sterdi. Ben ger\u00e7ekten bu ba\u015far\u0131dan dolay\u0131 sizleri tekrar tebrik ediyorum. Ama yenili\u011fin s\u0131n\u0131r\u0131 yok. Eskiden y\u00fczy\u0131lda olan de\u011fi\u015fiklikler \u015fimdi y\u0131lda olmaya ba\u015flad\u0131. Bu gelinen noktada kal\u0131nmamas\u0131 gerekti\u011fini d\u00fc\u015f\u00fcn\u00fcyorum. Yine bir g\u00f6zlemim var. \u00dclke olarak teknolojiyi her alanda biz \u00e7ok iyi kullan\u0131yoruz ama bizim art\u0131k a\u011f\u0131r a\u011f\u0131r \u00fclke olarak teknoloji yapar konuma da gelmemiz laz\u0131m. Kullanmadaki becerimizi yapmada da g\u00f6stermemiz laz\u0131m. Bunda da i\u015fte her kurum kendi \u00fczerine d\u00fc\u015feni yaparsa ben bunun k\u0131sa zamanda olabilece\u011fini d\u00fc\u015f\u00fcn\u00fcyorum. \u0130yimser olmam\u0131z laz\u0131m, ama iyimser olabilmenin yolu da daha \u00e7ok \u00e7al\u0131\u015fmaktan ve emek harcamaktan ge\u00e7iyor. Ben bu ba\u015far\u0131l\u0131 \u00e7al\u0131\u015fmalar\u0131n\u0131z\u0131n bu d\u00f6nemde burada yapt\u0131\u011f\u0131n\u0131z toplant\u0131larla katlanarak devam etmesi dile\u011fiyle ba\u015far\u0131l\u0131 bir toplant\u0131 ve ba\u015far\u0131l\u0131 bir y\u0131l dileyerek sizleri bundan sonraki y\u0131llarda da Afyon\u2019da misafir etmeyi bekler, \u00e7al\u0131\u015fman\u0131z\u0131n hay\u0131rl\u0131 u\u011furlu olmas\u0131n\u0131 dilerim.\u201d<div class=\"tiled-gallery type-rectangular tiled-gallery-unresized\" data-original-width=\"500\" data-carousel-extra='null' itemscope itemtype=\"http:\/\/schema.org\/ImageGallery\" > <div class=\"gallery-row\" style=\"width: 500px; height: 155px;\" data-original-width=\"500\" data-original-height=\"155\" > <div class=\"gallery-group images-1\" style=\"width: 288px; height: 155px;\" data-original-width=\"288\" data-original-height=\"155\" > <div class=\"tiled-gallery-item tiled-gallery-item-large\" itemprop=\"associatedMedia\" itemscope itemtype=\"http:\/\/schema.org\/ImageObject\"> <a href=\"http:\/\/www.tvturk.com\/index.php\/ptt-a-s-yonetim-ve-degerlendirme-toplantisi-afyonkarahisarda-basladi\/ptt-a-s-yonetim-ve-degerlendirme-toplantisi-afyonkarahisarda-basladi-3\/\" border=\"0\" itemprop=\"url\"> <meta itemprop=\"width\" content=\"284\"> <meta itemprop=\"height\" content=\"151\"> <img decoding=\"async\" class=\"\" data-attachment-id=\"12841\" data-orig-file=\"http:\/\/www.tvturk.com\/wp-content\/uploads\/2019\/02\/ptt-as-yonetim-ve-degerlendirme-toplantisi-afyonkarahisarda-basladi_b9cb830.jpg\" data-orig-size=\"1000,533\" data-comments-opened=\"\" data-image-meta=\"{&quot;aperture&quot;:&quot;0&quot;,&quot;credit&quot;:&quot;IHA&quot;,&quot;camera&quot;:&quot;&quot;,&quot;caption&quot;:&quot;AFYONKARAH\\u0130SAR\\u2019DA 07-10 \\u015eUBAT TAR\\u0130HLER\\u0130 ARASINDA YAPILACAK OLAN \\u201cPTT A.\\u015e. Y\\u00d6NET\\u0130M VE DE\\u011eERLEND\\u0130RME TOPLANTISI\\u201dNIN A\\u00c7ILI\\u015e PROGRAMI BA\\u015eLADI. (HAYAT\\u0130 KANAT\\\/AFYONKARAH\\u0130SAR-\\u0130HA)&quot;,&quot;created_timestamp&quot;:&quot;0&quot;,&quot;copyright&quot;:&quot;\\u0130HLAS HABER AJANSI, www.iha.com.tr&quot;,&quot;focal_length&quot;:&quot;0&quot;,&quot;iso&quot;:&quot;0&quot;,&quot;shutter_speed&quot;:&quot;0&quot;,&quot;title&quot;:&quot;PTT A.\\u015e. Y\\u00d6NET\\u0130M VE DE\\u011eERLEND\\u0130RME TOPLANTISI AFYONKARAH\\u0130SAR\\u2019DA BA\\u015eLADI Y\\u00d6NET\\u0130M KURULU BA\\u015eKANI VE GENEL M\\u00dcD\\u00dcR\\u00dc KENAN BOZGEY\\u0130K: \\u201cBU \\u00dcLKEDE TEKNOLOJ\\u0130 ADINA, YEN\\u0130L\\u0130K ADINA NE YAPILMI\\u015eSA BUNUN ALTINDA PTT\\u2019N\\u0130N \\u0130MZASI VAR\\u201d&quot;,&quot;orientation&quot;:&quot;0&quot;}\" data-image-title=\"PTT A.\u015e. Y\u00f6netim ve De\u011ferlendirme Toplant\u0131s\u0131 Afyonkarahisar\u2019da ba\u015flad\u0131\" data-image-description=\"&lt;p&gt;PTT A.\u015e. Y\u00f6netim ve De\u011ferlendirme Toplant\u0131s\u0131 Afyonkarahisar\u2019da ba\u015flad\u0131&lt;\/p&gt; \" data-medium-file=\"https:\/\/i0.wp.com\/www.tvturk.com\/wp-content\/uploads\/2019\/02\/ptt-as-yonetim-ve-degerlendirme-toplantisi-afyonkarahisarda-basladi_b9cb830.jpg?fit=300%2C160\" data-large-file=\"https:\/\/i0.wp.com\/www.tvturk.com\/wp-content\/uploads\/2019\/02\/ptt-as-yonetim-ve-degerlendirme-toplantisi-afyonkarahisarda-basladi_b9cb830.jpg?fit=1000%2C533\" src=\"https:\/\/i0.wp.com\/www.tvturk.com\/wp-content\/uploads\/2019\/02\/ptt-as-yonetim-ve-degerlendirme-toplantisi-afyonkarahisarda-basladi_b9cb830.jpg?w=284&#038;h=151\" srcset=\"https:\/\/i0.wp.com\/www.tvturk.com\/wp-content\/uploads\/2019\/02\/ptt-as-yonetim-ve-degerlendirme-toplantisi-afyonkarahisarda-basladi_b9cb830.jpg?w=1000 1000w, https:\/\/i0.wp.com\/www.tvturk.com\/wp-content\/uploads\/2019\/02\/ptt-as-yonetim-ve-degerlendirme-toplantisi-afyonkarahisarda-basladi_b9cb830.jpg?resize=150%2C80 150w, https:\/\/i0.wp.com\/www.tvturk.com\/wp-content\/uploads\/2019\/02\/ptt-as-yonetim-ve-degerlendirme-toplantisi-afyonkarahisarda-basladi_b9cb830.jpg?resize=300%2C160 300w, https:\/\/i0.wp.com\/www.tvturk.com\/wp-content\/uploads\/2019\/02\/ptt-as-yonetim-ve-degerlendirme-toplantisi-afyonkarahisarda-basladi_b9cb830.jpg?resize=768%2C409 768w\" width=\"284\" height=\"151\" loading=\"lazy\" data-original-width=\"284\" data-original-height=\"151\" itemprop=\"http:\/\/schema.org\/image\" title=\"PTT A.\u015e. Y\u00f6netim ve De\u011ferlendirme Toplant\u0131s\u0131 Afyonkarahisar\u2019da ba\u015flad\u0131\" alt=\"PTT A.\u015e. Y\u00f6netim ve De\u011ferlendirme Toplant\u0131s\u0131 Afyonkarahisar\u2019da ba\u015flad\u0131\" style=\"width: 284px; height: 151px;\" \/> <\/a> <\/div> <\/div> <!-- close group --> <div class=\"gallery-group images-1\" style=\"width: 212px; height: 155px;\" data-original-width=\"212\" data-original-height=\"155\" > <div class=\"tiled-gallery-item tiled-gallery-item-small\" itemprop=\"associatedMedia\" itemscope itemtype=\"http:\/\/schema.org\/ImageObject\"> <a href=\"http:\/\/www.tvturk.com\/index.php\/ptt-a-s-yonetim-ve-degerlendirme-toplantisi-afyonkarahisarda-basladi\/ptt-a-s-yonetim-ve-degerlendirme-toplantisi-afyonkarahisarda-basladi-4\/\" border=\"0\" itemprop=\"url\"> <meta itemprop=\"width\" content=\"208\"> <meta itemprop=\"height\" content=\"151\"> <img decoding=\"async\" class=\"\" data-attachment-id=\"12842\" data-orig-file=\"http:\/\/www.tvturk.com\/wp-content\/uploads\/2019\/02\/ptt-as-yonetim-ve-degerlendirme-toplantisi-afyonkarahisarda-basladi_88f88d1.jpg\" data-orig-size=\"1000,727\" data-comments-opened=\"\" data-image-meta=\"{&quot;aperture&quot;:&quot;0&quot;,&quot;credit&quot;:&quot;IHA&quot;,&quot;camera&quot;:&quot;&quot;,&quot;caption&quot;:&quot;AFYONKARAH\\u0130SAR\\u2019DA 07-10 \\u015eUBAT TAR\\u0130HLER\\u0130 ARASINDA YAPILACAK OLAN \\u201cPTT A.\\u015e. Y\\u00d6NET\\u0130M VE DE\\u011eERLEND\\u0130RME TOPLANTISI\\u201dNIN A\\u00c7ILI\\u015e PROGRAMI BA\\u015eLADI. (VAL\\u0130 MUSTAFA TUTULMAZ) (HAYAT\\u0130 KANAT\\\/AFYONKARAH\\u0130SAR-\\u0130HA)&quot;,&quot;created_timestamp&quot;:&quot;0&quot;,&quot;copyright&quot;:&quot;\\u0130HLAS HABER AJANSI, www.iha.com.tr&quot;,&quot;focal_length&quot;:&quot;0&quot;,&quot;iso&quot;:&quot;0&quot;,&quot;shutter_speed&quot;:&quot;0&quot;,&quot;title&quot;:&quot;PTT A.\\u015e. Y\\u00d6NET\\u0130M VE DE\\u011eERLEND\\u0130RME TOPLANTISI AFYONKARAH\\u0130SAR\\u2019DA BA\\u015eLADI Y\\u00d6NET\\u0130M KURULU BA\\u015eKANI VE GENEL M\\u00dcD\\u00dcR\\u00dc KENAN BOZGEY\\u0130K: \\u201cBU \\u00dcLKEDE TEKNOLOJ\\u0130 ADINA, YEN\\u0130L\\u0130K ADINA NE YAPILMI\\u015eSA BUNUN ALTINDA PTT\\u2019N\\u0130N \\u0130MZASI VAR\\u201d&quot;,&quot;orientation&quot;:&quot;0&quot;}\" data-image-title=\"PTT A.\u015e. Y\u00f6netim ve De\u011ferlendirme Toplant\u0131s\u0131 Afyonkarahisar\u2019da ba\u015flad\u0131\" data-image-description=\"&lt;p&gt;PTT A.\u015e. Y\u00f6netim ve De\u011ferlendirme Toplant\u0131s\u0131 Afyonkarahisar\u2019da ba\u015flad\u0131&lt;\/p&gt; \" data-medium-file=\"https:\/\/i0.wp.com\/www.tvturk.com\/wp-content\/uploads\/2019\/02\/ptt-as-yonetim-ve-degerlendirme-toplantisi-afyonkarahisarda-basladi_88f88d1.jpg?fit=300%2C218\" data-large-file=\"https:\/\/i0.wp.com\/www.tvturk.com\/wp-content\/uploads\/2019\/02\/ptt-as-yonetim-ve-degerlendirme-toplantisi-afyonkarahisarda-basladi_88f88d1.jpg?fit=1000%2C727\" src=\"https:\/\/i0.wp.com\/www.tvturk.com\/wp-content\/uploads\/2019\/02\/ptt-as-yonetim-ve-degerlendirme-toplantisi-afyonkarahisarda-basladi_88f88d1.jpg?w=208&#038;h=151\" srcset=\"https:\/\/i0.wp.com\/www.tvturk.com\/wp-content\/uploads\/2019\/02\/ptt-as-yonetim-ve-degerlendirme-toplantisi-afyonkarahisarda-basladi_88f88d1.jpg?w=1000 1000w, https:\/\/i0.wp.com\/www.tvturk.com\/wp-content\/uploads\/2019\/02\/ptt-as-yonetim-ve-degerlendirme-toplantisi-afyonkarahisarda-basladi_88f88d1.jpg?resize=150%2C109 150w, https:\/\/i0.wp.com\/www.tvturk.com\/wp-content\/uploads\/2019\/02\/ptt-as-yonetim-ve-degerlendirme-toplantisi-afyonkarahisarda-basladi_88f88d1.jpg?resize=300%2C218 300w, https:\/\/i0.wp.com\/www.tvturk.com\/wp-content\/uploads\/2019\/02\/ptt-as-yonetim-ve-degerlendirme-toplantisi-afyonkarahisarda-basladi_88f88d1.jpg?resize=768%2C558 768w\" width=\"208\" height=\"151\" loading=\"lazy\" data-original-width=\"208\" data-original-height=\"151\" itemprop=\"http:\/\/schema.org\/image\" title=\"PTT A.\u015e. Y\u00f6netim ve De\u011ferlendirme Toplant\u0131s\u0131 Afyonkarahisar\u2019da ba\u015flad\u0131\" alt=\"PTT A.\u015e. Y\u00f6netim ve De\u011ferlendirme Toplant\u0131s\u0131 Afyonkarahisar\u2019da ba\u015flad\u0131\" style=\"width: 208px; height: 151px;\" \/> <\/a> <\/div> <\/div> <!-- close group --> <\/div> <!-- close row --> <\/div><\/p>\n","protected":false},"excerpt":{"rendered":"<p>AFYONKARAH\u0130SAR\u2019DA 07-10 \u015eUBAT TAR\u0130HLER\u0130 ARASINDA YAPILACAK OLAN \u201cPTT A.\u015e. Y\u00d6NET\u0130M VE DE\u011eERLEND\u0130RME TOPLANTISI\u201dNIN A\u00c7ILI\u015e PROGRAMI BA\u015eLADI. A\u00c7ILI\u015eTA KONU\u015eAN PTT Y\u00d6NET\u0130M KURULU BA\u015eKANI VE GENEL M\u00dcD\u00dcR\u00dc KENAN BOZGEY\u0130K, \u201cBU \u00dcLKEDE TEKNOLOJ\u0130 ADINA, YEN\u0130L\u0130K ADINA NE YAPILMI\u015eSA; D\u00d6N\u00dcP B\u0130R TAR\u0130HE BAKTI\u011eINIZDA BUNUN HEPS\u0130N\u0130N ALTINDA PTT\u2019N\u0130N \u0130MZASININ OLDU\u011eUNU G\u00d6R\u00dcYORSUNUZ\u201d DED\u0130. (KENAN BOZGEY\u0130K)<\/p>\n","protected":false},"author":1,"featured_media":12840,"comment_status":"closed","ping_status":"open","sticky":false,"template":"","format":"standard","meta":{"jetpack_post_was_ever_published":false,"_jetpack_newsletter_access":"","_jetpack_dont_email_post_to_subs":false,"_jetpack_newsletter_tier_id":0,"_jetpack_memberships_contains_paywalled_content":false,"_jetpack_memberships_contains_paid_content":false,"footnotes":"","jetpack_publicize_message":"","jetpack_publicize_feature_enabled":true,"jetpack_social_post_already_shared":false,"jetpack_social_options":{"image_generator_settings":{"template":"highway","default_image_id":0,"font":"","enabled":false},"version":2}},"categories":[655],"tags":[6511,894,55,3764,286,347,246],"class_list":["post-12839","post","type-post","status-publish","format-standard","has-post-thumbnail","hentry","category-son-dakika","tag-a-s","tag-afyonkarahisarda","tag-basladi","tag-degerlendirme","tag-ptt","tag-toplantisi","tag-yonetim"],"jetpack_publicize_connections":[],"jetpack_featured_media_url":"https:\/\/i0.wp.com\/www.tvturk.com\/wp-content\/uploads\/2019\/02\/ptt-as-yonetim-ve-degerlendirme-toplantisi-afyonkarahisarda-basladi_8a0055f.jpg?fit=1000%2C727","jetpack_sharing_enabled":true,"jetpack_shortlink":"https:\/\/wp.me\/paKIfm-3l5","_links":{"self":[{"href":"http:\/\/www.tvturk.com\/index.php\/wp-json\/wp\/v2\/posts\/12839","targetHints":{"allow":["GET"]}}],"collection":[{"href":"http:\/\/www.tvturk.com\/index.php\/wp-json\/wp\/v2\/posts"}],"about":[{"href":"http:\/\/www.tvturk.com\/index.php\/wp-json\/wp\/v2\/types\/post"}],"author":[{"embeddable":true,"href":"http:\/\/www.tvturk.com\/index.php\/wp-json\/wp\/v2\/users\/1"}],"replies":[{"embeddable":true,"href":"http:\/\/www.tvturk.com\/index.php\/wp-json\/wp\/v2\/comments?post=12839"}],"version-history":[{"count":1,"href":"http:\/\/www.tvturk.com\/index.php\/wp-json\/wp\/v2\/posts\/12839\/revisions"}],"predecessor-version":[{"id":12843,"href":"http:\/\/www.tvturk.com\/index.php\/wp-json\/wp\/v2\/posts\/12839\/revisions\/12843"}],"wp:featuredmedia":[{"embeddable":true,"href":"http:\/\/www.tvturk.com\/index.php\/wp-json\/wp\/v2\/media\/12840"}],"wp:attachment":[{"href":"http:\/\/www.tvturk.com\/index.php\/wp-json\/wp\/v2\/media?parent=12839"}],"wp:term":[{"taxonomy":"category","embeddable":true,"href":"http:\/\/www.tvturk.com\/index.php\/wp-json\/wp\/v2\/categories?post=12839"},{"taxonomy":"post_tag","embeddable":true,"href":"http:\/\/www.tvturk.com\/index.php\/wp-json\/wp\/v2\/tags?post=12839"}],"curies":[{"name":"wp","href":"https:\/\/api.w.org\/{rel}","templated":true}]}}