{"id":128672,"date":"2019-04-08T15:21:58","date_gmt":"2019-04-08T12:21:58","guid":{"rendered":"http:\/\/www.tvturk.com\/index.php\/nazif-zorlu-vestel-cityi-vali-denize-tanitti\/"},"modified":"2019-04-08T15:22:05","modified_gmt":"2019-04-08T12:22:05","slug":"nazif-zorlu-vestel-cityi-vali-denize-tanitti","status":"publish","type":"post","link":"http:\/\/www.tvturk.com\/index.php\/nazif-zorlu-vestel-cityi-vali-denize-tanitti\/","title":{"rendered":"Nazif Zorlu, Vestel City\u2019i Vali Deniz\u2019e tan\u0131tt\u0131"},"content":{"rendered":"<p>Manisa Valisi Ahmet Deniz, Vestel \u015eirketler Grubunun Manisa OSB\u2019deki Vestel City fabrikalar kompleksini ziyaret etti. Zorlu Holding Y\u00f6netim Kurulu Ba\u015fkan\u0131 Ahmet Nazif Zorlu ve \u00fcretim alan\u0131ndaki teknik ekip Vali Deniz\u2019i yap\u0131lan \u00e7al\u0131\u015fmalar hakk\u0131nda bilgilendirdi.<\/p>\n<p>Manisa Valisi Ahmet Deniz, Manisa OSB\u2019de faaliyette bulunan Vestel \u015firketler Grubunun fabrikas\u0131n\u0131 ziyaret etti. Vali Deniz\u2019i, Zorlu Holding Y\u00f6netim Kurulu Ba\u015fkan\u0131 Ahmet Nazif Zorlu, Vestel CEO\u2019su Turan Erdo\u011fan ve Beyaz E\u015fya Genel M\u00fcd\u00fcr\u00fc Erdal Haspolat kar\u015f\u0131lad\u0131.  Fabrika gezisi boyunca Nazif Zorlu\u2019dan ve \u00fcretim alan\u0131ndaki teknik ekipten bilgiler alan Vali Deniz i\u015f\u00e7ilerle sohbet etti.<\/p>\n<p>Zorlu Holding Y\u00f6netim Kurulu Ba\u015fkan\u0131 Ahmet Nazif Zorlu, 1984 y\u0131l\u0131nda kurulan Vestel \u015eirketler Grubu faaliyetlerini 1994 y\u0131l\u0131ndan itibaren Zorlu Grubu alt\u0131nda y\u00fcr\u00fctt\u00fc\u011f\u00fcn\u00fc, elektronik, beyaz e\u015fya, dijital \u00fcr\u00fcnler ve bilgi teknolojileri, savunma sanayisi alanlar\u0131nda faaliyet g\u00f6steren Vestel \u015eirketler Grubu\u2019nun 18\u2019i yurt d\u0131\u015f\u0131nda olmak \u00fczere toplam 28 \u015firketi, bulundu\u011fu aktard\u0131.<\/p>\n<p>Avrupa\u2019n\u0131n en b\u00fcy\u00fck end\u00fcstri kompleksi<\/p>\n<p>Vestel\u2019in ihracat verilerinin son 21 y\u0131ld\u0131r t\u00fcketici elektronik sekt\u00f6r\u00fcnde T\u00fcrkiye\u2019nin ihracat \u015fampiyonu oldu\u011funu kaydeden Zorlu, 155 \u00fclkeye ihracat yapt\u0131klar\u0131n\u0131, Avrupa TV pazar\u0131nda ikinci s\u0131rada bulunduklar\u0131n\u0131 ve T\u00fcrkiye TV ihracat\u0131n\u0131n yakla\u015f\u0131k y\u00fczde 90\u2019\u0131, T\u00fcrkiye beyaz e\u015fya ihracat\u0131n\u0131n da yakla\u015f\u0131k y\u00fczde 30\u2019unu ger\u00e7ekle\u015ftirildi\u011fini s\u00f6yledi. 1 milyon metrekareden geni\u015f bir alana sahip Vestel City\u2019in, Avrupa\u2019n\u0131n tek lokasyonda \u00fcretim yapan en b\u00fcy\u00fck end\u00fcstri komplekslerinden biri oldu\u011funun alt\u0131n\u0131 \u00e7izen Zorlu, National Geographic Mega Fabrikalar belgesel serisinde yer alan d\u00fcnyan\u0131n ilk elektronik ve beyaz e\u015fya firmas\u0131, T\u00fcrkiye\u2019nin ise tek markas\u0131 olduklar\u0131n\u0131, 35 milyon adet cihaz \u00fcretim kapasitesiyle Discovery Channel \u2019How do they do it\u2019 serisinde LED TV \u00fcretiminin Vestel City\u2019de oldu\u011funu a\u00e7\u0131klad\u0131.<\/p>\n<p>17 binden fazla \u00e7al\u0131\u015fan<\/p>\n<p>17 bin \u00e7al\u0131\u015fan\u0131 ile D\u00fcnya Ekonomik Forumu\u2019nun 2015 A\u011fustos ay\u0131nda a\u00e7\u0131klad\u0131\u011f\u0131 \u2019\u015eehirlerin Rekabeti\u2019 raporuna T\u00fcrkiye\u2019den sadece Manisa\u2019n\u0131n girmesini sa\u011flad\u0131klar\u0131n\u0131 dile getiren Zorlu, Vestel City\u2019in, Manisa b\u00f6lgesindeki \u2018En fazla istihdam sa\u011flayan i\u015fletme\u2019, \u2018En fazla kad\u0131n istihdam\u0131 sa\u011flayan i\u015fletme\u2019 ve \u2018Kontenjan fazlas\u0131 en \u00e7ok engelli istihdam\u0131 sa\u011flayan i\u015fletme\u2019 \u00f6d\u00fcllerinin de sahibi oldu\u011fu bilgisini verdi.<\/p>\n<p>Vali Ahmet Deniz de, Manisa\u2019ya ve T\u00fcrkiye\u2019ye katma de\u011fer, istihdam sa\u011flayan Zorlu Holding Y\u00f6netim Kurulu Ba\u015fkan\u0131 Nazif Zorlu\u2019ya te\u015fekk\u00fcr ederek, Vestel\u2019in teknoloji alan\u0131nda Manisa\u2019n\u0131n ve T\u00fcrkiye\u2019nin markas\u0131 oldu\u011funu ifade ederek, yerli \u00fcretimin desteklenmesi ve T\u00fcrkiye\u2019de bu t\u00fcr mega fabrikalar\u0131n say\u0131s\u0131n\u0131n artmas\u0131 temennisinde bulundu.<div class=\"tiled-gallery type-rectangular tiled-gallery-unresized\" data-original-width=\"500\" data-carousel-extra='null' itemscope itemtype=\"http:\/\/schema.org\/ImageGallery\" > <div class=\"gallery-row\" style=\"width: 500px; height: 224px;\" data-original-width=\"500\" data-original-height=\"224\" > <div class=\"gallery-group images-1\" style=\"width: 334px; height: 224px;\" data-original-width=\"334\" data-original-height=\"224\" > <div class=\"tiled-gallery-item tiled-gallery-item-large\" itemprop=\"associatedMedia\" itemscope itemtype=\"http:\/\/schema.org\/ImageObject\"> <a href=\"http:\/\/www.tvturk.com\/index.php\/nazif-zorlu-vestel-cityi-vali-denize-tanitti\/nazif-zorlu-vestel-cityi-vali-denize-tanitti-3\/\" border=\"0\" itemprop=\"url\"> <meta itemprop=\"width\" content=\"330\"> <meta itemprop=\"height\" content=\"220\"> <img decoding=\"async\" class=\"\" data-attachment-id=\"128674\" data-orig-file=\"http:\/\/www.tvturk.com\/wp-content\/uploads\/2019\/04\/nazif-zorlu-vestel-cityi-vali-denize-tanitti_a7161e4.jpg\" data-orig-size=\"1000,667\" data-comments-opened=\"\" data-image-meta=\"{&quot;aperture&quot;:&quot;0&quot;,&quot;credit&quot;:&quot;IHA&quot;,&quot;camera&quot;:&quot;&quot;,&quot;caption&quot;:&quot;MAN\\u0130SA VAL\\u0130S\\u0130 AHMET DEN\\u0130Z, VESTEL \\u015e\\u0130RKETLER GRUBUNUN MAN\\u0130SA OSB\\u0027DEK\\u0130 VESTEL C\\u0130TY FABR\\u0130KALAR KOMPLEKS\\u0130N\\u0130 Z\\u0130YARET ETT\\u0130. ZORLU HOLD\\u0130NG Y\\u00d6NET\\u0130M KURULU BA\\u015eKANI AHMET NAZ\\u0130F ZORLU VE \\u00dcRET\\u0130M ALANINDAK\\u0130 TEKN\\u0130K EK\\u0130P VAL\\u0130 DEN\\u0130Z\\u0027\\u0130 YAPILAN \\u00c7ALI\\u015eMALAR HAKKINDA B\\u0130LG\\u0130LEND\\u0130RD\\u0130. (\\u0130HA\\\/MAN\\u0130SA-\\u0130HA)&quot;,&quot;created_timestamp&quot;:&quot;0&quot;,&quot;copyright&quot;:&quot;\\u0130HLAS HABER AJANSI, www.iha.com.tr&quot;,&quot;focal_length&quot;:&quot;0&quot;,&quot;iso&quot;:&quot;0&quot;,&quot;shutter_speed&quot;:&quot;0&quot;,&quot;title&quot;:&quot;NAZ\\u0130F ZORLU, VESTEL C\\u0130TY\\u0027\\u0130 VAL\\u0130 DEN\\u0130Z\\u0027E TANITTI&quot;,&quot;orientation&quot;:&quot;0&quot;}\" data-image-title=\"Nazif Zorlu, Vestel City\u2019i Vali Deniz\u2019e tan\u0131tt\u0131\" data-image-description=\"&lt;p&gt;Nazif Zorlu, Vestel City\u2019i Vali Deniz\u2019e tan\u0131tt\u0131&lt;\/p&gt; \" data-medium-file=\"https:\/\/i0.wp.com\/www.tvturk.com\/wp-content\/uploads\/2019\/04\/nazif-zorlu-vestel-cityi-vali-denize-tanitti_a7161e4.jpg?fit=300%2C200\" data-large-file=\"https:\/\/i0.wp.com\/www.tvturk.com\/wp-content\/uploads\/2019\/04\/nazif-zorlu-vestel-cityi-vali-denize-tanitti_a7161e4.jpg?fit=1000%2C667\" src=\"https:\/\/i0.wp.com\/www.tvturk.com\/wp-content\/uploads\/2019\/04\/nazif-zorlu-vestel-cityi-vali-denize-tanitti_a7161e4.jpg?w=330&#038;h=220\" srcset=\"https:\/\/i0.wp.com\/www.tvturk.com\/wp-content\/uploads\/2019\/04\/nazif-zorlu-vestel-cityi-vali-denize-tanitti_a7161e4.jpg?w=1000 1000w, https:\/\/i0.wp.com\/www.tvturk.com\/wp-content\/uploads\/2019\/04\/nazif-zorlu-vestel-cityi-vali-denize-tanitti_a7161e4.jpg?resize=150%2C100 150w, https:\/\/i0.wp.com\/www.tvturk.com\/wp-content\/uploads\/2019\/04\/nazif-zorlu-vestel-cityi-vali-denize-tanitti_a7161e4.jpg?resize=300%2C200 300w, https:\/\/i0.wp.com\/www.tvturk.com\/wp-content\/uploads\/2019\/04\/nazif-zorlu-vestel-cityi-vali-denize-tanitti_a7161e4.jpg?resize=768%2C512 768w, https:\/\/i0.wp.com\/www.tvturk.com\/wp-content\/uploads\/2019\/04\/nazif-zorlu-vestel-cityi-vali-denize-tanitti_a7161e4.jpg?resize=170%2C113 170w, https:\/\/i0.wp.com\/www.tvturk.com\/wp-content\/uploads\/2019\/04\/nazif-zorlu-vestel-cityi-vali-denize-tanitti_a7161e4.jpg?resize=120%2C80 120w\" width=\"330\" height=\"220\" loading=\"lazy\" data-original-width=\"330\" data-original-height=\"220\" itemprop=\"http:\/\/schema.org\/image\" title=\"Nazif Zorlu, Vestel City\u2019i Vali Deniz\u2019e tan\u0131tt\u0131\" alt=\"Nazif Zorlu, Vestel City\u2019i Vali Deniz\u2019e tan\u0131tt\u0131\" style=\"width: 330px; height: 220px;\" \/> <\/a> <\/div> <\/div> <!-- close group --> <div class=\"gallery-group images-2\" style=\"width: 166px; height: 224px;\" data-original-width=\"166\" data-original-height=\"224\" > <div class=\"tiled-gallery-item tiled-gallery-item-small\" itemprop=\"associatedMedia\" itemscope itemtype=\"http:\/\/schema.org\/ImageObject\"> <a href=\"http:\/\/www.tvturk.com\/index.php\/nazif-zorlu-vestel-cityi-vali-denize-tanitti\/nazif-zorlu-vestel-cityi-vali-denize-tanitti-4\/\" border=\"0\" itemprop=\"url\"> <meta itemprop=\"width\" content=\"162\"> <meta itemprop=\"height\" content=\"108\"> <img decoding=\"async\" class=\"\" data-attachment-id=\"128675\" data-orig-file=\"http:\/\/www.tvturk.com\/wp-content\/uploads\/2019\/04\/nazif-zorlu-vestel-cityi-vali-denize-tanitti_32849d2.jpg\" data-orig-size=\"1000,667\" data-comments-opened=\"\" data-image-meta=\"{&quot;aperture&quot;:&quot;0&quot;,&quot;credit&quot;:&quot;IHA&quot;,&quot;camera&quot;:&quot;&quot;,&quot;caption&quot;:&quot;MAN\\u0130SA VAL\\u0130S\\u0130 AHMET DEN\\u0130Z, VESTEL \\u015e\\u0130RKETLER GRUBUNUN MAN\\u0130SA OSB\\u0027DEK\\u0130 VESTEL C\\u0130TY FABR\\u0130KALAR KOMPLEKS\\u0130N\\u0130 Z\\u0130YARET ETT\\u0130. ZORLU HOLD\\u0130NG Y\\u00d6NET\\u0130M KURULU BA\\u015eKANI AHMET NAZ\\u0130F ZORLU VE \\u00dcRET\\u0130M ALANINDAK\\u0130 TEKN\\u0130K EK\\u0130P VAL\\u0130 DEN\\u0130Z\\u0027\\u0130 YAPILAN \\u00c7ALI\\u015eMALAR HAKKINDA B\\u0130LG\\u0130LEND\\u0130RD\\u0130. (\\u0130HA\\\/MAN\\u0130SA-\\u0130HA)&quot;,&quot;created_timestamp&quot;:&quot;0&quot;,&quot;copyright&quot;:&quot;\\u0130HLAS HABER AJANSI, www.iha.com.tr&quot;,&quot;focal_length&quot;:&quot;0&quot;,&quot;iso&quot;:&quot;0&quot;,&quot;shutter_speed&quot;:&quot;0&quot;,&quot;title&quot;:&quot;NAZ\\u0130F ZORLU, VESTEL C\\u0130TY\\u0027\\u0130 VAL\\u0130 DEN\\u0130Z\\u0027E TANITTI&quot;,&quot;orientation&quot;:&quot;0&quot;}\" data-image-title=\"Nazif Zorlu, Vestel City\u2019i Vali Deniz\u2019e tan\u0131tt\u0131\" data-image-description=\"&lt;p&gt;Nazif Zorlu, Vestel City\u2019i Vali Deniz\u2019e tan\u0131tt\u0131&lt;\/p&gt; \" data-medium-file=\"https:\/\/i0.wp.com\/www.tvturk.com\/wp-content\/uploads\/2019\/04\/nazif-zorlu-vestel-cityi-vali-denize-tanitti_32849d2.jpg?fit=300%2C200\" data-large-file=\"https:\/\/i0.wp.com\/www.tvturk.com\/wp-content\/uploads\/2019\/04\/nazif-zorlu-vestel-cityi-vali-denize-tanitti_32849d2.jpg?fit=1000%2C667\" src=\"https:\/\/i0.wp.com\/www.tvturk.com\/wp-content\/uploads\/2019\/04\/nazif-zorlu-vestel-cityi-vali-denize-tanitti_32849d2.jpg?w=162&#038;h=108\" srcset=\"https:\/\/i0.wp.com\/www.tvturk.com\/wp-content\/uploads\/2019\/04\/nazif-zorlu-vestel-cityi-vali-denize-tanitti_32849d2.jpg?w=1000 1000w, https:\/\/i0.wp.com\/www.tvturk.com\/wp-content\/uploads\/2019\/04\/nazif-zorlu-vestel-cityi-vali-denize-tanitti_32849d2.jpg?resize=150%2C100 150w, https:\/\/i0.wp.com\/www.tvturk.com\/wp-content\/uploads\/2019\/04\/nazif-zorlu-vestel-cityi-vali-denize-tanitti_32849d2.jpg?resize=300%2C200 300w, https:\/\/i0.wp.com\/www.tvturk.com\/wp-content\/uploads\/2019\/04\/nazif-zorlu-vestel-cityi-vali-denize-tanitti_32849d2.jpg?resize=768%2C512 768w, https:\/\/i0.wp.com\/www.tvturk.com\/wp-content\/uploads\/2019\/04\/nazif-zorlu-vestel-cityi-vali-denize-tanitti_32849d2.jpg?resize=170%2C113 170w, https:\/\/i0.wp.com\/www.tvturk.com\/wp-content\/uploads\/2019\/04\/nazif-zorlu-vestel-cityi-vali-denize-tanitti_32849d2.jpg?resize=120%2C80 120w\" width=\"162\" height=\"108\" loading=\"lazy\" data-original-width=\"162\" data-original-height=\"108\" itemprop=\"http:\/\/schema.org\/image\" title=\"Nazif Zorlu, Vestel City\u2019i Vali Deniz\u2019e tan\u0131tt\u0131\" alt=\"Nazif Zorlu, Vestel City\u2019i Vali Deniz\u2019e tan\u0131tt\u0131\" style=\"width: 162px; height: 108px;\" \/> <\/a> <\/div> <div class=\"tiled-gallery-item tiled-gallery-item-small\" itemprop=\"associatedMedia\" itemscope itemtype=\"http:\/\/schema.org\/ImageObject\"> <a href=\"http:\/\/www.tvturk.com\/index.php\/nazif-zorlu-vestel-cityi-vali-denize-tanitti\/nazif-zorlu-vestel-cityi-vali-denize-tanitti-5\/\" border=\"0\" itemprop=\"url\"> <meta itemprop=\"width\" content=\"162\"> <meta itemprop=\"height\" content=\"108\"> <img decoding=\"async\" class=\"\" data-attachment-id=\"128676\" data-orig-file=\"http:\/\/www.tvturk.com\/wp-content\/uploads\/2019\/04\/nazif-zorlu-vestel-cityi-vali-denize-tanitti_8659cfc.jpg\" data-orig-size=\"1000,667\" data-comments-opened=\"\" data-image-meta=\"{&quot;aperture&quot;:&quot;0&quot;,&quot;credit&quot;:&quot;IHA&quot;,&quot;camera&quot;:&quot;&quot;,&quot;caption&quot;:&quot;MAN\\u0130SA VAL\\u0130S\\u0130 AHMET DEN\\u0130Z, VESTEL \\u015e\\u0130RKETLER GRUBUNUN MAN\\u0130SA OSB\\u0027DEK\\u0130 VESTEL C\\u0130TY FABR\\u0130KALAR KOMPLEKS\\u0130N\\u0130 Z\\u0130YARET ETT\\u0130. ZORLU HOLD\\u0130NG Y\\u00d6NET\\u0130M KURULU BA\\u015eKANI AHMET NAZ\\u0130F ZORLU VE \\u00dcRET\\u0130M ALANINDAK\\u0130 TEKN\\u0130K EK\\u0130P VAL\\u0130 DEN\\u0130Z\\u0027\\u0130 YAPILAN \\u00c7ALI\\u015eMALAR HAKKINDA B\\u0130LG\\u0130LEND\\u0130RD\\u0130. (\\u0130HA\\\/MAN\\u0130SA-\\u0130HA)&quot;,&quot;created_timestamp&quot;:&quot;0&quot;,&quot;copyright&quot;:&quot;\\u0130HLAS HABER AJANSI, www.iha.com.tr&quot;,&quot;focal_length&quot;:&quot;0&quot;,&quot;iso&quot;:&quot;0&quot;,&quot;shutter_speed&quot;:&quot;0&quot;,&quot;title&quot;:&quot;NAZ\\u0130F ZORLU, VESTEL C\\u0130TY\\u0027\\u0130 VAL\\u0130 DEN\\u0130Z\\u0027E TANITTI&quot;,&quot;orientation&quot;:&quot;0&quot;}\" data-image-title=\"Nazif Zorlu, Vestel City\u2019i Vali Deniz\u2019e tan\u0131tt\u0131\" data-image-description=\"&lt;p&gt;Nazif Zorlu, Vestel City\u2019i Vali Deniz\u2019e tan\u0131tt\u0131&lt;\/p&gt; \" data-medium-file=\"https:\/\/i0.wp.com\/www.tvturk.com\/wp-content\/uploads\/2019\/04\/nazif-zorlu-vestel-cityi-vali-denize-tanitti_8659cfc.jpg?fit=300%2C200\" data-large-file=\"https:\/\/i0.wp.com\/www.tvturk.com\/wp-content\/uploads\/2019\/04\/nazif-zorlu-vestel-cityi-vali-denize-tanitti_8659cfc.jpg?fit=1000%2C667\" src=\"https:\/\/i0.wp.com\/www.tvturk.com\/wp-content\/uploads\/2019\/04\/nazif-zorlu-vestel-cityi-vali-denize-tanitti_8659cfc.jpg?w=162&#038;h=108\" srcset=\"https:\/\/i0.wp.com\/www.tvturk.com\/wp-content\/uploads\/2019\/04\/nazif-zorlu-vestel-cityi-vali-denize-tanitti_8659cfc.jpg?w=1000 1000w, https:\/\/i0.wp.com\/www.tvturk.com\/wp-content\/uploads\/2019\/04\/nazif-zorlu-vestel-cityi-vali-denize-tanitti_8659cfc.jpg?resize=150%2C100 150w, https:\/\/i0.wp.com\/www.tvturk.com\/wp-content\/uploads\/2019\/04\/nazif-zorlu-vestel-cityi-vali-denize-tanitti_8659cfc.jpg?resize=300%2C200 300w, https:\/\/i0.wp.com\/www.tvturk.com\/wp-content\/uploads\/2019\/04\/nazif-zorlu-vestel-cityi-vali-denize-tanitti_8659cfc.jpg?resize=768%2C512 768w, https:\/\/i0.wp.com\/www.tvturk.com\/wp-content\/uploads\/2019\/04\/nazif-zorlu-vestel-cityi-vali-denize-tanitti_8659cfc.jpg?resize=170%2C113 170w, https:\/\/i0.wp.com\/www.tvturk.com\/wp-content\/uploads\/2019\/04\/nazif-zorlu-vestel-cityi-vali-denize-tanitti_8659cfc.jpg?resize=120%2C80 120w\" width=\"162\" height=\"108\" loading=\"lazy\" data-original-width=\"162\" data-original-height=\"108\" itemprop=\"http:\/\/schema.org\/image\" title=\"Nazif Zorlu, Vestel City\u2019i Vali Deniz\u2019e tan\u0131tt\u0131\" alt=\"Nazif Zorlu, Vestel City\u2019i Vali Deniz\u2019e tan\u0131tt\u0131\" style=\"width: 162px; height: 108px;\" \/> <\/a> <\/div> <\/div> <!-- close group --> <\/div> <!-- close row --> <div class=\"gallery-row\" style=\"width: 500px; height: 112px;\" data-original-width=\"500\" data-original-height=\"112\" > <div class=\"gallery-group images-1\" style=\"width: 167px; height: 112px;\" data-original-width=\"167\" data-original-height=\"112\" > <div class=\"tiled-gallery-item tiled-gallery-item-small\" itemprop=\"associatedMedia\" itemscope itemtype=\"http:\/\/schema.org\/ImageObject\"> <a href=\"http:\/\/www.tvturk.com\/index.php\/nazif-zorlu-vestel-cityi-vali-denize-tanitti\/nazif-zorlu-vestel-cityi-vali-denize-tanitti-6\/\" border=\"0\" itemprop=\"url\"> <meta itemprop=\"width\" content=\"163\"> <meta itemprop=\"height\" content=\"108\"> <img decoding=\"async\" class=\"\" data-attachment-id=\"128677\" data-orig-file=\"http:\/\/www.tvturk.com\/wp-content\/uploads\/2019\/04\/nazif-zorlu-vestel-cityi-vali-denize-tanitti_ed74714.jpg\" data-orig-size=\"1000,667\" data-comments-opened=\"\" data-image-meta=\"{&quot;aperture&quot;:&quot;0&quot;,&quot;credit&quot;:&quot;IHA&quot;,&quot;camera&quot;:&quot;&quot;,&quot;caption&quot;:&quot;MAN\\u0130SA VAL\\u0130S\\u0130 AHMET DEN\\u0130Z, VESTEL \\u015e\\u0130RKETLER GRUBUNUN MAN\\u0130SA OSB\\u0027DEK\\u0130 VESTEL C\\u0130TY FABR\\u0130KALAR KOMPLEKS\\u0130N\\u0130 Z\\u0130YARET ETT\\u0130. ZORLU HOLD\\u0130NG Y\\u00d6NET\\u0130M KURULU BA\\u015eKANI AHMET NAZ\\u0130F ZORLU VE \\u00dcRET\\u0130M ALANINDAK\\u0130 TEKN\\u0130K EK\\u0130P VAL\\u0130 DEN\\u0130Z\\u0027\\u0130 YAPILAN \\u00c7ALI\\u015eMALAR HAKKINDA B\\u0130LG\\u0130LEND\\u0130RD\\u0130. (\\u0130HA\\\/MAN\\u0130SA-\\u0130HA)&quot;,&quot;created_timestamp&quot;:&quot;0&quot;,&quot;copyright&quot;:&quot;\\u0130HLAS HABER AJANSI, www.iha.com.tr&quot;,&quot;focal_length&quot;:&quot;0&quot;,&quot;iso&quot;:&quot;0&quot;,&quot;shutter_speed&quot;:&quot;0&quot;,&quot;title&quot;:&quot;NAZ\\u0130F ZORLU, VESTEL C\\u0130TY\\u0027\\u0130 VAL\\u0130 DEN\\u0130Z\\u0027E TANITTI&quot;,&quot;orientation&quot;:&quot;0&quot;}\" data-image-title=\"Nazif Zorlu, Vestel City\u2019i Vali Deniz\u2019e tan\u0131tt\u0131\" data-image-description=\"&lt;p&gt;Nazif Zorlu, Vestel City\u2019i Vali Deniz\u2019e tan\u0131tt\u0131&lt;\/p&gt; \" data-medium-file=\"https:\/\/i0.wp.com\/www.tvturk.com\/wp-content\/uploads\/2019\/04\/nazif-zorlu-vestel-cityi-vali-denize-tanitti_ed74714.jpg?fit=300%2C200\" data-large-file=\"https:\/\/i0.wp.com\/www.tvturk.com\/wp-content\/uploads\/2019\/04\/nazif-zorlu-vestel-cityi-vali-denize-tanitti_ed74714.jpg?fit=1000%2C667\" src=\"https:\/\/i0.wp.com\/www.tvturk.com\/wp-content\/uploads\/2019\/04\/nazif-zorlu-vestel-cityi-vali-denize-tanitti_ed74714.jpg?w=163&#038;h=108\" srcset=\"https:\/\/i0.wp.com\/www.tvturk.com\/wp-content\/uploads\/2019\/04\/nazif-zorlu-vestel-cityi-vali-denize-tanitti_ed74714.jpg?w=1000 1000w, https:\/\/i0.wp.com\/www.tvturk.com\/wp-content\/uploads\/2019\/04\/nazif-zorlu-vestel-cityi-vali-denize-tanitti_ed74714.jpg?resize=150%2C100 150w, https:\/\/i0.wp.com\/www.tvturk.com\/wp-content\/uploads\/2019\/04\/nazif-zorlu-vestel-cityi-vali-denize-tanitti_ed74714.jpg?resize=300%2C200 300w, https:\/\/i0.wp.com\/www.tvturk.com\/wp-content\/uploads\/2019\/04\/nazif-zorlu-vestel-cityi-vali-denize-tanitti_ed74714.jpg?resize=768%2C512 768w, https:\/\/i0.wp.com\/www.tvturk.com\/wp-content\/uploads\/2019\/04\/nazif-zorlu-vestel-cityi-vali-denize-tanitti_ed74714.jpg?resize=170%2C113 170w, https:\/\/i0.wp.com\/www.tvturk.com\/wp-content\/uploads\/2019\/04\/nazif-zorlu-vestel-cityi-vali-denize-tanitti_ed74714.jpg?resize=120%2C80 120w\" width=\"163\" height=\"108\" loading=\"lazy\" data-original-width=\"163\" data-original-height=\"108\" itemprop=\"http:\/\/schema.org\/image\" title=\"Nazif Zorlu, Vestel City\u2019i Vali Deniz\u2019e tan\u0131tt\u0131\" alt=\"Nazif Zorlu, Vestel City\u2019i Vali Deniz\u2019e tan\u0131tt\u0131\" style=\"width: 163px; height: 108px;\" \/> <\/a> <\/div> <\/div> <!-- close group --> <div class=\"gallery-group images-1\" style=\"width: 167px; height: 112px;\" data-original-width=\"167\" data-original-height=\"112\" > <div class=\"tiled-gallery-item tiled-gallery-item-small\" itemprop=\"associatedMedia\" itemscope itemtype=\"http:\/\/schema.org\/ImageObject\"> <a href=\"http:\/\/www.tvturk.com\/index.php\/nazif-zorlu-vestel-cityi-vali-denize-tanitti\/nazif-zorlu-vestel-cityi-vali-denize-tanitti-7\/\" border=\"0\" itemprop=\"url\"> <meta itemprop=\"width\" content=\"163\"> <meta itemprop=\"height\" content=\"108\"> <img decoding=\"async\" class=\"\" data-attachment-id=\"128678\" data-orig-file=\"http:\/\/www.tvturk.com\/wp-content\/uploads\/2019\/04\/nazif-zorlu-vestel-cityi-vali-denize-tanitti_8ed3b43.jpg\" data-orig-size=\"1000,667\" data-comments-opened=\"\" data-image-meta=\"{&quot;aperture&quot;:&quot;0&quot;,&quot;credit&quot;:&quot;IHA&quot;,&quot;camera&quot;:&quot;&quot;,&quot;caption&quot;:&quot;MAN\\u0130SA VAL\\u0130S\\u0130 AHMET DEN\\u0130Z, VESTEL \\u015e\\u0130RKETLER GRUBUNUN MAN\\u0130SA OSB\\u0027DEK\\u0130 VESTEL C\\u0130TY FABR\\u0130KALAR KOMPLEKS\\u0130N\\u0130 Z\\u0130YARET ETT\\u0130. ZORLU HOLD\\u0130NG Y\\u00d6NET\\u0130M KURULU BA\\u015eKANI AHMET NAZ\\u0130F ZORLU VE \\u00dcRET\\u0130M ALANINDAK\\u0130 TEKN\\u0130K EK\\u0130P VAL\\u0130 DEN\\u0130Z\\u0027\\u0130 YAPILAN \\u00c7ALI\\u015eMALAR HAKKINDA B\\u0130LG\\u0130LEND\\u0130RD\\u0130. (\\u0130HA\\\/MAN\\u0130SA-\\u0130HA)&quot;,&quot;created_timestamp&quot;:&quot;0&quot;,&quot;copyright&quot;:&quot;\\u0130HLAS HABER AJANSI, www.iha.com.tr&quot;,&quot;focal_length&quot;:&quot;0&quot;,&quot;iso&quot;:&quot;0&quot;,&quot;shutter_speed&quot;:&quot;0&quot;,&quot;title&quot;:&quot;NAZ\\u0130F ZORLU, VESTEL C\\u0130TY\\u0027\\u0130 VAL\\u0130 DEN\\u0130Z\\u0027E TANITTI&quot;,&quot;orientation&quot;:&quot;0&quot;}\" data-image-title=\"Nazif Zorlu, Vestel City\u2019i Vali Deniz\u2019e tan\u0131tt\u0131\" data-image-description=\"&lt;p&gt;Nazif Zorlu, Vestel City\u2019i Vali Deniz\u2019e tan\u0131tt\u0131&lt;\/p&gt; \" data-medium-file=\"https:\/\/i0.wp.com\/www.tvturk.com\/wp-content\/uploads\/2019\/04\/nazif-zorlu-vestel-cityi-vali-denize-tanitti_8ed3b43.jpg?fit=300%2C200\" data-large-file=\"https:\/\/i0.wp.com\/www.tvturk.com\/wp-content\/uploads\/2019\/04\/nazif-zorlu-vestel-cityi-vali-denize-tanitti_8ed3b43.jpg?fit=1000%2C667\" src=\"https:\/\/i0.wp.com\/www.tvturk.com\/wp-content\/uploads\/2019\/04\/nazif-zorlu-vestel-cityi-vali-denize-tanitti_8ed3b43.jpg?w=163&#038;h=108\" srcset=\"https:\/\/i0.wp.com\/www.tvturk.com\/wp-content\/uploads\/2019\/04\/nazif-zorlu-vestel-cityi-vali-denize-tanitti_8ed3b43.jpg?w=1000 1000w, https:\/\/i0.wp.com\/www.tvturk.com\/wp-content\/uploads\/2019\/04\/nazif-zorlu-vestel-cityi-vali-denize-tanitti_8ed3b43.jpg?resize=150%2C100 150w, https:\/\/i0.wp.com\/www.tvturk.com\/wp-content\/uploads\/2019\/04\/nazif-zorlu-vestel-cityi-vali-denize-tanitti_8ed3b43.jpg?resize=300%2C200 300w, https:\/\/i0.wp.com\/www.tvturk.com\/wp-content\/uploads\/2019\/04\/nazif-zorlu-vestel-cityi-vali-denize-tanitti_8ed3b43.jpg?resize=768%2C512 768w, https:\/\/i0.wp.com\/www.tvturk.com\/wp-content\/uploads\/2019\/04\/nazif-zorlu-vestel-cityi-vali-denize-tanitti_8ed3b43.jpg?resize=170%2C113 170w, https:\/\/i0.wp.com\/www.tvturk.com\/wp-content\/uploads\/2019\/04\/nazif-zorlu-vestel-cityi-vali-denize-tanitti_8ed3b43.jpg?resize=120%2C80 120w\" width=\"163\" height=\"108\" loading=\"lazy\" data-original-width=\"163\" data-original-height=\"108\" itemprop=\"http:\/\/schema.org\/image\" title=\"Nazif Zorlu, Vestel City\u2019i Vali Deniz\u2019e tan\u0131tt\u0131\" alt=\"Nazif Zorlu, Vestel City\u2019i Vali Deniz\u2019e tan\u0131tt\u0131\" style=\"width: 163px; height: 108px;\" \/> <\/a> <\/div> <\/div> <!-- close group --> <div class=\"gallery-group images-1\" style=\"width: 166px; height: 112px;\" data-original-width=\"166\" data-original-height=\"112\" > <div class=\"tiled-gallery-item tiled-gallery-item-small\" itemprop=\"associatedMedia\" itemscope itemtype=\"http:\/\/schema.org\/ImageObject\"> <a href=\"http:\/\/www.tvturk.com\/index.php\/nazif-zorlu-vestel-cityi-vali-denize-tanitti\/nazif-zorlu-vestel-cityi-vali-denize-tanitti-8\/\" border=\"0\" itemprop=\"url\"> <meta itemprop=\"width\" content=\"162\"> <meta itemprop=\"height\" content=\"108\"> <img decoding=\"async\" class=\"\" data-attachment-id=\"128679\" data-orig-file=\"http:\/\/www.tvturk.com\/wp-content\/uploads\/2019\/04\/nazif-zorlu-vestel-cityi-vali-denize-tanitti_f10e8fc.jpg\" data-orig-size=\"1000,667\" data-comments-opened=\"\" data-image-meta=\"{&quot;aperture&quot;:&quot;0&quot;,&quot;credit&quot;:&quot;IHA&quot;,&quot;camera&quot;:&quot;&quot;,&quot;caption&quot;:&quot;MAN\\u0130SA VAL\\u0130S\\u0130 AHMET DEN\\u0130Z, VESTEL \\u015e\\u0130RKETLER GRUBUNUN MAN\\u0130SA OSB\\u0027DEK\\u0130 VESTEL C\\u0130TY FABR\\u0130KALAR KOMPLEKS\\u0130N\\u0130 Z\\u0130YARET ETT\\u0130. ZORLU HOLD\\u0130NG Y\\u00d6NET\\u0130M KURULU BA\\u015eKANI AHMET NAZ\\u0130F ZORLU VE \\u00dcRET\\u0130M ALANINDAK\\u0130 TEKN\\u0130K EK\\u0130P VAL\\u0130 DEN\\u0130Z\\u0027\\u0130 YAPILAN \\u00c7ALI\\u015eMALAR HAKKINDA B\\u0130LG\\u0130LEND\\u0130RD\\u0130. (\\u0130HA\\\/MAN\\u0130SA-\\u0130HA)&quot;,&quot;created_timestamp&quot;:&quot;0&quot;,&quot;copyright&quot;:&quot;\\u0130HLAS HABER AJANSI, www.iha.com.tr&quot;,&quot;focal_length&quot;:&quot;0&quot;,&quot;iso&quot;:&quot;0&quot;,&quot;shutter_speed&quot;:&quot;0&quot;,&quot;title&quot;:&quot;NAZ\\u0130F ZORLU, VESTEL C\\u0130TY\\u0027\\u0130 VAL\\u0130 DEN\\u0130Z\\u0027E TANITTI&quot;,&quot;orientation&quot;:&quot;0&quot;}\" data-image-title=\"Nazif Zorlu, Vestel City\u2019i Vali Deniz\u2019e tan\u0131tt\u0131\" data-image-description=\"&lt;p&gt;Nazif Zorlu, Vestel City\u2019i Vali Deniz\u2019e tan\u0131tt\u0131&lt;\/p&gt; \" data-medium-file=\"https:\/\/i0.wp.com\/www.tvturk.com\/wp-content\/uploads\/2019\/04\/nazif-zorlu-vestel-cityi-vali-denize-tanitti_f10e8fc.jpg?fit=300%2C200\" data-large-file=\"https:\/\/i0.wp.com\/www.tvturk.com\/wp-content\/uploads\/2019\/04\/nazif-zorlu-vestel-cityi-vali-denize-tanitti_f10e8fc.jpg?fit=1000%2C667\" src=\"https:\/\/i0.wp.com\/www.tvturk.com\/wp-content\/uploads\/2019\/04\/nazif-zorlu-vestel-cityi-vali-denize-tanitti_f10e8fc.jpg?w=162&#038;h=108\" srcset=\"https:\/\/i0.wp.com\/www.tvturk.com\/wp-content\/uploads\/2019\/04\/nazif-zorlu-vestel-cityi-vali-denize-tanitti_f10e8fc.jpg?w=1000 1000w, https:\/\/i0.wp.com\/www.tvturk.com\/wp-content\/uploads\/2019\/04\/nazif-zorlu-vestel-cityi-vali-denize-tanitti_f10e8fc.jpg?resize=150%2C100 150w, https:\/\/i0.wp.com\/www.tvturk.com\/wp-content\/uploads\/2019\/04\/nazif-zorlu-vestel-cityi-vali-denize-tanitti_f10e8fc.jpg?resize=300%2C200 300w, https:\/\/i0.wp.com\/www.tvturk.com\/wp-content\/uploads\/2019\/04\/nazif-zorlu-vestel-cityi-vali-denize-tanitti_f10e8fc.jpg?resize=768%2C512 768w, https:\/\/i0.wp.com\/www.tvturk.com\/wp-content\/uploads\/2019\/04\/nazif-zorlu-vestel-cityi-vali-denize-tanitti_f10e8fc.jpg?resize=170%2C113 170w, https:\/\/i0.wp.com\/www.tvturk.com\/wp-content\/uploads\/2019\/04\/nazif-zorlu-vestel-cityi-vali-denize-tanitti_f10e8fc.jpg?resize=120%2C80 120w\" width=\"162\" height=\"108\" loading=\"lazy\" data-original-width=\"162\" data-original-height=\"108\" itemprop=\"http:\/\/schema.org\/image\" title=\"Nazif Zorlu, Vestel City\u2019i Vali Deniz\u2019e tan\u0131tt\u0131\" alt=\"Nazif Zorlu, Vestel City\u2019i Vali Deniz\u2019e tan\u0131tt\u0131\" style=\"width: 162px; height: 108px;\" \/> <\/a> <\/div> <\/div> <!-- close group --> <\/div> <!-- close row --> <\/div><\/p>\n","protected":false},"excerpt":{"rendered":"<p>MAN\u0130SA VAL\u0130S\u0130 AHMET DEN\u0130Z, VESTEL \u015e\u0130RKETLER GRUBUNUN MAN\u0130SA OSB&#8217;DEK\u0130 VESTEL C\u0130TY FABR\u0130KALAR KOMPLEKS\u0130N\u0130 Z\u0130YARET ETT\u0130. ZORLU HOLD\u0130NG Y\u00d6NET\u0130M KURULU BA\u015eKANI AHMET NAZ\u0130F ZORLU VE \u00dcRET\u0130M ALANINDAK\u0130 TEKN\u0130K EK\u0130P VAL\u0130 DEN\u0130Z&#8217;\u0130 YAPILAN \u00c7ALI\u015eMALAR HAKKINDA B\u0130LG\u0130LEND\u0130RD\u0130.<\/p>\n","protected":false},"author":1,"featured_media":128673,"comment_status":"closed","ping_status":"open","sticky":false,"template":"","format":"standard","meta":{"jetpack_post_was_ever_published":false,"_jetpack_newsletter_access":"","_jetpack_dont_email_post_to_subs":false,"_jetpack_newsletter_tier_id":0,"_jetpack_memberships_contains_paywalled_content":false,"_jetpack_memberships_contains_paid_content":false,"footnotes":"","jetpack_publicize_message":"","jetpack_publicize_feature_enabled":true,"jetpack_social_post_already_shared":true,"jetpack_social_options":{"image_generator_settings":{"template":"highway","default_image_id":0,"font":"","enabled":false},"version":2}},"categories":[19],"tags":[30059,969,30058,2566,148,8676,4376],"class_list":["post-128672","post","type-post","status-publish","format-standard","has-post-thumbnail","hentry","category-ekonomi","tag-cityi","tag-denize","tag-nazif","tag-tanitti","tag-vali","tag-vestel","tag-zorlu"],"jetpack_publicize_connections":[],"jetpack_featured_media_url":"https:\/\/i0.wp.com\/www.tvturk.com\/wp-content\/uploads\/2019\/04\/nazif-zorlu-vestel-cityi-vali-denize-tanitti_1242827.jpg?fit=1000%2C667","jetpack_sharing_enabled":true,"jetpack_shortlink":"https:\/\/wp.me\/paKIfm-xtm","_links":{"self":[{"href":"http:\/\/www.tvturk.com\/index.php\/wp-json\/wp\/v2\/posts\/128672","targetHints":{"allow":["GET"]}}],"collection":[{"href":"http:\/\/www.tvturk.com\/index.php\/wp-json\/wp\/v2\/posts"}],"about":[{"href":"http:\/\/www.tvturk.com\/index.php\/wp-json\/wp\/v2\/types\/post"}],"author":[{"embeddable":true,"href":"http:\/\/www.tvturk.com\/index.php\/wp-json\/wp\/v2\/users\/1"}],"replies":[{"embeddable":true,"href":"http:\/\/www.tvturk.com\/index.php\/wp-json\/wp\/v2\/comments?post=128672"}],"version-history":[{"count":1,"href":"http:\/\/www.tvturk.com\/index.php\/wp-json\/wp\/v2\/posts\/128672\/revisions"}],"predecessor-version":[{"id":128680,"href":"http:\/\/www.tvturk.com\/index.php\/wp-json\/wp\/v2\/posts\/128672\/revisions\/128680"}],"wp:featuredmedia":[{"embeddable":true,"href":"http:\/\/www.tvturk.com\/index.php\/wp-json\/wp\/v2\/media\/128673"}],"wp:attachment":[{"href":"http:\/\/www.tvturk.com\/index.php\/wp-json\/wp\/v2\/media?parent=128672"}],"wp:term":[{"taxonomy":"category","embeddable":true,"href":"http:\/\/www.tvturk.com\/index.php\/wp-json\/wp\/v2\/categories?post=128672"},{"taxonomy":"post_tag","embeddable":true,"href":"http:\/\/www.tvturk.com\/index.php\/wp-json\/wp\/v2\/tags?post=128672"}],"curies":[{"name":"wp","href":"https:\/\/api.w.org\/{rel}","templated":true}]}}