{"id":12883,"date":"2019-02-08T15:40:58","date_gmt":"2019-02-08T12:40:58","guid":{"rendered":"http:\/\/www.tvturk.com\/index.php\/turk-amerikan-isadamlari-dernegi-musiadi-ziyaret-etti\/"},"modified":"2019-02-08T15:41:00","modified_gmt":"2019-02-08T12:41:00","slug":"turk-amerikan-isadamlari-dernegi-musiadi-ziyaret-etti","status":"publish","type":"post","link":"http:\/\/www.tvturk.com\/index.php\/turk-amerikan-isadamlari-dernegi-musiadi-ziyaret-etti\/","title":{"rendered":"T\u00fcrk Amerikan \u0130\u015fadamlar\u0131 Derne\u011fi, M\u00dcS\u0130AD\u2019\u0131 ziyaret etti"},"content":{"rendered":"<p>T\u00fcrk Amerikan \u0130\u015fadamlar\u0131 Derne\u011fi Y\u00f6netim Kurulu Ba\u015fkan\u0131 Ali Osman Akat ve Y\u00fcksek \u0130sti\u015fare Kurulu Ba\u015fkan\u0131 Ali Bayramo\u011flu beraberindeki heyet ile M\u00fcstakil Sanayici ve \u0130\u015fadamlar\u0131 Derne\u011fi Gaziantep \u015eube Ba\u015fkan\u0131 Mehmet \u00c7elenk ve \u00fcyelerini ziyaret etti.<\/p>\n<p>Y\u00fcksek \u0130sti\u015fare Kurulu Ba\u015fkan\u0131 Ali Bayramo\u011flu, ziyaretinde misafirperverli\u011finden dolay\u0131 M\u00dcS\u0130AD Gaziantep \u015eube Ba\u015fkan\u0131 Mehmet \u00c7elenk ve \u00fcyelerine te\u015fekk\u00fcr ederek, d\u0131\u015f ticaret sunumunu ger\u00e7ekle\u015ftirdi. Konu\u015fmas\u0131nda \u00fcretkenli\u011fi vurgulayan Bayramo\u011flu, \u201cGaziantep\u2019e en son geldi\u011fimden bu yana sanayideki b\u00fcy\u00fcme takdire \u015fayan. Biz t\u00fcm sanayicilerimizin d\u00fcnya pazar\u0131nda \u00f6nemli bir yere sahip olmas\u0131 i\u00e7in \u00e7abal\u0131yoruz ve bu konuda \u00e7ok g\u00fczel projeler i\u00e7in \u00e7al\u0131\u015f\u0131yoruz. T\u00fcrkiye beklenenden h\u0131zl\u0131 ilerleme kaydetti. Biz birlik ve beraberlik ile daha iyi yerlere gelece\u011fimize inan\u0131yorum. G\u00f6revini tazeleyen Mehmet Ba\u015fkan\u0131 tebrik ediyor, ba\u015far\u0131lar\u0131n\u0131n devam\u0131n\u0131 diliyorum\u201d dedi.<\/p>\n<p>\u201cGaziantep\u2019in sanayicisi bizi \u00e7ok heyecanland\u0131r\u0131yor\u201d<\/p>\n<p>Gaziantep AK Parti Milletvekili Mehmet Erdo\u011fan, \u201cGaziantep\u2019in sanayicisi bizi \u00e7ok heyecanland\u0131r\u0131yor. Sanayicimizin kan\u0131 \u00e7ok h\u0131zl\u0131 ak\u0131yor. S\u00fcrekli yeni Pazar aray\u0131\u015f\u0131nda ve daha nas\u0131l faydal\u0131 olunur d\u00fc\u015f\u00fcncesi, bilinciyle \u00e7al\u0131\u015f\u0131yor. \u00d6zellikle \u00fcretime \u00e7ok \u00f6nem veriyoruz. Devletimizin de te\u015fvikleri do\u011frultusunda sanayicimiz hem \u00fcretken hem ihracat\u00e7\u0131. Bu bize \u00e7ok \u015fey kazand\u0131r\u0131yor ve T\u00fcrkiye bu pazarda hak etti\u011fi yeri al\u0131yor, daha iyi yerlere de gelecek\u201d \u015feklinde konu\u015ftu.<\/p>\n<p>\u201c\u00d6n ayak olaca\u011f\u0131z\u201d<\/p>\n<p>M\u00dcS\u0130AD Gaziantep \u015eube Ba\u015fkan\u0131 Mehmet \u00c7elenk ziyaretten duydu\u011fu memnuniyeti dile getirirken, \u201cBiz M\u00dcS\u0130AD ailesi olarak, Gaziantep\u2019te \u0130\u015fverenimize ve sanayicimize \u00f6n ayak olaca\u011f\u0131z ve bu kapsamda \u00e7ok etkili projeler i\u00e7in \u00e7al\u0131\u015f\u0131yoruz. Hepimizin bir hedefi var, bu hedef i\u00e7in kol kola engelleri a\u015faca\u011f\u0131z\u201d diye konu\u015ftu.<div class=\"tiled-gallery type-rectangular tiled-gallery-unresized\" data-original-width=\"500\" data-carousel-extra='null' itemscope itemtype=\"http:\/\/schema.org\/ImageGallery\" > <div class=\"gallery-row\" style=\"width: 500px; height: 168px;\" data-original-width=\"500\" data-original-height=\"168\" > <div class=\"gallery-group images-1\" style=\"width: 250px; height: 168px;\" data-original-width=\"250\" data-original-height=\"168\" > <div class=\"tiled-gallery-item tiled-gallery-item-small\" itemprop=\"associatedMedia\" itemscope itemtype=\"http:\/\/schema.org\/ImageObject\"> <a href=\"http:\/\/www.tvturk.com\/index.php\/turk-amerikan-isadamlari-dernegi-musiadi-ziyaret-etti\/turk-amerikan-isadamlari-dernegi-musiadi-ziyaret-etti-3\/\" border=\"0\" itemprop=\"url\"> <meta itemprop=\"width\" content=\"246\"> <meta itemprop=\"height\" content=\"164\"> <img decoding=\"async\" class=\"\" data-attachment-id=\"12885\" data-orig-file=\"http:\/\/www.tvturk.com\/wp-content\/uploads\/2019\/02\/turk-amerikan-isadamlari-dernegi-musiadi-ziyaret-etti_80f42e6.jpg\" data-orig-size=\"1000,666\" data-comments-opened=\"\" data-image-meta=\"{&quot;aperture&quot;:&quot;0&quot;,&quot;credit&quot;:&quot;IHA&quot;,&quot;camera&quot;:&quot;&quot;,&quot;caption&quot;:&quot;T\\u00dcRK AMER\\u0130KAN \\u0130\\u015eADAMLARI DERNE\\u011e\\u0130, M\\u00dcS\\u0130AD\\u0027I Z\\u0130YARET ETT\\u0130 (\\u0130HA\\\/GAZ\\u0130ANTEP-\\u0130HA)&quot;,&quot;created_timestamp&quot;:&quot;0&quot;,&quot;copyright&quot;:&quot;\\u0130HLAS HABER AJANSI, www.iha.com.tr&quot;,&quot;focal_length&quot;:&quot;0&quot;,&quot;iso&quot;:&quot;0&quot;,&quot;shutter_speed&quot;:&quot;0&quot;,&quot;title&quot;:&quot;T\\u00dcRK AMER\\u0130KAN \\u0130\\u015eADAMLARI DERNE\\u011e\\u0130, M\\u00dcS\\u0130AD\\u0027I Z\\u0130YARET ETT\\u0130&quot;,&quot;orientation&quot;:&quot;0&quot;}\" data-image-title=\"T\u00fcrk Amerikan \u0130\u015fadamlar\u0131 Derne\u011fi, M\u00dcS\u0130AD\u2019\u0131 ziyaret etti\" data-image-description=\"&lt;p&gt;T\u00fcrk Amerikan \u0130\u015fadamlar\u0131 Derne\u011fi, M\u00dcS\u0130AD\u2019\u0131 ziyaret etti&lt;\/p&gt; \" data-medium-file=\"https:\/\/i0.wp.com\/www.tvturk.com\/wp-content\/uploads\/2019\/02\/turk-amerikan-isadamlari-dernegi-musiadi-ziyaret-etti_80f42e6.jpg?fit=300%2C200\" data-large-file=\"https:\/\/i0.wp.com\/www.tvturk.com\/wp-content\/uploads\/2019\/02\/turk-amerikan-isadamlari-dernegi-musiadi-ziyaret-etti_80f42e6.jpg?fit=1000%2C666\" src=\"https:\/\/i0.wp.com\/www.tvturk.com\/wp-content\/uploads\/2019\/02\/turk-amerikan-isadamlari-dernegi-musiadi-ziyaret-etti_80f42e6.jpg?w=246&#038;h=164\" srcset=\"https:\/\/i0.wp.com\/www.tvturk.com\/wp-content\/uploads\/2019\/02\/turk-amerikan-isadamlari-dernegi-musiadi-ziyaret-etti_80f42e6.jpg?w=1000 1000w, https:\/\/i0.wp.com\/www.tvturk.com\/wp-content\/uploads\/2019\/02\/turk-amerikan-isadamlari-dernegi-musiadi-ziyaret-etti_80f42e6.jpg?resize=150%2C100 150w, https:\/\/i0.wp.com\/www.tvturk.com\/wp-content\/uploads\/2019\/02\/turk-amerikan-isadamlari-dernegi-musiadi-ziyaret-etti_80f42e6.jpg?resize=300%2C200 300w, https:\/\/i0.wp.com\/www.tvturk.com\/wp-content\/uploads\/2019\/02\/turk-amerikan-isadamlari-dernegi-musiadi-ziyaret-etti_80f42e6.jpg?resize=768%2C511 768w, https:\/\/i0.wp.com\/www.tvturk.com\/wp-content\/uploads\/2019\/02\/turk-amerikan-isadamlari-dernegi-musiadi-ziyaret-etti_80f42e6.jpg?resize=170%2C113 170w, https:\/\/i0.wp.com\/www.tvturk.com\/wp-content\/uploads\/2019\/02\/turk-amerikan-isadamlari-dernegi-musiadi-ziyaret-etti_80f42e6.jpg?resize=120%2C80 120w\" width=\"246\" height=\"164\" loading=\"lazy\" data-original-width=\"246\" data-original-height=\"164\" itemprop=\"http:\/\/schema.org\/image\" title=\"T\u00fcrk Amerikan \u0130\u015fadamlar\u0131 Derne\u011fi, M\u00dcS\u0130AD\u2019\u0131 ziyaret etti\" alt=\"T\u00fcrk Amerikan \u0130\u015fadamlar\u0131 Derne\u011fi, M\u00dcS\u0130AD\u2019\u0131 ziyaret etti\" style=\"width: 246px; height: 164px;\" \/> <\/a> <\/div> <\/div> <!-- close group --> <div class=\"gallery-group images-1\" style=\"width: 250px; height: 168px;\" data-original-width=\"250\" data-original-height=\"168\" > <div class=\"tiled-gallery-item tiled-gallery-item-small\" itemprop=\"associatedMedia\" itemscope itemtype=\"http:\/\/schema.org\/ImageObject\"> <a href=\"http:\/\/www.tvturk.com\/index.php\/turk-amerikan-isadamlari-dernegi-musiadi-ziyaret-etti\/turk-amerikan-isadamlari-dernegi-musiadi-ziyaret-etti-4\/\" border=\"0\" itemprop=\"url\"> <meta itemprop=\"width\" content=\"246\"> <meta itemprop=\"height\" content=\"164\"> <img decoding=\"async\" class=\"\" data-attachment-id=\"12886\" data-orig-file=\"http:\/\/www.tvturk.com\/wp-content\/uploads\/2019\/02\/turk-amerikan-isadamlari-dernegi-musiadi-ziyaret-etti_186e18d.jpg\" data-orig-size=\"1000,666\" data-comments-opened=\"\" data-image-meta=\"{&quot;aperture&quot;:&quot;0&quot;,&quot;credit&quot;:&quot;IHA&quot;,&quot;camera&quot;:&quot;&quot;,&quot;caption&quot;:&quot;T\\u00dcRK AMER\\u0130KAN \\u0130\\u015eADAMLARI DERNE\\u011e\\u0130, M\\u00dcS\\u0130AD\\u0027I Z\\u0130YARET ETT\\u0130 (\\u0130HA\\\/GAZ\\u0130ANTEP-\\u0130HA)&quot;,&quot;created_timestamp&quot;:&quot;0&quot;,&quot;copyright&quot;:&quot;\\u0130HLAS HABER AJANSI, www.iha.com.tr&quot;,&quot;focal_length&quot;:&quot;0&quot;,&quot;iso&quot;:&quot;0&quot;,&quot;shutter_speed&quot;:&quot;0&quot;,&quot;title&quot;:&quot;T\\u00dcRK AMER\\u0130KAN \\u0130\\u015eADAMLARI DERNE\\u011e\\u0130, M\\u00dcS\\u0130AD\\u0027I Z\\u0130YARET ETT\\u0130&quot;,&quot;orientation&quot;:&quot;0&quot;}\" data-image-title=\"T\u00fcrk Amerikan \u0130\u015fadamlar\u0131 Derne\u011fi, M\u00dcS\u0130AD\u2019\u0131 ziyaret etti\" data-image-description=\"&lt;p&gt;T\u00fcrk Amerikan \u0130\u015fadamlar\u0131 Derne\u011fi, M\u00dcS\u0130AD\u2019\u0131 ziyaret etti&lt;\/p&gt; \" data-medium-file=\"https:\/\/i0.wp.com\/www.tvturk.com\/wp-content\/uploads\/2019\/02\/turk-amerikan-isadamlari-dernegi-musiadi-ziyaret-etti_186e18d.jpg?fit=300%2C200\" data-large-file=\"https:\/\/i0.wp.com\/www.tvturk.com\/wp-content\/uploads\/2019\/02\/turk-amerikan-isadamlari-dernegi-musiadi-ziyaret-etti_186e18d.jpg?fit=1000%2C666\" src=\"https:\/\/i0.wp.com\/www.tvturk.com\/wp-content\/uploads\/2019\/02\/turk-amerikan-isadamlari-dernegi-musiadi-ziyaret-etti_186e18d.jpg?w=246&#038;h=164\" srcset=\"https:\/\/i0.wp.com\/www.tvturk.com\/wp-content\/uploads\/2019\/02\/turk-amerikan-isadamlari-dernegi-musiadi-ziyaret-etti_186e18d.jpg?w=1000 1000w, https:\/\/i0.wp.com\/www.tvturk.com\/wp-content\/uploads\/2019\/02\/turk-amerikan-isadamlari-dernegi-musiadi-ziyaret-etti_186e18d.jpg?resize=150%2C100 150w, https:\/\/i0.wp.com\/www.tvturk.com\/wp-content\/uploads\/2019\/02\/turk-amerikan-isadamlari-dernegi-musiadi-ziyaret-etti_186e18d.jpg?resize=300%2C200 300w, https:\/\/i0.wp.com\/www.tvturk.com\/wp-content\/uploads\/2019\/02\/turk-amerikan-isadamlari-dernegi-musiadi-ziyaret-etti_186e18d.jpg?resize=768%2C511 768w, https:\/\/i0.wp.com\/www.tvturk.com\/wp-content\/uploads\/2019\/02\/turk-amerikan-isadamlari-dernegi-musiadi-ziyaret-etti_186e18d.jpg?resize=170%2C113 170w, https:\/\/i0.wp.com\/www.tvturk.com\/wp-content\/uploads\/2019\/02\/turk-amerikan-isadamlari-dernegi-musiadi-ziyaret-etti_186e18d.jpg?resize=120%2C80 120w\" width=\"246\" height=\"164\" loading=\"lazy\" data-original-width=\"246\" data-original-height=\"164\" itemprop=\"http:\/\/schema.org\/image\" title=\"T\u00fcrk Amerikan \u0130\u015fadamlar\u0131 Derne\u011fi, M\u00dcS\u0130AD\u2019\u0131 ziyaret etti\" alt=\"T\u00fcrk Amerikan \u0130\u015fadamlar\u0131 Derne\u011fi, M\u00dcS\u0130AD\u2019\u0131 ziyaret etti\" style=\"width: 246px; height: 164px;\" \/> <\/a> <\/div> <\/div> <!-- close group --> <\/div> <!-- close row --> <\/div><\/p>\n","protected":false},"excerpt":{"rendered":"<p>T\u00dcRK AMER\u0130KAN \u0130\u015eADAMLARI DERNE\u011e\u0130, M\u00dcS\u0130AD&#8217;I Z\u0130YARET ETT\u0130<\/p>\n","protected":false},"author":1,"featured_media":12884,"comment_status":"closed","ping_status":"open","sticky":false,"template":"","format":"standard","meta":{"jetpack_post_was_ever_published":false,"_jetpack_newsletter_access":"","_jetpack_dont_email_post_to_subs":false,"_jetpack_newsletter_tier_id":0,"_jetpack_memberships_contains_paywalled_content":false,"_jetpack_memberships_contains_paid_content":false,"footnotes":"","jetpack_publicize_message":"","jetpack_publicize_feature_enabled":true,"jetpack_social_post_already_shared":false,"jetpack_social_options":{"image_generator_settings":{"template":"highway","default_image_id":0,"font":"","enabled":false},"version":2}},"categories":[19],"tags":[6530,6333,207,6531,6532,957,150],"class_list":["post-12883","post","type-post","status-publish","format-standard","has-post-thumbnail","hentry","category-ekonomi","tag-amerikan","tag-dernegi","tag-etti","tag-isadamlari","tag-musiadi","tag-turk","tag-ziyaret"],"jetpack_publicize_connections":[],"jetpack_featured_media_url":"https:\/\/i0.wp.com\/www.tvturk.com\/wp-content\/uploads\/2019\/02\/turk-amerikan-isadamlari-dernegi-musiadi-ziyaret-etti_1c4a186.jpg?fit=1000%2C666","jetpack_sharing_enabled":true,"jetpack_shortlink":"https:\/\/wp.me\/paKIfm-3lN","_links":{"self":[{"href":"http:\/\/www.tvturk.com\/index.php\/wp-json\/wp\/v2\/posts\/12883","targetHints":{"allow":["GET"]}}],"collection":[{"href":"http:\/\/www.tvturk.com\/index.php\/wp-json\/wp\/v2\/posts"}],"about":[{"href":"http:\/\/www.tvturk.com\/index.php\/wp-json\/wp\/v2\/types\/post"}],"author":[{"embeddable":true,"href":"http:\/\/www.tvturk.com\/index.php\/wp-json\/wp\/v2\/users\/1"}],"replies":[{"embeddable":true,"href":"http:\/\/www.tvturk.com\/index.php\/wp-json\/wp\/v2\/comments?post=12883"}],"version-history":[{"count":1,"href":"http:\/\/www.tvturk.com\/index.php\/wp-json\/wp\/v2\/posts\/12883\/revisions"}],"predecessor-version":[{"id":12887,"href":"http:\/\/www.tvturk.com\/index.php\/wp-json\/wp\/v2\/posts\/12883\/revisions\/12887"}],"wp:featuredmedia":[{"embeddable":true,"href":"http:\/\/www.tvturk.com\/index.php\/wp-json\/wp\/v2\/media\/12884"}],"wp:attachment":[{"href":"http:\/\/www.tvturk.com\/index.php\/wp-json\/wp\/v2\/media?parent=12883"}],"wp:term":[{"taxonomy":"category","embeddable":true,"href":"http:\/\/www.tvturk.com\/index.php\/wp-json\/wp\/v2\/categories?post=12883"},{"taxonomy":"post_tag","embeddable":true,"href":"http:\/\/www.tvturk.com\/index.php\/wp-json\/wp\/v2\/tags?post=12883"}],"curies":[{"name":"wp","href":"https:\/\/api.w.org\/{rel}","templated":true}]}}