{"id":128940,"date":"2019-04-08T18:13:11","date_gmt":"2019-04-08T15:13:11","guid":{"rendered":"http:\/\/www.tvturk.com\/index.php\/ataturk-kultur-merkezi-baskanligi-yayinlari-24-izmir-tuyap-kitap-fuarinda\/"},"modified":"2019-04-08T18:13:11","modified_gmt":"2019-04-08T15:13:11","slug":"ataturk-kultur-merkezi-baskanligi-yayinlari-24-izmir-tuyap-kitap-fuarinda","status":"publish","type":"post","link":"http:\/\/www.tvturk.com\/index.php\/ataturk-kultur-merkezi-baskanligi-yayinlari-24-izmir-tuyap-kitap-fuarinda\/","title":{"rendered":"Atat\u00fcrk K\u00fclt\u00fcr Merkezi Ba\u015fkanl\u0131\u011f\u0131 Yay\u0131nlar\u0131 24. \u0130zmir T\u00dcYAP Kitap Fuar\u0131\u2019nda"},"content":{"rendered":"<p>T\u00fcrk k\u00fclt\u00fcr ve medeniyetine ili\u015fkin akademik yay\u0131nlar\u0131yla \u00f6n plana \u00e7\u0131kan Atat\u00fcrk K\u00fclt\u00fcr, Dil ve Tarih Y\u00fcksek Kurumu, b\u00fcnyesindeki Atat\u00fcrk K\u00fclt\u00fcr Merkezi Ba\u015fkanl\u0131\u011f\u0131, yay\u0131nlar\u0131n\u0131 24. \u0130zmir T\u00dcYAP Kitap Fuar\u0131\u2019nda \u0130zmirli kitapseverlerle bulu\u015fturuyor.<\/p>\n<p>457 yay\u0131nevi ve sivil toplum kurulu\u015funun kat\u0131l\u0131m\u0131yla d\u00fczenlenen \u0130zmir Kitap Fuar\u0131, s\u00f6yle\u015fi, panel ve \u00e7ocuk etkinliklerinden olu\u015fan 114 k\u00fclt\u00fcrel etkinli\u011fe ev sahipli\u011fi yap\u0131yor. Dokuz g\u00fcn boyunca Uluslararas\u0131 \u0130zmir Fuar Alan\u0131\u2019nda a\u00e7\u0131k kalacak olan fuarda Atat\u00fcrk K\u00fclt\u00fcr Merkezi Ba\u015fkanl\u0131\u011f\u0131 yay\u0131nlar\u0131n\u0131n tamam\u0131 y\u00fczde 50 indirimli olarak sat\u0131\u015fa sunuluyor.<\/p>\n<p>Giri\u015fin \u00fccretsiz oldu\u011fu \u0130zmir Kitap Fuar\u0131 6-13 Nisan tarihleri aras\u0131nda 11.00-20.00, kapan\u0131\u015f g\u00fcn\u00fc olan 14 Nisan tarihinde ise 11.00-19.00 saatleri aras\u0131nda ziyaret edilebilecek. \u0130zmirli kitapseverlerin her y\u0131l heyecanla bekledikleri fuar, 14 Nisan Pazar ak\u015fam\u0131 sona erecek.<\/p>\n","protected":false},"excerpt":{"rendered":"<p>T\u00dcRK K\u00dcLT\u00dcR VE MEDEN\u0130YET\u0130NE \u0130L\u0130\u015eK\u0130N AKADEM\u0130K YAYINLARIYLA \u00d6N PLANA \u00c7IKAN ATAT\u00dcRK K\u00dcLT\u00dcR, D\u0130L VE TAR\u0130H Y\u00dcKSEK KURUMU, B\u00dcNYES\u0130NDEK\u0130 ATAT\u00dcRK K\u00dcLT\u00dcR MERKEZ\u0130 BA\u015eKANLI\u011eI, YAYINLARINI 24. \u0130ZM\u0130R T\u00dcYAP K\u0130TAP FUARI\u2019NDA \u0130ZM\u0130RL\u0130 K\u0130TAPSEVERLERLE BULU\u015eTURUYOR.<\/p>\n","protected":false},"author":1,"featured_media":128941,"comment_status":"closed","ping_status":"open","sticky":false,"template":"","format":"standard","meta":{"jetpack_post_was_ever_published":false,"_jetpack_newsletter_access":"","_jetpack_dont_email_post_to_subs":false,"_jetpack_newsletter_tier_id":0,"_jetpack_memberships_contains_paywalled_content":false,"_jetpack_memberships_contains_paid_content":false,"footnotes":"","jetpack_publicize_message":"","jetpack_publicize_feature_enabled":true,"jetpack_social_post_already_shared":true,"jetpack_social_options":{"image_generator_settings":{"template":"highway","default_image_id":0,"font":"","enabled":false},"version":2}},"categories":[1],"tags":[13927,381,3216,3810,2702,4074,630,295,12533,16462],"class_list":["post-128940","post","type-post","status-publish","format-standard","has-post-thumbnail","hentry","category-genel","tag-13927","tag-ataturk","tag-baskanligi","tag-fuarinda","tag-izmir","tag-kitap","tag-kultur","tag-merkezi","tag-tuyap","tag-yayinlari"],"jetpack_publicize_connections":[],"jetpack_featured_media_url":"https:\/\/i0.wp.com\/www.tvturk.com\/wp-content\/uploads\/2019\/04\/ataturk-kultur-merkezi-baskanligi-yayinlari-24-izmir-tuyap-kitap-fuarinda_315b128.jpg?fit=1000%2C500","jetpack_sharing_enabled":true,"jetpack_shortlink":"https:\/\/wp.me\/paKIfm-xxG","_links":{"self":[{"href":"http:\/\/www.tvturk.com\/index.php\/wp-json\/wp\/v2\/posts\/128940","targetHints":{"allow":["GET"]}}],"collection":[{"href":"http:\/\/www.tvturk.com\/index.php\/wp-json\/wp\/v2\/posts"}],"about":[{"href":"http:\/\/www.tvturk.com\/index.php\/wp-json\/wp\/v2\/types\/post"}],"author":[{"embeddable":true,"href":"http:\/\/www.tvturk.com\/index.php\/wp-json\/wp\/v2\/users\/1"}],"replies":[{"embeddable":true,"href":"http:\/\/www.tvturk.com\/index.php\/wp-json\/wp\/v2\/comments?post=128940"}],"version-history":[{"count":0,"href":"http:\/\/www.tvturk.com\/index.php\/wp-json\/wp\/v2\/posts\/128940\/revisions"}],"wp:featuredmedia":[{"embeddable":true,"href":"http:\/\/www.tvturk.com\/index.php\/wp-json\/wp\/v2\/media\/128941"}],"wp:attachment":[{"href":"http:\/\/www.tvturk.com\/index.php\/wp-json\/wp\/v2\/media?parent=128940"}],"wp:term":[{"taxonomy":"category","embeddable":true,"href":"http:\/\/www.tvturk.com\/index.php\/wp-json\/wp\/v2\/categories?post=128940"},{"taxonomy":"post_tag","embeddable":true,"href":"http:\/\/www.tvturk.com\/index.php\/wp-json\/wp\/v2\/tags?post=128940"}],"curies":[{"name":"wp","href":"https:\/\/api.w.org\/{rel}","templated":true}]}}