{"id":128972,"date":"2019-04-08T18:51:01","date_gmt":"2019-04-08T15:51:01","guid":{"rendered":"http:\/\/www.tvturk.com\/index.php\/netanyahu-iran-karari-icin-trumpa-tesekkur-etti\/"},"modified":"2019-04-08T18:51:03","modified_gmt":"2019-04-08T15:51:03","slug":"netanyahu-iran-karari-icin-trumpa-tesekkur-etti","status":"publish","type":"post","link":"http:\/\/www.tvturk.com\/index.php\/netanyahu-iran-karari-icin-trumpa-tesekkur-etti\/","title":{"rendered":"Netanyahu, \u0130ran karar\u0131 i\u00e7in Trump\u2019a te\u015fekk\u00fcr etti"},"content":{"rendered":"<p>\u0130srail Ba\u015fbakan\u0131 Binyamin Netanyahu, \u0130ran Devrim Muhaf\u0131zlar\u0131\u2019n\u0131 yabanc\u0131 ter\u00f6r \u00f6rg\u00fct\u00fc olarak tan\u0131d\u0131\u011f\u0131 i\u00e7in ABD Ba\u015fkan\u0131 Donald Trump\u2019a te\u015fekk\u00fcr etti.<\/p>\n<p>ABD Ba\u015fkan\u0131 Donald Trump yapt\u0131\u011f\u0131 yaz\u0131l\u0131 a\u00e7\u0131klamada, \u0130ran Devrim Muhaf\u0131zlar\u0131\u2019n\u0131 resmen ter\u00f6r \u00f6rg\u00fct\u00fc olarak tan\u0131d\u0131\u011f\u0131n\u0131 duyurdu. \u0130srail Ba\u015fbakan\u0131 Binyamin Netanyahu ise Trump\u2019a karar\u0131ndan dolay\u0131 te\u015fekk\u00fcr etti. Netanyahu, Twitter\u2019dan yapt\u0131\u011f\u0131 a\u00e7\u0131klamada \u00fclkesinin ve b\u00f6lgenin \u00e7\u0131karlar\u0131na hizmet eden bu konudaki \u00f6nemli iste\u011fine yan\u0131t verdi\u011fi i\u00e7in Trump\u2019a te\u015fekk\u00fcr etti\u011fini belirtti. Netanyahu ayr\u0131ca, \u0130srail ve ABD\u2019nin d\u00fcnya bar\u0131\u015f\u0131n\u0131 tehdit eden \u0130ran rejimine kar\u015f\u0131 birlikte \u00e7al\u0131\u015fmaya devam edece\u011fini ifade etti.<\/p>\n<p>ABD Ba\u015fkan\u0131 Donald Trump, ge\u00e7ti\u011fimiz ay Suriye topra\u011f\u0131 olan Golan Tepeleri\u2019ni \u0130srail topra\u011f\u0131 kabul eden kararnameyi imzalam\u0131\u015ft\u0131.<div class=\"tiled-gallery type-rectangular tiled-gallery-unresized\" data-original-width=\"500\" data-carousel-extra='null' itemscope itemtype=\"http:\/\/schema.org\/ImageGallery\" > <div class=\"gallery-row\" style=\"width: 500px; height: 334px;\" data-original-width=\"500\" data-original-height=\"334\" > <div class=\"gallery-group images-1\" style=\"width: 500px; height: 334px;\" data-original-width=\"500\" data-original-height=\"334\" > <div class=\"tiled-gallery-item tiled-gallery-item-large\" itemprop=\"associatedMedia\" itemscope itemtype=\"http:\/\/schema.org\/ImageObject\"> <a href=\"http:\/\/www.tvturk.com\/index.php\/netanyahu-iran-karari-icin-trumpa-tesekkur-etti\/netanyahu-iran-karari-icin-trumpa-tesekkur-etti-3\/\" border=\"0\" itemprop=\"url\"> <meta itemprop=\"width\" content=\"496\"> <meta itemprop=\"height\" content=\"330\"> <img decoding=\"async\" class=\"\" data-attachment-id=\"128974\" data-orig-file=\"http:\/\/www.tvturk.com\/wp-content\/uploads\/2019\/04\/netanyahu-iran-karari-icin-trumpa-tesekkur-etti_173d08e.jpg\" data-orig-size=\"1000,666\" data-comments-opened=\"\" data-image-meta=\"{&quot;aperture&quot;:&quot;0&quot;,&quot;credit&quot;:&quot;IHA&quot;,&quot;camera&quot;:&quot;&quot;,&quot;caption&quot;:&quot;\\u0130SRA\\u0130L BA\\u015eBAKANI B\\u0130NYAM\\u0130N NETANYAHU, \\u0130RAN DEVR\\u0130M MUHAFIZLARI\\u0027NI YABANCI TER\\u00d6R \\u00d6RG\\u00dcT\\u00dc OLARAK TANIDI\\u011eI \\u0130\\u00c7\\u0130N ABD BA\\u015eKANI DONALD TRUMP\\u2019A TE\\u015eEKK\\u00dcR ETT\\u0130. (EPA\\\/TEL AV\\u0130V-EPA)&quot;,&quot;created_timestamp&quot;:&quot;0&quot;,&quot;copyright&quot;:&quot;\\u0130HLAS HABER AJANSI, www.iha.com.tr&quot;,&quot;focal_length&quot;:&quot;0&quot;,&quot;iso&quot;:&quot;0&quot;,&quot;shutter_speed&quot;:&quot;0&quot;,&quot;title&quot;:&quot;NETANYAHU, \\u0130RAN KARARI \\u0130\\u00c7\\u0130N TRUMP\\u0027A TE\\u015eEKK\\u00dcR ETT\\u0130&quot;,&quot;orientation&quot;:&quot;0&quot;}\" data-image-title=\"Netanyahu, \u0130ran karar\u0131 i\u00e7in Trump\u2019a te\u015fekk\u00fcr etti\" data-image-description=\"&lt;p&gt;Netanyahu, \u0130ran karar\u0131 i\u00e7in Trump\u2019a te\u015fekk\u00fcr etti&lt;\/p&gt; \" data-medium-file=\"https:\/\/i0.wp.com\/www.tvturk.com\/wp-content\/uploads\/2019\/04\/netanyahu-iran-karari-icin-trumpa-tesekkur-etti_173d08e.jpg?fit=300%2C200\" data-large-file=\"https:\/\/i0.wp.com\/www.tvturk.com\/wp-content\/uploads\/2019\/04\/netanyahu-iran-karari-icin-trumpa-tesekkur-etti_173d08e.jpg?fit=1000%2C666\" src=\"https:\/\/i0.wp.com\/www.tvturk.com\/wp-content\/uploads\/2019\/04\/netanyahu-iran-karari-icin-trumpa-tesekkur-etti_173d08e.jpg?w=496&#038;h=330\" srcset=\"https:\/\/i0.wp.com\/www.tvturk.com\/wp-content\/uploads\/2019\/04\/netanyahu-iran-karari-icin-trumpa-tesekkur-etti_173d08e.jpg?w=1000 1000w, https:\/\/i0.wp.com\/www.tvturk.com\/wp-content\/uploads\/2019\/04\/netanyahu-iran-karari-icin-trumpa-tesekkur-etti_173d08e.jpg?resize=150%2C100 150w, https:\/\/i0.wp.com\/www.tvturk.com\/wp-content\/uploads\/2019\/04\/netanyahu-iran-karari-icin-trumpa-tesekkur-etti_173d08e.jpg?resize=300%2C200 300w, https:\/\/i0.wp.com\/www.tvturk.com\/wp-content\/uploads\/2019\/04\/netanyahu-iran-karari-icin-trumpa-tesekkur-etti_173d08e.jpg?resize=768%2C511 768w, https:\/\/i0.wp.com\/www.tvturk.com\/wp-content\/uploads\/2019\/04\/netanyahu-iran-karari-icin-trumpa-tesekkur-etti_173d08e.jpg?resize=170%2C113 170w, https:\/\/i0.wp.com\/www.tvturk.com\/wp-content\/uploads\/2019\/04\/netanyahu-iran-karari-icin-trumpa-tesekkur-etti_173d08e.jpg?resize=120%2C80 120w\" width=\"496\" height=\"330\" loading=\"lazy\" data-original-width=\"496\" data-original-height=\"330\" itemprop=\"http:\/\/schema.org\/image\" title=\"Netanyahu, \u0130ran karar\u0131 i\u00e7in Trump\u2019a te\u015fekk\u00fcr etti\" alt=\"Netanyahu, \u0130ran karar\u0131 i\u00e7in Trump\u2019a te\u015fekk\u00fcr etti\" style=\"width: 496px; height: 330px;\" \/> <\/a> <\/div> <\/div> <!-- close group --> <\/div> <!-- close row --> <\/div><\/p>\n","protected":false},"excerpt":{"rendered":"<p>\u0130SRA\u0130L BA\u015eBAKANI B\u0130NYAM\u0130N NETANYAHU, \u0130RAN DEVR\u0130M MUHAFIZLARI&#8217;NI YABANCI TER\u00d6R \u00d6RG\u00dcT\u00dc OLARAK TANIDI\u011eI \u0130\u00c7\u0130N ABD BA\u015eKANI DONALD TRUMP\u2019A TE\u015eEKK\u00dcR ETT\u0130.<\/p>\n","protected":false},"author":1,"featured_media":128973,"comment_status":"closed","ping_status":"open","sticky":false,"template":"","format":"standard","meta":{"jetpack_post_was_ever_published":false,"_jetpack_newsletter_access":"","_jetpack_dont_email_post_to_subs":false,"_jetpack_newsletter_tier_id":0,"_jetpack_memberships_contains_paywalled_content":false,"_jetpack_memberships_contains_paid_content":false,"footnotes":"","jetpack_publicize_message":"","jetpack_publicize_feature_enabled":true,"jetpack_social_post_already_shared":true,"jetpack_social_options":{"image_generator_settings":{"template":"highway","default_image_id":0,"font":"","enabled":false},"version":2}},"categories":[10],"tags":[207,44,548,2832,4169,379,13248],"class_list":["post-128972","post","type-post","status-publish","format-standard","has-post-thumbnail","hentry","category-dunya","tag-etti","tag-icin","tag-iran","tag-karari","tag-netanyahu","tag-tesekkur","tag-trumpa"],"jetpack_publicize_connections":[],"jetpack_featured_media_url":"https:\/\/i0.wp.com\/www.tvturk.com\/wp-content\/uploads\/2019\/04\/netanyahu-iran-karari-icin-trumpa-tesekkur-etti_e6abb3e.jpg?fit=1000%2C666","jetpack_sharing_enabled":true,"jetpack_shortlink":"https:\/\/wp.me\/paKIfm-xyc","_links":{"self":[{"href":"http:\/\/www.tvturk.com\/index.php\/wp-json\/wp\/v2\/posts\/128972","targetHints":{"allow":["GET"]}}],"collection":[{"href":"http:\/\/www.tvturk.com\/index.php\/wp-json\/wp\/v2\/posts"}],"about":[{"href":"http:\/\/www.tvturk.com\/index.php\/wp-json\/wp\/v2\/types\/post"}],"author":[{"embeddable":true,"href":"http:\/\/www.tvturk.com\/index.php\/wp-json\/wp\/v2\/users\/1"}],"replies":[{"embeddable":true,"href":"http:\/\/www.tvturk.com\/index.php\/wp-json\/wp\/v2\/comments?post=128972"}],"version-history":[{"count":1,"href":"http:\/\/www.tvturk.com\/index.php\/wp-json\/wp\/v2\/posts\/128972\/revisions"}],"predecessor-version":[{"id":128975,"href":"http:\/\/www.tvturk.com\/index.php\/wp-json\/wp\/v2\/posts\/128972\/revisions\/128975"}],"wp:featuredmedia":[{"embeddable":true,"href":"http:\/\/www.tvturk.com\/index.php\/wp-json\/wp\/v2\/media\/128973"}],"wp:attachment":[{"href":"http:\/\/www.tvturk.com\/index.php\/wp-json\/wp\/v2\/media?parent=128972"}],"wp:term":[{"taxonomy":"category","embeddable":true,"href":"http:\/\/www.tvturk.com\/index.php\/wp-json\/wp\/v2\/categories?post=128972"},{"taxonomy":"post_tag","embeddable":true,"href":"http:\/\/www.tvturk.com\/index.php\/wp-json\/wp\/v2\/tags?post=128972"}],"curies":[{"name":"wp","href":"https:\/\/api.w.org\/{rel}","templated":true}]}}