{"id":129237,"date":"2019-04-09T09:26:01","date_gmt":"2019-04-09T06:26:01","guid":{"rendered":"http:\/\/www.tvturk.com\/index.php\/zeytinburnunun-kadin-muhtari-edanur-mentes-bir-pazar-kahvaltisinda-muhtar-olma-fikri-aklima-geldi\/"},"modified":"2019-04-09T09:26:06","modified_gmt":"2019-04-09T06:26:06","slug":"zeytinburnunun-kadin-muhtari-edanur-mentes-bir-pazar-kahvaltisinda-muhtar-olma-fikri-aklima-geldi","status":"publish","type":"post","link":"http:\/\/www.tvturk.com\/index.php\/zeytinburnunun-kadin-muhtari-edanur-mentes-bir-pazar-kahvaltisinda-muhtar-olma-fikri-aklima-geldi\/","title":{"rendered":"Zeytinburnu\u2019nun kad\u0131n muhtar\u0131 Edanur Mente\u015f: \u201cBir pazar kahvalt\u0131s\u0131nda muhtar olma fikri akl\u0131ma geldi\u201d"},"content":{"rendered":"<p>Zeytinburnu Telsiz Mahallesi\u2019nde ya\u015fayan \u00fcniversite mezunu 23 ya\u015f\u0131ndaki Edanur Mente\u015f 31 Mart yerel se\u00e7imlerinde 3 bin oy fark atarak muhtar se\u00e7ildi.  Mente\u015f, muhtar olma fikrinin bir pazar kahvalt\u0131s\u0131nda akl\u0131na geldi\u011fini s\u00f6yledi.<\/p>\n<p>Zeytinburnu Telsiz Mahallesi\u2019nde ya\u015fayan 23 ya\u015f\u0131ndaki Optisyenlik b\u00f6l\u00fcm\u00fc \u00f6nlisans mezunu ve \u0130stanbul \u00dcniversitesi Fizik M\u00fchendisli\u011fi son s\u0131n\u0131f \u00f6\u011frencisi Edanur Mente\u015f, 31 Mart yerel se\u00e7imlerinde 3 bin oy fark atarak muhtar se\u00e7ildi. Telsiz Mahallesi sakinleri ve esnaflarla sohbet ederek onlar\u0131n sorunlar\u0131n\u0131 dinleyen Mente\u015f gazetecilere muhtar olma s\u00fcrecini anlatt\u0131. Mente\u015f, \u201cBen gen\u00e7lerin aktif rol almas\u0131 gerekti\u011fini d\u00fc\u015f\u00fcn\u00fcyorum. Kad\u0131nlar\u0131n siyasette ve her yerde yer almas\u0131n\u0131 istiyorum. Bir Pazar kahvalt\u0131s\u0131nda muhtar olma fikri geldi. Bende neden olmas\u0131n dedim \u201d dedi.<\/p>\n<p>\u201cBir Pazar kahvalt\u0131s\u0131nda muhtar olma fikri akl\u0131ma geldi\u201d<\/p>\n<p>Mente\u015f,\u201d Ailem 64 y\u0131ld\u0131r Telsiz\u2019de ikamet ediyor. \u0130lkokulu Saniye Sezgin \u0130lkokulunda, liseyi Zeytinburnu Anadolu \u0130mam Hatip Lisesi\u2019 sinde bitirdim. Optisyenlik \u00f6n lisans b\u00f6l\u00fcm\u00fcn\u00fc bitirdim. Daha sonra \u0130stanbul \u00dcniversitesi\u2019nde  Fizik m\u00fchendisli\u011fi  b\u00f6l\u00fcm\u00fcne  dikey ge\u00e7i\u015f yapt\u0131m. Ben gen\u00e7lerin aktif rol almas\u0131 gerekti\u011fini d\u00fc\u015f\u00fcn\u00fcyorum. Bu siyasette de her yerde hem gen\u00e7lerin hem kad\u0131nlar\u0131n \u00f6zellikle. Ben bir Pazar g\u00fcn\u00fc kahvalt\u0131 yaparken bir fikir geldi neden olmas\u0131n dedim. Gen\u00e7lerimiz daha aktif rol als\u0131n dedim. Ve ba\u015fvurdum g\u00fczel oldu\u201d \u015feklinde konu\u015ftu.<\/p>\n<p>\u201cAilem beni hep destekledi\u201d<\/p>\n<p>\u00c7evresinden hi\u00e7 olumsuz tepki almad\u0131\u011f\u0131n\u0131 s\u00f6yleyen Mente\u015f, \u201cAilem beni hep destekledi. \u00c7evremden hi\u00e7 tepki almad\u0131m. Sonuna kadar arkanday\u0131z destekleriz dediler. D\u0131\u015far\u0131dan Sivil Toplum Kurulu\u015flar\u0131 (STK), azalar\u0131m, kom\u015fular\u0131m, akrabalar\u0131m hepsi \u00e7ok g\u00fczel destek verdi\u201d dedi.<\/p>\n<p>\u201c Biraz daha hareketli g\u00fczel planlar\u0131m var\u201d<\/p>\n<p>Telsiz Mahallesi\u2019nin \u00e7ok b\u00fcy\u00fck bir mahalle oldu\u011funu s\u00f6yleyen Mente\u015f, \u201cHemen hemen 29 bin se\u00e7mene yak\u0131n bir mahalle. Mahallemizde biz biraz daha ayr\u0131nt\u0131ya girece\u011fiz. Biraz daha aktif rol alaca\u011f\u0131z. Gen\u00e7likte burada \u00f6nemli oluyor. Biraz daha hareketli, g\u00fczel planlar\u0131m var. Yapt\u0131k\u00e7a \u0130n\u015fallah g\u00fczel \u015feyler \u00e7\u0131kacak ortaya\u201d ifadelerini kulland\u0131.<\/p>\n<p>Gen\u00e7lere tavsiyelerde bulunan Mente\u015f, \u201cBen birde gen\u00e7lerimizin \u00f6n\u00fcn\u00fc a\u00e7mak istiyorum ben \u00e7\u0131kt\u0131m diye benden cesaret al\u0131p \u00e7\u0131kmak isteyen daha \u00e7ok gen\u00e7lerimiz ortaya \u00e7\u0131kar. Gen\u00e7lere tavsiyem asla korkmas\u0131nlar kesinlikle at\u0131ls\u0131nlar kazanmakta var kaybetmekte. Ben bu yola \u00e7\u0131kt\u0131\u011f\u0131m zaman kaybetmeyi de g\u00f6ze alarak \u00e7\u0131kt\u0131m. Sonucu g\u00fczel oldu hem de g\u00fczel bir oyla kazand\u0131k\u201d diye konu\u015ftu.<div class=\"tiled-gallery type-rectangular tiled-gallery-unresized\" data-original-width=\"500\" data-carousel-extra='null' itemscope itemtype=\"http:\/\/schema.org\/ImageGallery\" > <div class=\"gallery-row\" style=\"width: 500px; height: 87px;\" data-original-width=\"500\" data-original-height=\"87\" > <div class=\"gallery-group images-1\" style=\"width: 139px; height: 87px;\" data-original-width=\"139\" data-original-height=\"87\" > <div class=\"tiled-gallery-item tiled-gallery-item-small\" itemprop=\"associatedMedia\" itemscope itemtype=\"http:\/\/schema.org\/ImageObject\"> <a href=\"http:\/\/www.tvturk.com\/index.php\/zeytinburnunun-kadin-muhtari-edanur-mentes-bir-pazar-kahvaltisinda-muhtar-olma-fikri-aklima-geldi\/zeytinburnunun-kadin-muhtari-edanur-mentes-bir-pazar-kahvaltisinda-muhtar-olma-fikri-aklima-geldi-3\/\" border=\"0\" itemprop=\"url\"> <meta itemprop=\"width\" content=\"135\"> <meta itemprop=\"height\" content=\"83\"> <img decoding=\"async\" class=\"\" data-attachment-id=\"129239\" data-orig-file=\"http:\/\/www.tvturk.com\/wp-content\/uploads\/2019\/04\/zeytinburnunun-kadin-muhtari-edanur-mentes-bir-pazar-kahvaltisinda-muhtar-olma-fikri-aklima-geldi_edd1ba8.jpg\" data-orig-size=\"1000,612\" data-comments-opened=\"\" data-image-meta=\"{&quot;aperture&quot;:&quot;0&quot;,&quot;credit&quot;:&quot;IHA&quot;,&quot;camera&quot;:&quot;&quot;,&quot;caption&quot;:&quot;ZEYT\\u0130NBURNU TELS\\u0130Z MAHALLES\\u0130\\u2019NDE YA\\u015eAYAN \\u00dcN\\u0130VERS\\u0130TE MEZUNU 23 YA\\u015eINDAK\\u0130 EDANUR MENTE\\u015e 31 MART YEREL SE\\u00c7\\u0130MLER\\u0130NDE 3 B\\u0130N OY FARK ATARAK MUHTAR SE\\u00c7\\u0130LD\\u0130. MENTE\\u015e, MUHTAR OLMA F\\u0130KR\\u0130N\\u0130N B\\u0130R PAZAR KAHVALTISINDA AKLINA GELD\\u0130\\u011e\\u0130N\\u0130 S\\u00d6YLED\\u0130. (\\u0130HA\\\/\\u0130STANBUL-\\u0130HA)&quot;,&quot;created_timestamp&quot;:&quot;0&quot;,&quot;copyright&quot;:&quot;\\u0130HLAS HABER AJANSI, www.iha.com.tr&quot;,&quot;focal_length&quot;:&quot;0&quot;,&quot;iso&quot;:&quot;0&quot;,&quot;shutter_speed&quot;:&quot;0&quot;,&quot;title&quot;:&quot;ZEYT\\u0130NBURNU\\u2019NUN KADIN MUHTARI EDANUR MENTE\\u015e: \\u201cB\\u0130R PAZAR KAHVALTISINDA MUHTAR OLMA F\\u0130KR\\u0130 AKLIMA GELD\\u0130\\u201d&quot;,&quot;orientation&quot;:&quot;0&quot;}\" data-image-title=\"Zeytinburnu\u2019nun kad\u0131n muhtar\u0131 Edanur Mente\u015f: \u201cBir pazar kahvalt\u0131s\u0131nda muhtar olma fikri akl\u0131ma geldi\u201d\" data-image-description=\"&lt;p&gt;Zeytinburnu\u2019nun kad\u0131n muhtar\u0131 Edanur Mente\u015f: \u201cBir pazar kahvalt\u0131s\u0131nda muhtar olma fikri akl\u0131ma geldi\u201d&lt;\/p&gt; \" data-medium-file=\"https:\/\/i0.wp.com\/www.tvturk.com\/wp-content\/uploads\/2019\/04\/zeytinburnunun-kadin-muhtari-edanur-mentes-bir-pazar-kahvaltisinda-muhtar-olma-fikri-aklima-geldi_edd1ba8.jpg?fit=300%2C184\" data-large-file=\"https:\/\/i0.wp.com\/www.tvturk.com\/wp-content\/uploads\/2019\/04\/zeytinburnunun-kadin-muhtari-edanur-mentes-bir-pazar-kahvaltisinda-muhtar-olma-fikri-aklima-geldi_edd1ba8.jpg?fit=1000%2C612\" src=\"https:\/\/i0.wp.com\/www.tvturk.com\/wp-content\/uploads\/2019\/04\/zeytinburnunun-kadin-muhtari-edanur-mentes-bir-pazar-kahvaltisinda-muhtar-olma-fikri-aklima-geldi_edd1ba8.jpg?w=135&#038;h=83\" srcset=\"https:\/\/i0.wp.com\/www.tvturk.com\/wp-content\/uploads\/2019\/04\/zeytinburnunun-kadin-muhtari-edanur-mentes-bir-pazar-kahvaltisinda-muhtar-olma-fikri-aklima-geldi_edd1ba8.jpg?w=1000 1000w, https:\/\/i0.wp.com\/www.tvturk.com\/wp-content\/uploads\/2019\/04\/zeytinburnunun-kadin-muhtari-edanur-mentes-bir-pazar-kahvaltisinda-muhtar-olma-fikri-aklima-geldi_edd1ba8.jpg?resize=150%2C92 150w, https:\/\/i0.wp.com\/www.tvturk.com\/wp-content\/uploads\/2019\/04\/zeytinburnunun-kadin-muhtari-edanur-mentes-bir-pazar-kahvaltisinda-muhtar-olma-fikri-aklima-geldi_edd1ba8.jpg?resize=300%2C184 300w, https:\/\/i0.wp.com\/www.tvturk.com\/wp-content\/uploads\/2019\/04\/zeytinburnunun-kadin-muhtari-edanur-mentes-bir-pazar-kahvaltisinda-muhtar-olma-fikri-aklima-geldi_edd1ba8.jpg?resize=768%2C470 768w, https:\/\/i0.wp.com\/www.tvturk.com\/wp-content\/uploads\/2019\/04\/zeytinburnunun-kadin-muhtari-edanur-mentes-bir-pazar-kahvaltisinda-muhtar-olma-fikri-aklima-geldi_edd1ba8.jpg?resize=243%2C150 243w, https:\/\/i0.wp.com\/www.tvturk.com\/wp-content\/uploads\/2019\/04\/zeytinburnunun-kadin-muhtari-edanur-mentes-bir-pazar-kahvaltisinda-muhtar-olma-fikri-aklima-geldi_edd1ba8.jpg?resize=187%2C113 187w\" width=\"135\" height=\"83\" loading=\"lazy\" data-original-width=\"135\" data-original-height=\"83\" itemprop=\"http:\/\/schema.org\/image\" title=\"Zeytinburnu\u2019nun kad\u0131n muhtar\u0131 Edanur Mente\u015f: \u201cBir pazar kahvalt\u0131s\u0131nda muhtar olma fikri akl\u0131ma geldi\u201d\" alt=\"Zeytinburnu\u2019nun kad\u0131n muhtar\u0131 Edanur Mente\u015f: \u201cBir pazar kahvalt\u0131s\u0131nda muhtar olma fikri akl\u0131ma geldi\u201d\" style=\"width: 135px; height: 83px;\" \/> <\/a> <\/div> <\/div> <!-- close group --> <div class=\"gallery-group images-1\" style=\"width: 108px; height: 87px;\" data-original-width=\"108\" data-original-height=\"87\" > <div class=\"tiled-gallery-item tiled-gallery-item-small\" itemprop=\"associatedMedia\" itemscope itemtype=\"http:\/\/schema.org\/ImageObject\"> <a href=\"http:\/\/www.tvturk.com\/index.php\/zeytinburnunun-kadin-muhtari-edanur-mentes-bir-pazar-kahvaltisinda-muhtar-olma-fikri-aklima-geldi\/zeytinburnunun-kadin-muhtari-edanur-mentes-bir-pazar-kahvaltisinda-muhtar-olma-fikri-aklima-geldi-4\/\" border=\"0\" itemprop=\"url\"> <meta itemprop=\"width\" content=\"104\"> <meta itemprop=\"height\" content=\"83\"> <img decoding=\"async\" class=\"\" data-attachment-id=\"129240\" data-orig-file=\"http:\/\/www.tvturk.com\/wp-content\/uploads\/2019\/04\/zeytinburnunun-kadin-muhtari-edanur-mentes-bir-pazar-kahvaltisinda-muhtar-olma-fikri-aklima-geldi_2f81e6a.jpg\" data-orig-size=\"1000,798\" data-comments-opened=\"\" data-image-meta=\"{&quot;aperture&quot;:&quot;0&quot;,&quot;credit&quot;:&quot;IHA&quot;,&quot;camera&quot;:&quot;&quot;,&quot;caption&quot;:&quot;ZEYT\\u0130NBURNU TELS\\u0130Z MAHALLES\\u0130\\u2019NDE YA\\u015eAYAN \\u00dcN\\u0130VERS\\u0130TE MEZUNU 23 YA\\u015eINDAK\\u0130 EDANUR MENTE\\u015e 31 MART YEREL SE\\u00c7\\u0130MLER\\u0130NDE 3 B\\u0130N OY FARK ATARAK MUHTAR SE\\u00c7\\u0130LD\\u0130. MENTE\\u015e, MUHTAR OLMA F\\u0130KR\\u0130N\\u0130N B\\u0130R PAZAR KAHVALTISINDA AKLINA GELD\\u0130\\u011e\\u0130N\\u0130 S\\u00d6YLED\\u0130. (\\u0130HA\\\/\\u0130STANBUL-\\u0130HA)&quot;,&quot;created_timestamp&quot;:&quot;0&quot;,&quot;copyright&quot;:&quot;\\u0130HLAS HABER AJANSI, www.iha.com.tr&quot;,&quot;focal_length&quot;:&quot;0&quot;,&quot;iso&quot;:&quot;0&quot;,&quot;shutter_speed&quot;:&quot;0&quot;,&quot;title&quot;:&quot;ZEYT\\u0130NBURNU\\u2019NUN KADIN MUHTARI EDANUR MENTE\\u015e: \\u201cB\\u0130R PAZAR KAHVALTISINDA MUHTAR OLMA F\\u0130KR\\u0130 AKLIMA GELD\\u0130\\u201d&quot;,&quot;orientation&quot;:&quot;0&quot;}\" data-image-title=\"Zeytinburnu\u2019nun kad\u0131n muhtar\u0131 Edanur Mente\u015f: \u201cBir pazar kahvalt\u0131s\u0131nda muhtar olma fikri akl\u0131ma geldi\u201d\" data-image-description=\"&lt;p&gt;Zeytinburnu\u2019nun kad\u0131n muhtar\u0131 Edanur Mente\u015f: \u201cBir pazar kahvalt\u0131s\u0131nda muhtar olma fikri akl\u0131ma geldi\u201d&lt;\/p&gt; \" data-medium-file=\"https:\/\/i0.wp.com\/www.tvturk.com\/wp-content\/uploads\/2019\/04\/zeytinburnunun-kadin-muhtari-edanur-mentes-bir-pazar-kahvaltisinda-muhtar-olma-fikri-aklima-geldi_2f81e6a.jpg?fit=300%2C239\" data-large-file=\"https:\/\/i0.wp.com\/www.tvturk.com\/wp-content\/uploads\/2019\/04\/zeytinburnunun-kadin-muhtari-edanur-mentes-bir-pazar-kahvaltisinda-muhtar-olma-fikri-aklima-geldi_2f81e6a.jpg?fit=1000%2C798\" src=\"https:\/\/i0.wp.com\/www.tvturk.com\/wp-content\/uploads\/2019\/04\/zeytinburnunun-kadin-muhtari-edanur-mentes-bir-pazar-kahvaltisinda-muhtar-olma-fikri-aklima-geldi_2f81e6a.jpg?w=104&#038;h=83\" srcset=\"https:\/\/i0.wp.com\/www.tvturk.com\/wp-content\/uploads\/2019\/04\/zeytinburnunun-kadin-muhtari-edanur-mentes-bir-pazar-kahvaltisinda-muhtar-olma-fikri-aklima-geldi_2f81e6a.jpg?w=1000 1000w, https:\/\/i0.wp.com\/www.tvturk.com\/wp-content\/uploads\/2019\/04\/zeytinburnunun-kadin-muhtari-edanur-mentes-bir-pazar-kahvaltisinda-muhtar-olma-fikri-aklima-geldi_2f81e6a.jpg?resize=150%2C120 150w, https:\/\/i0.wp.com\/www.tvturk.com\/wp-content\/uploads\/2019\/04\/zeytinburnunun-kadin-muhtari-edanur-mentes-bir-pazar-kahvaltisinda-muhtar-olma-fikri-aklima-geldi_2f81e6a.jpg?resize=300%2C239 300w, https:\/\/i0.wp.com\/www.tvturk.com\/wp-content\/uploads\/2019\/04\/zeytinburnunun-kadin-muhtari-edanur-mentes-bir-pazar-kahvaltisinda-muhtar-olma-fikri-aklima-geldi_2f81e6a.jpg?resize=768%2C613 768w\" width=\"104\" height=\"83\" loading=\"lazy\" data-original-width=\"104\" data-original-height=\"83\" itemprop=\"http:\/\/schema.org\/image\" title=\"Zeytinburnu\u2019nun kad\u0131n muhtar\u0131 Edanur Mente\u015f: \u201cBir pazar kahvalt\u0131s\u0131nda muhtar olma fikri akl\u0131ma geldi\u201d\" alt=\"Zeytinburnu\u2019nun kad\u0131n muhtar\u0131 Edanur Mente\u015f: \u201cBir pazar kahvalt\u0131s\u0131nda muhtar olma fikri akl\u0131ma geldi\u201d\" style=\"width: 104px; height: 83px;\" \/> <\/a> <\/div> <\/div> <!-- close group --> <div class=\"gallery-group images-1\" style=\"width: 128px; height: 87px;\" data-original-width=\"128\" data-original-height=\"87\" > <div class=\"tiled-gallery-item tiled-gallery-item-small\" itemprop=\"associatedMedia\" itemscope itemtype=\"http:\/\/schema.org\/ImageObject\"> <a href=\"http:\/\/www.tvturk.com\/index.php\/zeytinburnunun-kadin-muhtari-edanur-mentes-bir-pazar-kahvaltisinda-muhtar-olma-fikri-aklima-geldi\/zeytinburnunun-kadin-muhtari-edanur-mentes-bir-pazar-kahvaltisinda-muhtar-olma-fikri-aklima-geldi-5\/\" border=\"0\" itemprop=\"url\"> <meta itemprop=\"width\" content=\"124\"> <meta itemprop=\"height\" content=\"83\"> <img decoding=\"async\" class=\"\" data-attachment-id=\"129241\" data-orig-file=\"http:\/\/www.tvturk.com\/wp-content\/uploads\/2019\/04\/zeytinburnunun-kadin-muhtari-edanur-mentes-bir-pazar-kahvaltisinda-muhtar-olma-fikri-aklima-geldi_56637a9.jpg\" data-orig-size=\"1000,668\" data-comments-opened=\"\" data-image-meta=\"{&quot;aperture&quot;:&quot;0&quot;,&quot;credit&quot;:&quot;IHA&quot;,&quot;camera&quot;:&quot;&quot;,&quot;caption&quot;:&quot;ZEYT\\u0130NBURNU TELS\\u0130Z MAHALLES\\u0130\\u2019NDE YA\\u015eAYAN \\u00dcN\\u0130VERS\\u0130TE MEZUNU 23 YA\\u015eINDAK\\u0130 EDANUR MENTE\\u015e 31 MART YEREL SE\\u00c7\\u0130MLER\\u0130NDE 3 B\\u0130N OY FARK ATARAK MUHTAR SE\\u00c7\\u0130LD\\u0130. MENTE\\u015e, MUHTAR OLMA F\\u0130KR\\u0130N\\u0130N B\\u0130R PAZAR KAHVALTISINDA AKLINA GELD\\u0130\\u011e\\u0130N\\u0130 S\\u00d6YLED\\u0130. (\\u0130HA\\\/\\u0130STANBUL-\\u0130HA)&quot;,&quot;created_timestamp&quot;:&quot;0&quot;,&quot;copyright&quot;:&quot;\\u0130HLAS HABER AJANSI, www.iha.com.tr&quot;,&quot;focal_length&quot;:&quot;0&quot;,&quot;iso&quot;:&quot;0&quot;,&quot;shutter_speed&quot;:&quot;0&quot;,&quot;title&quot;:&quot;ZEYT\\u0130NBURNU\\u2019NUN KADIN MUHTARI EDANUR MENTE\\u015e: \\u201cB\\u0130R PAZAR KAHVALTISINDA MUHTAR OLMA F\\u0130KR\\u0130 AKLIMA GELD\\u0130\\u201d&quot;,&quot;orientation&quot;:&quot;0&quot;}\" data-image-title=\"Zeytinburnu\u2019nun kad\u0131n muhtar\u0131 Edanur Mente\u015f: \u201cBir pazar kahvalt\u0131s\u0131nda muhtar olma fikri akl\u0131ma geldi\u201d\" data-image-description=\"&lt;p&gt;Zeytinburnu\u2019nun kad\u0131n muhtar\u0131 Edanur Mente\u015f: \u201cBir pazar kahvalt\u0131s\u0131nda muhtar olma fikri akl\u0131ma geldi\u201d&lt;\/p&gt; \" data-medium-file=\"https:\/\/i0.wp.com\/www.tvturk.com\/wp-content\/uploads\/2019\/04\/zeytinburnunun-kadin-muhtari-edanur-mentes-bir-pazar-kahvaltisinda-muhtar-olma-fikri-aklima-geldi_56637a9.jpg?fit=300%2C200\" data-large-file=\"https:\/\/i0.wp.com\/www.tvturk.com\/wp-content\/uploads\/2019\/04\/zeytinburnunun-kadin-muhtari-edanur-mentes-bir-pazar-kahvaltisinda-muhtar-olma-fikri-aklima-geldi_56637a9.jpg?fit=1000%2C668\" src=\"https:\/\/i0.wp.com\/www.tvturk.com\/wp-content\/uploads\/2019\/04\/zeytinburnunun-kadin-muhtari-edanur-mentes-bir-pazar-kahvaltisinda-muhtar-olma-fikri-aklima-geldi_56637a9.jpg?w=124&#038;h=83\" srcset=\"https:\/\/i0.wp.com\/www.tvturk.com\/wp-content\/uploads\/2019\/04\/zeytinburnunun-kadin-muhtari-edanur-mentes-bir-pazar-kahvaltisinda-muhtar-olma-fikri-aklima-geldi_56637a9.jpg?w=1000 1000w, https:\/\/i0.wp.com\/www.tvturk.com\/wp-content\/uploads\/2019\/04\/zeytinburnunun-kadin-muhtari-edanur-mentes-bir-pazar-kahvaltisinda-muhtar-olma-fikri-aklima-geldi_56637a9.jpg?resize=150%2C100 150w, https:\/\/i0.wp.com\/www.tvturk.com\/wp-content\/uploads\/2019\/04\/zeytinburnunun-kadin-muhtari-edanur-mentes-bir-pazar-kahvaltisinda-muhtar-olma-fikri-aklima-geldi_56637a9.jpg?resize=300%2C200 300w, https:\/\/i0.wp.com\/www.tvturk.com\/wp-content\/uploads\/2019\/04\/zeytinburnunun-kadin-muhtari-edanur-mentes-bir-pazar-kahvaltisinda-muhtar-olma-fikri-aklima-geldi_56637a9.jpg?resize=768%2C513 768w, https:\/\/i0.wp.com\/www.tvturk.com\/wp-content\/uploads\/2019\/04\/zeytinburnunun-kadin-muhtari-edanur-mentes-bir-pazar-kahvaltisinda-muhtar-olma-fikri-aklima-geldi_56637a9.jpg?resize=170%2C113 170w, https:\/\/i0.wp.com\/www.tvturk.com\/wp-content\/uploads\/2019\/04\/zeytinburnunun-kadin-muhtari-edanur-mentes-bir-pazar-kahvaltisinda-muhtar-olma-fikri-aklima-geldi_56637a9.jpg?resize=120%2C80 120w, https:\/\/i0.wp.com\/www.tvturk.com\/wp-content\/uploads\/2019\/04\/zeytinburnunun-kadin-muhtari-edanur-mentes-bir-pazar-kahvaltisinda-muhtar-olma-fikri-aklima-geldi_56637a9.jpg?resize=80%2C55 80w\" width=\"124\" height=\"83\" loading=\"lazy\" data-original-width=\"124\" data-original-height=\"83\" itemprop=\"http:\/\/schema.org\/image\" title=\"Zeytinburnu\u2019nun kad\u0131n muhtar\u0131 Edanur Mente\u015f: \u201cBir pazar kahvalt\u0131s\u0131nda muhtar olma fikri akl\u0131ma geldi\u201d\" alt=\"Zeytinburnu\u2019nun kad\u0131n muhtar\u0131 Edanur Mente\u015f: \u201cBir pazar kahvalt\u0131s\u0131nda muhtar olma fikri akl\u0131ma geldi\u201d\" style=\"width: 124px; height: 83px;\" \/> <\/a> <\/div> <\/div> <!-- close group --> <div class=\"gallery-group images-1\" style=\"width: 125px; height: 87px;\" data-original-width=\"125\" data-original-height=\"87\" > <div class=\"tiled-gallery-item tiled-gallery-item-small\" itemprop=\"associatedMedia\" itemscope itemtype=\"http:\/\/schema.org\/ImageObject\"> <a href=\"http:\/\/www.tvturk.com\/index.php\/zeytinburnunun-kadin-muhtari-edanur-mentes-bir-pazar-kahvaltisinda-muhtar-olma-fikri-aklima-geldi\/zeytinburnunun-kadin-muhtari-edanur-mentes-bir-pazar-kahvaltisinda-muhtar-olma-fikri-aklima-geldi-6\/\" border=\"0\" itemprop=\"url\"> <meta itemprop=\"width\" content=\"121\"> <meta itemprop=\"height\" content=\"83\"> <img decoding=\"async\" class=\"\" data-attachment-id=\"129242\" data-orig-file=\"http:\/\/www.tvturk.com\/wp-content\/uploads\/2019\/04\/zeytinburnunun-kadin-muhtari-edanur-mentes-bir-pazar-kahvaltisinda-muhtar-olma-fikri-aklima-geldi_8e327dc.jpg\" data-orig-size=\"1000,681\" data-comments-opened=\"\" data-image-meta=\"{&quot;aperture&quot;:&quot;0&quot;,&quot;credit&quot;:&quot;IHA&quot;,&quot;camera&quot;:&quot;&quot;,&quot;caption&quot;:&quot;ZEYT\\u0130NBURNU TELS\\u0130Z MAHALLES\\u0130\\u2019NDE YA\\u015eAYAN \\u00dcN\\u0130VERS\\u0130TE MEZUNU 23 YA\\u015eINDAK\\u0130 EDANUR MENTE\\u015e 31 MART YEREL SE\\u00c7\\u0130MLER\\u0130NDE 3 B\\u0130N OY FARK ATARAK MUHTAR SE\\u00c7\\u0130LD\\u0130. MENTE\\u015e, MUHTAR OLMA F\\u0130KR\\u0130N\\u0130N B\\u0130R PAZAR KAHVALTISINDA AKLINA GELD\\u0130\\u011e\\u0130N\\u0130 S\\u00d6YLED\\u0130. (\\u0130HA\\\/\\u0130STANBUL-\\u0130HA)&quot;,&quot;created_timestamp&quot;:&quot;0&quot;,&quot;copyright&quot;:&quot;\\u0130HLAS HABER AJANSI, www.iha.com.tr&quot;,&quot;focal_length&quot;:&quot;0&quot;,&quot;iso&quot;:&quot;0&quot;,&quot;shutter_speed&quot;:&quot;0&quot;,&quot;title&quot;:&quot;ZEYT\\u0130NBURNU\\u2019NUN KADIN MUHTARI EDANUR MENTE\\u015e: \\u201cB\\u0130R PAZAR KAHVALTISINDA MUHTAR OLMA F\\u0130KR\\u0130 AKLIMA GELD\\u0130\\u201d&quot;,&quot;orientation&quot;:&quot;0&quot;}\" data-image-title=\"Zeytinburnu\u2019nun kad\u0131n muhtar\u0131 Edanur Mente\u015f: \u201cBir pazar kahvalt\u0131s\u0131nda muhtar olma fikri akl\u0131ma geldi\u201d\" data-image-description=\"&lt;p&gt;Zeytinburnu\u2019nun kad\u0131n muhtar\u0131 Edanur Mente\u015f: \u201cBir pazar kahvalt\u0131s\u0131nda muhtar olma fikri akl\u0131ma geldi\u201d&lt;\/p&gt; \" data-medium-file=\"https:\/\/i0.wp.com\/www.tvturk.com\/wp-content\/uploads\/2019\/04\/zeytinburnunun-kadin-muhtari-edanur-mentes-bir-pazar-kahvaltisinda-muhtar-olma-fikri-aklima-geldi_8e327dc.jpg?fit=300%2C204\" data-large-file=\"https:\/\/i0.wp.com\/www.tvturk.com\/wp-content\/uploads\/2019\/04\/zeytinburnunun-kadin-muhtari-edanur-mentes-bir-pazar-kahvaltisinda-muhtar-olma-fikri-aklima-geldi_8e327dc.jpg?fit=1000%2C681\" src=\"https:\/\/i0.wp.com\/www.tvturk.com\/wp-content\/uploads\/2019\/04\/zeytinburnunun-kadin-muhtari-edanur-mentes-bir-pazar-kahvaltisinda-muhtar-olma-fikri-aklima-geldi_8e327dc.jpg?w=121&#038;h=83\" srcset=\"https:\/\/i0.wp.com\/www.tvturk.com\/wp-content\/uploads\/2019\/04\/zeytinburnunun-kadin-muhtari-edanur-mentes-bir-pazar-kahvaltisinda-muhtar-olma-fikri-aklima-geldi_8e327dc.jpg?w=1000 1000w, https:\/\/i0.wp.com\/www.tvturk.com\/wp-content\/uploads\/2019\/04\/zeytinburnunun-kadin-muhtari-edanur-mentes-bir-pazar-kahvaltisinda-muhtar-olma-fikri-aklima-geldi_8e327dc.jpg?resize=150%2C102 150w, https:\/\/i0.wp.com\/www.tvturk.com\/wp-content\/uploads\/2019\/04\/zeytinburnunun-kadin-muhtari-edanur-mentes-bir-pazar-kahvaltisinda-muhtar-olma-fikri-aklima-geldi_8e327dc.jpg?resize=300%2C204 300w, https:\/\/i0.wp.com\/www.tvturk.com\/wp-content\/uploads\/2019\/04\/zeytinburnunun-kadin-muhtari-edanur-mentes-bir-pazar-kahvaltisinda-muhtar-olma-fikri-aklima-geldi_8e327dc.jpg?resize=768%2C523 768w, https:\/\/i0.wp.com\/www.tvturk.com\/wp-content\/uploads\/2019\/04\/zeytinburnunun-kadin-muhtari-edanur-mentes-bir-pazar-kahvaltisinda-muhtar-olma-fikri-aklima-geldi_8e327dc.jpg?resize=80%2C55 80w\" width=\"121\" height=\"83\" loading=\"lazy\" data-original-width=\"121\" data-original-height=\"83\" itemprop=\"http:\/\/schema.org\/image\" title=\"Zeytinburnu\u2019nun kad\u0131n muhtar\u0131 Edanur Mente\u015f: \u201cBir pazar kahvalt\u0131s\u0131nda muhtar olma fikri akl\u0131ma geldi\u201d\" alt=\"Zeytinburnu\u2019nun kad\u0131n muhtar\u0131 Edanur Mente\u015f: \u201cBir pazar kahvalt\u0131s\u0131nda muhtar olma fikri akl\u0131ma geldi\u201d\" style=\"width: 121px; height: 83px;\" \/> <\/a> <\/div> <\/div> <!-- close group --> <\/div> <!-- close row --> <\/div><\/p>\n","protected":false},"excerpt":{"rendered":"<p>ZEYT\u0130NBURNU TELS\u0130Z MAHALLES\u0130\u2019NDE YA\u015eAYAN \u00dcN\u0130VERS\u0130TE MEZUNU 23 YA\u015eINDAK\u0130 EDANUR MENTE\u015e 31 MART YEREL SE\u00c7\u0130MLER\u0130NDE 3 B\u0130N OY FARK ATARAK MUHTAR SE\u00c7\u0130LD\u0130.  MENTE\u015e, MUHTAR OLMA F\u0130KR\u0130N\u0130N B\u0130R PAZAR KAHVALTISINDA AKLINA GELD\u0130\u011e\u0130N\u0130 S\u00d6YLED\u0130.<\/p>\n","protected":false},"author":1,"featured_media":129238,"comment_status":"closed","ping_status":"open","sticky":false,"template":"","format":"standard","meta":{"jetpack_post_was_ever_published":false,"_jetpack_newsletter_access":"","_jetpack_dont_email_post_to_subs":false,"_jetpack_newsletter_tier_id":0,"_jetpack_memberships_contains_paywalled_content":false,"_jetpack_memberships_contains_paid_content":false,"footnotes":"","jetpack_publicize_message":"","jetpack_publicize_feature_enabled":true,"jetpack_social_post_already_shared":true,"jetpack_social_options":{"image_generator_settings":{"template":"highway","default_image_id":0,"font":"","enabled":false},"version":2}},"categories":[1],"tags":[30127,125,30125,13816,127,108,22419,30126,1363,13869,6336,123,8808],"class_list":["post-129237","post","type-post","status-publish","format-standard","has-post-thumbnail","hentry","category-genel","tag-aklima","tag-bir","tag-edanur","tag-fikri","tag-geldi","tag-kadin","tag-kahvaltisinda","tag-mentes","tag-muhtar","tag-muhtari","tag-olma","tag-pazar","tag-zeytinburnunun"],"jetpack_publicize_connections":[],"jetpack_featured_media_url":"https:\/\/i0.wp.com\/www.tvturk.com\/wp-content\/uploads\/2019\/04\/zeytinburnunun-kadin-muhtari-edanur-mentes-bir-pazar-kahvaltisinda-muhtar-olma-fikri-aklima-geldi_d83ec06.jpg?fit=1000%2C750","jetpack_sharing_enabled":true,"jetpack_shortlink":"https:\/\/wp.me\/paKIfm-xCt","_links":{"self":[{"href":"http:\/\/www.tvturk.com\/index.php\/wp-json\/wp\/v2\/posts\/129237","targetHints":{"allow":["GET"]}}],"collection":[{"href":"http:\/\/www.tvturk.com\/index.php\/wp-json\/wp\/v2\/posts"}],"about":[{"href":"http:\/\/www.tvturk.com\/index.php\/wp-json\/wp\/v2\/types\/post"}],"author":[{"embeddable":true,"href":"http:\/\/www.tvturk.com\/index.php\/wp-json\/wp\/v2\/users\/1"}],"replies":[{"embeddable":true,"href":"http:\/\/www.tvturk.com\/index.php\/wp-json\/wp\/v2\/comments?post=129237"}],"version-history":[{"count":1,"href":"http:\/\/www.tvturk.com\/index.php\/wp-json\/wp\/v2\/posts\/129237\/revisions"}],"predecessor-version":[{"id":129243,"href":"http:\/\/www.tvturk.com\/index.php\/wp-json\/wp\/v2\/posts\/129237\/revisions\/129243"}],"wp:featuredmedia":[{"embeddable":true,"href":"http:\/\/www.tvturk.com\/index.php\/wp-json\/wp\/v2\/media\/129238"}],"wp:attachment":[{"href":"http:\/\/www.tvturk.com\/index.php\/wp-json\/wp\/v2\/media?parent=129237"}],"wp:term":[{"taxonomy":"category","embeddable":true,"href":"http:\/\/www.tvturk.com\/index.php\/wp-json\/wp\/v2\/categories?post=129237"},{"taxonomy":"post_tag","embeddable":true,"href":"http:\/\/www.tvturk.com\/index.php\/wp-json\/wp\/v2\/tags?post=129237"}],"curies":[{"name":"wp","href":"https:\/\/api.w.org\/{rel}","templated":true}]}}