{"id":12929,"date":"2019-02-08T15:54:53","date_gmt":"2019-02-08T12:54:53","guid":{"rendered":"http:\/\/www.tvturk.com\/index.php\/mudurler-kurulu-ikinci-yariyil-icin-toplandi\/"},"modified":"2019-02-08T15:54:56","modified_gmt":"2019-02-08T12:54:56","slug":"mudurler-kurulu-ikinci-yariyil-icin-toplandi","status":"publish","type":"post","link":"http:\/\/www.tvturk.com\/index.php\/mudurler-kurulu-ikinci-yariyil-icin-toplandi\/","title":{"rendered":"M\u00fcd\u00fcrler kurulu ikinci yar\u0131y\u0131l i\u00e7in topland\u0131"},"content":{"rendered":"<p>Batman\u2019\u0131n Kozluk \u0130l\u00e7e Kaymakam\u0131 Osman Bilici ba\u015fkanl\u0131\u011f\u0131nda ikinci yar\u0131y\u0131l m\u00fcd\u00fcrler kurulu toplant\u0131s\u0131 yap\u0131ld\u0131.<\/p>\n<p>Kozluk \u0130l\u00e7esinde e\u011fitim-\u00f6\u011fretim hizmetlerinin s\u00fcrd\u00fcr\u00fclmesinde kar\u015f\u0131la\u015f\u0131lan sorunlar ve \u00e7\u00f6z\u00fcm \u00f6nerilerinde bulunmak ve 2018\/2019 e\u011fitim-\u00f6\u011fretim y\u0131l\u0131 birinci yar\u0131y\u0131l de\u011ferlendirmesini yapmak \u00fczere ikinci yar\u0131y\u0131l e\u011fitimi m\u00fcd\u00fcrler kurulu toplant\u0131s\u0131 ger\u00e7ekle\u015ftirildi. H\u00fck\u00fcmet Kona\u011f\u0131 \u015eehit Muhammet Fatih Safit\u00fcrk Konferans Salonu\u2019nda d\u00fczenlenen toplant\u0131ya Kozluk Kaymakam\u0131 Osman Bilici, \u0130l\u00e7e Milli E\u011fitim M\u00fcd\u00fcr\u00fc \u00d6mer Toprak, \u015fube m\u00fcd\u00fcrleri ve e\u011fitim kurumu m\u00fcd\u00fcrleri kat\u0131ld\u0131. 2018-2019 e\u011fitim \u00f6\u011fretim y\u0131l\u0131 birinci yar\u0131y\u0131l\u0131n k\u0131sa de\u011ferlendirmesi ile ba\u015flayan toplant\u0131; g\u00fcvenli okul, ba\u011f\u0131ml\u0131l\u0131kla m\u00fccadele, ta\u015f\u0131mal\u0131 e\u011fitim ve yemek hizmetleri, kamu kaynaklar\u0131n\u0131n kullan\u0131lmas\u0131nda tasarruf tedbirlerine riayet edilmesi, i\u015f sa\u011fl\u0131\u011f\u0131 ve g\u00fcvenli\u011fi ile nitelikli e\u011fitim konular\u0131n\u0131n g\u00f6r\u00fc\u015f\u00fclmesi \u015feklinde devam etti. Toplant\u0131da, g\u00fcvenli okul ve g\u00fcvenli gelecek mesajlar\u0131n\u0131 vererek akademik ba\u015far\u0131n\u0131n yan\u0131nda milli ve manevi de\u011ferlere ba\u011fl\u0131, d\u00fcnyadaki geli\u015fmeleri okuyabilen iyi insan yeti\u015ftirmenin \u00f6nemine vurgu yapan Kaymakam Bilici; \u00f6\u011frencilere rol model olan e\u011fitim kurumu y\u00f6neticileri ile \u00f6\u011fretmenlerin okullar\u0131na hakim olmalar\u0131 ve veli ziyaretleri yaparak okul-aile i\u015fbirli\u011fini g\u00fc\u00e7lendirmeleri gerekti\u011fini, \u00f6\u011frencilerin g\u00fcvenli bir \u015fekilde okula eri\u015fimlerinin sa\u011flanmas\u0131 i\u00e7in ta\u015f\u0131mal\u0131 e\u011fitim uygulamas\u0131 \u00fczerinde hassasiyetle durulmas\u0131 ve gerekli denetimlerin yap\u0131lmas\u0131 gerekti\u011fini ifade etti.<\/p>\n<p>Toplant\u0131 Kaymakam Bilici\u2019nin, e\u011fitim kurumu m\u00fcd\u00fcrlerinin sorun ve taleplerini dinlemesiyle sona erdi.<div class=\"tiled-gallery type-rectangular tiled-gallery-unresized\" data-original-width=\"500\" data-carousel-extra='null' itemscope itemtype=\"http:\/\/schema.org\/ImageGallery\" > <div class=\"gallery-row\" style=\"width: 500px; height: 224px;\" data-original-width=\"500\" data-original-height=\"224\" > <div class=\"gallery-group images-1\" style=\"width: 334px; height: 224px;\" data-original-width=\"334\" data-original-height=\"224\" > <div class=\"tiled-gallery-item tiled-gallery-item-large\" itemprop=\"associatedMedia\" itemscope itemtype=\"http:\/\/schema.org\/ImageObject\"> <a href=\"http:\/\/www.tvturk.com\/index.php\/mudurler-kurulu-ikinci-yariyil-icin-toplandi\/mudurler-kurulu-ikinci-yariyil-icin-toplandi-3\/\" border=\"0\" itemprop=\"url\"> <meta itemprop=\"width\" content=\"330\"> <meta itemprop=\"height\" content=\"220\"> <img decoding=\"async\" class=\"\" data-attachment-id=\"12931\" data-orig-file=\"http:\/\/www.tvturk.com\/wp-content\/uploads\/2019\/02\/mudurler-kurulu-ikinci-yariyil-icin-toplandi_86134b6.jpg\" data-orig-size=\"1000,666\" data-comments-opened=\"\" data-image-meta=\"{&quot;aperture&quot;:&quot;0&quot;,&quot;credit&quot;:&quot;IHA&quot;,&quot;camera&quot;:&quot;&quot;,&quot;caption&quot;:&quot;BATMAN\\u0027IN KOZLUK \\u0130L\\u00c7E KAYMAKAMI OSMAN B\\u0130L\\u0130C\\u0130 BA\\u015eKANLI\\u011eINDA \\u0130K\\u0130NC\\u0130 YARIYIL M\\u00dcD\\u00dcRLER KURULU TOPLANTISI YAPILDI. (ERKAN BARLIK\\\/BATMAN-\\u0130HA)&quot;,&quot;created_timestamp&quot;:&quot;0&quot;,&quot;copyright&quot;:&quot;\\u0130HLAS HABER AJANSI, www.iha.com.tr&quot;,&quot;focal_length&quot;:&quot;0&quot;,&quot;iso&quot;:&quot;0&quot;,&quot;shutter_speed&quot;:&quot;0&quot;,&quot;title&quot;:&quot;M\\u00dcD\\u00dcRLER KURULU \\u0130K\\u0130NC\\u0130 YARIYIL \\u0130\\u00c7\\u0130N TOPLANDI&quot;,&quot;orientation&quot;:&quot;0&quot;}\" data-image-title=\"M\u00fcd\u00fcrler kurulu ikinci yar\u0131y\u0131l i\u00e7in topland\u0131\" data-image-description=\"&lt;p&gt;M\u00fcd\u00fcrler kurulu ikinci yar\u0131y\u0131l i\u00e7in topland\u0131&lt;\/p&gt; \" data-medium-file=\"https:\/\/i0.wp.com\/www.tvturk.com\/wp-content\/uploads\/2019\/02\/mudurler-kurulu-ikinci-yariyil-icin-toplandi_86134b6.jpg?fit=300%2C200\" data-large-file=\"https:\/\/i0.wp.com\/www.tvturk.com\/wp-content\/uploads\/2019\/02\/mudurler-kurulu-ikinci-yariyil-icin-toplandi_86134b6.jpg?fit=1000%2C666\" src=\"https:\/\/i0.wp.com\/www.tvturk.com\/wp-content\/uploads\/2019\/02\/mudurler-kurulu-ikinci-yariyil-icin-toplandi_86134b6.jpg?w=330&#038;h=220\" srcset=\"https:\/\/i0.wp.com\/www.tvturk.com\/wp-content\/uploads\/2019\/02\/mudurler-kurulu-ikinci-yariyil-icin-toplandi_86134b6.jpg?w=1000 1000w, https:\/\/i0.wp.com\/www.tvturk.com\/wp-content\/uploads\/2019\/02\/mudurler-kurulu-ikinci-yariyil-icin-toplandi_86134b6.jpg?resize=150%2C100 150w, https:\/\/i0.wp.com\/www.tvturk.com\/wp-content\/uploads\/2019\/02\/mudurler-kurulu-ikinci-yariyil-icin-toplandi_86134b6.jpg?resize=300%2C200 300w, https:\/\/i0.wp.com\/www.tvturk.com\/wp-content\/uploads\/2019\/02\/mudurler-kurulu-ikinci-yariyil-icin-toplandi_86134b6.jpg?resize=768%2C511 768w, https:\/\/i0.wp.com\/www.tvturk.com\/wp-content\/uploads\/2019\/02\/mudurler-kurulu-ikinci-yariyil-icin-toplandi_86134b6.jpg?resize=170%2C113 170w, https:\/\/i0.wp.com\/www.tvturk.com\/wp-content\/uploads\/2019\/02\/mudurler-kurulu-ikinci-yariyil-icin-toplandi_86134b6.jpg?resize=120%2C80 120w\" width=\"330\" height=\"220\" loading=\"lazy\" data-original-width=\"330\" data-original-height=\"220\" itemprop=\"http:\/\/schema.org\/image\" title=\"M\u00fcd\u00fcrler kurulu ikinci yar\u0131y\u0131l i\u00e7in topland\u0131\" alt=\"M\u00fcd\u00fcrler kurulu ikinci yar\u0131y\u0131l i\u00e7in topland\u0131\" style=\"width: 330px; height: 220px;\" \/> <\/a> <\/div> <\/div> <!-- close group --> <div class=\"gallery-group images-2\" style=\"width: 166px; height: 224px;\" data-original-width=\"166\" data-original-height=\"224\" > <div class=\"tiled-gallery-item tiled-gallery-item-small\" itemprop=\"associatedMedia\" itemscope itemtype=\"http:\/\/schema.org\/ImageObject\"> <a href=\"http:\/\/www.tvturk.com\/index.php\/mudurler-kurulu-ikinci-yariyil-icin-toplandi\/mudurler-kurulu-ikinci-yariyil-icin-toplandi-4\/\" border=\"0\" itemprop=\"url\"> <meta itemprop=\"width\" content=\"162\"> <meta itemprop=\"height\" content=\"108\"> <img decoding=\"async\" class=\"\" data-attachment-id=\"12932\" data-orig-file=\"http:\/\/www.tvturk.com\/wp-content\/uploads\/2019\/02\/mudurler-kurulu-ikinci-yariyil-icin-toplandi_a612dec.jpg\" data-orig-size=\"1000,666\" data-comments-opened=\"\" data-image-meta=\"{&quot;aperture&quot;:&quot;0&quot;,&quot;credit&quot;:&quot;IHA&quot;,&quot;camera&quot;:&quot;&quot;,&quot;caption&quot;:&quot;BATMAN\\u0027IN KOZLUK \\u0130L\\u00c7E KAYMAKAMI OSMAN B\\u0130L\\u0130C\\u0130 BA\\u015eKANLI\\u011eINDA \\u0130K\\u0130NC\\u0130 YARIYIL M\\u00dcD\\u00dcRLER KURULU TOPLANTISI YAPILDI. (ERKAN BARLIK\\\/BATMAN-\\u0130HA)&quot;,&quot;created_timestamp&quot;:&quot;0&quot;,&quot;copyright&quot;:&quot;\\u0130HLAS HABER AJANSI, www.iha.com.tr&quot;,&quot;focal_length&quot;:&quot;0&quot;,&quot;iso&quot;:&quot;0&quot;,&quot;shutter_speed&quot;:&quot;0&quot;,&quot;title&quot;:&quot;M\\u00dcD\\u00dcRLER KURULU \\u0130K\\u0130NC\\u0130 YARIYIL \\u0130\\u00c7\\u0130N TOPLANDI&quot;,&quot;orientation&quot;:&quot;0&quot;}\" data-image-title=\"M\u00fcd\u00fcrler kurulu ikinci yar\u0131y\u0131l i\u00e7in topland\u0131\" data-image-description=\"&lt;p&gt;M\u00fcd\u00fcrler kurulu ikinci yar\u0131y\u0131l i\u00e7in topland\u0131&lt;\/p&gt; \" data-medium-file=\"https:\/\/i0.wp.com\/www.tvturk.com\/wp-content\/uploads\/2019\/02\/mudurler-kurulu-ikinci-yariyil-icin-toplandi_a612dec.jpg?fit=300%2C200\" data-large-file=\"https:\/\/i0.wp.com\/www.tvturk.com\/wp-content\/uploads\/2019\/02\/mudurler-kurulu-ikinci-yariyil-icin-toplandi_a612dec.jpg?fit=1000%2C666\" src=\"https:\/\/i0.wp.com\/www.tvturk.com\/wp-content\/uploads\/2019\/02\/mudurler-kurulu-ikinci-yariyil-icin-toplandi_a612dec.jpg?w=162&#038;h=108\" srcset=\"https:\/\/i0.wp.com\/www.tvturk.com\/wp-content\/uploads\/2019\/02\/mudurler-kurulu-ikinci-yariyil-icin-toplandi_a612dec.jpg?w=1000 1000w, https:\/\/i0.wp.com\/www.tvturk.com\/wp-content\/uploads\/2019\/02\/mudurler-kurulu-ikinci-yariyil-icin-toplandi_a612dec.jpg?resize=150%2C100 150w, https:\/\/i0.wp.com\/www.tvturk.com\/wp-content\/uploads\/2019\/02\/mudurler-kurulu-ikinci-yariyil-icin-toplandi_a612dec.jpg?resize=300%2C200 300w, https:\/\/i0.wp.com\/www.tvturk.com\/wp-content\/uploads\/2019\/02\/mudurler-kurulu-ikinci-yariyil-icin-toplandi_a612dec.jpg?resize=768%2C511 768w, https:\/\/i0.wp.com\/www.tvturk.com\/wp-content\/uploads\/2019\/02\/mudurler-kurulu-ikinci-yariyil-icin-toplandi_a612dec.jpg?resize=170%2C113 170w, https:\/\/i0.wp.com\/www.tvturk.com\/wp-content\/uploads\/2019\/02\/mudurler-kurulu-ikinci-yariyil-icin-toplandi_a612dec.jpg?resize=120%2C80 120w\" width=\"162\" height=\"108\" loading=\"lazy\" data-original-width=\"162\" data-original-height=\"108\" itemprop=\"http:\/\/schema.org\/image\" title=\"M\u00fcd\u00fcrler kurulu ikinci yar\u0131y\u0131l i\u00e7in topland\u0131\" alt=\"M\u00fcd\u00fcrler kurulu ikinci yar\u0131y\u0131l i\u00e7in topland\u0131\" style=\"width: 162px; height: 108px;\" \/> <\/a> <\/div> <div class=\"tiled-gallery-item tiled-gallery-item-small\" itemprop=\"associatedMedia\" itemscope itemtype=\"http:\/\/schema.org\/ImageObject\"> <a href=\"http:\/\/www.tvturk.com\/index.php\/mudurler-kurulu-ikinci-yariyil-icin-toplandi\/mudurler-kurulu-ikinci-yariyil-icin-toplandi-5\/\" border=\"0\" itemprop=\"url\"> <meta itemprop=\"width\" content=\"162\"> <meta itemprop=\"height\" content=\"108\"> <img decoding=\"async\" class=\"\" data-attachment-id=\"12933\" data-orig-file=\"http:\/\/www.tvturk.com\/wp-content\/uploads\/2019\/02\/mudurler-kurulu-ikinci-yariyil-icin-toplandi_e6abb3e.jpg\" data-orig-size=\"1000,666\" data-comments-opened=\"\" data-image-meta=\"{&quot;aperture&quot;:&quot;0&quot;,&quot;credit&quot;:&quot;IHA&quot;,&quot;camera&quot;:&quot;&quot;,&quot;caption&quot;:&quot;BATMAN\\u0027IN KOZLUK \\u0130L\\u00c7E KAYMAKAMI OSMAN B\\u0130L\\u0130C\\u0130 BA\\u015eKANLI\\u011eINDA \\u0130K\\u0130NC\\u0130 YARIYIL M\\u00dcD\\u00dcRLER KURULU TOPLANTISI YAPILDI. (ERKAN BARLIK\\\/BATMAN-\\u0130HA)&quot;,&quot;created_timestamp&quot;:&quot;0&quot;,&quot;copyright&quot;:&quot;\\u0130HLAS HABER AJANSI, www.iha.com.tr&quot;,&quot;focal_length&quot;:&quot;0&quot;,&quot;iso&quot;:&quot;0&quot;,&quot;shutter_speed&quot;:&quot;0&quot;,&quot;title&quot;:&quot;M\\u00dcD\\u00dcRLER KURULU \\u0130K\\u0130NC\\u0130 YARIYIL \\u0130\\u00c7\\u0130N TOPLANDI&quot;,&quot;orientation&quot;:&quot;0&quot;}\" data-image-title=\"M\u00fcd\u00fcrler kurulu ikinci yar\u0131y\u0131l i\u00e7in topland\u0131\" data-image-description=\"&lt;p&gt;M\u00fcd\u00fcrler kurulu ikinci yar\u0131y\u0131l i\u00e7in topland\u0131&lt;\/p&gt; \" data-medium-file=\"https:\/\/i0.wp.com\/www.tvturk.com\/wp-content\/uploads\/2019\/02\/mudurler-kurulu-ikinci-yariyil-icin-toplandi_e6abb3e.jpg?fit=300%2C200\" data-large-file=\"https:\/\/i0.wp.com\/www.tvturk.com\/wp-content\/uploads\/2019\/02\/mudurler-kurulu-ikinci-yariyil-icin-toplandi_e6abb3e.jpg?fit=1000%2C666\" src=\"https:\/\/i0.wp.com\/www.tvturk.com\/wp-content\/uploads\/2019\/02\/mudurler-kurulu-ikinci-yariyil-icin-toplandi_e6abb3e.jpg?w=162&#038;h=108\" srcset=\"https:\/\/i0.wp.com\/www.tvturk.com\/wp-content\/uploads\/2019\/02\/mudurler-kurulu-ikinci-yariyil-icin-toplandi_e6abb3e.jpg?w=1000 1000w, https:\/\/i0.wp.com\/www.tvturk.com\/wp-content\/uploads\/2019\/02\/mudurler-kurulu-ikinci-yariyil-icin-toplandi_e6abb3e.jpg?resize=150%2C100 150w, https:\/\/i0.wp.com\/www.tvturk.com\/wp-content\/uploads\/2019\/02\/mudurler-kurulu-ikinci-yariyil-icin-toplandi_e6abb3e.jpg?resize=300%2C200 300w, https:\/\/i0.wp.com\/www.tvturk.com\/wp-content\/uploads\/2019\/02\/mudurler-kurulu-ikinci-yariyil-icin-toplandi_e6abb3e.jpg?resize=768%2C511 768w, https:\/\/i0.wp.com\/www.tvturk.com\/wp-content\/uploads\/2019\/02\/mudurler-kurulu-ikinci-yariyil-icin-toplandi_e6abb3e.jpg?resize=170%2C113 170w, https:\/\/i0.wp.com\/www.tvturk.com\/wp-content\/uploads\/2019\/02\/mudurler-kurulu-ikinci-yariyil-icin-toplandi_e6abb3e.jpg?resize=120%2C80 120w\" width=\"162\" height=\"108\" loading=\"lazy\" data-original-width=\"162\" data-original-height=\"108\" itemprop=\"http:\/\/schema.org\/image\" title=\"M\u00fcd\u00fcrler kurulu ikinci yar\u0131y\u0131l i\u00e7in topland\u0131\" alt=\"M\u00fcd\u00fcrler kurulu ikinci yar\u0131y\u0131l i\u00e7in topland\u0131\" style=\"width: 162px; height: 108px;\" \/> <\/a> <\/div> <\/div> <!-- close group --> <\/div> <!-- close row --> <\/div><\/p>\n","protected":false},"excerpt":{"rendered":"<p>BATMAN&#8217;IN KOZLUK \u0130L\u00c7E KAYMAKAMI OSMAN B\u0130L\u0130C\u0130 BA\u015eKANLI\u011eINDA \u0130K\u0130NC\u0130 YARIYIL M\u00dcD\u00dcRLER KURULU TOPLANTISI YAPILDI.<\/p>\n","protected":false},"author":1,"featured_media":12930,"comment_status":"closed","ping_status":"open","sticky":false,"template":"","format":"standard","meta":{"jetpack_post_was_ever_published":false,"_jetpack_newsletter_access":"","_jetpack_dont_email_post_to_subs":false,"_jetpack_newsletter_tier_id":0,"_jetpack_memberships_contains_paywalled_content":false,"_jetpack_memberships_contains_paid_content":false,"footnotes":"","jetpack_publicize_message":"","jetpack_publicize_feature_enabled":true,"jetpack_social_post_already_shared":false,"jetpack_social_options":{"image_generator_settings":{"template":"highway","default_image_id":0,"font":"","enabled":false},"version":2}},"categories":[659],"tags":[44,2087,247,2086,249,2209],"class_list":["post-12929","post","type-post","status-publish","format-standard","has-post-thumbnail","hentry","category-egitim","tag-icin","tag-ikinci","tag-kurulu","tag-mudurler","tag-toplandi","tag-yariyil"],"jetpack_publicize_connections":[],"jetpack_featured_media_url":"https:\/\/i0.wp.com\/www.tvturk.com\/wp-content\/uploads\/2019\/02\/mudurler-kurulu-ikinci-yariyil-icin-toplandi_b001c13.jpg?fit=1000%2C666","jetpack_sharing_enabled":true,"jetpack_shortlink":"https:\/\/wp.me\/paKIfm-3mx","_links":{"self":[{"href":"http:\/\/www.tvturk.com\/index.php\/wp-json\/wp\/v2\/posts\/12929","targetHints":{"allow":["GET"]}}],"collection":[{"href":"http:\/\/www.tvturk.com\/index.php\/wp-json\/wp\/v2\/posts"}],"about":[{"href":"http:\/\/www.tvturk.com\/index.php\/wp-json\/wp\/v2\/types\/post"}],"author":[{"embeddable":true,"href":"http:\/\/www.tvturk.com\/index.php\/wp-json\/wp\/v2\/users\/1"}],"replies":[{"embeddable":true,"href":"http:\/\/www.tvturk.com\/index.php\/wp-json\/wp\/v2\/comments?post=12929"}],"version-history":[{"count":1,"href":"http:\/\/www.tvturk.com\/index.php\/wp-json\/wp\/v2\/posts\/12929\/revisions"}],"predecessor-version":[{"id":12934,"href":"http:\/\/www.tvturk.com\/index.php\/wp-json\/wp\/v2\/posts\/12929\/revisions\/12934"}],"wp:featuredmedia":[{"embeddable":true,"href":"http:\/\/www.tvturk.com\/index.php\/wp-json\/wp\/v2\/media\/12930"}],"wp:attachment":[{"href":"http:\/\/www.tvturk.com\/index.php\/wp-json\/wp\/v2\/media?parent=12929"}],"wp:term":[{"taxonomy":"category","embeddable":true,"href":"http:\/\/www.tvturk.com\/index.php\/wp-json\/wp\/v2\/categories?post=12929"},{"taxonomy":"post_tag","embeddable":true,"href":"http:\/\/www.tvturk.com\/index.php\/wp-json\/wp\/v2\/tags?post=12929"}],"curies":[{"name":"wp","href":"https:\/\/api.w.org\/{rel}","templated":true}]}}