{"id":12935,"date":"2019-02-08T15:55:57","date_gmt":"2019-02-08T12:55:57","guid":{"rendered":"http:\/\/www.tvturk.com\/index.php\/karaman-ziraat-odasinda-yeni-yonetim-belli-oldu\/"},"modified":"2019-02-08T15:55:58","modified_gmt":"2019-02-08T12:55:58","slug":"karaman-ziraat-odasinda-yeni-yonetim-belli-oldu","status":"publish","type":"post","link":"http:\/\/www.tvturk.com\/index.php\/karaman-ziraat-odasinda-yeni-yonetim-belli-oldu\/","title":{"rendered":"Karaman Ziraat Odas\u0131\u2019nda yeni y\u00f6netim belli oldu"},"content":{"rendered":"<p>Ge\u00e7ti\u011fimiz Cuma g\u00fcn\u00fc vefat eden Karaman Ziraat Odas\u0131 Ba\u015fkan\u0131 Recep Mu\u011flu\u2019nun ard\u0131ndan Ziraat Odas\u0131\u2019nda yeni yeni y\u00f6netim belli oldu.<\/p>\n<p>Yap\u0131lan Genel Kurul ile se\u00e7ilen yeni meclis y\u00f6netim kurulunu belirledi. Buna, g\u00f6re Ziraat Odas\u0131\u2019n\u0131n Ba\u015fkan\u0131 Mehmet Bayram oldu. Mehmet Bayram \u00f6nceki d\u00f6nemde Ziraat Odas\u0131 Ba\u015fkan Vekili idi. Karaman Ziraat Odas\u0131 Meclis Ba\u015fkan\u0131 Mustafa Kans\u0131z ayn\u0131 g\u00f6revine devam ederken Meclis Ba\u015fkan Vekili de Cemil T\u00fcmer oldu. Ayr\u0131ca yeni y\u00f6netimde \u0130smail \u00dclk\u00fcsever Ba\u015fkan Vekili, \u00d6mer Y\u0131ld\u0131r\u0131m da muhasip \u00fcye g\u00f6revine getirilirken, Cemil Akta\u015f, Ali \u0130hsan Orhan, Ahmet Yaman ve Nuri Sar\u0131, y\u00f6netim Kurulunda yer ald\u0131.<\/p>\n<p>\u201cHizmete devam edece\u011fiz\u201d<\/p>\n<p>Ziraat Odas\u0131 Ba\u015fkan\u0131 Mehmet Bayram, \u201cElbette ki Recep a\u011fabeyimizi unutmam\u0131z s\u00f6z konusu olamaz. Fakat ast olan kurumlar\u0131n devaml\u0131l\u0131\u011f\u0131d\u0131r. Oda \u00fcyelerimize verdi\u011fimiz hizmetin devaml\u0131l\u0131\u011f\u0131d\u0131r. Ac\u0131m\u0131z\u0131 kalbimize g\u00f6merek yeni meclis olarak y\u00f6netim kurulumuzu belirledik. Ayn\u0131 \u015fekilde Recep Mu\u011flu ba\u015fkan\u0131m\u0131z\u0131n yolunu takip ederek \u00e7ift\u00e7imize k\u00f6yl\u00fcm\u00fcze a\u015fkla hizmet edece\u011fimizden kimsenin \u015f\u00fcphesi olmas\u0131n. Bu vesile ile tekrar Recep Ba\u015fkan\u0131m\u0131za Y\u00fcce Mevla\u2019dan rahmet, kederli ailesine ve Karaman \u00e7ift\u00e7isine ba\u015f sa\u011fl\u0131\u011f\u0131 diliyorum. Yeni y\u00f6netimiz hay\u0131rl\u0131 olsun. Allah muvaffak etsin. Her zaman oldu\u011fu gibi yeni d\u00f6nemde de \u00e7ift\u00e7ilerimizin destekleri ile yine onlar i\u00e7in \u00e7ok g\u00fczel \u00e7al\u0131\u015fmalar ortaya koyaca\u011f\u0131z\u201d dedi.<\/p>\n<p>Ziraat Odas\u0131 Meclis Ba\u015fkan\u0131 Mustafa Kans\u0131z\u2019da Recep Mu\u011flu ba\u015fkan\u0131m\u0131zdan \u00e7ok \u015fey \u00f6\u011frendik. \u0130nsana \u00e7ift\u00e7iye k\u00f6yl\u00fcye de\u011fer vermesini ondan g\u00f6rd\u00fck. Ziraat odam\u0131zda ayn\u0131 anlay\u0131\u015f i\u00e7erisinde \u00fcyelerimize hizmet etmeye devam edece\u011fiz. Ba\u015fkan\u0131m\u0131z\u0131n ruhu \u015fad olsun. Allah rahmet eylesin. Yeni g\u00f6rev alan arkada\u015flar\u0131m\u0131za ba\u015far\u0131lar diliyorum&#8221; diye konu\u015ftu.<div class=\"tiled-gallery type-rectangular tiled-gallery-unresized\" data-original-width=\"500\" data-carousel-extra='null' itemscope itemtype=\"http:\/\/schema.org\/ImageGallery\" > <div class=\"gallery-row\" style=\"width: 500px; height: 334px;\" data-original-width=\"500\" data-original-height=\"334\" > <div class=\"gallery-group images-1\" style=\"width: 500px; height: 334px;\" data-original-width=\"500\" data-original-height=\"334\" > <div class=\"tiled-gallery-item tiled-gallery-item-large\" itemprop=\"associatedMedia\" itemscope itemtype=\"http:\/\/schema.org\/ImageObject\"> <a href=\"http:\/\/www.tvturk.com\/index.php\/karaman-ziraat-odasinda-yeni-yonetim-belli-oldu\/karaman-ziraat-odasinda-yeni-yonetim-belli-oldu-3\/\" border=\"0\" itemprop=\"url\"> <meta itemprop=\"width\" content=\"496\"> <meta itemprop=\"height\" content=\"330\"> <img decoding=\"async\" class=\"\" data-attachment-id=\"12937\" data-orig-file=\"http:\/\/www.tvturk.com\/wp-content\/uploads\/2019\/02\/karaman-ziraat-odasinda-yeni-yonetim-belli-oldu_853df76.jpg\" data-orig-size=\"1000,666\" data-comments-opened=\"\" data-image-meta=\"{&quot;aperture&quot;:&quot;0&quot;,&quot;credit&quot;:&quot;IHA&quot;,&quot;camera&quot;:&quot;&quot;,&quot;caption&quot;:&quot;KARAMAN Z\\u0130RAAT ODASI\\u2019NDA YEN\\u0130 Y\\u00d6NET\\u0130M BELL\\u0130 OLDU (\\u0130HA\\\/KARAMAN-\\u0130HA)&quot;,&quot;created_timestamp&quot;:&quot;0&quot;,&quot;copyright&quot;:&quot;\\u0130HLAS HABER AJANSI, www.iha.com.tr&quot;,&quot;focal_length&quot;:&quot;0&quot;,&quot;iso&quot;:&quot;0&quot;,&quot;shutter_speed&quot;:&quot;0&quot;,&quot;title&quot;:&quot;KARAMAN Z\\u0130RAAT ODASI\\u2019NDA YEN\\u0130 Y\\u00d6NET\\u0130M BELL\\u0130 OLDU&quot;,&quot;orientation&quot;:&quot;0&quot;}\" data-image-title=\"Karaman Ziraat Odas\u0131\u2019nda yeni y\u00f6netim belli oldu\" data-image-description=\"&lt;p&gt;Karaman Ziraat Odas\u0131\u2019nda yeni y\u00f6netim belli oldu&lt;\/p&gt; \" data-medium-file=\"https:\/\/i0.wp.com\/www.tvturk.com\/wp-content\/uploads\/2019\/02\/karaman-ziraat-odasinda-yeni-yonetim-belli-oldu_853df76.jpg?fit=300%2C200\" data-large-file=\"https:\/\/i0.wp.com\/www.tvturk.com\/wp-content\/uploads\/2019\/02\/karaman-ziraat-odasinda-yeni-yonetim-belli-oldu_853df76.jpg?fit=1000%2C666\" src=\"https:\/\/i0.wp.com\/www.tvturk.com\/wp-content\/uploads\/2019\/02\/karaman-ziraat-odasinda-yeni-yonetim-belli-oldu_853df76.jpg?w=496&#038;h=330\" srcset=\"https:\/\/i0.wp.com\/www.tvturk.com\/wp-content\/uploads\/2019\/02\/karaman-ziraat-odasinda-yeni-yonetim-belli-oldu_853df76.jpg?w=1000 1000w, https:\/\/i0.wp.com\/www.tvturk.com\/wp-content\/uploads\/2019\/02\/karaman-ziraat-odasinda-yeni-yonetim-belli-oldu_853df76.jpg?resize=150%2C100 150w, https:\/\/i0.wp.com\/www.tvturk.com\/wp-content\/uploads\/2019\/02\/karaman-ziraat-odasinda-yeni-yonetim-belli-oldu_853df76.jpg?resize=300%2C200 300w, https:\/\/i0.wp.com\/www.tvturk.com\/wp-content\/uploads\/2019\/02\/karaman-ziraat-odasinda-yeni-yonetim-belli-oldu_853df76.jpg?resize=768%2C511 768w, https:\/\/i0.wp.com\/www.tvturk.com\/wp-content\/uploads\/2019\/02\/karaman-ziraat-odasinda-yeni-yonetim-belli-oldu_853df76.jpg?resize=170%2C113 170w, https:\/\/i0.wp.com\/www.tvturk.com\/wp-content\/uploads\/2019\/02\/karaman-ziraat-odasinda-yeni-yonetim-belli-oldu_853df76.jpg?resize=120%2C80 120w\" width=\"496\" height=\"330\" loading=\"lazy\" data-original-width=\"496\" data-original-height=\"330\" itemprop=\"http:\/\/schema.org\/image\" title=\"Karaman Ziraat Odas\u0131\u2019nda yeni y\u00f6netim belli oldu\" alt=\"Karaman Ziraat Odas\u0131\u2019nda yeni y\u00f6netim belli oldu\" style=\"width: 496px; height: 330px;\" \/> <\/a> <\/div> <\/div> <!-- close group --> <\/div> <!-- close row --> <\/div><\/p>\n","protected":false},"excerpt":{"rendered":"<p>KARAMAN Z\u0130RAAT ODASI\u2019NDA YEN\u0130 Y\u00d6NET\u0130M BELL\u0130 OLDU<\/p>\n","protected":false},"author":1,"featured_media":12936,"comment_status":"closed","ping_status":"open","sticky":false,"template":"","format":"standard","meta":{"jetpack_post_was_ever_published":false,"_jetpack_newsletter_access":"","_jetpack_dont_email_post_to_subs":false,"_jetpack_newsletter_tier_id":0,"_jetpack_memberships_contains_paywalled_content":false,"_jetpack_memberships_contains_paid_content":false,"footnotes":"","jetpack_publicize_message":"","jetpack_publicize_feature_enabled":true,"jetpack_social_post_already_shared":false,"jetpack_social_options":{"image_generator_settings":{"template":"highway","default_image_id":0,"font":"","enabled":false},"version":2}},"categories":[655],"tags":[612,3774,167,77,87,246,166],"class_list":["post-12935","post","type-post","status-publish","format-standard","has-post-thumbnail","hentry","category-son-dakika","tag-belli","tag-karaman","tag-odasinda","tag-oldu","tag-yeni","tag-yonetim","tag-ziraat"],"jetpack_publicize_connections":[],"jetpack_featured_media_url":"https:\/\/i0.wp.com\/www.tvturk.com\/wp-content\/uploads\/2019\/02\/karaman-ziraat-odasinda-yeni-yonetim-belli-oldu_b46820b.jpg?fit=1000%2C666","jetpack_sharing_enabled":true,"jetpack_shortlink":"https:\/\/wp.me\/paKIfm-3mD","_links":{"self":[{"href":"http:\/\/www.tvturk.com\/index.php\/wp-json\/wp\/v2\/posts\/12935","targetHints":{"allow":["GET"]}}],"collection":[{"href":"http:\/\/www.tvturk.com\/index.php\/wp-json\/wp\/v2\/posts"}],"about":[{"href":"http:\/\/www.tvturk.com\/index.php\/wp-json\/wp\/v2\/types\/post"}],"author":[{"embeddable":true,"href":"http:\/\/www.tvturk.com\/index.php\/wp-json\/wp\/v2\/users\/1"}],"replies":[{"embeddable":true,"href":"http:\/\/www.tvturk.com\/index.php\/wp-json\/wp\/v2\/comments?post=12935"}],"version-history":[{"count":1,"href":"http:\/\/www.tvturk.com\/index.php\/wp-json\/wp\/v2\/posts\/12935\/revisions"}],"predecessor-version":[{"id":12938,"href":"http:\/\/www.tvturk.com\/index.php\/wp-json\/wp\/v2\/posts\/12935\/revisions\/12938"}],"wp:featuredmedia":[{"embeddable":true,"href":"http:\/\/www.tvturk.com\/index.php\/wp-json\/wp\/v2\/media\/12936"}],"wp:attachment":[{"href":"http:\/\/www.tvturk.com\/index.php\/wp-json\/wp\/v2\/media?parent=12935"}],"wp:term":[{"taxonomy":"category","embeddable":true,"href":"http:\/\/www.tvturk.com\/index.php\/wp-json\/wp\/v2\/categories?post=12935"},{"taxonomy":"post_tag","embeddable":true,"href":"http:\/\/www.tvturk.com\/index.php\/wp-json\/wp\/v2\/tags?post=12935"}],"curies":[{"name":"wp","href":"https:\/\/api.w.org\/{rel}","templated":true}]}}