{"id":129494,"date":"2019-04-09T11:11:00","date_gmt":"2019-04-09T08:11:00","guid":{"rendered":"http:\/\/www.tvturk.com\/index.php\/almanya-devlet-bakani-roth-ingiltere-abden-anlasmasiz-ayrilmaktan-kacinsin\/"},"modified":"2019-04-09T11:11:00","modified_gmt":"2019-04-09T08:11:00","slug":"almanya-devlet-bakani-roth-ingiltere-abden-anlasmasiz-ayrilmaktan-kacinsin","status":"publish","type":"post","link":"http:\/\/www.tvturk.com\/index.php\/almanya-devlet-bakani-roth-ingiltere-abden-anlasmasiz-ayrilmaktan-kacinsin\/","title":{"rendered":"Almanya Devlet Bakan\u0131 Roth: \u201c\u0130ngiltere AB\u2019den anla\u015fmas\u0131z ayr\u0131lmaktan ka\u00e7\u0131ns\u0131n\u201d"},"content":{"rendered":"<p>Almanya\u2019n\u0131n Avrupa Birli\u011fi (AB) i\u015fleriyle ilgili Devlet Bakan\u0131 Michael Roth, AB liderlerinin cuma g\u00fcn\u00fc sona erecek olan Brexit tarihini uzatma konusunda g\u00f6r\u00fc\u015feceklerini ancak \u0130ngiltere\u2019nin AB\u2019den anla\u015fmas\u0131z ayr\u0131lmamay\u0131 netle\u015ftirmesi gerekti\u011fini s\u00f6yledi.<\/p>\n<p>Almanya Devlet Bakan\u0131 Michael Roth, yar\u0131nki Br\u00fcksel zirvesine kat\u0131lmak \u00fczere geldi\u011fi L\u00fcksemburg\u2019da \u0130ngiltere\u2019nin Brexit s\u00fcrecine ili\u015fkin yapt\u0131\u011f\u0131 a\u00e7\u0131klamada, \u201cMaalesef AB Konseyinin ge\u00e7en oturumunda ileri s\u00fcrd\u00fc\u011f\u00fc \u015fartlar\u0131n kar\u015f\u0131lanmad\u0131\u011f\u0131n\u0131 belirtmem gerekiyor. Bu y\u00f6nde \u00f6nemli nihai ad\u0131mlar\u0131n at\u0131lmas\u0131n\u0131 bekliyoruz. \u015eu ana kadar hi\u00e7bir \u015fey de\u011fi\u015fmedi. Tabii ki biz Brexit tarihinin daha uzun makul bir s\u00fcre uzat\u0131lmas\u0131n\u0131 d\u00fc\u015f\u00fcn\u00fcyoruz. Bununla birlikte onlar\u0131n \u00e7ok kat\u0131 \u015fartlarla gelmesi gerek. May\u0131s ay\u0131nda AB parlamento se\u00e7imlerine kat\u0131lmas\u0131 bu \u015fartlardan biri\u201d dedi.<\/p>\n<p>Roth, \u201cBu \u00e7ok sinir bozucu bir durum. Avrupa Birli\u011fi sonunda kendi gelece\u011fi ile ilgili meseleleri ele almak durumunda. Biz muhtemelen \u0130ngiltere\u2019ye ger\u00e7ekte ne istedi\u011fini netle\u015ftirmesi i\u00e7in zaman verece\u011fiz. Muhalefetle \u00e7ok ge\u00e7 ba\u015flayan g\u00f6r\u00fc\u015fmelerde \u00f6nemli bir geli\u015fme oldu\u011fu g\u00f6r\u00fclm\u00fcyor\u201d diye konu\u015ftu.<\/p>\n<p>Roth, Almanya\u2019n\u0131n d\u00fczensiz bir Brexit istemedi\u011fini ancak \u0130ngiltere\u2019nin net bir planla gelememe riskinin hala bulundu\u011funu s\u00f6yledi.<\/p>\n","protected":false},"excerpt":{"rendered":"<p>ALMANYA\u2019NIN AVRUPA B\u0130RL\u0130\u011e\u0130 \u0130\u015eLER\u0130YLE \u0130LG\u0130L\u0130 DEVLET BAKANI M\u0130CHAEL ROTH, AB L\u0130DERLER\u0130N\u0130N CUMA G\u00dcN\u00dc CUMA G\u00dcN\u00dc SONA ERECEK OLAN BREX\u0130T TAR\u0130H\u0130N\u0130 UZATMA KONUSUNA \u00c7AR\u015eAMBA G\u00dcN\u00dc G\u00d6R\u00dc\u015eECEKLER\u0130N\u0130 ANCAK \u0130NG\u0130LTERE\u2019N\u0130N BREX\u0130T PLANININ AB\u2019DEN ANLA\u015eMASIZ AYRILMAMAYI NETLE\u015eT\u0130RMES\u0130 GEREKT\u0130\u011e\u0130N\u0130 S\u00d6YLED\u0130.<\/p>\n","protected":false},"author":1,"featured_media":129495,"comment_status":"closed","ping_status":"open","sticky":false,"template":"","format":"standard","meta":{"jetpack_post_was_ever_published":false,"_jetpack_newsletter_access":"","_jetpack_dont_email_post_to_subs":false,"_jetpack_newsletter_tier_id":0,"_jetpack_memberships_contains_paywalled_content":false,"_jetpack_memberships_contains_paid_content":false,"footnotes":"","jetpack_publicize_message":"","jetpack_publicize_feature_enabled":true,"jetpack_social_post_already_shared":true,"jetpack_social_options":{"image_generator_settings":{"template":"highway","default_image_id":0,"font":"","enabled":false},"version":2}},"categories":[10],"tags":[29176,14562,42,30171,933,1564,838,30172,30170],"class_list":["post-129494","post","type-post","status-publish","format-standard","has-post-thumbnail","hentry","category-dunya","tag-anlasmasiz","tag-abden","tag-almanya","tag-ayrilmaktan","tag-bakani","tag-devlet","tag-ingiltere","tag-kacinsin","tag-roth"],"jetpack_publicize_connections":[],"jetpack_featured_media_url":"https:\/\/i0.wp.com\/www.tvturk.com\/wp-content\/uploads\/2019\/04\/almanya-devlet-bakani-roth-ingiltere-abden-anlasmasiz-ayrilmaktan-kacinsin_45a52bc.jpg?fit=747%2C1000","jetpack_sharing_enabled":true,"jetpack_shortlink":"https:\/\/wp.me\/paKIfm-xGC","_links":{"self":[{"href":"http:\/\/www.tvturk.com\/index.php\/wp-json\/wp\/v2\/posts\/129494","targetHints":{"allow":["GET"]}}],"collection":[{"href":"http:\/\/www.tvturk.com\/index.php\/wp-json\/wp\/v2\/posts"}],"about":[{"href":"http:\/\/www.tvturk.com\/index.php\/wp-json\/wp\/v2\/types\/post"}],"author":[{"embeddable":true,"href":"http:\/\/www.tvturk.com\/index.php\/wp-json\/wp\/v2\/users\/1"}],"replies":[{"embeddable":true,"href":"http:\/\/www.tvturk.com\/index.php\/wp-json\/wp\/v2\/comments?post=129494"}],"version-history":[{"count":0,"href":"http:\/\/www.tvturk.com\/index.php\/wp-json\/wp\/v2\/posts\/129494\/revisions"}],"wp:featuredmedia":[{"embeddable":true,"href":"http:\/\/www.tvturk.com\/index.php\/wp-json\/wp\/v2\/media\/129495"}],"wp:attachment":[{"href":"http:\/\/www.tvturk.com\/index.php\/wp-json\/wp\/v2\/media?parent=129494"}],"wp:term":[{"taxonomy":"category","embeddable":true,"href":"http:\/\/www.tvturk.com\/index.php\/wp-json\/wp\/v2\/categories?post=129494"},{"taxonomy":"post_tag","embeddable":true,"href":"http:\/\/www.tvturk.com\/index.php\/wp-json\/wp\/v2\/tags?post=129494"}],"curies":[{"name":"wp","href":"https:\/\/api.w.org\/{rel}","templated":true}]}}