{"id":129548,"date":"2019-04-09T11:37:11","date_gmt":"2019-04-09T08:37:11","guid":{"rendered":"http:\/\/www.tvturk.com\/index.php\/karacabey-meslek-lisesinden-uluslararasi-adim\/"},"modified":"2019-04-09T11:37:11","modified_gmt":"2019-04-09T08:37:11","slug":"karacabey-meslek-lisesinden-uluslararasi-adim","status":"publish","type":"post","link":"http:\/\/www.tvturk.com\/index.php\/karacabey-meslek-lisesinden-uluslararasi-adim\/","title":{"rendered":"Karacabey Meslek Lisesi\u2019nden uluslararas\u0131 ad\u0131m"},"content":{"rendered":"<p>Okul-sanayi i\u015f birli\u011finde T\u00fcrkiye\u2019ye \u00f6rnek olan Karacabey Meslek\u00ee ve Teknik Anadolu Lisesi, verilen desteklerin ard\u0131ndan ba\u015far\u0131larla ad\u0131ndan s\u00f6z ettirmeye devam ediyor.<\/p>\n<p>Karacabey Belediyesi\u2019nin e\u011fitime destek \u00e7al\u0131\u015fmalar\u0131 meyvelerini vermeye devam ediyor. Belediye Ba\u015fkan\u0131 Ali \u00d6zkan\u2019\u0131n giri\u015fimleriyle hayata ge\u00e7en ve okul-sanayi i\u015f birli\u011finde T\u00fcrkiye\u2019ye \u00f6rnek olan Karacabey Meslek\u00ee ve Teknik Anadolu Lisesi, verilen yo\u011fun desteklerin ard\u0131ndan ba\u015far\u0131larla ad\u0131ndan s\u00f6z ettirmeye devam ediyor.<\/p>\n<p>Ermaksan firmas\u0131n\u0131n destekleriyle okula kazand\u0131r\u0131lan ileri teknoloji makineler, \u00f6\u011frencilerin g\u00fcncel teknoloji sistemleri ile kendileri geli\u015ftirmesi i\u00e7in ciddi kazan\u0131mlar sa\u011flarken, okulun end\u00fcstriyel otomasyon teknolojileri \u00f6\u011frencileri de haz\u0131rlad\u0131klar\u0131 robotlarla, Samsun\u2019da d\u00fczenlenecek uluslararas\u0131 robot yar\u0131\u015fmas\u0131na kat\u0131lmaya hak kazand\u0131.<\/p>\n<p>Ermaksan Y\u00f6netim Kurulu Ba\u015fkan Vekili ve Genel M\u00fcd\u00fcr\u00fc Ahmet \u00d6zkayan\u2019\u0131n katk\u0131lar\u0131 ile \u2018model okul\u2019 h\u00e2line d\u00f6n\u00fc\u015fen Meslek\u00ee ve Teknik Anadolu Lisesi, Samsun\u2019da Mill\u00ee E\u011fitim Bakanl\u0131\u011f\u0131 arac\u0131l\u0131\u011f\u0131yla d\u00fczenlenecek uluslararas\u0131 robot yar\u0131\u015fmas\u0131nda il\u00e7eyi temsil etmeye haz\u0131rlan\u0131yor.<\/p>\n<p>Okul M\u00fcd\u00fcr\u00fc Hikmet Tetik, B\u00f6l\u00fcm \u00d6\u011fretmeni Ayg\u00fcn Ye\u015filo\u011flu ve \u00f6\u011frenciler, Ba\u015fkan \u00d6zkan\u2019a yapt\u0131klar\u0131 \u00e7al\u0131\u015fma hakk\u0131nda bilgi verdi. Samsun\u2019daki yar\u0131\u015fmada iddial\u0131 olduklar\u0131n\u0131 belirten Okul M\u00fcd\u00fcr\u00fc Hikmet Tetik, okula yap\u0131lan bu teknolojik yat\u0131r\u0131mlar\u0131na \u00f6nemine de\u011finerek, desteklerinden \u00f6t\u00fcr\u00fc Ba\u015fkan \u00d6zkan\u2019a te\u015fekk\u00fcr etti.<\/p>\n<p>Yapt\u0131klar\u0131 cihazlar\u0131n \u00e7al\u0131\u015fma \u015feklini Ba\u015fkan \u00d6zkan\u2019a aktaran \u00f6\u011frenciler, gelecek y\u0131llarda daha da geli\u015fmi\u015f robotlarla, Karacabey\u2019in ad\u0131n\u0131 teknoloji alan\u0131nda duyuracaklar\u0131n\u0131 ifade etti.<\/p>\n<p>Belediye Ba\u015fkan\u0131 Ali \u00d6zkan, \u201c\u00dclkemizin gelece\u011fi i\u00e7in e\u011fitime ve teknolojiye olan yat\u0131r\u0131mlar son derece \u00f6nemli. E\u011fitim, bizim en hassas noktalar\u0131m\u0131z aras\u0131nda ve gelece\u011fimiz olan \u00f6\u011frencilere destek vermeye \u00e7al\u0131\u015f\u0131yoruz. Hepsini tebrik ediyor, derslerinde ba\u015far\u0131lar diliyorum\u2019\u2019 dedi.<\/p>\n","protected":false},"excerpt":{"rendered":"<p>KARACABEY MESLEK\u00ce VE TEKN\u0130K ANADOLU L\u0130SES\u0130, VER\u0130LEN DESTEKLER\u0130N ARDINDAN BA\u015eARILARLA ADINDAN S\u00d6Z ETT\u0130RMEYE DEVAM ED\u0130YOR.<\/p>\n","protected":false},"author":1,"featured_media":129549,"comment_status":"closed","ping_status":"open","sticky":false,"template":"","format":"standard","meta":{"jetpack_post_was_ever_published":false,"_jetpack_newsletter_access":"","_jetpack_dont_email_post_to_subs":false,"_jetpack_newsletter_tier_id":0,"_jetpack_memberships_contains_paywalled_content":false,"_jetpack_memberships_contains_paid_content":false,"footnotes":"","jetpack_publicize_message":"","jetpack_publicize_feature_enabled":true,"jetpack_social_post_already_shared":true,"jetpack_social_options":{"image_generator_settings":{"template":"highway","default_image_id":0,"font":"","enabled":false},"version":2}},"categories":[1],"tags":[4839,7429,3268,16546,4030],"class_list":["post-129548","post","type-post","status-publish","format-standard","has-post-thumbnail","hentry","category-genel","tag-uluslararasi","tag-adim","tag-karacabey","tag-lisesinden","tag-meslek"],"jetpack_publicize_connections":[],"jetpack_featured_media_url":"https:\/\/i0.wp.com\/www.tvturk.com\/wp-content\/uploads\/2019\/04\/karacabey-meslek-lisesinden-uluslararasi-adim_208495d.jpg?fit=1000%2C667","jetpack_sharing_enabled":true,"jetpack_shortlink":"https:\/\/wp.me\/paKIfm-xHu","_links":{"self":[{"href":"http:\/\/www.tvturk.com\/index.php\/wp-json\/wp\/v2\/posts\/129548","targetHints":{"allow":["GET"]}}],"collection":[{"href":"http:\/\/www.tvturk.com\/index.php\/wp-json\/wp\/v2\/posts"}],"about":[{"href":"http:\/\/www.tvturk.com\/index.php\/wp-json\/wp\/v2\/types\/post"}],"author":[{"embeddable":true,"href":"http:\/\/www.tvturk.com\/index.php\/wp-json\/wp\/v2\/users\/1"}],"replies":[{"embeddable":true,"href":"http:\/\/www.tvturk.com\/index.php\/wp-json\/wp\/v2\/comments?post=129548"}],"version-history":[{"count":0,"href":"http:\/\/www.tvturk.com\/index.php\/wp-json\/wp\/v2\/posts\/129548\/revisions"}],"wp:featuredmedia":[{"embeddable":true,"href":"http:\/\/www.tvturk.com\/index.php\/wp-json\/wp\/v2\/media\/129549"}],"wp:attachment":[{"href":"http:\/\/www.tvturk.com\/index.php\/wp-json\/wp\/v2\/media?parent=129548"}],"wp:term":[{"taxonomy":"category","embeddable":true,"href":"http:\/\/www.tvturk.com\/index.php\/wp-json\/wp\/v2\/categories?post=129548"},{"taxonomy":"post_tag","embeddable":true,"href":"http:\/\/www.tvturk.com\/index.php\/wp-json\/wp\/v2\/tags?post=129548"}],"curies":[{"name":"wp","href":"https:\/\/api.w.org\/{rel}","templated":true}]}}