{"id":129684,"date":"2019-04-09T13:19:36","date_gmt":"2019-04-09T10:19:36","guid":{"rendered":"http:\/\/www.tvturk.com\/index.php\/eskisehirsporda-gundem-fuat-capa-ve-icralar\/"},"modified":"2019-04-09T13:19:37","modified_gmt":"2019-04-09T10:19:37","slug":"eskisehirsporda-gundem-fuat-capa-ve-icralar","status":"publish","type":"post","link":"http:\/\/www.tvturk.com\/index.php\/eskisehirsporda-gundem-fuat-capa-ve-icralar\/","title":{"rendered":"Eski\u015fehirspor\u2019da g\u00fcndem Fuat \u00c7apa ve icralar"},"content":{"rendered":"<p>Spor Toto 1. Lig ekiplerinden Eski\u015fehirspor\u2019un Bas\u0131n S\u00f6zc\u00fcs\u00fc Hasan H\u00fcseyin K\u00f6ksal kul\u00fcple ilgili \u00f6nemli a\u00e7\u0131klamalarda bulundu. K\u00f6ksal, &#8220;\u015euanda Eski\u015fehirspor\u2019un 5-6 y\u0131ll\u0131k gelece\u011fi \u00f6nceki y\u00f6netimler taraf\u0131ndan ipotek alt\u0131na al\u0131nm\u0131\u015f. Fuat \u00c7apa sezon sonuna kadar Eski\u015fehirspor ile \u00f6zde\u015fle\u015fmi\u015f bir isimdir. Biz Fuat \u00c7apa\u2019n\u0131n arkas\u0131nday\u0131z, gelecek planl\u0131yoruz&#8221; dedi.<\/p>\n<p>Eski\u015fehirspor Bas\u0131n S\u00f6zc\u00fcs\u00fc Hasan H\u00fcseyin K\u00f6ksal, Vali Hanefi Demirkol Tesisleri\u2019nde bas\u0131n mensuplar\u0131n\u0131n sorular\u0131n\u0131 yan\u0131tlad\u0131. \u0130lk olarak deplasmanda al\u0131nan Osmanl\u0131spor galibiyetiyle ilgili konu\u015fan K\u00f6ksal, hakl\u0131 bir galibiyet ald\u0131klar\u0131n\u0131 ifade etti. Ligde kalacaklar\u0131n\u0131 futbol camias\u0131na g\u00f6stermek istediklerini aktaran K\u00f6ksal, &#8220;Bu hafta zor bir hafta atlatt\u0131k. Herkes \u0130stanbulspor galibiyeti beklerken kimsenin beklemedi\u011fi ama bizim y\u00f6netim, tak\u0131m ve hoca baz\u0131nda inand\u0131\u011f\u0131m\u0131z bir Osmanl\u0131spor ma\u00e7\u0131 vard\u0131. Hakl\u0131 bir galibiyet ald\u0131k. Galibiyet \u00f6ncesinde bir tak\u0131m yeme\u011fi yedik ve gerek y\u00f6netim kurulu, oyuncular\u0131m\u0131z, taraftar gruplar\u0131m\u0131z buradayd\u0131. Birlik ve beraberlikle Eski\u015fehirspor\u2019un hedef koyduktan sonra bu ligde yenemeyece\u011fi tak\u0131m yok. Son 7 haftaya girdik ve daha g\u00fc\u00e7l\u00fc bir Eski\u015fehirspor olarak gelecek sezonun planlar\u0131n\u0131 yapaca\u011f\u0131z. Bu hafta \u00e7ok \u00f6nemli bir ma\u00e7 var, Elaz\u0131\u011fspor ma\u00e7\u0131. Hi\u00e7bir ma\u00e7 oynanmadan kazan\u0131lm\u0131yor. Bunun i\u00e7in de ba\u015far\u0131n\u0131n ayaklar\u0131ndan bir tanesi kul\u00fcp, 2. aya\u011f\u0131 futbolcular, 3. aya\u011f\u0131 teknik kadro ve 4. aya\u011f\u0131 taraftar. Biz gerekeni yap\u0131yoruz. Allah\u2019\u0131n izniyle birlik ve beraberlikle bu hafta stadyumu doldurarak, gereken galibiyeti al\u0131p art\u0131k bu ligde kalaca\u011f\u0131m\u0131z\u0131 futbol camias\u0131na g\u00f6stermek istiyoruz&#8221; diye konu\u015ftu.<\/p>\n<p>&#8220;Eski\u015fehirspor\u2019un 5-6 y\u0131ll\u0131k gelece\u011fi \u00f6nceki y\u00f6netimler taraf\u0131ndan ipotek alt\u0131na al\u0131nm\u0131\u015f&#8221;<\/p>\n<p>Kul\u00fcb\u00fcn gelecek y\u0131llar\u0131n\u0131n ipotek alt\u0131na al\u0131nd\u0131\u011f\u0131n\u0131n alt\u0131n\u0131 \u00e7izen Bas\u0131n S\u00f6zc\u00fcs\u00fc K\u00f6ksal, &#8220;\u015euanda Eski\u015fehirspor\u2019un 5-6 y\u0131ll\u0131k gelece\u011fi \u00f6nceki y\u00f6netimler taraf\u0131ndan ipotek alt\u0131na al\u0131nm\u0131\u015f. Geliri olmayan bir kul\u00fcpten bahsediyoruz. Biz bunu bilerek geldik. Kapanman\u0131n e\u015fi\u011findeki bir kul\u00fcpten bahsediyoruz. D\u00fcn gelen icrayla ilgili 2015 y\u0131l\u0131nda ki\u015fiye \u00f6denen maa\u015f 4 bin 500 lira. Y\u0131l 2019 bizim ayn\u0131 ki\u015filerin g\u00f6revlerine yapan arkada\u015flara \u00f6dedi\u011fimiz maa\u015f 3 bin lira. Yani birileri bu kul\u00fcb\u00fc \u2019Nas\u0131l olsa S\u00fcper Lig\u2019deyiz, nas\u0131l olsa reklamlar\u0131m\u0131z var\u2019 zihniyetiyle gelecek 5-10 y\u0131l\u0131n\u0131 ipotek alt\u0131na vermi\u015f&#8221; \u015feklinde konu\u015ftu.<\/p>\n<p>&#8220;Biz Fuat \u00c7apa\u2019n\u0131n arkas\u0131nday\u0131z&#8221;<\/p>\n<p>Son olarak Eski\u015fehirspor Teknik Direkt\u00f6r\u00fc Fuat \u00c7apa\u2019n\u0131n gelece\u011fi hakk\u0131nda \u00e7\u0131kan ele\u015ftirilere cevap veren K\u00f6ksal, &#8220;Fuat \u00c7apa \u015fuan itibariyle ve sezon sonuna kadar Eski\u015fehirspor ile \u00f6zde\u015fle\u015fmi\u015f bir isimdir. Paras\u0131 yatmadan kimsenin otel vermedi\u011fi bir Eski\u015fehirspor d\u00f6nemi ge\u00e7irdik 17 hafta. \u00c7ok zor ge\u00e7en bir 17 haftadan bahsediyoruz, en dibi g\u00f6rm\u00fc\u015f bir Eski\u015fehirspor\u2019dan bahsediyoruz ve o d\u00f6nemde hocam\u0131z\u0131n s\u0131rt\u0131na \u00e7ok fazla i\u015fte futbolcular\u0131n \u00f6demesi, konaklamas\u0131, elimizde oynatamad\u0131\u011f\u0131m\u0131z ve transfer etti\u011fimiz 10\u2019a yak\u0131n futbolcunun Eski\u015fehir\u2019de ikamet edip antrenmanlara \u00e7\u0131kmas\u0131 ve b\u00fct\u00fcn sorumluklar\u0131n Fuat \u00c7apa\u2019da olmas\u0131 zorluklar getirmi\u015ftir. Ligdeki ilk 6 hedefi olan b\u00fct\u00fcn tak\u0131mlarla \u00e7ekmi\u015f oldu\u011fumuz kuradan kaynakl\u0131 en g\u00fc\u00e7l\u00fc ve en donan\u0131ml\u0131 tak\u0131mlarla arka arkaya oynamam\u0131z ve seri ma\u011flubiyetler al\u0131nmas\u0131ndan s\u0131k\u0131nt\u0131 ya\u015fad\u0131k. Bir ay \u00f6nce milli tak\u0131m aras\u0131nda bir a\u00e7\u0131klama yapm\u0131\u015ft\u0131m. Biz t\u00fcrb\u00fclanstan \u00e7\u0131kaca\u011f\u0131z ve rakiplerimiz girecek demi\u015ftim. Osmanl\u0131 ma\u00e7\u0131 bizim i\u00e7in d\u00f6n\u00fcm ma\u00e7\u0131 haline geldi ve anl\u0131m\u0131z\u0131n ak\u0131yla \u00e7\u0131kt\u0131k. O zamanda s\u00f6yledim. Biz Fuat \u00c7apa\u2019n\u0131n arkas\u0131nday\u0131z, Fuat \u00c7apa ile gelecek planl\u0131yoruz&#8221; ifadelerini kulland\u0131.<div class=\"tiled-gallery type-rectangular tiled-gallery-unresized\" data-original-width=\"500\" data-carousel-extra='null' itemscope itemtype=\"http:\/\/schema.org\/ImageGallery\" > <div class=\"gallery-row\" style=\"width: 500px; height: 334px;\" data-original-width=\"500\" data-original-height=\"334\" > <div class=\"gallery-group images-1\" style=\"width: 500px; height: 334px;\" data-original-width=\"500\" data-original-height=\"334\" > <div class=\"tiled-gallery-item tiled-gallery-item-large\" itemprop=\"associatedMedia\" itemscope itemtype=\"http:\/\/schema.org\/ImageObject\"> <a href=\"http:\/\/www.tvturk.com\/index.php\/eskisehirsporda-gundem-fuat-capa-ve-icralar\/eskisehirsporda-gundem-fuat-capa-ve-icralar-3\/\" border=\"0\" itemprop=\"url\"> <meta itemprop=\"width\" content=\"496\"> <meta itemprop=\"height\" content=\"330\"> <img decoding=\"async\" class=\"\" data-attachment-id=\"129686\" data-orig-file=\"http:\/\/www.tvturk.com\/wp-content\/uploads\/2019\/04\/eskisehirsporda-gundem-fuat-capa-ve-icralar_13a6efe.jpg\" data-orig-size=\"1000,666\" data-comments-opened=\"\" data-image-meta=\"{&quot;aperture&quot;:&quot;0&quot;,&quot;credit&quot;:&quot;IHA&quot;,&quot;camera&quot;:&quot;&quot;,&quot;caption&quot;:&quot;ESK\\u0130\\u015eEH\\u0130RSPOR BASIN S\\u00d6ZC\\u00dcS\\u00dc HASAN H\\u00dcSEY\\u0130N K\\u00d6KSAL, \\u0022B\\u0130R\\u0130LER\\u0130 BU KUL\\u00dcB\\u00dcN NASIL OLSA S\\u00dcPER L\\u0130G\\u2019DEY\\u0130Z, NASIL OLSA REKLAMLARIMIZ VAR Z\\u0130HN\\u0130YET\\u0130YLE GELECEK 5-10 YILINI \\u0130POTEK ALTINA VERM\\u0130\\u015e\\u0022 (ABDULLAH G\\u00dc\\u00c7L\\u00dc - \\u00c7A\\u011eATAY G\\u00dcR - O\\u011eUZHAN DEM\\u0130R\\\/ESK\\u0130\\u015eEH\\u0130R-\\u0130HA)&quot;,&quot;created_timestamp&quot;:&quot;0&quot;,&quot;copyright&quot;:&quot;\\u0130HLAS HABER AJANSI, www.iha.com.tr&quot;,&quot;focal_length&quot;:&quot;0&quot;,&quot;iso&quot;:&quot;0&quot;,&quot;shutter_speed&quot;:&quot;0&quot;,&quot;title&quot;:&quot;ESK\\u0130\\u015eEH\\u0130RSPOR\\u0027DA G\\u00dcNDEM FUAT \\u00c7APA VE \\u0130CRALAR ESK\\u0130\\u015eEH\\u0130RSPOR BASIN S\\u00d6ZC\\u00dcS\\u00dc HASAN H\\u00dcSEY\\u0130N K\\u00d6KSAL; \\u0022B\\u0130R\\u0130LER\\u0130 BU KUL\\u00dcB\\u00dc \\u0027NASIL OLSA S\\u00dcPER L\\u0130G\\u2019DEY\\u0130Z, NASIL OLSA REKLAMLARIMIZ VAR\\u0027 Z\\u0130HN\\u0130YET\\u0130YLE GELECEK 5-10 YILINI \\u0130POTEK ALTINA VERM\\u0130\\u015e\\u0022 \\u0022B\\u0130Z FUAT \\u00c7APA\\u2019NIN ARKASINDAYIZ, GELECEK PLANLIYORUZ\\u0022&quot;,&quot;orientation&quot;:&quot;0&quot;}\" data-image-title=\"Eski\u015fehirspor\u2019da g\u00fcndem Fuat \u00c7apa ve icralar\" data-image-description=\"&lt;p&gt;Eski\u015fehirspor\u2019da g\u00fcndem Fuat \u00c7apa ve icralar&lt;\/p&gt; \" data-medium-file=\"https:\/\/i0.wp.com\/www.tvturk.com\/wp-content\/uploads\/2019\/04\/eskisehirsporda-gundem-fuat-capa-ve-icralar_13a6efe.jpg?fit=300%2C200\" data-large-file=\"https:\/\/i0.wp.com\/www.tvturk.com\/wp-content\/uploads\/2019\/04\/eskisehirsporda-gundem-fuat-capa-ve-icralar_13a6efe.jpg?fit=1000%2C666\" src=\"https:\/\/i0.wp.com\/www.tvturk.com\/wp-content\/uploads\/2019\/04\/eskisehirsporda-gundem-fuat-capa-ve-icralar_13a6efe.jpg?w=496&#038;h=330\" srcset=\"https:\/\/i0.wp.com\/www.tvturk.com\/wp-content\/uploads\/2019\/04\/eskisehirsporda-gundem-fuat-capa-ve-icralar_13a6efe.jpg?w=1000 1000w, https:\/\/i0.wp.com\/www.tvturk.com\/wp-content\/uploads\/2019\/04\/eskisehirsporda-gundem-fuat-capa-ve-icralar_13a6efe.jpg?resize=150%2C100 150w, https:\/\/i0.wp.com\/www.tvturk.com\/wp-content\/uploads\/2019\/04\/eskisehirsporda-gundem-fuat-capa-ve-icralar_13a6efe.jpg?resize=300%2C200 300w, https:\/\/i0.wp.com\/www.tvturk.com\/wp-content\/uploads\/2019\/04\/eskisehirsporda-gundem-fuat-capa-ve-icralar_13a6efe.jpg?resize=768%2C511 768w, https:\/\/i0.wp.com\/www.tvturk.com\/wp-content\/uploads\/2019\/04\/eskisehirsporda-gundem-fuat-capa-ve-icralar_13a6efe.jpg?resize=170%2C113 170w, https:\/\/i0.wp.com\/www.tvturk.com\/wp-content\/uploads\/2019\/04\/eskisehirsporda-gundem-fuat-capa-ve-icralar_13a6efe.jpg?resize=120%2C80 120w\" width=\"496\" height=\"330\" loading=\"lazy\" data-original-width=\"496\" data-original-height=\"330\" itemprop=\"http:\/\/schema.org\/image\" title=\"Eski\u015fehirspor\u2019da g\u00fcndem Fuat \u00c7apa ve icralar\" alt=\"Eski\u015fehirspor\u2019da g\u00fcndem Fuat \u00c7apa ve icralar\" style=\"width: 496px; height: 330px;\" \/> <\/a> <\/div> <\/div> <!-- close group --> <\/div> <!-- close row --> <\/div><\/p>\n","protected":false},"excerpt":{"rendered":"<p>SPOR TOTO 1. L\u0130G EK\u0130PLER\u0130NDEN ESK\u0130\u015eEH\u0130RSPOR\u2019UN BASIN S\u00d6ZC\u00dcS\u00dc HASAN H\u00dcSEY\u0130N K\u00d6KSAL KUL\u00dcPLE \u0130LG\u0130L\u0130 \u00d6NEML\u0130 A\u00c7IKLAMALARDA BULUNDU<\/p>\n","protected":false},"author":1,"featured_media":129685,"comment_status":"closed","ping_status":"open","sticky":false,"template":"","format":"standard","meta":{"jetpack_post_was_ever_published":false,"_jetpack_newsletter_access":"","_jetpack_dont_email_post_to_subs":false,"_jetpack_newsletter_tier_id":0,"_jetpack_memberships_contains_paywalled_content":false,"_jetpack_memberships_contains_paid_content":false,"footnotes":"","jetpack_publicize_message":"","jetpack_publicize_feature_enabled":true,"jetpack_social_post_already_shared":true,"jetpack_social_options":{"image_generator_settings":{"template":"highway","default_image_id":0,"font":"","enabled":false},"version":2}},"categories":[657],"tags":[7709,2066,2751,11,30216],"class_list":["post-129684","post","type-post","status-publish","format-standard","has-post-thumbnail","hentry","category-spor","tag-capa","tag-eskisehirsporda","tag-fuat","tag-gundem","tag-icralar"],"jetpack_publicize_connections":[],"jetpack_featured_media_url":"https:\/\/i0.wp.com\/www.tvturk.com\/wp-content\/uploads\/2019\/04\/eskisehirsporda-gundem-fuat-capa-ve-icralar_c101daa.jpg?fit=1000%2C666","jetpack_sharing_enabled":true,"jetpack_shortlink":"https:\/\/wp.me\/paKIfm-xJG","_links":{"self":[{"href":"http:\/\/www.tvturk.com\/index.php\/wp-json\/wp\/v2\/posts\/129684","targetHints":{"allow":["GET"]}}],"collection":[{"href":"http:\/\/www.tvturk.com\/index.php\/wp-json\/wp\/v2\/posts"}],"about":[{"href":"http:\/\/www.tvturk.com\/index.php\/wp-json\/wp\/v2\/types\/post"}],"author":[{"embeddable":true,"href":"http:\/\/www.tvturk.com\/index.php\/wp-json\/wp\/v2\/users\/1"}],"replies":[{"embeddable":true,"href":"http:\/\/www.tvturk.com\/index.php\/wp-json\/wp\/v2\/comments?post=129684"}],"version-history":[{"count":1,"href":"http:\/\/www.tvturk.com\/index.php\/wp-json\/wp\/v2\/posts\/129684\/revisions"}],"predecessor-version":[{"id":129687,"href":"http:\/\/www.tvturk.com\/index.php\/wp-json\/wp\/v2\/posts\/129684\/revisions\/129687"}],"wp:featuredmedia":[{"embeddable":true,"href":"http:\/\/www.tvturk.com\/index.php\/wp-json\/wp\/v2\/media\/129685"}],"wp:attachment":[{"href":"http:\/\/www.tvturk.com\/index.php\/wp-json\/wp\/v2\/media?parent=129684"}],"wp:term":[{"taxonomy":"category","embeddable":true,"href":"http:\/\/www.tvturk.com\/index.php\/wp-json\/wp\/v2\/categories?post=129684"},{"taxonomy":"post_tag","embeddable":true,"href":"http:\/\/www.tvturk.com\/index.php\/wp-json\/wp\/v2\/tags?post=129684"}],"curies":[{"name":"wp","href":"https:\/\/api.w.org\/{rel}","templated":true}]}}