{"id":129745,"date":"2019-04-09T14:00:07","date_gmt":"2019-04-09T11:00:07","guid":{"rendered":"http:\/\/www.tvturk.com\/index.php\/24-ocak-2019-saat14-26-33-saniye-benim-hayatimin-sona-erdigi-gun\/"},"modified":"2019-04-09T14:00:13","modified_gmt":"2019-04-09T11:00:13","slug":"24-ocak-2019-saat14-26-33-saniye-benim-hayatimin-sona-erdigi-gun","status":"publish","type":"post","link":"http:\/\/www.tvturk.com\/index.php\/24-ocak-2019-saat14-26-33-saniye-benim-hayatimin-sona-erdigi-gun\/","title":{"rendered":"\u201924 Ocak 2019 saat:14.26.33 saniye benim hayat\u0131m\u0131n sona erdi\u011fi g\u00fcn\u2019"},"content":{"rendered":"<p>Antalya\u2019da 24 Ocak\u2019taki hortum felaketi s\u0131ras\u0131nda dereye s\u00fcr\u00fcklenen ara\u00e7tan bulunamay\u0131p, 75 g\u00fcnd\u00fcr haber al\u0131namayan Kader Buse Acar\u2019\u0131 arama \u00e7al\u0131\u015fmalar\u0131 s\u00fcrd\u00fcr\u00fcl\u00fcyor. \u00c7al\u0131\u015fmalar\u0131 ba\u015f\u0131ndan bu yana takip eden Kader Buse\u2019nin babas\u0131 Ahmet Acar\u2019\u0131n, sosyal medyadan payla\u015f\u0131mlar\u0131 ise y\u00fcrekleri burktu.<\/p>\n<p>Kemer il\u00e7esinde 24 Ocak\u2019ta meydana gelen hortumda, annesinin kulland\u0131\u011f\u0131 otomobilin metrelerce s\u00fcr\u00fcklenerek d\u00fc\u015ft\u00fc\u011f\u00fc A\u011fva Deresi\u2019nde kaybolan \u00fcniversite \u00f6\u011frencisi Kader Buse Acar\u2019i arama \u00e7al\u0131\u015fmalar\u0131 75\u2019inci g\u00fcn\u00fcnde de devam etti. Gen\u00e7 k\u0131z\u0131 bulmak i\u00e7in havadan ve karadan arama \u00e7al\u0131\u015fmalar\u0131n\u0131n yan\u0131 s\u0131ra \u0130l Jandarma Komutanl\u0131\u011f\u0131\u2019na ba\u011fl\u0131 Su Alt\u0131 Arama Kurtarma ekipleri de su alt\u0131nda aramalar ger\u00e7ekle\u015ftirdi.<\/p>\n<p>Aramalar esnas\u0131nda 25 Ocak\u2019ta A\u011fva Deresi\u2019nin kayal\u0131k k\u0131sm\u0131nda \u00e7antas\u0131 ile k\u00fcpesine ula\u015f\u0131lm\u0131\u015ft\u0131.  27 Ocak\u2019ta ise ayakkab\u0131s\u0131n\u0131n sol teki \u00c7amyuva Mahallesi\u2019ndeki otelin plaj\u0131nda bulunmu\u015ftu.<\/p>\n<p>Babadan duyguland\u0131ran payla\u015f\u0131mlar<\/p>\n<p>Yap\u0131lan arama \u00e7al\u0131\u015fmalar\u0131 75 g\u00fcnde sonu\u00e7 vermemesi ailenin umudunu bir an olsun azaltmad\u0131. Gen\u00e7 k\u0131z\u0131n babas\u0131 Ahmet Acar\u2019\u0131n sosyal medya hesab\u0131ndan yapt\u0131\u011f\u0131 payla\u015f\u0131mlar duyguland\u0131rd\u0131. K\u0131z\u0131n\u0131n okul \u00e7a\u011f\u0131ndaki foto\u011fraflar\u0131 ve birlikte \u00e7ekindikleri foto\u011fraflar\u0131 payla\u015fan baban\u0131n \u201cKuzum. \u00c7al\u0131\u015fkan saf kalpli babi\u015fim. Kendi ellerimle yerle\u015ftirdim \u00fcniversiteye. Ke\u015fke gitmeseydin otursayd\u0131n dizimizin dibinde. Hedefleri y\u00fcksek babi\u015fim. Biz, sensiz, arkada\u015flar\u0131n, akrabalar\u0131m\u0131z, \u00f6\u011fretmenlerin, aile dostlar\u0131m\u0131z Sensiz olmuyor babi\u015fim. Allah\u2019\u0131m k\u0131z\u0131m\u0131z\u0131 ba\u011f\u0131\u015fla, geri g\u00f6nder benim birici\u011fimi\u201d yaz\u0131lar\u0131 y\u00fcrekleri burktu.<\/p>\n<p>&#8220;Benim hayat\u0131m\u0131n sona erdi\u011fi g\u00fcn&#8221;<\/p>\n<p>Baba Acar, olay\u0131n ger\u00e7ekle\u015fti\u011fi g\u00fcnle ilgili de, \u201c24 Ocak 2019 Saat: 14.26. 33 saniye benim hayat\u0131m\u0131n sona erdi\u011fi g\u00fcn\u201d ifadesini yazd\u0131.<\/p>\n<p>K\u0131z\u0131n\u0131n k\u00fc\u00e7\u00fckl\u00fck foto\u011fraflar\u0131n\u0131 da payla\u015fan baba Acar, \u2019Daha k\u00fc\u00e7\u00fckt\u00fcn babi\u015fim. Annen ve ben seni mutlu edebilmek i\u00e7in yapard\u0131k be kuzum. Allah\u2019\u0131m k\u0131z\u0131m\u0131z\u0131 bize ba\u011f\u0131\u015fla\u2019 diye yazd\u0131.<\/p>\n<p>Baba Acar, payla\u015f\u0131mlar\u0131nda \u0130smail Turhan adl\u0131 bir \u00f6\u011fretmenin k\u0131z\u0131 i\u00e7in yazd\u0131\u011f\u0131 \u015fu \u015fiire de yer verdi:<\/p>\n<p>\u2019Buse, neredesin be kuzum? Ana ceylan a\u011flar A\u011fva\u2019da. Kurudu g\u00f6zya\u015f\u0131 kalmad\u0131 p\u0131narda. Doyamad\u0131m ya\u015fama, gen\u00e7li\u011fime. \u0130smail Turhan \u00f6\u011fretmenimle, yar\u0131m kalan saklamba\u00e7 oynuyorum anne, anne. Yirmisinde sar\u0131 bir k\u0131zd\u0131m. Yaradan\u2019\u0131m kaderimi k\u00f6t\u00fc yazd\u0131n. \u00d6l\u00fcm verdin ans\u0131z\u0131n. Alt\u0131s\u0131ndayd\u0131 karde\u015fim, onu da ald\u0131n. K\u00f6t\u00fclerin cirit att\u0131\u011f\u0131 kahpe d\u00fcnyada, kuruyas\u0131ca do\u011fa haini A\u011fva\u2019da. Alt\u0131 derin bir kayada annem mahsur kald\u0131m. Sabaha kar\u015f\u0131 sensiz, sessiz bir Kemer sabah\u0131nda. Buse Kader Acar Caddesi\u2019nde 65. G\u00fcnde, ad\u0131n var sen yoksun be g\u00fcl\u00fcm. Sar\u0131 tomurcuktum Antalya Kemer\u2019de, izinsiz ald\u0131n ya, sana k\u00fcst\u00fcm saklan\u0131yorum. Zamans\u0131z \u00f6l\u00fcm, \u00f6l\u00fcm.\u201d<div class=\"tiled-gallery type-rectangular tiled-gallery-unresized\" data-original-width=\"500\" data-carousel-extra='null' itemscope itemtype=\"http:\/\/schema.org\/ImageGallery\" > <div class=\"gallery-row\" style=\"width: 500px; height: 255px;\" data-original-width=\"500\" data-original-height=\"255\" > <div class=\"gallery-group images-1\" style=\"width: 316px; height: 255px;\" data-original-width=\"316\" data-original-height=\"255\" > <div class=\"tiled-gallery-item tiled-gallery-item-large\" itemprop=\"associatedMedia\" itemscope itemtype=\"http:\/\/schema.org\/ImageObject\"> <a href=\"http:\/\/www.tvturk.com\/index.php\/24-ocak-2019-saat14-26-33-saniye-benim-hayatimin-sona-erdigi-gun\/24-ocak-2019-saat14-26-33-saniye-benim-hayatimin-sona-erdigi-gun-3\/\" border=\"0\" itemprop=\"url\"> <meta itemprop=\"width\" content=\"312\"> <meta itemprop=\"height\" content=\"251\"> <img decoding=\"async\" class=\"\" data-attachment-id=\"129747\" data-orig-file=\"http:\/\/www.tvturk.com\/wp-content\/uploads\/2019\/04\/24-ocak-2019-saat142633-saniye-benim-hayatimin-sona-erdigi-gun_184ad8f.jpg\" data-orig-size=\"511,411\" data-comments-opened=\"\" data-image-meta=\"{&quot;aperture&quot;:&quot;0&quot;,&quot;credit&quot;:&quot;IHA&quot;,&quot;camera&quot;:&quot;&quot;,&quot;caption&quot;:&quot;ANTALYA\\u2019DA 24 OCAK\\u0027TAK\\u0130 HORTUM FELAKET\\u0130 SIRASINDA DEREYE S\\u00dcR\\u00dcKLENEN ARA\\u00c7TAN BULUNAMAYIP, 75 G\\u00dcND\\u00dcR HABER ALINAMAYAN KADER BUSE ACAR\\u2019I ARAMA \\u00c7ALI\\u015eMALARI S\\u00dcRD\\u00dcR\\u00dcL\\u00dcYOR. \\u00c7ALI\\u015eMALARI BA\\u015eINDAN BU YANA TAK\\u0130P EDEN KADER BUSE\\u0027N\\u0130N BABASI AHMET ACAR\\u0027IN, SOSYAL MEDYADAN PAYLA\\u015eIMLARI \\u0130SE Y\\u00dcREKLER\\u0130 BURKTU. (SUAT MET\\u0130N\\\/ANTALYA-\\u0130HA)&quot;,&quot;created_timestamp&quot;:&quot;1554813508&quot;,&quot;copyright&quot;:&quot;\\u0130HLAS HABER AJANSI, www.iha.com.tr&quot;,&quot;focal_length&quot;:&quot;0&quot;,&quot;iso&quot;:&quot;0&quot;,&quot;shutter_speed&quot;:&quot;0&quot;,&quot;title&quot;:&quot;\\u002724 OCAK 2019 SAAT:14.26.33 SAN\\u0130YE BEN\\u0130M HAYATIMIN SONA ERD\\u0130\\u011e\\u0130 G\\u00dcN\\u0027 KAYIP BUSE\\u0027N\\u0130N BABASINDAN Y\\u00dcREKLER\\u0130 YAKAN PAYLA\\u015eIMLAR HORTUM SONRASI ARA\\u00c7LA S\\u00dcR\\u00dcKLEND\\u0130\\u011e\\u0130 DEREDE KAYBOLAN VE 75 G\\u00dcND\\u00dcR KEND\\u0130S\\u0130NDEN HABER ALINAMAYAN KADER BUSE ACAR\\u0027IN BABASININ SOSYAL MEDYADAN PAYLA\\u015eIMLARI Y\\u00dcREKLER\\u0130 BURKTU BABA AHMET ACAR: \\u0022ALLAH\\u2019IM KIZIMIZI BA\\u011eI\\u015eLA, GER\\u0130 G\\u00d6NDER BEN\\u0130M B\\u0130R\\u0130C\\u0130\\u011e\\u0130M\\u0130\\u0022 \\u002224 OCAK 2019 SAAT: 14.26. 33 SAN\\u0130YE BEN\\u0130M HAYATIMIN SONA ERD\\u0130\\u011e\\u0130 G\\u00dcN\\u0022&quot;,&quot;orientation&quot;:&quot;1&quot;}\" data-image-title=\"\u201924 Ocak 2019 saat:14.26.33 saniye benim hayat\u0131m\u0131n sona erdi\u011fi g\u00fcn\u2019\" data-image-description=\"&lt;p&gt;\u201924 Ocak 2019 saat:14.26.33 saniye benim hayat\u0131m\u0131n sona erdi\u011fi g\u00fcn\u2019&lt;\/p&gt; \" data-medium-file=\"https:\/\/i0.wp.com\/www.tvturk.com\/wp-content\/uploads\/2019\/04\/24-ocak-2019-saat142633-saniye-benim-hayatimin-sona-erdigi-gun_184ad8f.jpg?fit=300%2C241\" data-large-file=\"https:\/\/i0.wp.com\/www.tvturk.com\/wp-content\/uploads\/2019\/04\/24-ocak-2019-saat142633-saniye-benim-hayatimin-sona-erdigi-gun_184ad8f.jpg?fit=511%2C411\" src=\"https:\/\/i0.wp.com\/www.tvturk.com\/wp-content\/uploads\/2019\/04\/24-ocak-2019-saat142633-saniye-benim-hayatimin-sona-erdigi-gun_184ad8f.jpg?w=312&#038;h=251\" srcset=\"https:\/\/i0.wp.com\/www.tvturk.com\/wp-content\/uploads\/2019\/04\/24-ocak-2019-saat142633-saniye-benim-hayatimin-sona-erdigi-gun_184ad8f.jpg?w=511 511w, https:\/\/i0.wp.com\/www.tvturk.com\/wp-content\/uploads\/2019\/04\/24-ocak-2019-saat142633-saniye-benim-hayatimin-sona-erdigi-gun_184ad8f.jpg?resize=150%2C121 150w, https:\/\/i0.wp.com\/www.tvturk.com\/wp-content\/uploads\/2019\/04\/24-ocak-2019-saat142633-saniye-benim-hayatimin-sona-erdigi-gun_184ad8f.jpg?resize=300%2C241 300w\" width=\"312\" height=\"251\" loading=\"lazy\" data-original-width=\"312\" data-original-height=\"251\" itemprop=\"http:\/\/schema.org\/image\" title=\"\u201924 Ocak 2019 saat:14.26.33 saniye benim hayat\u0131m\u0131n sona erdi\u011fi g\u00fcn\u2019\" alt=\"\u201924 Ocak 2019 saat:14.26.33 saniye benim hayat\u0131m\u0131n sona erdi\u011fi g\u00fcn\u2019\" style=\"width: 312px; height: 251px;\" \/> <\/a> <\/div> <\/div> <!-- close group --> <div class=\"gallery-group images-2\" style=\"width: 184px; height: 255px;\" data-original-width=\"184\" data-original-height=\"255\" > <div class=\"tiled-gallery-item tiled-gallery-item-small\" itemprop=\"associatedMedia\" itemscope itemtype=\"http:\/\/schema.org\/ImageObject\"> <a href=\"http:\/\/www.tvturk.com\/index.php\/24-ocak-2019-saat14-26-33-saniye-benim-hayatimin-sona-erdigi-gun\/24-ocak-2019-saat14-26-33-saniye-benim-hayatimin-sona-erdigi-gun-4\/\" border=\"0\" itemprop=\"url\"> <meta itemprop=\"width\" content=\"180\"> <meta itemprop=\"height\" content=\"112\"> <img decoding=\"async\" class=\"\" data-attachment-id=\"129748\" data-orig-file=\"http:\/\/www.tvturk.com\/wp-content\/uploads\/2019\/04\/24-ocak-2019-saat142633-saniye-benim-hayatimin-sona-erdigi-gun_8d9c0ec.jpg\" data-orig-size=\"894,558\" data-comments-opened=\"\" data-image-meta=\"{&quot;aperture&quot;:&quot;0&quot;,&quot;credit&quot;:&quot;IHA&quot;,&quot;camera&quot;:&quot;&quot;,&quot;caption&quot;:&quot;ANTALYA\\u2019DA 24 OCAK\\u0027TAK\\u0130 HORTUM FELAKET\\u0130 SIRASINDA DEREYE S\\u00dcR\\u00dcKLENEN ARA\\u00c7TAN BULUNAMAYIP, 75 G\\u00dcND\\u00dcR HABER ALINAMAYAN KADER BUSE ACAR\\u2019I ARAMA \\u00c7ALI\\u015eMALARI S\\u00dcRD\\u00dcR\\u00dcL\\u00dcYOR. \\u00c7ALI\\u015eMALARI BA\\u015eINDAN BU YANA TAK\\u0130P EDEN KADER BUSE\\u0027N\\u0130N BABASI AHMET ACAR\\u0027IN, SOSYAL MEDYADAN PAYLA\\u015eIMLARI \\u0130SE Y\\u00dcREKLER\\u0130 BURKTU. (SUAT MET\\u0130N\\\/ANTALYA-\\u0130HA)&quot;,&quot;created_timestamp&quot;:&quot;1554813480&quot;,&quot;copyright&quot;:&quot;\\u0130HLAS HABER AJANSI, www.iha.com.tr&quot;,&quot;focal_length&quot;:&quot;0&quot;,&quot;iso&quot;:&quot;0&quot;,&quot;shutter_speed&quot;:&quot;0&quot;,&quot;title&quot;:&quot;\\u002724 OCAK 2019 SAAT:14.26.33 SAN\\u0130YE BEN\\u0130M HAYATIMIN SONA ERD\\u0130\\u011e\\u0130 G\\u00dcN\\u0027 KAYIP BUSE\\u0027N\\u0130N BABASINDAN Y\\u00dcREKLER\\u0130 YAKAN PAYLA\\u015eIMLAR HORTUM SONRASI ARA\\u00c7LA S\\u00dcR\\u00dcKLEND\\u0130\\u011e\\u0130 DEREDE KAYBOLAN VE 75 G\\u00dcND\\u00dcR KEND\\u0130S\\u0130NDEN HABER ALINAMAYAN KADER BUSE ACAR\\u0027IN BABASININ SOSYAL MEDYADAN PAYLA\\u015eIMLARI Y\\u00dcREKLER\\u0130 BURKTU BABA AHMET ACAR: \\u0022ALLAH\\u2019IM KIZIMIZI BA\\u011eI\\u015eLA, GER\\u0130 G\\u00d6NDER BEN\\u0130M B\\u0130R\\u0130C\\u0130\\u011e\\u0130M\\u0130\\u0022 \\u002224 OCAK 2019 SAAT: 14.26. 33 SAN\\u0130YE BEN\\u0130M HAYATIMIN SONA ERD\\u0130\\u011e\\u0130 G\\u00dcN\\u0022&quot;,&quot;orientation&quot;:&quot;1&quot;}\" data-image-title=\"\u201924 Ocak 2019 saat:14.26.33 saniye benim hayat\u0131m\u0131n sona erdi\u011fi g\u00fcn\u2019\" data-image-description=\"&lt;p&gt;\u201924 Ocak 2019 saat:14.26.33 saniye benim hayat\u0131m\u0131n sona erdi\u011fi g\u00fcn\u2019&lt;\/p&gt; \" data-medium-file=\"https:\/\/i0.wp.com\/www.tvturk.com\/wp-content\/uploads\/2019\/04\/24-ocak-2019-saat142633-saniye-benim-hayatimin-sona-erdigi-gun_8d9c0ec.jpg?fit=300%2C187\" data-large-file=\"https:\/\/i0.wp.com\/www.tvturk.com\/wp-content\/uploads\/2019\/04\/24-ocak-2019-saat142633-saniye-benim-hayatimin-sona-erdigi-gun_8d9c0ec.jpg?fit=894%2C558\" src=\"https:\/\/i0.wp.com\/www.tvturk.com\/wp-content\/uploads\/2019\/04\/24-ocak-2019-saat142633-saniye-benim-hayatimin-sona-erdigi-gun_8d9c0ec.jpg?w=180&#038;h=112\" srcset=\"https:\/\/i0.wp.com\/www.tvturk.com\/wp-content\/uploads\/2019\/04\/24-ocak-2019-saat142633-saniye-benim-hayatimin-sona-erdigi-gun_8d9c0ec.jpg?w=894 894w, https:\/\/i0.wp.com\/www.tvturk.com\/wp-content\/uploads\/2019\/04\/24-ocak-2019-saat142633-saniye-benim-hayatimin-sona-erdigi-gun_8d9c0ec.jpg?resize=150%2C94 150w, https:\/\/i0.wp.com\/www.tvturk.com\/wp-content\/uploads\/2019\/04\/24-ocak-2019-saat142633-saniye-benim-hayatimin-sona-erdigi-gun_8d9c0ec.jpg?resize=300%2C187 300w, https:\/\/i0.wp.com\/www.tvturk.com\/wp-content\/uploads\/2019\/04\/24-ocak-2019-saat142633-saniye-benim-hayatimin-sona-erdigi-gun_8d9c0ec.jpg?resize=768%2C479 768w, https:\/\/i0.wp.com\/www.tvturk.com\/wp-content\/uploads\/2019\/04\/24-ocak-2019-saat142633-saniye-benim-hayatimin-sona-erdigi-gun_8d9c0ec.jpg?resize=243%2C150 243w, https:\/\/i0.wp.com\/www.tvturk.com\/wp-content\/uploads\/2019\/04\/24-ocak-2019-saat142633-saniye-benim-hayatimin-sona-erdigi-gun_8d9c0ec.jpg?resize=460%2C290 460w\" width=\"180\" height=\"112\" loading=\"lazy\" data-original-width=\"180\" data-original-height=\"112\" itemprop=\"http:\/\/schema.org\/image\" title=\"\u201924 Ocak 2019 saat:14.26.33 saniye benim hayat\u0131m\u0131n sona erdi\u011fi g\u00fcn\u2019\" alt=\"\u201924 Ocak 2019 saat:14.26.33 saniye benim hayat\u0131m\u0131n sona erdi\u011fi g\u00fcn\u2019\" style=\"width: 180px; height: 112px;\" \/> <\/a> <\/div> <div class=\"tiled-gallery-item tiled-gallery-item-small\" itemprop=\"associatedMedia\" itemscope itemtype=\"http:\/\/schema.org\/ImageObject\"> <a href=\"http:\/\/www.tvturk.com\/index.php\/24-ocak-2019-saat14-26-33-saniye-benim-hayatimin-sona-erdigi-gun\/24-ocak-2019-saat14-26-33-saniye-benim-hayatimin-sona-erdigi-gun-5\/\" border=\"0\" itemprop=\"url\"> <meta itemprop=\"width\" content=\"180\"> <meta itemprop=\"height\" content=\"135\"> <img decoding=\"async\" class=\"\" data-attachment-id=\"129749\" data-orig-file=\"http:\/\/www.tvturk.com\/wp-content\/uploads\/2019\/04\/24-ocak-2019-saat142633-saniye-benim-hayatimin-sona-erdigi-gun_966b734.jpg\" data-orig-size=\"960,720\" data-comments-opened=\"\" data-image-meta=\"{&quot;aperture&quot;:&quot;0&quot;,&quot;credit&quot;:&quot;IHA&quot;,&quot;camera&quot;:&quot;&quot;,&quot;caption&quot;:&quot;ANTALYA\\u2019DA 24 OCAK\\u0027TAK\\u0130 HORTUM FELAKET\\u0130 SIRASINDA DEREYE S\\u00dcR\\u00dcKLENEN ARA\\u00c7TAN BULUNAMAYIP, 75 G\\u00dcND\\u00dcR HABER ALINAMAYAN KADER BUSE ACAR\\u2019I ARAMA \\u00c7ALI\\u015eMALARI S\\u00dcRD\\u00dcR\\u00dcL\\u00dcYOR. \\u00c7ALI\\u015eMALARI BA\\u015eINDAN BU YANA TAK\\u0130P EDEN KADER BUSE\\u0027N\\u0130N BABASI AHMET ACAR\\u0027IN, SOSYAL MEDYADAN PAYLA\\u015eIMLARI \\u0130SE Y\\u00dcREKLER\\u0130 BURKTU. (SUAT MET\\u0130N\\\/ANTALYA-\\u0130HA)&quot;,&quot;created_timestamp&quot;:&quot;0&quot;,&quot;copyright&quot;:&quot;\\u0130HLAS HABER AJANSI, www.iha.com.tr&quot;,&quot;focal_length&quot;:&quot;0&quot;,&quot;iso&quot;:&quot;0&quot;,&quot;shutter_speed&quot;:&quot;0&quot;,&quot;title&quot;:&quot;\\u002724 OCAK 2019 SAAT:14.26.33 SAN\\u0130YE BEN\\u0130M HAYATIMIN SONA ERD\\u0130\\u011e\\u0130 G\\u00dcN\\u0027 KAYIP BUSE\\u0027N\\u0130N BABASINDAN Y\\u00dcREKLER\\u0130 YAKAN PAYLA\\u015eIMLAR HORTUM SONRASI ARA\\u00c7LA S\\u00dcR\\u00dcKLEND\\u0130\\u011e\\u0130 DEREDE KAYBOLAN VE 75 G\\u00dcND\\u00dcR KEND\\u0130S\\u0130NDEN HABER ALINAMAYAN KADER BUSE ACAR\\u0027IN BABASININ SOSYAL MEDYADAN PAYLA\\u015eIMLARI Y\\u00dcREKLER\\u0130 BURKTU BABA AHMET ACAR: \\u0022ALLAH\\u2019IM KIZIMIZI BA\\u011eI\\u015eLA, GER\\u0130 G\\u00d6NDER BEN\\u0130M B\\u0130R\\u0130C\\u0130\\u011e\\u0130M\\u0130\\u0022 \\u002224 OCAK 2019 SAAT: 14.26. 33 SAN\\u0130YE BEN\\u0130M HAYATIMIN SONA ERD\\u0130\\u011e\\u0130 G\\u00dcN\\u0022&quot;,&quot;orientation&quot;:&quot;1&quot;}\" data-image-title=\"\u201924 Ocak 2019 saat:14.26.33 saniye benim hayat\u0131m\u0131n sona erdi\u011fi g\u00fcn\u2019\" data-image-description=\"&lt;p&gt;\u201924 Ocak 2019 saat:14.26.33 saniye benim hayat\u0131m\u0131n sona erdi\u011fi g\u00fcn\u2019&lt;\/p&gt; \" data-medium-file=\"https:\/\/i0.wp.com\/www.tvturk.com\/wp-content\/uploads\/2019\/04\/24-ocak-2019-saat142633-saniye-benim-hayatimin-sona-erdigi-gun_966b734.jpg?fit=300%2C225\" data-large-file=\"https:\/\/i0.wp.com\/www.tvturk.com\/wp-content\/uploads\/2019\/04\/24-ocak-2019-saat142633-saniye-benim-hayatimin-sona-erdigi-gun_966b734.jpg?fit=960%2C720\" src=\"https:\/\/i0.wp.com\/www.tvturk.com\/wp-content\/uploads\/2019\/04\/24-ocak-2019-saat142633-saniye-benim-hayatimin-sona-erdigi-gun_966b734.jpg?w=180&#038;h=135\" srcset=\"https:\/\/i0.wp.com\/www.tvturk.com\/wp-content\/uploads\/2019\/04\/24-ocak-2019-saat142633-saniye-benim-hayatimin-sona-erdigi-gun_966b734.jpg?w=960 960w, https:\/\/i0.wp.com\/www.tvturk.com\/wp-content\/uploads\/2019\/04\/24-ocak-2019-saat142633-saniye-benim-hayatimin-sona-erdigi-gun_966b734.jpg?resize=150%2C113 150w, https:\/\/i0.wp.com\/www.tvturk.com\/wp-content\/uploads\/2019\/04\/24-ocak-2019-saat142633-saniye-benim-hayatimin-sona-erdigi-gun_966b734.jpg?resize=300%2C225 300w, https:\/\/i0.wp.com\/www.tvturk.com\/wp-content\/uploads\/2019\/04\/24-ocak-2019-saat142633-saniye-benim-hayatimin-sona-erdigi-gun_966b734.jpg?resize=768%2C576 768w\" width=\"180\" height=\"135\" loading=\"lazy\" data-original-width=\"180\" data-original-height=\"135\" itemprop=\"http:\/\/schema.org\/image\" title=\"\u201924 Ocak 2019 saat:14.26.33 saniye benim hayat\u0131m\u0131n sona erdi\u011fi g\u00fcn\u2019\" alt=\"\u201924 Ocak 2019 saat:14.26.33 saniye benim hayat\u0131m\u0131n sona erdi\u011fi g\u00fcn\u2019\" style=\"width: 180px; height: 135px;\" \/> <\/a> <\/div> <\/div> <!-- close group --> <\/div> <!-- close row --> <div class=\"gallery-row\" style=\"width: 500px; height: 390px;\" data-original-width=\"500\" data-original-height=\"390\" > <div class=\"gallery-group images-3\" style=\"width: 207px; height: 390px;\" data-original-width=\"207\" data-original-height=\"390\" > <div class=\"tiled-gallery-item tiled-gallery-item-small\" itemprop=\"associatedMedia\" itemscope itemtype=\"http:\/\/schema.org\/ImageObject\"> <a href=\"http:\/\/www.tvturk.com\/index.php\/24-ocak-2019-saat14-26-33-saniye-benim-hayatimin-sona-erdigi-gun\/24-ocak-2019-saat14-26-33-saniye-benim-hayatimin-sona-erdigi-gun-6\/\" border=\"0\" itemprop=\"url\"> <meta itemprop=\"width\" content=\"203\"> <meta itemprop=\"height\" content=\"124\"> <img decoding=\"async\" class=\"\" data-attachment-id=\"129750\" data-orig-file=\"http:\/\/www.tvturk.com\/wp-content\/uploads\/2019\/04\/24-ocak-2019-saat142633-saniye-benim-hayatimin-sona-erdigi-gun_8103a39.jpg\" data-orig-size=\"865,528\" data-comments-opened=\"\" data-image-meta=\"{&quot;aperture&quot;:&quot;0&quot;,&quot;credit&quot;:&quot;IHA&quot;,&quot;camera&quot;:&quot;&quot;,&quot;caption&quot;:&quot;ANTALYA\\u2019DA 24 OCAK\\u0027TAK\\u0130 HORTUM FELAKET\\u0130 SIRASINDA DEREYE S\\u00dcR\\u00dcKLENEN ARA\\u00c7TAN BULUNAMAYIP, 75 G\\u00dcND\\u00dcR HABER ALINAMAYAN KADER BUSE ACAR\\u2019I ARAMA \\u00c7ALI\\u015eMALARI S\\u00dcRD\\u00dcR\\u00dcL\\u00dcYOR. \\u00c7ALI\\u015eMALARI BA\\u015eINDAN BU YANA TAK\\u0130P EDEN KADER BUSE\\u0027N\\u0130N BABASI AHMET ACAR\\u0027IN, SOSYAL MEDYADAN PAYLA\\u015eIMLARI \\u0130SE Y\\u00dcREKLER\\u0130 BURKTU. (SUAT MET\\u0130N\\\/ANTALYA-\\u0130HA)&quot;,&quot;created_timestamp&quot;:&quot;1554813400&quot;,&quot;copyright&quot;:&quot;\\u0130HLAS HABER AJANSI, www.iha.com.tr&quot;,&quot;focal_length&quot;:&quot;0&quot;,&quot;iso&quot;:&quot;0&quot;,&quot;shutter_speed&quot;:&quot;0&quot;,&quot;title&quot;:&quot;\\u002724 OCAK 2019 SAAT:14.26.33 SAN\\u0130YE BEN\\u0130M HAYATIMIN SONA ERD\\u0130\\u011e\\u0130 G\\u00dcN\\u0027 KAYIP BUSE\\u0027N\\u0130N BABASINDAN Y\\u00dcREKLER\\u0130 YAKAN PAYLA\\u015eIMLAR HORTUM SONRASI ARA\\u00c7LA S\\u00dcR\\u00dcKLEND\\u0130\\u011e\\u0130 DEREDE KAYBOLAN VE 75 G\\u00dcND\\u00dcR KEND\\u0130S\\u0130NDEN HABER ALINAMAYAN KADER BUSE ACAR\\u0027IN BABASININ SOSYAL MEDYADAN PAYLA\\u015eIMLARI Y\\u00dcREKLER\\u0130 BURKTU BABA AHMET ACAR: \\u0022ALLAH\\u2019IM KIZIMIZI BA\\u011eI\\u015eLA, GER\\u0130 G\\u00d6NDER BEN\\u0130M B\\u0130R\\u0130C\\u0130\\u011e\\u0130M\\u0130\\u0022 \\u002224 OCAK 2019 SAAT: 14.26. 33 SAN\\u0130YE BEN\\u0130M HAYATIMIN SONA ERD\\u0130\\u011e\\u0130 G\\u00dcN\\u0022&quot;,&quot;orientation&quot;:&quot;1&quot;}\" data-image-title=\"\u201924 Ocak 2019 saat:14.26.33 saniye benim hayat\u0131m\u0131n sona erdi\u011fi g\u00fcn\u2019\" data-image-description=\"&lt;p&gt;\u201924 Ocak 2019 saat:14.26.33 saniye benim hayat\u0131m\u0131n sona erdi\u011fi g\u00fcn\u2019&lt;\/p&gt; \" data-medium-file=\"https:\/\/i0.wp.com\/www.tvturk.com\/wp-content\/uploads\/2019\/04\/24-ocak-2019-saat142633-saniye-benim-hayatimin-sona-erdigi-gun_8103a39.jpg?fit=300%2C183\" data-large-file=\"https:\/\/i0.wp.com\/www.tvturk.com\/wp-content\/uploads\/2019\/04\/24-ocak-2019-saat142633-saniye-benim-hayatimin-sona-erdigi-gun_8103a39.jpg?fit=865%2C528\" src=\"https:\/\/i0.wp.com\/www.tvturk.com\/wp-content\/uploads\/2019\/04\/24-ocak-2019-saat142633-saniye-benim-hayatimin-sona-erdigi-gun_8103a39.jpg?w=203&#038;h=124\" srcset=\"https:\/\/i0.wp.com\/www.tvturk.com\/wp-content\/uploads\/2019\/04\/24-ocak-2019-saat142633-saniye-benim-hayatimin-sona-erdigi-gun_8103a39.jpg?w=865 865w, https:\/\/i0.wp.com\/www.tvturk.com\/wp-content\/uploads\/2019\/04\/24-ocak-2019-saat142633-saniye-benim-hayatimin-sona-erdigi-gun_8103a39.jpg?resize=150%2C92 150w, https:\/\/i0.wp.com\/www.tvturk.com\/wp-content\/uploads\/2019\/04\/24-ocak-2019-saat142633-saniye-benim-hayatimin-sona-erdigi-gun_8103a39.jpg?resize=300%2C183 300w, https:\/\/i0.wp.com\/www.tvturk.com\/wp-content\/uploads\/2019\/04\/24-ocak-2019-saat142633-saniye-benim-hayatimin-sona-erdigi-gun_8103a39.jpg?resize=768%2C469 768w, https:\/\/i0.wp.com\/www.tvturk.com\/wp-content\/uploads\/2019\/04\/24-ocak-2019-saat142633-saniye-benim-hayatimin-sona-erdigi-gun_8103a39.jpg?resize=243%2C150 243w, https:\/\/i0.wp.com\/www.tvturk.com\/wp-content\/uploads\/2019\/04\/24-ocak-2019-saat142633-saniye-benim-hayatimin-sona-erdigi-gun_8103a39.jpg?resize=187%2C113 187w\" width=\"203\" height=\"124\" loading=\"lazy\" data-original-width=\"203\" data-original-height=\"124\" itemprop=\"http:\/\/schema.org\/image\" title=\"\u201924 Ocak 2019 saat:14.26.33 saniye benim hayat\u0131m\u0131n sona erdi\u011fi g\u00fcn\u2019\" alt=\"\u201924 Ocak 2019 saat:14.26.33 saniye benim hayat\u0131m\u0131n sona erdi\u011fi g\u00fcn\u2019\" style=\"width: 203px; height: 124px;\" \/> <\/a> <\/div> <div class=\"tiled-gallery-item tiled-gallery-item-small\" itemprop=\"associatedMedia\" itemscope itemtype=\"http:\/\/schema.org\/ImageObject\"> <a href=\"http:\/\/www.tvturk.com\/index.php\/24-ocak-2019-saat14-26-33-saniye-benim-hayatimin-sona-erdigi-gun\/24-ocak-2019-saat14-26-33-saniye-benim-hayatimin-sona-erdigi-gun-7\/\" border=\"0\" itemprop=\"url\"> <meta itemprop=\"width\" content=\"203\"> <meta itemprop=\"height\" content=\"125\"> <img decoding=\"async\" class=\"\" data-attachment-id=\"129751\" data-orig-file=\"http:\/\/www.tvturk.com\/wp-content\/uploads\/2019\/04\/24-ocak-2019-saat142633-saniye-benim-hayatimin-sona-erdigi-gun_8d9c0ec.jpg\" data-orig-size=\"885,545\" data-comments-opened=\"\" data-image-meta=\"{&quot;aperture&quot;:&quot;0&quot;,&quot;credit&quot;:&quot;IHA&quot;,&quot;camera&quot;:&quot;&quot;,&quot;caption&quot;:&quot;ANTALYA\\u2019DA 24 OCAK\\u0027TAK\\u0130 HORTUM FELAKET\\u0130 SIRASINDA DEREYE S\\u00dcR\\u00dcKLENEN ARA\\u00c7TAN BULUNAMAYIP, 75 G\\u00dcND\\u00dcR HABER ALINAMAYAN KADER BUSE ACAR\\u2019I ARAMA \\u00c7ALI\\u015eMALARI S\\u00dcRD\\u00dcR\\u00dcL\\u00dcYOR. \\u00c7ALI\\u015eMALARI BA\\u015eINDAN BU YANA TAK\\u0130P EDEN KADER BUSE\\u0027N\\u0130N BABASI AHMET ACAR\\u0027IN, SOSYAL MEDYADAN PAYLA\\u015eIMLARI \\u0130SE Y\\u00dcREKLER\\u0130 BURKTU. (SUAT MET\\u0130N\\\/ANTALYA-\\u0130HA)&quot;,&quot;created_timestamp&quot;:&quot;1554815576&quot;,&quot;copyright&quot;:&quot;\\u0130HLAS HABER AJANSI, www.iha.com.tr&quot;,&quot;focal_length&quot;:&quot;0&quot;,&quot;iso&quot;:&quot;0&quot;,&quot;shutter_speed&quot;:&quot;0&quot;,&quot;title&quot;:&quot;\\u002724 OCAK 2019 SAAT:14.26.33 SAN\\u0130YE BEN\\u0130M HAYATIMIN SONA ERD\\u0130\\u011e\\u0130 G\\u00dcN\\u0027 KAYIP BUSE\\u0027N\\u0130N BABASINDAN Y\\u00dcREKLER\\u0130 YAKAN PAYLA\\u015eIMLAR HORTUM SONRASI ARA\\u00c7LA S\\u00dcR\\u00dcKLEND\\u0130\\u011e\\u0130 DEREDE KAYBOLAN VE 75 G\\u00dcND\\u00dcR KEND\\u0130S\\u0130NDEN HABER ALINAMAYAN KADER BUSE ACAR\\u0027IN BABASININ SOSYAL MEDYADAN PAYLA\\u015eIMLARI Y\\u00dcREKLER\\u0130 BURKTU BABA AHMET ACAR: \\u0022ALLAH\\u2019IM KIZIMIZI BA\\u011eI\\u015eLA, GER\\u0130 G\\u00d6NDER BEN\\u0130M B\\u0130R\\u0130C\\u0130\\u011e\\u0130M\\u0130\\u0022 \\u002224 OCAK 2019 SAAT: 14.26. 33 SAN\\u0130YE BEN\\u0130M HAYATIMIN SONA ERD\\u0130\\u011e\\u0130 G\\u00dcN\\u0022&quot;,&quot;orientation&quot;:&quot;1&quot;}\" data-image-title=\"\u201924 Ocak 2019 saat:14.26.33 saniye benim hayat\u0131m\u0131n sona erdi\u011fi g\u00fcn\u2019\" data-image-description=\"&lt;p&gt;\u201924 Ocak 2019 saat:14.26.33 saniye benim hayat\u0131m\u0131n sona erdi\u011fi g\u00fcn\u2019&lt;\/p&gt; \" data-medium-file=\"https:\/\/i0.wp.com\/www.tvturk.com\/wp-content\/uploads\/2019\/04\/24-ocak-2019-saat142633-saniye-benim-hayatimin-sona-erdigi-gun_8d9c0ec.jpg?fit=300%2C185\" data-large-file=\"https:\/\/i0.wp.com\/www.tvturk.com\/wp-content\/uploads\/2019\/04\/24-ocak-2019-saat142633-saniye-benim-hayatimin-sona-erdigi-gun_8d9c0ec.jpg?fit=885%2C545\" src=\"https:\/\/i0.wp.com\/www.tvturk.com\/wp-content\/uploads\/2019\/04\/24-ocak-2019-saat142633-saniye-benim-hayatimin-sona-erdigi-gun_8d9c0ec.jpg?w=203&#038;h=125\" srcset=\"https:\/\/i0.wp.com\/www.tvturk.com\/wp-content\/uploads\/2019\/04\/24-ocak-2019-saat142633-saniye-benim-hayatimin-sona-erdigi-gun_8d9c0ec.jpg?w=885 885w, https:\/\/i0.wp.com\/www.tvturk.com\/wp-content\/uploads\/2019\/04\/24-ocak-2019-saat142633-saniye-benim-hayatimin-sona-erdigi-gun_8d9c0ec.jpg?resize=150%2C92 150w, https:\/\/i0.wp.com\/www.tvturk.com\/wp-content\/uploads\/2019\/04\/24-ocak-2019-saat142633-saniye-benim-hayatimin-sona-erdigi-gun_8d9c0ec.jpg?resize=300%2C185 300w, https:\/\/i0.wp.com\/www.tvturk.com\/wp-content\/uploads\/2019\/04\/24-ocak-2019-saat142633-saniye-benim-hayatimin-sona-erdigi-gun_8d9c0ec.jpg?resize=768%2C473 768w, https:\/\/i0.wp.com\/www.tvturk.com\/wp-content\/uploads\/2019\/04\/24-ocak-2019-saat142633-saniye-benim-hayatimin-sona-erdigi-gun_8d9c0ec.jpg?resize=243%2C150 243w\" width=\"203\" height=\"125\" loading=\"lazy\" data-original-width=\"203\" data-original-height=\"125\" itemprop=\"http:\/\/schema.org\/image\" title=\"\u201924 Ocak 2019 saat:14.26.33 saniye benim hayat\u0131m\u0131n sona erdi\u011fi g\u00fcn\u2019\" alt=\"\u201924 Ocak 2019 saat:14.26.33 saniye benim hayat\u0131m\u0131n sona erdi\u011fi g\u00fcn\u2019\" style=\"width: 203px; height: 125px;\" \/> <\/a> <\/div> <div class=\"tiled-gallery-item tiled-gallery-item-small\" itemprop=\"associatedMedia\" itemscope itemtype=\"http:\/\/schema.org\/ImageObject\"> <a href=\"http:\/\/www.tvturk.com\/index.php\/24-ocak-2019-saat14-26-33-saniye-benim-hayatimin-sona-erdigi-gun\/24-ocak-2019-saat14-26-33-saniye-benim-hayatimin-sona-erdigi-gun-8\/\" border=\"0\" itemprop=\"url\"> <meta itemprop=\"width\" content=\"203\"> <meta itemprop=\"height\" content=\"129\"> <img decoding=\"async\" class=\"\" data-attachment-id=\"129752\" data-orig-file=\"http:\/\/www.tvturk.com\/wp-content\/uploads\/2019\/04\/24-ocak-2019-saat142633-saniye-benim-hayatimin-sona-erdigi-gun_0bc60ac.jpg\" data-orig-size=\"884,563\" data-comments-opened=\"\" data-image-meta=\"{&quot;aperture&quot;:&quot;0&quot;,&quot;credit&quot;:&quot;IHA&quot;,&quot;camera&quot;:&quot;&quot;,&quot;caption&quot;:&quot;ANTALYA\\u2019DA 24 OCAK\\u0027TAK\\u0130 HORTUM FELAKET\\u0130 SIRASINDA DEREYE S\\u00dcR\\u00dcKLENEN ARA\\u00c7TAN BULUNAMAYIP, 75 G\\u00dcND\\u00dcR HABER ALINAMAYAN KADER BUSE ACAR\\u2019I ARAMA \\u00c7ALI\\u015eMALARI S\\u00dcRD\\u00dcR\\u00dcL\\u00dcYOR. \\u00c7ALI\\u015eMALARI BA\\u015eINDAN BU YANA TAK\\u0130P EDEN KADER BUSE\\u0027N\\u0130N BABASI AHMET ACAR\\u0027IN, SOSYAL MEDYADAN PAYLA\\u015eIMLARI \\u0130SE Y\\u00dcREKLER\\u0130 BURKTU. (SUAT MET\\u0130N\\\/ANTALYA-\\u0130HA)&quot;,&quot;created_timestamp&quot;:&quot;1554813336&quot;,&quot;copyright&quot;:&quot;\\u0130HLAS HABER AJANSI, www.iha.com.tr&quot;,&quot;focal_length&quot;:&quot;0&quot;,&quot;iso&quot;:&quot;0&quot;,&quot;shutter_speed&quot;:&quot;0&quot;,&quot;title&quot;:&quot;\\u002724 OCAK 2019 SAAT:14.26.33 SAN\\u0130YE BEN\\u0130M HAYATIMIN SONA ERD\\u0130\\u011e\\u0130 G\\u00dcN\\u0027 KAYIP BUSE\\u0027N\\u0130N BABASINDAN Y\\u00dcREKLER\\u0130 YAKAN PAYLA\\u015eIMLAR HORTUM SONRASI ARA\\u00c7LA S\\u00dcR\\u00dcKLEND\\u0130\\u011e\\u0130 DEREDE KAYBOLAN VE 75 G\\u00dcND\\u00dcR KEND\\u0130S\\u0130NDEN HABER ALINAMAYAN KADER BUSE ACAR\\u0027IN BABASININ SOSYAL MEDYADAN PAYLA\\u015eIMLARI Y\\u00dcREKLER\\u0130 BURKTU BABA AHMET ACAR: \\u0022ALLAH\\u2019IM KIZIMIZI BA\\u011eI\\u015eLA, GER\\u0130 G\\u00d6NDER BEN\\u0130M B\\u0130R\\u0130C\\u0130\\u011e\\u0130M\\u0130\\u0022 \\u002224 OCAK 2019 SAAT: 14.26. 33 SAN\\u0130YE BEN\\u0130M HAYATIMIN SONA ERD\\u0130\\u011e\\u0130 G\\u00dcN\\u0022&quot;,&quot;orientation&quot;:&quot;1&quot;}\" data-image-title=\"\u201924 Ocak 2019 saat:14.26.33 saniye benim hayat\u0131m\u0131n sona erdi\u011fi g\u00fcn\u2019\" data-image-description=\"&lt;p&gt;\u201924 Ocak 2019 saat:14.26.33 saniye benim hayat\u0131m\u0131n sona erdi\u011fi g\u00fcn\u2019&lt;\/p&gt; \" data-medium-file=\"https:\/\/i0.wp.com\/www.tvturk.com\/wp-content\/uploads\/2019\/04\/24-ocak-2019-saat142633-saniye-benim-hayatimin-sona-erdigi-gun_0bc60ac.jpg?fit=300%2C191\" data-large-file=\"https:\/\/i0.wp.com\/www.tvturk.com\/wp-content\/uploads\/2019\/04\/24-ocak-2019-saat142633-saniye-benim-hayatimin-sona-erdigi-gun_0bc60ac.jpg?fit=884%2C563\" src=\"https:\/\/i0.wp.com\/www.tvturk.com\/wp-content\/uploads\/2019\/04\/24-ocak-2019-saat142633-saniye-benim-hayatimin-sona-erdigi-gun_0bc60ac.jpg?w=203&#038;h=129\" srcset=\"https:\/\/i0.wp.com\/www.tvturk.com\/wp-content\/uploads\/2019\/04\/24-ocak-2019-saat142633-saniye-benim-hayatimin-sona-erdigi-gun_0bc60ac.jpg?w=884 884w, https:\/\/i0.wp.com\/www.tvturk.com\/wp-content\/uploads\/2019\/04\/24-ocak-2019-saat142633-saniye-benim-hayatimin-sona-erdigi-gun_0bc60ac.jpg?resize=150%2C96 150w, https:\/\/i0.wp.com\/www.tvturk.com\/wp-content\/uploads\/2019\/04\/24-ocak-2019-saat142633-saniye-benim-hayatimin-sona-erdigi-gun_0bc60ac.jpg?resize=300%2C191 300w, https:\/\/i0.wp.com\/www.tvturk.com\/wp-content\/uploads\/2019\/04\/24-ocak-2019-saat142633-saniye-benim-hayatimin-sona-erdigi-gun_0bc60ac.jpg?resize=768%2C489 768w, https:\/\/i0.wp.com\/www.tvturk.com\/wp-content\/uploads\/2019\/04\/24-ocak-2019-saat142633-saniye-benim-hayatimin-sona-erdigi-gun_0bc60ac.jpg?resize=460%2C290 460w\" width=\"203\" height=\"129\" loading=\"lazy\" data-original-width=\"203\" data-original-height=\"129\" itemprop=\"http:\/\/schema.org\/image\" title=\"\u201924 Ocak 2019 saat:14.26.33 saniye benim hayat\u0131m\u0131n sona erdi\u011fi g\u00fcn\u2019\" alt=\"\u201924 Ocak 2019 saat:14.26.33 saniye benim hayat\u0131m\u0131n sona erdi\u011fi g\u00fcn\u2019\" style=\"width: 203px; height: 129px;\" \/> <\/a> <\/div> <\/div> <!-- close group --> <div class=\"gallery-group images-1\" style=\"width: 293px; height: 390px;\" data-original-width=\"293\" data-original-height=\"390\" > <div class=\"tiled-gallery-item tiled-gallery-item-large\" itemprop=\"associatedMedia\" itemscope itemtype=\"http:\/\/schema.org\/ImageObject\"> <a href=\"http:\/\/www.tvturk.com\/index.php\/24-ocak-2019-saat14-26-33-saniye-benim-hayatimin-sona-erdigi-gun\/24-ocak-2019-saat14-26-33-saniye-benim-hayatimin-sona-erdigi-gun-9\/\" border=\"0\" itemprop=\"url\"> <meta itemprop=\"width\" content=\"289\"> <meta itemprop=\"height\" content=\"386\"> <img decoding=\"async\" class=\"\" data-attachment-id=\"129753\" data-orig-file=\"http:\/\/www.tvturk.com\/wp-content\/uploads\/2019\/04\/24-ocak-2019-saat142633-saniye-benim-hayatimin-sona-erdigi-gun_1460f7c.jpg\" data-orig-size=\"720,960\" data-comments-opened=\"\" data-image-meta=\"{&quot;aperture&quot;:&quot;0&quot;,&quot;credit&quot;:&quot;IHA&quot;,&quot;camera&quot;:&quot;&quot;,&quot;caption&quot;:&quot;ANTALYA\\u2019DA 24 OCAK\\u0027TAK\\u0130 HORTUM FELAKET\\u0130 SIRASINDA DEREYE S\\u00dcR\\u00dcKLENEN ARA\\u00c7TAN BULUNAMAYIP, 75 G\\u00dcND\\u00dcR HABER ALINAMAYAN KADER BUSE ACAR\\u2019I ARAMA \\u00c7ALI\\u015eMALARI S\\u00dcRD\\u00dcR\\u00dcL\\u00dcYOR. \\u00c7ALI\\u015eMALARI BA\\u015eINDAN BU YANA TAK\\u0130P EDEN KADER BUSE\\u0027N\\u0130N BABASI AHMET ACAR\\u0027IN, SOSYAL MEDYADAN PAYLA\\u015eIMLARI \\u0130SE Y\\u00dcREKLER\\u0130 BURKTU. (SUAT MET\\u0130N\\\/ANTALYA-\\u0130HA)&quot;,&quot;created_timestamp&quot;:&quot;0&quot;,&quot;copyright&quot;:&quot;\\u0130HLAS HABER AJANSI, www.iha.com.tr&quot;,&quot;focal_length&quot;:&quot;0&quot;,&quot;iso&quot;:&quot;0&quot;,&quot;shutter_speed&quot;:&quot;0&quot;,&quot;title&quot;:&quot;\\u002724 OCAK 2019 SAAT:14.26.33 SAN\\u0130YE BEN\\u0130M HAYATIMIN SONA ERD\\u0130\\u011e\\u0130 G\\u00dcN\\u0027 KAYIP BUSE\\u0027N\\u0130N BABASINDAN Y\\u00dcREKLER\\u0130 YAKAN PAYLA\\u015eIMLAR HORTUM SONRASI ARA\\u00c7LA S\\u00dcR\\u00dcKLEND\\u0130\\u011e\\u0130 DEREDE KAYBOLAN VE 75 G\\u00dcND\\u00dcR KEND\\u0130S\\u0130NDEN HABER ALINAMAYAN KADER BUSE ACAR\\u0027IN BABASININ SOSYAL MEDYADAN PAYLA\\u015eIMLARI Y\\u00dcREKLER\\u0130 BURKTU BABA AHMET ACAR: \\u0022ALLAH\\u2019IM KIZIMIZI BA\\u011eI\\u015eLA, GER\\u0130 G\\u00d6NDER BEN\\u0130M B\\u0130R\\u0130C\\u0130\\u011e\\u0130M\\u0130\\u0022 \\u002224 OCAK 2019 SAAT: 14.26. 33 SAN\\u0130YE BEN\\u0130M HAYATIMIN SONA ERD\\u0130\\u011e\\u0130 G\\u00dcN\\u0022&quot;,&quot;orientation&quot;:&quot;1&quot;}\" data-image-title=\"\u201924 Ocak 2019 saat:14.26.33 saniye benim hayat\u0131m\u0131n sona erdi\u011fi g\u00fcn\u2019\" data-image-description=\"&lt;p&gt;\u201924 Ocak 2019 saat:14.26.33 saniye benim hayat\u0131m\u0131n sona erdi\u011fi g\u00fcn\u2019&lt;\/p&gt; \" data-medium-file=\"https:\/\/i0.wp.com\/www.tvturk.com\/wp-content\/uploads\/2019\/04\/24-ocak-2019-saat142633-saniye-benim-hayatimin-sona-erdigi-gun_1460f7c.jpg?fit=225%2C300\" data-large-file=\"https:\/\/i0.wp.com\/www.tvturk.com\/wp-content\/uploads\/2019\/04\/24-ocak-2019-saat142633-saniye-benim-hayatimin-sona-erdigi-gun_1460f7c.jpg?fit=720%2C960\" src=\"https:\/\/i0.wp.com\/www.tvturk.com\/wp-content\/uploads\/2019\/04\/24-ocak-2019-saat142633-saniye-benim-hayatimin-sona-erdigi-gun_1460f7c.jpg?w=289&#038;h=386\" srcset=\"https:\/\/i0.wp.com\/www.tvturk.com\/wp-content\/uploads\/2019\/04\/24-ocak-2019-saat142633-saniye-benim-hayatimin-sona-erdigi-gun_1460f7c.jpg?w=720 720w, https:\/\/i0.wp.com\/www.tvturk.com\/wp-content\/uploads\/2019\/04\/24-ocak-2019-saat142633-saniye-benim-hayatimin-sona-erdigi-gun_1460f7c.jpg?resize=113%2C150 113w, https:\/\/i0.wp.com\/www.tvturk.com\/wp-content\/uploads\/2019\/04\/24-ocak-2019-saat142633-saniye-benim-hayatimin-sona-erdigi-gun_1460f7c.jpg?resize=225%2C300 225w\" width=\"289\" height=\"386\" loading=\"lazy\" data-original-width=\"289\" data-original-height=\"386\" itemprop=\"http:\/\/schema.org\/image\" title=\"\u201924 Ocak 2019 saat:14.26.33 saniye benim hayat\u0131m\u0131n sona erdi\u011fi g\u00fcn\u2019\" alt=\"\u201924 Ocak 2019 saat:14.26.33 saniye benim hayat\u0131m\u0131n sona erdi\u011fi g\u00fcn\u2019\" style=\"width: 289px; height: 386px;\" \/> <\/a> <\/div> <\/div> <!-- close group --> <\/div> <!-- close row --> <div class=\"gallery-row\" style=\"width: 500px; height: 665px;\" data-original-width=\"500\" data-original-height=\"665\" > <div class=\"gallery-group images-1\" style=\"width: 500px; height: 665px;\" data-original-width=\"500\" data-original-height=\"665\" > <div class=\"tiled-gallery-item tiled-gallery-item-large\" itemprop=\"associatedMedia\" itemscope itemtype=\"http:\/\/schema.org\/ImageObject\"> <a href=\"http:\/\/www.tvturk.com\/index.php\/24-ocak-2019-saat14-26-33-saniye-benim-hayatimin-sona-erdigi-gun\/24-ocak-2019-saat14-26-33-saniye-benim-hayatimin-sona-erdigi-gun-10\/\" border=\"0\" itemprop=\"url\"> <meta itemprop=\"width\" content=\"496\"> <meta itemprop=\"height\" content=\"661\"> <img decoding=\"async\" class=\"\" data-attachment-id=\"129754\" data-orig-file=\"http:\/\/www.tvturk.com\/wp-content\/uploads\/2019\/04\/24-ocak-2019-saat142633-saniye-benim-hayatimin-sona-erdigi-gun_6372cfd.jpg\" data-orig-size=\"720,960\" data-comments-opened=\"\" data-image-meta=\"{&quot;aperture&quot;:&quot;0&quot;,&quot;credit&quot;:&quot;IHA&quot;,&quot;camera&quot;:&quot;&quot;,&quot;caption&quot;:&quot;ANTALYA\\u2019DA 24 OCAK\\u0027TAK\\u0130 HORTUM FELAKET\\u0130 SIRASINDA DEREYE S\\u00dcR\\u00dcKLENEN ARA\\u00c7TAN BULUNAMAYIP, 75 G\\u00dcND\\u00dcR HABER ALINAMAYAN KADER BUSE ACAR\\u2019I ARAMA \\u00c7ALI\\u015eMALARI S\\u00dcRD\\u00dcR\\u00dcL\\u00dcYOR. \\u00c7ALI\\u015eMALARI BA\\u015eINDAN BU YANA TAK\\u0130P EDEN KADER BUSE\\u0027N\\u0130N BABASI AHMET ACAR\\u0027IN, SOSYAL MEDYADAN PAYLA\\u015eIMLARI \\u0130SE Y\\u00dcREKLER\\u0130 BURKTU. (SUAT MET\\u0130N\\\/ANTALYA-\\u0130HA)&quot;,&quot;created_timestamp&quot;:&quot;0&quot;,&quot;copyright&quot;:&quot;\\u0130HLAS HABER AJANSI, www.iha.com.tr&quot;,&quot;focal_length&quot;:&quot;0&quot;,&quot;iso&quot;:&quot;0&quot;,&quot;shutter_speed&quot;:&quot;0&quot;,&quot;title&quot;:&quot;\\u002724 OCAK 2019 SAAT:14.26.33 SAN\\u0130YE BEN\\u0130M HAYATIMIN SONA ERD\\u0130\\u011e\\u0130 G\\u00dcN\\u0027 KAYIP BUSE\\u0027N\\u0130N BABASINDAN Y\\u00dcREKLER\\u0130 YAKAN PAYLA\\u015eIMLAR HORTUM SONRASI ARA\\u00c7LA S\\u00dcR\\u00dcKLEND\\u0130\\u011e\\u0130 DEREDE KAYBOLAN VE 75 G\\u00dcND\\u00dcR KEND\\u0130S\\u0130NDEN HABER ALINAMAYAN KADER BUSE ACAR\\u0027IN BABASININ SOSYAL MEDYADAN PAYLA\\u015eIMLARI Y\\u00dcREKLER\\u0130 BURKTU BABA AHMET ACAR: \\u0022ALLAH\\u2019IM KIZIMIZI BA\\u011eI\\u015eLA, GER\\u0130 G\\u00d6NDER BEN\\u0130M B\\u0130R\\u0130C\\u0130\\u011e\\u0130M\\u0130\\u0022 \\u002224 OCAK 2019 SAAT: 14.26. 33 SAN\\u0130YE BEN\\u0130M HAYATIMIN SONA ERD\\u0130\\u011e\\u0130 G\\u00dcN\\u0022&quot;,&quot;orientation&quot;:&quot;1&quot;}\" data-image-title=\"\u201924 Ocak 2019 saat:14.26.33 saniye benim hayat\u0131m\u0131n sona erdi\u011fi g\u00fcn\u2019\" data-image-description=\"&lt;p&gt;\u201924 Ocak 2019 saat:14.26.33 saniye benim hayat\u0131m\u0131n sona erdi\u011fi g\u00fcn\u2019&lt;\/p&gt; \" data-medium-file=\"https:\/\/i0.wp.com\/www.tvturk.com\/wp-content\/uploads\/2019\/04\/24-ocak-2019-saat142633-saniye-benim-hayatimin-sona-erdigi-gun_6372cfd.jpg?fit=225%2C300\" data-large-file=\"https:\/\/i0.wp.com\/www.tvturk.com\/wp-content\/uploads\/2019\/04\/24-ocak-2019-saat142633-saniye-benim-hayatimin-sona-erdigi-gun_6372cfd.jpg?fit=720%2C960\" src=\"https:\/\/i0.wp.com\/www.tvturk.com\/wp-content\/uploads\/2019\/04\/24-ocak-2019-saat142633-saniye-benim-hayatimin-sona-erdigi-gun_6372cfd.jpg?w=496&#038;h=661\" srcset=\"https:\/\/i0.wp.com\/www.tvturk.com\/wp-content\/uploads\/2019\/04\/24-ocak-2019-saat142633-saniye-benim-hayatimin-sona-erdigi-gun_6372cfd.jpg?w=720 720w, https:\/\/i0.wp.com\/www.tvturk.com\/wp-content\/uploads\/2019\/04\/24-ocak-2019-saat142633-saniye-benim-hayatimin-sona-erdigi-gun_6372cfd.jpg?resize=113%2C150 113w, https:\/\/i0.wp.com\/www.tvturk.com\/wp-content\/uploads\/2019\/04\/24-ocak-2019-saat142633-saniye-benim-hayatimin-sona-erdigi-gun_6372cfd.jpg?resize=225%2C300 225w\" width=\"496\" height=\"661\" loading=\"lazy\" data-original-width=\"496\" data-original-height=\"661\" itemprop=\"http:\/\/schema.org\/image\" title=\"\u201924 Ocak 2019 saat:14.26.33 saniye benim hayat\u0131m\u0131n sona erdi\u011fi g\u00fcn\u2019\" alt=\"\u201924 Ocak 2019 saat:14.26.33 saniye benim hayat\u0131m\u0131n sona erdi\u011fi g\u00fcn\u2019\" style=\"width: 496px; height: 661px;\" \/> <\/a> <\/div> <\/div> <!-- close group --> <\/div> <!-- close row --> <\/div><\/p>\n","protected":false},"excerpt":{"rendered":"<p>ANTALYA\u2019DA 24 OCAK&#8217;TAK\u0130 HORTUM FELAKET\u0130 SIRASINDA DEREYE S\u00dcR\u00dcKLENEN ARA\u00c7TAN BULUNAMAYIP, 75 G\u00dcND\u00dcR HABER ALINAMAYAN KADER BUSE ACAR\u2019I ARAMA \u00c7ALI\u015eMALARI S\u00dcRD\u00dcR\u00dcL\u00dcYOR. \u00c7ALI\u015eMALARI BA\u015eINDAN BU YANA TAK\u0130P EDEN KADER BUSE&#8217;N\u0130N BABASI AHMET ACAR&#8217;IN, SOSYAL MEDYADAN PAYLA\u015eIMLARI \u0130SE Y\u00dcREKLER\u0130 BURKTU.<\/p>\n","protected":false},"author":1,"featured_media":129746,"comment_status":"closed","ping_status":"open","sticky":false,"template":"","format":"standard","meta":{"jetpack_post_was_ever_published":false,"_jetpack_newsletter_access":"","_jetpack_dont_email_post_to_subs":false,"_jetpack_newsletter_tier_id":0,"_jetpack_memberships_contains_paywalled_content":false,"_jetpack_memberships_contains_paid_content":false,"footnotes":"","jetpack_publicize_message":"","jetpack_publicize_feature_enabled":true,"jetpack_social_post_already_shared":true,"jetpack_social_options":{"image_generator_settings":{"template":"highway","default_image_id":0,"font":"","enabled":false},"version":2}},"categories":[1],"tags":[2705,13927,13964,28955,2579,22399,210,30224,17642,792],"class_list":["post-129745","post","type-post","status-publish","format-standard","has-post-thumbnail","hentry","category-genel","tag-2705","tag-13927","tag-benim","tag-erdigi","tag-gun","tag-hayatimin","tag-ocak","tag-saat14-26-33","tag-saniye","tag-sona"],"jetpack_publicize_connections":[],"jetpack_featured_media_url":"https:\/\/i0.wp.com\/www.tvturk.com\/wp-content\/uploads\/2019\/04\/24-ocak-2019-saat142633-saniye-benim-hayatimin-sona-erdigi-gun_590cd58.jpg?fit=650%2C500","jetpack_sharing_enabled":true,"jetpack_shortlink":"https:\/\/wp.me\/paKIfm-xKF","_links":{"self":[{"href":"http:\/\/www.tvturk.com\/index.php\/wp-json\/wp\/v2\/posts\/129745","targetHints":{"allow":["GET"]}}],"collection":[{"href":"http:\/\/www.tvturk.com\/index.php\/wp-json\/wp\/v2\/posts"}],"about":[{"href":"http:\/\/www.tvturk.com\/index.php\/wp-json\/wp\/v2\/types\/post"}],"author":[{"embeddable":true,"href":"http:\/\/www.tvturk.com\/index.php\/wp-json\/wp\/v2\/users\/1"}],"replies":[{"embeddable":true,"href":"http:\/\/www.tvturk.com\/index.php\/wp-json\/wp\/v2\/comments?post=129745"}],"version-history":[{"count":1,"href":"http:\/\/www.tvturk.com\/index.php\/wp-json\/wp\/v2\/posts\/129745\/revisions"}],"predecessor-version":[{"id":129755,"href":"http:\/\/www.tvturk.com\/index.php\/wp-json\/wp\/v2\/posts\/129745\/revisions\/129755"}],"wp:featuredmedia":[{"embeddable":true,"href":"http:\/\/www.tvturk.com\/index.php\/wp-json\/wp\/v2\/media\/129746"}],"wp:attachment":[{"href":"http:\/\/www.tvturk.com\/index.php\/wp-json\/wp\/v2\/media?parent=129745"}],"wp:term":[{"taxonomy":"category","embeddable":true,"href":"http:\/\/www.tvturk.com\/index.php\/wp-json\/wp\/v2\/categories?post=129745"},{"taxonomy":"post_tag","embeddable":true,"href":"http:\/\/www.tvturk.com\/index.php\/wp-json\/wp\/v2\/tags?post=129745"}],"curies":[{"name":"wp","href":"https:\/\/api.w.org\/{rel}","templated":true}]}}