{"id":12981,"date":"2019-02-08T16:09:00","date_gmt":"2019-02-08T13:09:00","guid":{"rendered":"http:\/\/www.tvturk.com\/index.php\/preveze-sinifi-denizaltilar-modernize-edilecek\/"},"modified":"2019-02-08T16:09:00","modified_gmt":"2019-02-08T13:09:00","slug":"preveze-sinifi-denizaltilar-modernize-edilecek","status":"publish","type":"post","link":"http:\/\/www.tvturk.com\/index.php\/preveze-sinifi-denizaltilar-modernize-edilecek\/","title":{"rendered":"Preveze s\u0131n\u0131f\u0131 denizalt\u0131lar modernize edilecek"},"content":{"rendered":"<p>Savunma Sanayii Ba\u015fkanl\u0131\u011f\u0131 ile Savunma Teknolojileri M\u00fchendislik ve Ticaret A\u015e-ASELSAN-HAVELSAN-ASFAT i\u015f ortakl\u0131\u011f\u0131 aras\u0131nda imzalanan s\u00f6zle\u015fme ile Preveze s\u0131n\u0131f\u0131 denizalt\u0131lar modernize edilecek.<\/p>\n<p>Savunma Sanayii Ba\u015fkanl\u0131\u011f\u0131nda ger\u00e7ekle\u015ftirilen imza t\u00f6renine Savunma Sanayii Ba\u015fkan\u0131 \u0130smail Demir, Genelkurmay Ba\u015fkanl\u0131\u011f\u0131, Deniz Kuvvetleri Komutanl\u0131\u011f\u0131 ve projede g\u00f6rev alacak \u015firketlerin temsilcileri kat\u0131ld\u0131. Proje kapsam\u0131nda Deniz Kuvvetleri Komutanl\u0131\u011f\u0131n\u0131n envanterinde bulunan d\u00f6rt adet Preveze s\u0131n\u0131f\u0131 denizalt\u0131n\u0131n mevcut sistemleri yenilenecek ve denizalt\u0131lar deniz harekat\u0131 kapsam\u0131nda yeni kabiliyetler kazanacak. Modernize edilecek d\u00f6rt denizalt\u0131 s\u0131ras\u0131yla 2023, 2024, 2026 ve 2027 y\u0131llar\u0131nda hizmete girecek.<\/p>\n","protected":false},"excerpt":{"rendered":"<p>SAVUNMA SANAY\u0130\u0130 BA\u015eKANLI\u011eI \u0130LE SAVUNMA TEKNOLOJ\u0130LER\u0130 M\u00dcHEND\u0130SL\u0130K VE T\u0130CARET A\u015e-ASELSAN-HAVELSAN-ASFAT \u0130\u015e ORTAKLI\u011eI ARASINDA \u0130MZALANAN S\u00d6ZLE\u015eME \u0130LE PREVEZE SINIFI DEN\u0130ZALTILAR MODERN\u0130ZE ED\u0130LECEK.<\/p>\n","protected":false},"author":1,"featured_media":12982,"comment_status":"closed","ping_status":"open","sticky":false,"template":"","format":"standard","meta":{"jetpack_post_was_ever_published":false,"_jetpack_newsletter_access":"","_jetpack_dont_email_post_to_subs":false,"_jetpack_newsletter_tier_id":0,"_jetpack_memberships_contains_paywalled_content":false,"_jetpack_memberships_contains_paid_content":false,"footnotes":"","jetpack_publicize_message":"","jetpack_publicize_feature_enabled":true,"jetpack_social_post_already_shared":false,"jetpack_social_options":{"image_generator_settings":{"template":"highway","default_image_id":0,"font":"","enabled":false},"version":2}},"categories":[655],"tags":[6569,6119,6570,6568,2870],"class_list":["post-12981","post","type-post","status-publish","format-standard","has-post-thumbnail","hentry","category-son-dakika","tag-denizaltilar","tag-edilecek","tag-modernize","tag-preveze","tag-sinifi"],"jetpack_publicize_connections":[],"jetpack_featured_media_url":"https:\/\/i0.wp.com\/www.tvturk.com\/wp-content\/uploads\/2019\/02\/preveze-sinifi-denizaltilar-modernize-edilecek_37b18c5.jpg?fit=1000%2C683","jetpack_sharing_enabled":true,"jetpack_shortlink":"https:\/\/wp.me\/paKIfm-3nn","_links":{"self":[{"href":"http:\/\/www.tvturk.com\/index.php\/wp-json\/wp\/v2\/posts\/12981","targetHints":{"allow":["GET"]}}],"collection":[{"href":"http:\/\/www.tvturk.com\/index.php\/wp-json\/wp\/v2\/posts"}],"about":[{"href":"http:\/\/www.tvturk.com\/index.php\/wp-json\/wp\/v2\/types\/post"}],"author":[{"embeddable":true,"href":"http:\/\/www.tvturk.com\/index.php\/wp-json\/wp\/v2\/users\/1"}],"replies":[{"embeddable":true,"href":"http:\/\/www.tvturk.com\/index.php\/wp-json\/wp\/v2\/comments?post=12981"}],"version-history":[{"count":0,"href":"http:\/\/www.tvturk.com\/index.php\/wp-json\/wp\/v2\/posts\/12981\/revisions"}],"wp:featuredmedia":[{"embeddable":true,"href":"http:\/\/www.tvturk.com\/index.php\/wp-json\/wp\/v2\/media\/12982"}],"wp:attachment":[{"href":"http:\/\/www.tvturk.com\/index.php\/wp-json\/wp\/v2\/media?parent=12981"}],"wp:term":[{"taxonomy":"category","embeddable":true,"href":"http:\/\/www.tvturk.com\/index.php\/wp-json\/wp\/v2\/categories?post=12981"},{"taxonomy":"post_tag","embeddable":true,"href":"http:\/\/www.tvturk.com\/index.php\/wp-json\/wp\/v2\/tags?post=12981"}],"curies":[{"name":"wp","href":"https:\/\/api.w.org\/{rel}","templated":true}]}}