{"id":130086,"date":"2019-04-09T18:50:33","date_gmt":"2019-04-09T15:50:33","guid":{"rendered":"http:\/\/www.tvturk.com\/index.php\/abdde-altin-madalya-kazanan-sumeyye-boyaci-yurda-dondu\/"},"modified":"2019-04-09T18:50:35","modified_gmt":"2019-04-09T15:50:35","slug":"abdde-altin-madalya-kazanan-sumeyye-boyaci-yurda-dondu","status":"publish","type":"post","link":"http:\/\/www.tvturk.com\/index.php\/abdde-altin-madalya-kazanan-sumeyye-boyaci-yurda-dondu\/","title":{"rendered":"ABD\u2019de alt\u0131n madalya kazanan S\u00fcmeyye Boyac\u0131, yurda d\u00f6nd\u00fc"},"content":{"rendered":"<p>ABD\u2019de d\u00fczenlenen Paralimpik Y\u00fczme Serisi\u2019nde 50 metre s\u0131rt\u00fcst\u00fc kategorisinde 45.28\u2019lik derecesiyle alt\u0131n madalya kazanan bedensel engelli milli y\u00fcz\u00fcc\u00fc S\u00fcmeyye Boyac\u0131, yurda d\u00f6nd\u00fc. Milli y\u00fcz\u00fcc\u00fc bir sonraki hedefinin d\u00fcnya ve olimpiyat \u015fampiyonlu\u011fu oldu\u011funu ifade etti.<\/p>\n<p>Amerika Birle\u015fik Devletleri\u2019nin Indianapolis kentinde d\u00fczenlenen D\u00fcnya Paralimpik Y\u00fczme Serisi\u2019nde T\u00fcrkiye\u2019yi temsil eden Avrupa \u015fampiyonu bedensel engelli milli y\u00fcz\u00fcc\u00fc S\u00fcmeyye Boyac\u0131, 50 metre s\u0131rt\u00fcst\u00fc kategorisinde 45.28\u2019lik derecesiyle alt\u0131n madalya kazand\u0131. Yar\u0131\u015fman\u0131n ard\u0131ndan 16 ya\u015f\u0131ndaki milli y\u00fcz\u00fcc\u00fc yurda d\u00f6nd\u00fc.<\/p>\n<p>\u201cBu ba\u015far\u0131y\u0131 elde etmek \u00e7ok gurur vericiydi\u201d<\/p>\n<p>Yar\u0131\u015fman\u0131n ard\u0131ndan T\u00fcrk Hava Yollar\u0131\u2019n\u0131n tarifeli u\u00e7a\u011f\u0131yla ABD\u2019den T\u00fcrkiye\u2019ye d\u00f6nen milli sporcu, \u0130stanbul Havaliman\u0131\u2019nda bas\u0131n mensuplar\u0131na yapt\u0131\u011f\u0131 de\u011ferlendirmede tarihi ba\u015far\u0131 elde etmenin gururuyla yurda d\u00f6nd\u00fc\u011f\u00fcn\u00fc ifade etti. Yar\u0131\u015fman\u0131n zorlu ge\u00e7ti\u011fini dile getiren S\u00fcmeyye Boyac\u0131, \u201c\u00c7ok heyecanl\u0131y\u0131m benim i\u00e7in ger\u00e7ekten \u00e7ok zor bir yar\u0131\u015fmayd\u0131. Bu nedenle bu ba\u015far\u0131y\u0131 elde etmek \u00e7ok daha gurur vericiydi. \u00d6ncelikle ilk g\u00fcnk\u00fc yar\u0131\u015f\u0131mda kendi alan\u0131mda 200 metrede birinci, 100 metrede de ikinci oldum. Yar\u0131\u015flarda finale kald\u0131m. 50 metredeki yar\u0131\u015f\u0131mda s\u0131rt\u00fcst\u00fc kategorisinde t\u00fcm rakiplerimi ge\u00e7erek birinci oldum\u201d dedi.<\/p>\n<p>&#8220;Bir sonraki hedef, d\u00fcnya ve olimpiyat \u015fampiyonlu\u011fu&#8221;<\/p>\n<p>Gelece\u011fe y\u00f6nelik hedeflerini de s\u0131rlayan milli y\u00fcz\u00fcc\u00fc S\u00fcmeyye Boyac\u0131, \u201cBundan sonraki hedeflerimde Singapur; sonra \u0130talya ve di\u011fer \u00fclkeler var. En sonda ise bu y\u0131l\u0131n sonunda yap\u0131lacak d\u00fcnya \u015fampiyonas\u0131 var. Bu \u015fampiyonada birinci olmak istiyorum. Cumhuriyet tarihimizin ilk kad\u0131n Avrupa \u015eampiyonu olarak tarihe ismimizi yazd\u0131rmak istiyorum. Daha sonra 2020 Tokyo olimpiyatlar\u0131 var. \u015eu ana kadar hi\u00e7 y\u00fczmede olimpiyat \u015fampiyonlu\u011fum olmad\u0131. Ben ilk olmak istiyorum\u201d ifadelerine yer verdi.<\/p>\n<p>\u201cT\u00fcrkiye ad\u0131na kat\u0131ld\u0131\u011f\u0131m\u0131z bir yar\u0131\u015fmayd\u0131 bu y\u00fczden \u00e7ok gururluyuz\u201d<\/p>\n<p>Milli y\u00fcz\u00fcc\u00fc S\u00fcmeyye Boyac\u0131 ile beraber ABD\u2019ye giderek yar\u0131\u015fman\u0131n her a\u015famas\u0131nda yan\u0131nda olan Fizyoterapisti Sercan Y\u0131ll\u0131 ise, \u201cAlt\u0131n madalya ald\u0131k \u00f6ncelikle \u00e7ok mutluyuz. 19 \u00fclkeden 160 sporcunun kat\u0131ld\u0131\u011f\u0131 bir yar\u0131\u015fmayd\u0131 ve ilk defa T\u00fcrkiye ad\u0131na kat\u0131ld\u0131\u011f\u0131m\u0131z bir yar\u0131\u015fmayd\u0131. Bu y\u00fczden \u00e7ok mutlu ve gururluyuz. S\u00fcmeyye kendi bran\u015f\u0131nda 50 metre s\u0131rt\u00fcst\u00fcnde alt\u0131n madalya ald\u0131. B\u00fct\u00fcn engel gruplar\u0131nda bu alt\u0131n madalyay\u0131 asl\u0131nda\u201d \u015feklinde konu\u015ftu.<div class=\"tiled-gallery type-rectangular tiled-gallery-unresized\" data-original-width=\"500\" data-carousel-extra='null' itemscope itemtype=\"http:\/\/schema.org\/ImageGallery\" > <div class=\"gallery-row\" style=\"width: 500px; height: 388px;\" data-original-width=\"500\" data-original-height=\"388\" > <div class=\"gallery-group images-1\" style=\"width: 260px; height: 388px;\" data-original-width=\"260\" data-original-height=\"388\" > <div class=\"tiled-gallery-item tiled-gallery-item-large\" itemprop=\"associatedMedia\" itemscope itemtype=\"http:\/\/schema.org\/ImageObject\"> <a href=\"http:\/\/www.tvturk.com\/index.php\/abdde-altin-madalya-kazanan-sumeyye-boyaci-yurda-dondu\/abdde-altin-madalya-kazanan-sumeyye-boyaci-yurda-dondu-3\/\" border=\"0\" itemprop=\"url\"> <meta itemprop=\"width\" content=\"256\"> <meta itemprop=\"height\" content=\"384\"> <img decoding=\"async\" class=\"\" data-attachment-id=\"130088\" data-orig-file=\"http:\/\/www.tvturk.com\/wp-content\/uploads\/2019\/04\/abdde-altin-madalya-kazanan-sumeyye-boyaci-yurda-dondu_910166d.jpg\" data-orig-size=\"666,1000\" data-comments-opened=\"\" data-image-meta=\"{&quot;aperture&quot;:&quot;0&quot;,&quot;credit&quot;:&quot;IHA&quot;,&quot;camera&quot;:&quot;&quot;,&quot;caption&quot;:&quot;ABD\\u0027DE D\\u00dcZENLENEN PARAL\\u0130MP\\u0130K Y\\u00dcZME SER\\u0130S\\u0130\\u0027NDE 50 METRE SIRT\\u00dcST\\u00dc KATEGOR\\u0130S\\u0130NDE 45.28\\u0027L\\u0130K DERECES\\u0130YLE ALTIN MADALYA KAZANAN BEDENSEL ENGELL\\u0130 M\\u0130LL\\u0130 Y\\u00dcZ\\u00dcC\\u00dc S\\u00dcMEYYE BOYACI, YURDA D\\u00d6ND\\u00dc. M\\u0130LL\\u0130 Y\\u00dcZ\\u00dcC\\u00dc B\\u0130R SONRAK\\u0130 HEDEF\\u0130N\\u0130N D\\u00dcNYA VE OL\\u0130MP\\u0130YAT \\u015eAMP\\u0130YONLU\\u011eU OLDU\\u011eUNU \\u0130FADE ETT\\u0130. (FERHAT YASAK - TUNCER CENG\\u0130Z\\\/\\u0130STANBUL-\\u0130HA)&quot;,&quot;created_timestamp&quot;:&quot;0&quot;,&quot;copyright&quot;:&quot;\\u0130HLAS HABER AJANSI, www.iha.com.tr&quot;,&quot;focal_length&quot;:&quot;0&quot;,&quot;iso&quot;:&quot;0&quot;,&quot;shutter_speed&quot;:&quot;0&quot;,&quot;title&quot;:&quot;ABD\\u2019DE ALTIN MADALYA KAZANAN S\\u00dcMEYYE BOYACI, YURDA D\\u00d6ND\\u00dc&quot;,&quot;orientation&quot;:&quot;0&quot;}\" data-image-title=\"ABD\u2019de alt\u0131n madalya kazanan S\u00fcmeyye Boyac\u0131, yurda d\u00f6nd\u00fc\" data-image-description=\"&lt;p&gt;ABD\u2019de alt\u0131n madalya kazanan S\u00fcmeyye Boyac\u0131, yurda d\u00f6nd\u00fc&lt;\/p&gt; \" data-medium-file=\"https:\/\/i0.wp.com\/www.tvturk.com\/wp-content\/uploads\/2019\/04\/abdde-altin-madalya-kazanan-sumeyye-boyaci-yurda-dondu_910166d.jpg?fit=200%2C300\" data-large-file=\"https:\/\/i0.wp.com\/www.tvturk.com\/wp-content\/uploads\/2019\/04\/abdde-altin-madalya-kazanan-sumeyye-boyaci-yurda-dondu_910166d.jpg?fit=666%2C1000\" src=\"https:\/\/i0.wp.com\/www.tvturk.com\/wp-content\/uploads\/2019\/04\/abdde-altin-madalya-kazanan-sumeyye-boyaci-yurda-dondu_910166d.jpg?w=256&#038;h=384\" srcset=\"https:\/\/i0.wp.com\/www.tvturk.com\/wp-content\/uploads\/2019\/04\/abdde-altin-madalya-kazanan-sumeyye-boyaci-yurda-dondu_910166d.jpg?w=666 666w, https:\/\/i0.wp.com\/www.tvturk.com\/wp-content\/uploads\/2019\/04\/abdde-altin-madalya-kazanan-sumeyye-boyaci-yurda-dondu_910166d.jpg?resize=100%2C150 100w, https:\/\/i0.wp.com\/www.tvturk.com\/wp-content\/uploads\/2019\/04\/abdde-altin-madalya-kazanan-sumeyye-boyaci-yurda-dondu_910166d.jpg?resize=200%2C300 200w\" width=\"256\" height=\"384\" loading=\"lazy\" data-original-width=\"256\" data-original-height=\"384\" itemprop=\"http:\/\/schema.org\/image\" title=\"ABD\u2019de alt\u0131n madalya kazanan S\u00fcmeyye Boyac\u0131, yurda d\u00f6nd\u00fc\" alt=\"ABD\u2019de alt\u0131n madalya kazanan S\u00fcmeyye Boyac\u0131, yurda d\u00f6nd\u00fc\" style=\"width: 256px; height: 384px;\" \/> <\/a> <\/div> <\/div> <!-- close group --> <div class=\"gallery-group images-1\" style=\"width: 240px; height: 388px;\" data-original-width=\"240\" data-original-height=\"388\" > <div class=\"tiled-gallery-item tiled-gallery-item-small\" itemprop=\"associatedMedia\" itemscope itemtype=\"http:\/\/schema.org\/ImageObject\"> <a href=\"http:\/\/www.tvturk.com\/index.php\/abdde-altin-madalya-kazanan-sumeyye-boyaci-yurda-dondu\/abdde-altin-madalya-kazanan-sumeyye-boyaci-yurda-dondu-4\/\" border=\"0\" itemprop=\"url\"> <meta itemprop=\"width\" content=\"236\"> <meta itemprop=\"height\" content=\"384\"> <img decoding=\"async\" class=\"\" data-attachment-id=\"130089\" data-orig-file=\"http:\/\/www.tvturk.com\/wp-content\/uploads\/2019\/04\/abdde-altin-madalya-kazanan-sumeyye-boyaci-yurda-dondu_fcd754a.jpg\" data-orig-size=\"616,1000\" data-comments-opened=\"\" data-image-meta=\"{&quot;aperture&quot;:&quot;0&quot;,&quot;credit&quot;:&quot;IHA&quot;,&quot;camera&quot;:&quot;&quot;,&quot;caption&quot;:&quot;ABD\\u0027DE D\\u00dcZENLENEN PARAL\\u0130MP\\u0130K Y\\u00dcZME SER\\u0130S\\u0130\\u0027NDE 50 METRE SIRT\\u00dcST\\u00dc KATEGOR\\u0130S\\u0130NDE 45.28\\u0027L\\u0130K DERECES\\u0130YLE ALTIN MADALYA KAZANAN BEDENSEL ENGELL\\u0130 M\\u0130LL\\u0130 Y\\u00dcZ\\u00dcC\\u00dc S\\u00dcMEYYE BOYACI, YURDA D\\u00d6ND\\u00dc. M\\u0130LL\\u0130 Y\\u00dcZ\\u00dcC\\u00dc B\\u0130R SONRAK\\u0130 HEDEF\\u0130N\\u0130N D\\u00dcNYA VE OL\\u0130MP\\u0130YAT \\u015eAMP\\u0130YONLU\\u011eU OLDU\\u011eUNU \\u0130FADE ETT\\u0130. (FERHAT YASAK - TUNCER CENG\\u0130Z\\\/\\u0130STANBUL-\\u0130HA)&quot;,&quot;created_timestamp&quot;:&quot;0&quot;,&quot;copyright&quot;:&quot;\\u0130HLAS HABER AJANSI, www.iha.com.tr&quot;,&quot;focal_length&quot;:&quot;0&quot;,&quot;iso&quot;:&quot;0&quot;,&quot;shutter_speed&quot;:&quot;0&quot;,&quot;title&quot;:&quot;ABD\\u2019DE ALTIN MADALYA KAZANAN S\\u00dcMEYYE BOYACI, YURDA D\\u00d6ND\\u00dc&quot;,&quot;orientation&quot;:&quot;0&quot;}\" data-image-title=\"ABD\u2019de alt\u0131n madalya kazanan S\u00fcmeyye Boyac\u0131, yurda d\u00f6nd\u00fc\" data-image-description=\"&lt;p&gt;ABD\u2019de alt\u0131n madalya kazanan S\u00fcmeyye Boyac\u0131, yurda d\u00f6nd\u00fc&lt;\/p&gt; \" data-medium-file=\"https:\/\/i0.wp.com\/www.tvturk.com\/wp-content\/uploads\/2019\/04\/abdde-altin-madalya-kazanan-sumeyye-boyaci-yurda-dondu_fcd754a.jpg?fit=185%2C300\" data-large-file=\"https:\/\/i0.wp.com\/www.tvturk.com\/wp-content\/uploads\/2019\/04\/abdde-altin-madalya-kazanan-sumeyye-boyaci-yurda-dondu_fcd754a.jpg?fit=616%2C1000\" src=\"https:\/\/i0.wp.com\/www.tvturk.com\/wp-content\/uploads\/2019\/04\/abdde-altin-madalya-kazanan-sumeyye-boyaci-yurda-dondu_fcd754a.jpg?w=236&#038;h=384\" srcset=\"https:\/\/i0.wp.com\/www.tvturk.com\/wp-content\/uploads\/2019\/04\/abdde-altin-madalya-kazanan-sumeyye-boyaci-yurda-dondu_fcd754a.jpg?w=616 616w, https:\/\/i0.wp.com\/www.tvturk.com\/wp-content\/uploads\/2019\/04\/abdde-altin-madalya-kazanan-sumeyye-boyaci-yurda-dondu_fcd754a.jpg?resize=92%2C150 92w, https:\/\/i0.wp.com\/www.tvturk.com\/wp-content\/uploads\/2019\/04\/abdde-altin-madalya-kazanan-sumeyye-boyaci-yurda-dondu_fcd754a.jpg?resize=185%2C300 185w\" width=\"236\" height=\"384\" loading=\"lazy\" data-original-width=\"236\" data-original-height=\"384\" itemprop=\"http:\/\/schema.org\/image\" title=\"ABD\u2019de alt\u0131n madalya kazanan S\u00fcmeyye Boyac\u0131, yurda d\u00f6nd\u00fc\" alt=\"ABD\u2019de alt\u0131n madalya kazanan S\u00fcmeyye Boyac\u0131, yurda d\u00f6nd\u00fc\" style=\"width: 236px; height: 384px;\" \/> <\/a> <\/div> <\/div> <!-- close group --> <\/div> <!-- close row --> <\/div><\/p>\n","protected":false},"excerpt":{"rendered":"<p>ABD&#8217;DE D\u00dcZENLENEN PARAL\u0130MP\u0130K Y\u00dcZME SER\u0130S\u0130&#8217;NDE 50 METRE SIRT\u00dcST\u00dc KATEGOR\u0130S\u0130NDE 45.28&#8217;L\u0130K DERECES\u0130YLE ALTIN MADALYA KAZANAN BEDENSEL ENGELL\u0130 M\u0130LL\u0130 Y\u00dcZ\u00dcC\u00dc S\u00dcMEYYE BOYACI, YURDA D\u00d6ND\u00dc. M\u0130LL\u0130 Y\u00dcZ\u00dcC\u00dc B\u0130R SONRAK\u0130 HEDEF\u0130N\u0130N D\u00dcNYA VE OL\u0130MP\u0130YAT \u015eAMP\u0130YONLU\u011eU OLDU\u011eUNU \u0130FADE ETT\u0130.<\/p>\n","protected":false},"author":1,"featured_media":130087,"comment_status":"closed","ping_status":"open","sticky":false,"template":"","format":"standard","meta":{"jetpack_post_was_ever_published":false,"_jetpack_newsletter_access":"","_jetpack_dont_email_post_to_subs":false,"_jetpack_newsletter_tier_id":0,"_jetpack_memberships_contains_paywalled_content":false,"_jetpack_memberships_contains_paid_content":false,"footnotes":"","jetpack_publicize_message":"","jetpack_publicize_feature_enabled":true,"jetpack_social_post_already_shared":true,"jetpack_social_options":{"image_generator_settings":{"template":"highway","default_image_id":0,"font":"","enabled":false},"version":2}},"categories":[657],"tags":[5035,596,28916,990,7248,3800,28915,10458],"class_list":["post-130086","post","type-post","status-publish","format-standard","has-post-thumbnail","hentry","category-spor","tag-abdde","tag-altin","tag-boyaci","tag-dondu","tag-kazanan","tag-madalya","tag-sumeyye","tag-yurda"],"jetpack_publicize_connections":[],"jetpack_featured_media_url":"https:\/\/i0.wp.com\/www.tvturk.com\/wp-content\/uploads\/2019\/04\/abdde-altin-madalya-kazanan-sumeyye-boyaci-yurda-dondu_6947467.jpg?fit=1000%2C802","jetpack_sharing_enabled":true,"jetpack_shortlink":"https:\/\/wp.me\/paKIfm-xQa","_links":{"self":[{"href":"http:\/\/www.tvturk.com\/index.php\/wp-json\/wp\/v2\/posts\/130086","targetHints":{"allow":["GET"]}}],"collection":[{"href":"http:\/\/www.tvturk.com\/index.php\/wp-json\/wp\/v2\/posts"}],"about":[{"href":"http:\/\/www.tvturk.com\/index.php\/wp-json\/wp\/v2\/types\/post"}],"author":[{"embeddable":true,"href":"http:\/\/www.tvturk.com\/index.php\/wp-json\/wp\/v2\/users\/1"}],"replies":[{"embeddable":true,"href":"http:\/\/www.tvturk.com\/index.php\/wp-json\/wp\/v2\/comments?post=130086"}],"version-history":[{"count":1,"href":"http:\/\/www.tvturk.com\/index.php\/wp-json\/wp\/v2\/posts\/130086\/revisions"}],"predecessor-version":[{"id":130090,"href":"http:\/\/www.tvturk.com\/index.php\/wp-json\/wp\/v2\/posts\/130086\/revisions\/130090"}],"wp:featuredmedia":[{"embeddable":true,"href":"http:\/\/www.tvturk.com\/index.php\/wp-json\/wp\/v2\/media\/130087"}],"wp:attachment":[{"href":"http:\/\/www.tvturk.com\/index.php\/wp-json\/wp\/v2\/media?parent=130086"}],"wp:term":[{"taxonomy":"category","embeddable":true,"href":"http:\/\/www.tvturk.com\/index.php\/wp-json\/wp\/v2\/categories?post=130086"},{"taxonomy":"post_tag","embeddable":true,"href":"http:\/\/www.tvturk.com\/index.php\/wp-json\/wp\/v2\/tags?post=130086"}],"curies":[{"name":"wp","href":"https:\/\/api.w.org\/{rel}","templated":true}]}}