{"id":130165,"date":"2019-04-09T22:13:10","date_gmt":"2019-04-09T19:13:10","guid":{"rendered":"http:\/\/www.tvturk.com\/index.php\/isparta-emniyetinden-sehit-ve-gaziler-onuruna-vefa-yemegi\/"},"modified":"2019-04-09T22:13:14","modified_gmt":"2019-04-09T19:13:14","slug":"isparta-emniyetinden-sehit-ve-gaziler-onuruna-vefa-yemegi","status":"publish","type":"post","link":"http:\/\/www.tvturk.com\/index.php\/isparta-emniyetinden-sehit-ve-gaziler-onuruna-vefa-yemegi\/","title":{"rendered":"Isparta Emniyetinden \u015fehit ve gaziler onuruna vefa yeme\u011fi"},"content":{"rendered":"<p>Isparta\u2019da \u0130l Emniyet M\u00fcd\u00fcrl\u00fc\u011f\u00fc taraf\u0131ndan Polis Haftas\u0131 m\u00fcnasebetiyle \u015fehit ve gaziler onuruna yemek verildi. Emniyet M\u00fcd\u00fcrl\u00fc\u011f\u00fc ad\u0131na yemekte konu\u015fan Komiser Yard\u0131mc\u0131s\u0131 Gamze Ba\u015fg\u00f6n\u00fcl, \u201cAziz \u015fehitlerimize ve kahraman gazilerimize sonsuz minnet ve \u015f\u00fckran bor\u00e7luyuz.\u201d dedi.<\/p>\n<p>T\u00fcrk Polis Te\u015fkilat\u0131\u2019n\u0131n 174. kurulu\u015f y\u0131l d\u00f6n\u00fcm\u00fc ve Polis Haftas\u0131 m\u00fcnasebetiyle, Isparta \u0130l Emniyet M\u00fcd\u00fcrl\u00fc\u011f\u00fc taraf\u0131ndan \u015fehitler, gaziler ve gazi ailelerine y\u00f6nelik yemek program\u0131 d\u00fczenlendi. Isparta Polis Evi\u2019nde d\u00fczenlenen programa \u0130l Emniyet M\u00fcd\u00fcr\u00fc Halil Turan Erol, Emniyet M\u00fcd\u00fcr Yard\u0131mc\u0131lar\u0131 Cengiz Sa\u011flam, Kamuran Ko\u00e7, B\u00fclent Akba\u015f, \u015fube m\u00fcd\u00fcrleri, amir, komiser ve farkl\u0131 \u015fubelerden \u00e7ok say\u0131da polis memuru kat\u0131ld\u0131. Programda, \u0130l Emniyet M\u00fcd\u00fcr\u00fc Erol ve Emniyet M\u00fcd\u00fcr Yard\u0131mc\u0131s\u0131 Sa\u011flam, \u0130stanbul Be\u015fikta\u015f\u2019ta 2016 y\u0131l\u0131nda \u015fehit olan Ispartal\u0131 polis memuru Durmu\u015f \u00d6cal\u2019\u0131n ailesiyle ayn\u0131 masay\u0131 payla\u015f\u0131rken, di\u011fer polis m\u00fcd\u00fcrleri ve amirler de \u015fehit ailelerinin bulundu\u011fu di\u011fer masalarda yer ald\u0131.<\/p>\n<p>\u201cAziz \u015fehitlerimize ve kahraman gazilerimize sonsuz minnet ve \u015f\u00fckran bor\u00e7luyuz\u201d<\/p>\n<p>Isparta Emniyet M\u00fcd\u00fcrl\u00fc\u011f\u00fc ad\u0131na g\u00fcn\u00fcn anlam ve \u00f6nemini belirten konu\u015fmay\u0131 yapan Komiser Yard\u0131mc\u0131s\u0131 Gamze Ba\u015fg\u00f6n\u00fcl, \u201cAziz \u015fehitlerimizin de\u011ferli aileleri ve kahraman gazilerimiz, te\u015fkilat\u0131m\u0131z\u0131n 174. y\u0131l d\u00f6n\u00fcm\u00fc m\u00fcnasebetiyle d\u00fczenlemi\u015f oldu\u011fumuz yemek davetimize ho\u015f geldiniz, \u015feref verdiniz. Aziz \u015fehitlerimize ve kahraman gazilerimize sonsuz minnet ve \u015f\u00fckran bor\u00e7luyuz. Sizler, en de\u011ferli varl\u0131klar\u0131n\u0131z\u0131 bu vatan i\u00e7in \u015fehit verdiniz. Ondan daha k\u0131ymetli, bundan daha b\u00fcy\u00fck bir fedakarl\u0131k yoktur. Onlar\u0131n bu kahramanl\u0131klar\u0131 ve fedakarl\u0131klar\u0131, bizim i\u00e7in varl\u0131k sebebi olmu\u015ftur. \u015eehitlerimize Allah\u2019tan rahmet diliyorum, ruhlar\u0131 \u015fad, mekanlar\u0131 cennet olsun. Gazilerimize acil \u015fifalar diliyorum. Bu yemekte bizlerle beraber oldu\u011funuz i\u00e7in hepinize \u015f\u00fckranlar\u0131m\u0131 arz ediyorum.\u201d dedi.<\/p>\n<p>Yemek sonras\u0131nda Kur\u2019an-\u0131 Kerim tilaveti ile devam eden program dualar edilerek son buldu.<div class=\"tiled-gallery type-rectangular tiled-gallery-unresized\" data-original-width=\"500\" data-carousel-extra='null' itemscope itemtype=\"http:\/\/schema.org\/ImageGallery\" > <div class=\"gallery-row\" style=\"width: 500px; height: 224px;\" data-original-width=\"500\" data-original-height=\"224\" > <div class=\"gallery-group images-1\" style=\"width: 334px; height: 224px;\" data-original-width=\"334\" data-original-height=\"224\" > <div class=\"tiled-gallery-item tiled-gallery-item-large\" itemprop=\"associatedMedia\" itemscope itemtype=\"http:\/\/schema.org\/ImageObject\"> <a href=\"http:\/\/www.tvturk.com\/index.php\/isparta-emniyetinden-sehit-ve-gaziler-onuruna-vefa-yemegi\/isparta-emniyetinden-sehit-ve-gaziler-onuruna-vefa-yemegi-3\/\" border=\"0\" itemprop=\"url\"> <meta itemprop=\"width\" content=\"330\"> <meta itemprop=\"height\" content=\"220\"> <img decoding=\"async\" class=\"\" data-attachment-id=\"130167\" data-orig-file=\"http:\/\/www.tvturk.com\/wp-content\/uploads\/2019\/04\/isparta-emniyetinden-sehit-ve-gaziler-onuruna-vefa-yemegi_339c4d8.jpg\" data-orig-size=\"1000,666\" data-comments-opened=\"\" data-image-meta=\"{&quot;aperture&quot;:&quot;0&quot;,&quot;credit&quot;:&quot;IHA&quot;,&quot;camera&quot;:&quot;&quot;,&quot;caption&quot;:&quot;ISPARTA\\u2019DA \\u0130L EMN\\u0130YET M\\u00dcD\\u00dcRL\\u00dc\\u011e\\u00dc TARAFINDAN POL\\u0130S HAFTASI M\\u00dcNASEBET\\u0130YLE \\u015eEH\\u0130T VE GAZ\\u0130LER ONURUNA YEMEK VER\\u0130LD\\u0130. EMN\\u0130YET M\\u00dcD\\u00dcRL\\u00dc\\u011e\\u00dc ADINA YEMEKTE KONU\\u015eAN KOM\\u0130SER YARDIMCISI GAMZE BA\\u015eG\\u00d6N\\u00dcL, \\u201cAZ\\u0130Z \\u015eEH\\u0130TLER\\u0130M\\u0130ZE VE KAHRAMAN GAZ\\u0130LER\\u0130M\\u0130ZE SONSUZ M\\u0130NNET VE \\u015e\\u00dcKRAN BOR\\u00c7LUYUZ\\u201d DED\\u0130. (FET\\u0130 KILI\\u00c7\\\/ISPARTA-\\u0130HA)&quot;,&quot;created_timestamp&quot;:&quot;0&quot;,&quot;copyright&quot;:&quot;\\u0130HLAS HABER AJANSI, www.iha.com.tr&quot;,&quot;focal_length&quot;:&quot;0&quot;,&quot;iso&quot;:&quot;0&quot;,&quot;shutter_speed&quot;:&quot;0&quot;,&quot;title&quot;:&quot;ISPARTA EMN\\u0130YET\\u0130NDEN \\u015eEH\\u0130T VE GAZ\\u0130LER ONURUNA VEFA YEME\\u011e\\u0130&quot;,&quot;orientation&quot;:&quot;0&quot;}\" data-image-title=\"Isparta Emniyetinden \u015fehit ve gaziler onuruna vefa yeme\u011fi\" data-image-description=\"&lt;p&gt;Isparta Emniyetinden \u015fehit ve gaziler onuruna vefa yeme\u011fi&lt;\/p&gt; \" data-medium-file=\"https:\/\/i0.wp.com\/www.tvturk.com\/wp-content\/uploads\/2019\/04\/isparta-emniyetinden-sehit-ve-gaziler-onuruna-vefa-yemegi_339c4d8.jpg?fit=300%2C200\" data-large-file=\"https:\/\/i0.wp.com\/www.tvturk.com\/wp-content\/uploads\/2019\/04\/isparta-emniyetinden-sehit-ve-gaziler-onuruna-vefa-yemegi_339c4d8.jpg?fit=1000%2C666\" src=\"https:\/\/i0.wp.com\/www.tvturk.com\/wp-content\/uploads\/2019\/04\/isparta-emniyetinden-sehit-ve-gaziler-onuruna-vefa-yemegi_339c4d8.jpg?w=330&#038;h=220\" srcset=\"https:\/\/i0.wp.com\/www.tvturk.com\/wp-content\/uploads\/2019\/04\/isparta-emniyetinden-sehit-ve-gaziler-onuruna-vefa-yemegi_339c4d8.jpg?w=1000 1000w, https:\/\/i0.wp.com\/www.tvturk.com\/wp-content\/uploads\/2019\/04\/isparta-emniyetinden-sehit-ve-gaziler-onuruna-vefa-yemegi_339c4d8.jpg?resize=150%2C100 150w, https:\/\/i0.wp.com\/www.tvturk.com\/wp-content\/uploads\/2019\/04\/isparta-emniyetinden-sehit-ve-gaziler-onuruna-vefa-yemegi_339c4d8.jpg?resize=300%2C200 300w, https:\/\/i0.wp.com\/www.tvturk.com\/wp-content\/uploads\/2019\/04\/isparta-emniyetinden-sehit-ve-gaziler-onuruna-vefa-yemegi_339c4d8.jpg?resize=768%2C511 768w, https:\/\/i0.wp.com\/www.tvturk.com\/wp-content\/uploads\/2019\/04\/isparta-emniyetinden-sehit-ve-gaziler-onuruna-vefa-yemegi_339c4d8.jpg?resize=170%2C113 170w, https:\/\/i0.wp.com\/www.tvturk.com\/wp-content\/uploads\/2019\/04\/isparta-emniyetinden-sehit-ve-gaziler-onuruna-vefa-yemegi_339c4d8.jpg?resize=120%2C80 120w\" width=\"330\" height=\"220\" loading=\"lazy\" data-original-width=\"330\" data-original-height=\"220\" itemprop=\"http:\/\/schema.org\/image\" title=\"Isparta Emniyetinden \u015fehit ve gaziler onuruna vefa yeme\u011fi\" alt=\"Isparta Emniyetinden \u015fehit ve gaziler onuruna vefa yeme\u011fi\" style=\"width: 330px; height: 220px;\" \/> <\/a> <\/div> <\/div> <!-- close group --> <div class=\"gallery-group images-2\" style=\"width: 166px; height: 224px;\" data-original-width=\"166\" data-original-height=\"224\" > <div class=\"tiled-gallery-item tiled-gallery-item-small\" itemprop=\"associatedMedia\" itemscope itemtype=\"http:\/\/schema.org\/ImageObject\"> <a href=\"http:\/\/www.tvturk.com\/index.php\/isparta-emniyetinden-sehit-ve-gaziler-onuruna-vefa-yemegi\/isparta-emniyetinden-sehit-ve-gaziler-onuruna-vefa-yemegi-4\/\" border=\"0\" itemprop=\"url\"> <meta itemprop=\"width\" content=\"162\"> <meta itemprop=\"height\" content=\"108\"> <img decoding=\"async\" class=\"\" data-attachment-id=\"130168\" data-orig-file=\"http:\/\/www.tvturk.com\/wp-content\/uploads\/2019\/04\/isparta-emniyetinden-sehit-ve-gaziler-onuruna-vefa-yemegi_938ba2c.jpg\" data-orig-size=\"1000,666\" data-comments-opened=\"\" data-image-meta=\"{&quot;aperture&quot;:&quot;0&quot;,&quot;credit&quot;:&quot;IHA&quot;,&quot;camera&quot;:&quot;&quot;,&quot;caption&quot;:&quot;ISPARTA\\u2019DA \\u0130L EMN\\u0130YET M\\u00dcD\\u00dcRL\\u00dc\\u011e\\u00dc TARAFINDAN POL\\u0130S HAFTASI M\\u00dcNASEBET\\u0130YLE \\u015eEH\\u0130T VE GAZ\\u0130LER ONURUNA YEMEK VER\\u0130LD\\u0130. EMN\\u0130YET M\\u00dcD\\u00dcRL\\u00dc\\u011e\\u00dc ADINA YEMEKTE KONU\\u015eAN KOM\\u0130SER YARDIMCISI GAMZE BA\\u015eG\\u00d6N\\u00dcL, \\u201cAZ\\u0130Z \\u015eEH\\u0130TLER\\u0130M\\u0130ZE VE KAHRAMAN GAZ\\u0130LER\\u0130M\\u0130ZE SONSUZ M\\u0130NNET VE \\u015e\\u00dcKRAN BOR\\u00c7LUYUZ\\u201d DED\\u0130. (FET\\u0130 KILI\\u00c7\\\/ISPARTA-\\u0130HA)&quot;,&quot;created_timestamp&quot;:&quot;0&quot;,&quot;copyright&quot;:&quot;\\u0130HLAS HABER AJANSI, www.iha.com.tr&quot;,&quot;focal_length&quot;:&quot;0&quot;,&quot;iso&quot;:&quot;0&quot;,&quot;shutter_speed&quot;:&quot;0&quot;,&quot;title&quot;:&quot;ISPARTA EMN\\u0130YET\\u0130NDEN \\u015eEH\\u0130T VE GAZ\\u0130LER ONURUNA VEFA YEME\\u011e\\u0130&quot;,&quot;orientation&quot;:&quot;0&quot;}\" data-image-title=\"Isparta Emniyetinden \u015fehit ve gaziler onuruna vefa yeme\u011fi\" data-image-description=\"&lt;p&gt;Isparta Emniyetinden \u015fehit ve gaziler onuruna vefa yeme\u011fi&lt;\/p&gt; \" data-medium-file=\"https:\/\/i0.wp.com\/www.tvturk.com\/wp-content\/uploads\/2019\/04\/isparta-emniyetinden-sehit-ve-gaziler-onuruna-vefa-yemegi_938ba2c.jpg?fit=300%2C200\" data-large-file=\"https:\/\/i0.wp.com\/www.tvturk.com\/wp-content\/uploads\/2019\/04\/isparta-emniyetinden-sehit-ve-gaziler-onuruna-vefa-yemegi_938ba2c.jpg?fit=1000%2C666\" src=\"https:\/\/i0.wp.com\/www.tvturk.com\/wp-content\/uploads\/2019\/04\/isparta-emniyetinden-sehit-ve-gaziler-onuruna-vefa-yemegi_938ba2c.jpg?w=162&#038;h=108\" srcset=\"https:\/\/i0.wp.com\/www.tvturk.com\/wp-content\/uploads\/2019\/04\/isparta-emniyetinden-sehit-ve-gaziler-onuruna-vefa-yemegi_938ba2c.jpg?w=1000 1000w, https:\/\/i0.wp.com\/www.tvturk.com\/wp-content\/uploads\/2019\/04\/isparta-emniyetinden-sehit-ve-gaziler-onuruna-vefa-yemegi_938ba2c.jpg?resize=150%2C100 150w, https:\/\/i0.wp.com\/www.tvturk.com\/wp-content\/uploads\/2019\/04\/isparta-emniyetinden-sehit-ve-gaziler-onuruna-vefa-yemegi_938ba2c.jpg?resize=300%2C200 300w, https:\/\/i0.wp.com\/www.tvturk.com\/wp-content\/uploads\/2019\/04\/isparta-emniyetinden-sehit-ve-gaziler-onuruna-vefa-yemegi_938ba2c.jpg?resize=768%2C511 768w, https:\/\/i0.wp.com\/www.tvturk.com\/wp-content\/uploads\/2019\/04\/isparta-emniyetinden-sehit-ve-gaziler-onuruna-vefa-yemegi_938ba2c.jpg?resize=170%2C113 170w, https:\/\/i0.wp.com\/www.tvturk.com\/wp-content\/uploads\/2019\/04\/isparta-emniyetinden-sehit-ve-gaziler-onuruna-vefa-yemegi_938ba2c.jpg?resize=120%2C80 120w\" width=\"162\" height=\"108\" loading=\"lazy\" data-original-width=\"162\" data-original-height=\"108\" itemprop=\"http:\/\/schema.org\/image\" title=\"Isparta Emniyetinden \u015fehit ve gaziler onuruna vefa yeme\u011fi\" alt=\"Isparta Emniyetinden \u015fehit ve gaziler onuruna vefa yeme\u011fi\" style=\"width: 162px; height: 108px;\" \/> <\/a> <\/div> <div class=\"tiled-gallery-item tiled-gallery-item-small\" itemprop=\"associatedMedia\" itemscope itemtype=\"http:\/\/schema.org\/ImageObject\"> <a href=\"http:\/\/www.tvturk.com\/index.php\/isparta-emniyetinden-sehit-ve-gaziler-onuruna-vefa-yemegi\/isparta-emniyetinden-sehit-ve-gaziler-onuruna-vefa-yemegi-5\/\" border=\"0\" itemprop=\"url\"> <meta itemprop=\"width\" content=\"162\"> <meta itemprop=\"height\" content=\"108\"> <img decoding=\"async\" class=\"\" data-attachment-id=\"130169\" data-orig-file=\"http:\/\/www.tvturk.com\/wp-content\/uploads\/2019\/04\/isparta-emniyetinden-sehit-ve-gaziler-onuruna-vefa-yemegi_728d9d4.jpg\" data-orig-size=\"1000,666\" data-comments-opened=\"\" data-image-meta=\"{&quot;aperture&quot;:&quot;0&quot;,&quot;credit&quot;:&quot;IHA&quot;,&quot;camera&quot;:&quot;&quot;,&quot;caption&quot;:&quot;ISPARTA\\u2019DA \\u0130L EMN\\u0130YET M\\u00dcD\\u00dcRL\\u00dc\\u011e\\u00dc TARAFINDAN POL\\u0130S HAFTASI M\\u00dcNASEBET\\u0130YLE \\u015eEH\\u0130T VE GAZ\\u0130LER ONURUNA YEMEK VER\\u0130LD\\u0130. EMN\\u0130YET M\\u00dcD\\u00dcRL\\u00dc\\u011e\\u00dc ADINA YEMEKTE KONU\\u015eAN KOM\\u0130SER YARDIMCISI GAMZE BA\\u015eG\\u00d6N\\u00dcL, \\u201cAZ\\u0130Z \\u015eEH\\u0130TLER\\u0130M\\u0130ZE VE KAHRAMAN GAZ\\u0130LER\\u0130M\\u0130ZE SONSUZ M\\u0130NNET VE \\u015e\\u00dcKRAN BOR\\u00c7LUYUZ\\u201d DED\\u0130. (FET\\u0130 KILI\\u00c7\\\/ISPARTA-\\u0130HA)&quot;,&quot;created_timestamp&quot;:&quot;0&quot;,&quot;copyright&quot;:&quot;\\u0130HLAS HABER AJANSI, www.iha.com.tr&quot;,&quot;focal_length&quot;:&quot;0&quot;,&quot;iso&quot;:&quot;0&quot;,&quot;shutter_speed&quot;:&quot;0&quot;,&quot;title&quot;:&quot;ISPARTA EMN\\u0130YET\\u0130NDEN \\u015eEH\\u0130T VE GAZ\\u0130LER ONURUNA VEFA YEME\\u011e\\u0130&quot;,&quot;orientation&quot;:&quot;0&quot;}\" data-image-title=\"Isparta Emniyetinden \u015fehit ve gaziler onuruna vefa yeme\u011fi\" data-image-description=\"&lt;p&gt;Isparta Emniyetinden \u015fehit ve gaziler onuruna vefa yeme\u011fi&lt;\/p&gt; \" data-medium-file=\"https:\/\/i0.wp.com\/www.tvturk.com\/wp-content\/uploads\/2019\/04\/isparta-emniyetinden-sehit-ve-gaziler-onuruna-vefa-yemegi_728d9d4.jpg?fit=300%2C200\" data-large-file=\"https:\/\/i0.wp.com\/www.tvturk.com\/wp-content\/uploads\/2019\/04\/isparta-emniyetinden-sehit-ve-gaziler-onuruna-vefa-yemegi_728d9d4.jpg?fit=1000%2C666\" src=\"https:\/\/i0.wp.com\/www.tvturk.com\/wp-content\/uploads\/2019\/04\/isparta-emniyetinden-sehit-ve-gaziler-onuruna-vefa-yemegi_728d9d4.jpg?w=162&#038;h=108\" srcset=\"https:\/\/i0.wp.com\/www.tvturk.com\/wp-content\/uploads\/2019\/04\/isparta-emniyetinden-sehit-ve-gaziler-onuruna-vefa-yemegi_728d9d4.jpg?w=1000 1000w, https:\/\/i0.wp.com\/www.tvturk.com\/wp-content\/uploads\/2019\/04\/isparta-emniyetinden-sehit-ve-gaziler-onuruna-vefa-yemegi_728d9d4.jpg?resize=150%2C100 150w, https:\/\/i0.wp.com\/www.tvturk.com\/wp-content\/uploads\/2019\/04\/isparta-emniyetinden-sehit-ve-gaziler-onuruna-vefa-yemegi_728d9d4.jpg?resize=300%2C200 300w, https:\/\/i0.wp.com\/www.tvturk.com\/wp-content\/uploads\/2019\/04\/isparta-emniyetinden-sehit-ve-gaziler-onuruna-vefa-yemegi_728d9d4.jpg?resize=768%2C511 768w, https:\/\/i0.wp.com\/www.tvturk.com\/wp-content\/uploads\/2019\/04\/isparta-emniyetinden-sehit-ve-gaziler-onuruna-vefa-yemegi_728d9d4.jpg?resize=170%2C113 170w, https:\/\/i0.wp.com\/www.tvturk.com\/wp-content\/uploads\/2019\/04\/isparta-emniyetinden-sehit-ve-gaziler-onuruna-vefa-yemegi_728d9d4.jpg?resize=120%2C80 120w\" width=\"162\" height=\"108\" loading=\"lazy\" data-original-width=\"162\" data-original-height=\"108\" itemprop=\"http:\/\/schema.org\/image\" title=\"Isparta Emniyetinden \u015fehit ve gaziler onuruna vefa yeme\u011fi\" alt=\"Isparta Emniyetinden \u015fehit ve gaziler onuruna vefa yeme\u011fi\" style=\"width: 162px; height: 108px;\" \/> <\/a> <\/div> <\/div> <!-- close group --> <\/div> <!-- close row --> <\/div><\/p>\n","protected":false},"excerpt":{"rendered":"<p>PROGRAMDA, \u0130L EMN\u0130YET M\u00dcD\u00dcR\u00dc HAL\u0130L TURAN EROL VE EMN\u0130YET M\u00dcD\u00dcR YARDIMCISI CENG\u0130Z SA\u011eLAM, \u0130STANBUL BE\u015e\u0130KTA\u015e\u2019TA 2016 YILINDA \u015eEH\u0130T OLAN ISPARTALI POL\u0130S MEMURU DURMU\u015e \u00d6CAL\u2019IN A\u0130LES\u0130YLE AYNI MASAYI PAYLA\u015eIRKEN, D\u0130\u011eER POL\u0130S M\u00dcD\u00dcRLER\u0130 VE AM\u0130RLER DE \u015eEH\u0130T A\u0130LELER\u0130N\u0130N BULUNDU\u011eU D\u0130\u011eER MASALARDA YER ALDI.<\/p>\n","protected":false},"author":1,"featured_media":130166,"comment_status":"closed","ping_status":"open","sticky":false,"template":"","format":"standard","meta":{"jetpack_post_was_ever_published":false,"_jetpack_newsletter_access":"","_jetpack_dont_email_post_to_subs":false,"_jetpack_newsletter_tier_id":0,"_jetpack_memberships_contains_paywalled_content":false,"_jetpack_memberships_contains_paid_content":false,"footnotes":"","jetpack_publicize_message":"","jetpack_publicize_feature_enabled":true,"jetpack_social_post_already_shared":true,"jetpack_social_options":{"image_generator_settings":{"template":"highway","default_image_id":0,"font":"","enabled":false},"version":2}},"categories":[1],"tags":[2429,12914,6796,10833,237,546,6602],"class_list":["post-130165","post","type-post","status-publish","format-standard","has-post-thumbnail","hentry","category-genel","tag-emniyetinden","tag-gaziler","tag-isparta","tag-onuruna","tag-sehit","tag-vefa","tag-yemegi"],"jetpack_publicize_connections":[],"jetpack_featured_media_url":"https:\/\/i0.wp.com\/www.tvturk.com\/wp-content\/uploads\/2019\/04\/isparta-emniyetinden-sehit-ve-gaziler-onuruna-vefa-yemegi_2a3c144.jpg?fit=1000%2C666","jetpack_sharing_enabled":true,"jetpack_shortlink":"https:\/\/wp.me\/paKIfm-xRr","_links":{"self":[{"href":"http:\/\/www.tvturk.com\/index.php\/wp-json\/wp\/v2\/posts\/130165","targetHints":{"allow":["GET"]}}],"collection":[{"href":"http:\/\/www.tvturk.com\/index.php\/wp-json\/wp\/v2\/posts"}],"about":[{"href":"http:\/\/www.tvturk.com\/index.php\/wp-json\/wp\/v2\/types\/post"}],"author":[{"embeddable":true,"href":"http:\/\/www.tvturk.com\/index.php\/wp-json\/wp\/v2\/users\/1"}],"replies":[{"embeddable":true,"href":"http:\/\/www.tvturk.com\/index.php\/wp-json\/wp\/v2\/comments?post=130165"}],"version-history":[{"count":1,"href":"http:\/\/www.tvturk.com\/index.php\/wp-json\/wp\/v2\/posts\/130165\/revisions"}],"predecessor-version":[{"id":130170,"href":"http:\/\/www.tvturk.com\/index.php\/wp-json\/wp\/v2\/posts\/130165\/revisions\/130170"}],"wp:featuredmedia":[{"embeddable":true,"href":"http:\/\/www.tvturk.com\/index.php\/wp-json\/wp\/v2\/media\/130166"}],"wp:attachment":[{"href":"http:\/\/www.tvturk.com\/index.php\/wp-json\/wp\/v2\/media?parent=130165"}],"wp:term":[{"taxonomy":"category","embeddable":true,"href":"http:\/\/www.tvturk.com\/index.php\/wp-json\/wp\/v2\/categories?post=130165"},{"taxonomy":"post_tag","embeddable":true,"href":"http:\/\/www.tvturk.com\/index.php\/wp-json\/wp\/v2\/tags?post=130165"}],"curies":[{"name":"wp","href":"https:\/\/api.w.org\/{rel}","templated":true}]}}