{"id":130403,"date":"2019-04-10T10:16:18","date_gmt":"2019-04-10T07:16:18","guid":{"rendered":"http:\/\/www.tvturk.com\/index.php\/porselen-ve-resim-sanatinin-bulusmasi-buyukcekmecede-gerceklesti\/"},"modified":"2019-04-10T10:16:22","modified_gmt":"2019-04-10T07:16:22","slug":"porselen-ve-resim-sanatinin-bulusmasi-buyukcekmecede-gerceklesti","status":"publish","type":"post","link":"http:\/\/www.tvturk.com\/index.php\/porselen-ve-resim-sanatinin-bulusmasi-buyukcekmecede-gerceklesti\/","title":{"rendered":"Porselen ve resim sanat\u0131n\u0131n bulu\u015fmas\u0131 B\u00fcy\u00fck\u00e7ekmece\u2019de ger\u00e7ekle\u015fti"},"content":{"rendered":"<p>B\u00fcy\u00fck\u00e7ekmece Belediyesi yeni hizmet d\u00f6neminin ilk sergisini B\u00fcy\u00fck\u00e7ekmece Atat\u00fcrk K\u00fclt\u00fcr Merkezi\u2019nde ger\u00e7ekle\u015ftirdi.<\/p>\n<p>B\u00fcy\u00fck\u00e7ekmece Belediyesi Halk Akademisi e\u011fitmeni Meral Ezel, Nazan G\u00f6kta\u015f, Yavuz Deniz ve \u00f6\u011frencilerinin haz\u0131rlad\u0131\u011f\u0131 \u2018Porselen ve Resim Sergisi\u2019 vatanda\u015flar\u0131n ilgi oda\u011f\u0131 oldu.<\/p>\n<p>\u201cSizlerin sayesinde k\u00fclt\u00fcr ve sanat \u015fehri olduk\u201d<\/p>\n<p>B\u00fcy\u00fck\u00e7ekmece Belediye Ba\u015fkan\u0131 Dr. Hasan Akg\u00fcn\u2019\u00fc temsilen sergi a\u00e7\u0131l\u0131\u015f\u0131n\u0131 Meclis Ba\u015fkan Vekili Ahmet \u015eahin ger\u00e7ekle\u015ftirdi. \u015eahin, \u201cBuradaki her bir eser el eme\u011fi g\u00f6z nuru. E\u011fitmenlerimiz ve \u00f6\u011frencilerimiz b\u00fcy\u00fck emek vermi\u015fler. Kendilerine te\u015fekk\u00fcr ediyorum. B\u00fcy\u00fck\u00e7ekmece sizler sayesinde k\u00fclt\u00fcr ve sanat \u015fehri oldu. Bizleri bu g\u00fczel eserlerle bulu\u015fturan halk akademisi e\u011fitmenlerimizin ve \u00f6\u011frencilerinin eme\u011fine sa\u011fl\u0131k\u201d ifadesini kulland\u0131.<\/p>\n<p>Porselen ve Resim Sergisi 13 Nisan Cumartesi g\u00fcn\u00fcne kadar Atat\u00fcrk K\u00fclt\u00fcr Merkezi \u0130brahim \u00c7all\u0131 Sanat Galerisi\u2019nde sergilenmeye devam edecek.<div class=\"tiled-gallery type-rectangular tiled-gallery-unresized\" data-original-width=\"500\" data-carousel-extra='null' itemscope itemtype=\"http:\/\/schema.org\/ImageGallery\" > <div class=\"gallery-row\" style=\"width: 500px; height: 150px;\" data-original-width=\"500\" data-original-height=\"150\" > <div class=\"gallery-group images-1\" style=\"width: 223px; height: 150px;\" data-original-width=\"223\" data-original-height=\"150\" > <div class=\"tiled-gallery-item tiled-gallery-item-small\" itemprop=\"associatedMedia\" itemscope itemtype=\"http:\/\/schema.org\/ImageObject\"> <a href=\"http:\/\/www.tvturk.com\/index.php\/porselen-ve-resim-sanatinin-bulusmasi-buyukcekmecede-gerceklesti\/porselen-ve-resim-sanatinin-bulusmasi-buyukcekmecede-gerceklesti-3\/\" border=\"0\" itemprop=\"url\"> <meta itemprop=\"width\" content=\"219\"> <meta itemprop=\"height\" content=\"146\"> <img decoding=\"async\" class=\"\" data-attachment-id=\"130405\" data-orig-file=\"http:\/\/www.tvturk.com\/wp-content\/uploads\/2019\/04\/porselen-ve-resim-sanatinin-bulusmasi-buyukcekmecede-gerceklesti_e3a5f46.jpg\" data-orig-size=\"1000,666\" data-comments-opened=\"\" data-image-meta=\"{&quot;aperture&quot;:&quot;0&quot;,&quot;credit&quot;:&quot;IHA&quot;,&quot;camera&quot;:&quot;&quot;,&quot;caption&quot;:&quot;B\\u00dcY\\u00dcK\\u00c7EKMECE BELED\\u0130YE BA\\u015eKANI DR. HASAN AKG\\u00dcN\\u2019\\u00dc TEMS\\u0130LEN SERG\\u0130 A\\u00c7ILI\\u015eINI MECL\\u0130S BA\\u015eKAN VEK\\u0130L\\u0130 AHMET \\u015eAH\\u0130N GER\\u00c7EKLE\\u015eT\\u0130RD\\u0130. (\\u0130HA\\\/\\u0130STANBUL-\\u0130HA)&quot;,&quot;created_timestamp&quot;:&quot;0&quot;,&quot;copyright&quot;:&quot;\\u0130HLAS HABER AJANSI, www.iha.com.tr&quot;,&quot;focal_length&quot;:&quot;0&quot;,&quot;iso&quot;:&quot;0&quot;,&quot;shutter_speed&quot;:&quot;0&quot;,&quot;title&quot;:&quot;PORSELEN VE RES\\u0130M SANATININ BULU\\u015eMASI B\\u00dcY\\u00dcK\\u00c7EKMECE\\u2019DE GER\\u00c7EKLE\\u015eT\\u0130 PORSELEN VE RES\\u0130M SERG\\u0130S\\u0130 VATANDA\\u015eLARIN \\u0130LG\\u0130 ODA\\u011eI OLDU&quot;,&quot;orientation&quot;:&quot;0&quot;}\" data-image-title=\"Porselen ve resim sanat\u0131n\u0131n bulu\u015fmas\u0131 B\u00fcy\u00fck\u00e7ekmece\u2019de ger\u00e7ekle\u015fti\" data-image-description=\"&lt;p&gt;Porselen ve resim sanat\u0131n\u0131n bulu\u015fmas\u0131 B\u00fcy\u00fck\u00e7ekmece\u2019de ger\u00e7ekle\u015fti&lt;\/p&gt; \" data-medium-file=\"https:\/\/i0.wp.com\/www.tvturk.com\/wp-content\/uploads\/2019\/04\/porselen-ve-resim-sanatinin-bulusmasi-buyukcekmecede-gerceklesti_e3a5f46.jpg?fit=300%2C200\" data-large-file=\"https:\/\/i0.wp.com\/www.tvturk.com\/wp-content\/uploads\/2019\/04\/porselen-ve-resim-sanatinin-bulusmasi-buyukcekmecede-gerceklesti_e3a5f46.jpg?fit=1000%2C666\" src=\"https:\/\/i0.wp.com\/www.tvturk.com\/wp-content\/uploads\/2019\/04\/porselen-ve-resim-sanatinin-bulusmasi-buyukcekmecede-gerceklesti_e3a5f46.jpg?w=219&#038;h=146\" srcset=\"https:\/\/i0.wp.com\/www.tvturk.com\/wp-content\/uploads\/2019\/04\/porselen-ve-resim-sanatinin-bulusmasi-buyukcekmecede-gerceklesti_e3a5f46.jpg?w=1000 1000w, https:\/\/i0.wp.com\/www.tvturk.com\/wp-content\/uploads\/2019\/04\/porselen-ve-resim-sanatinin-bulusmasi-buyukcekmecede-gerceklesti_e3a5f46.jpg?resize=150%2C100 150w, https:\/\/i0.wp.com\/www.tvturk.com\/wp-content\/uploads\/2019\/04\/porselen-ve-resim-sanatinin-bulusmasi-buyukcekmecede-gerceklesti_e3a5f46.jpg?resize=300%2C200 300w, https:\/\/i0.wp.com\/www.tvturk.com\/wp-content\/uploads\/2019\/04\/porselen-ve-resim-sanatinin-bulusmasi-buyukcekmecede-gerceklesti_e3a5f46.jpg?resize=768%2C511 768w, https:\/\/i0.wp.com\/www.tvturk.com\/wp-content\/uploads\/2019\/04\/porselen-ve-resim-sanatinin-bulusmasi-buyukcekmecede-gerceklesti_e3a5f46.jpg?resize=170%2C113 170w, https:\/\/i0.wp.com\/www.tvturk.com\/wp-content\/uploads\/2019\/04\/porselen-ve-resim-sanatinin-bulusmasi-buyukcekmecede-gerceklesti_e3a5f46.jpg?resize=120%2C80 120w\" width=\"219\" height=\"146\" loading=\"lazy\" data-original-width=\"219\" data-original-height=\"146\" itemprop=\"http:\/\/schema.org\/image\" title=\"Porselen ve resim sanat\u0131n\u0131n bulu\u015fmas\u0131 B\u00fcy\u00fck\u00e7ekmece\u2019de ger\u00e7ekle\u015fti\" alt=\"Porselen ve resim sanat\u0131n\u0131n bulu\u015fmas\u0131 B\u00fcy\u00fck\u00e7ekmece\u2019de ger\u00e7ekle\u015fti\" style=\"width: 219px; height: 146px;\" \/> <\/a> <\/div> <\/div> <!-- close group --> <div class=\"gallery-group images-1\" style=\"width: 277px; height: 150px;\" data-original-width=\"277\" data-original-height=\"150\" > <div class=\"tiled-gallery-item tiled-gallery-item-large\" itemprop=\"associatedMedia\" itemscope itemtype=\"http:\/\/schema.org\/ImageObject\"> <a href=\"http:\/\/www.tvturk.com\/index.php\/porselen-ve-resim-sanatinin-bulusmasi-buyukcekmecede-gerceklesti\/porselen-ve-resim-sanatinin-bulusmasi-buyukcekmecede-gerceklesti-4\/\" border=\"0\" itemprop=\"url\"> <meta itemprop=\"width\" content=\"273\"> <meta itemprop=\"height\" content=\"146\"> <img decoding=\"async\" class=\"\" data-attachment-id=\"130406\" data-orig-file=\"http:\/\/www.tvturk.com\/wp-content\/uploads\/2019\/04\/porselen-ve-resim-sanatinin-bulusmasi-buyukcekmecede-gerceklesti_dd2a5d9.jpg\" data-orig-size=\"1000,533\" data-comments-opened=\"\" data-image-meta=\"{&quot;aperture&quot;:&quot;0&quot;,&quot;credit&quot;:&quot;IHA&quot;,&quot;camera&quot;:&quot;&quot;,&quot;caption&quot;:&quot;B\\u00dcY\\u00dcK\\u00c7EKMECE BELED\\u0130YES\\u0130 HALK AKADEM\\u0130S\\u0130 E\\u011e\\u0130TMEN\\u0130 MERAL EZEL, NAZAN G\\u00d6KTA\\u015e, YAVUZ DEN\\u0130Z VE \\u00d6\\u011eRENC\\u0130LER\\u0130N\\u0130N HAZIRLADI\\u011eI \\u2018PORSELEN VE RES\\u0130M SERG\\u0130S\\u0130\\u2019 VATANDA\\u015eLARIN \\u0130LG\\u0130 ODA\\u011eI OLDU. (\\u0130HA\\\/\\u0130STANBUL-\\u0130HA)&quot;,&quot;created_timestamp&quot;:&quot;0&quot;,&quot;copyright&quot;:&quot;\\u0130HLAS HABER AJANSI, www.iha.com.tr&quot;,&quot;focal_length&quot;:&quot;0&quot;,&quot;iso&quot;:&quot;0&quot;,&quot;shutter_speed&quot;:&quot;0&quot;,&quot;title&quot;:&quot;PORSELEN VE RES\\u0130M SANATININ BULU\\u015eMASI B\\u00dcY\\u00dcK\\u00c7EKMECE\\u2019DE GER\\u00c7EKLE\\u015eT\\u0130 PORSELEN VE RES\\u0130M SERG\\u0130S\\u0130 VATANDA\\u015eLARIN \\u0130LG\\u0130 ODA\\u011eI OLDU&quot;,&quot;orientation&quot;:&quot;0&quot;}\" data-image-title=\"Porselen ve resim sanat\u0131n\u0131n bulu\u015fmas\u0131 B\u00fcy\u00fck\u00e7ekmece\u2019de ger\u00e7ekle\u015fti\" data-image-description=\"&lt;p&gt;Porselen ve resim sanat\u0131n\u0131n bulu\u015fmas\u0131 B\u00fcy\u00fck\u00e7ekmece\u2019de ger\u00e7ekle\u015fti&lt;\/p&gt; \" data-medium-file=\"https:\/\/i0.wp.com\/www.tvturk.com\/wp-content\/uploads\/2019\/04\/porselen-ve-resim-sanatinin-bulusmasi-buyukcekmecede-gerceklesti_dd2a5d9.jpg?fit=300%2C160\" data-large-file=\"https:\/\/i0.wp.com\/www.tvturk.com\/wp-content\/uploads\/2019\/04\/porselen-ve-resim-sanatinin-bulusmasi-buyukcekmecede-gerceklesti_dd2a5d9.jpg?fit=1000%2C533\" src=\"https:\/\/i0.wp.com\/www.tvturk.com\/wp-content\/uploads\/2019\/04\/porselen-ve-resim-sanatinin-bulusmasi-buyukcekmecede-gerceklesti_dd2a5d9.jpg?w=273&#038;h=146\" srcset=\"https:\/\/i0.wp.com\/www.tvturk.com\/wp-content\/uploads\/2019\/04\/porselen-ve-resim-sanatinin-bulusmasi-buyukcekmecede-gerceklesti_dd2a5d9.jpg?w=1000 1000w, https:\/\/i0.wp.com\/www.tvturk.com\/wp-content\/uploads\/2019\/04\/porselen-ve-resim-sanatinin-bulusmasi-buyukcekmecede-gerceklesti_dd2a5d9.jpg?resize=150%2C80 150w, https:\/\/i0.wp.com\/www.tvturk.com\/wp-content\/uploads\/2019\/04\/porselen-ve-resim-sanatinin-bulusmasi-buyukcekmecede-gerceklesti_dd2a5d9.jpg?resize=300%2C160 300w, https:\/\/i0.wp.com\/www.tvturk.com\/wp-content\/uploads\/2019\/04\/porselen-ve-resim-sanatinin-bulusmasi-buyukcekmecede-gerceklesti_dd2a5d9.jpg?resize=768%2C409 768w\" width=\"273\" height=\"146\" loading=\"lazy\" data-original-width=\"273\" data-original-height=\"146\" itemprop=\"http:\/\/schema.org\/image\" title=\"Porselen ve resim sanat\u0131n\u0131n bulu\u015fmas\u0131 B\u00fcy\u00fck\u00e7ekmece\u2019de ger\u00e7ekle\u015fti\" alt=\"Porselen ve resim sanat\u0131n\u0131n bulu\u015fmas\u0131 B\u00fcy\u00fck\u00e7ekmece\u2019de ger\u00e7ekle\u015fti\" style=\"width: 273px; height: 146px;\" \/> <\/a> <\/div> <\/div> <!-- close group --> <\/div> <!-- close row --> <\/div><\/p>\n","protected":false},"excerpt":{"rendered":"<p>B\u00dcY\u00dcK\u00c7EKMECE BELED\u0130YES\u0130 HALK AKADEM\u0130S\u0130 E\u011e\u0130TMEN\u0130 MERAL EZEL, NAZAN G\u00d6KTA\u015e, YAVUZ DEN\u0130Z VE \u00d6\u011eRENC\u0130LER\u0130N\u0130N HAZIRLADI\u011eI \u2018PORSELEN VE RES\u0130M SERG\u0130S\u0130\u2019 VATANDA\u015eLARIN \u0130LG\u0130 ODA\u011eI OLDU.<\/p>\n","protected":false},"author":1,"featured_media":130404,"comment_status":"closed","ping_status":"open","sticky":false,"template":"","format":"standard","meta":{"jetpack_post_was_ever_published":false,"_jetpack_newsletter_access":"","_jetpack_dont_email_post_to_subs":false,"_jetpack_newsletter_tier_id":0,"_jetpack_memberships_contains_paywalled_content":false,"_jetpack_memberships_contains_paid_content":false,"footnotes":"","jetpack_publicize_message":"","jetpack_publicize_feature_enabled":true,"jetpack_social_post_already_shared":true,"jetpack_social_options":{"image_generator_settings":{"template":"highway","default_image_id":0,"font":"","enabled":false},"version":2}},"categories":[1],"tags":[8164,5881,8901,30302,4857,30303],"class_list":["post-130403","post","type-post","status-publish","format-standard","has-post-thumbnail","hentry","category-genel","tag-bulusmasi","tag-buyukcekmecede","tag-gerceklesti","tag-porselen","tag-resim","tag-sanatinin"],"jetpack_publicize_connections":[],"jetpack_featured_media_url":"https:\/\/i0.wp.com\/www.tvturk.com\/wp-content\/uploads\/2019\/04\/porselen-ve-resim-sanatinin-bulusmasi-buyukcekmecede-gerceklesti_5925884.jpg?fit=1000%2C666","jetpack_sharing_enabled":true,"jetpack_shortlink":"https:\/\/wp.me\/paKIfm-xVh","_links":{"self":[{"href":"http:\/\/www.tvturk.com\/index.php\/wp-json\/wp\/v2\/posts\/130403","targetHints":{"allow":["GET"]}}],"collection":[{"href":"http:\/\/www.tvturk.com\/index.php\/wp-json\/wp\/v2\/posts"}],"about":[{"href":"http:\/\/www.tvturk.com\/index.php\/wp-json\/wp\/v2\/types\/post"}],"author":[{"embeddable":true,"href":"http:\/\/www.tvturk.com\/index.php\/wp-json\/wp\/v2\/users\/1"}],"replies":[{"embeddable":true,"href":"http:\/\/www.tvturk.com\/index.php\/wp-json\/wp\/v2\/comments?post=130403"}],"version-history":[{"count":1,"href":"http:\/\/www.tvturk.com\/index.php\/wp-json\/wp\/v2\/posts\/130403\/revisions"}],"predecessor-version":[{"id":130407,"href":"http:\/\/www.tvturk.com\/index.php\/wp-json\/wp\/v2\/posts\/130403\/revisions\/130407"}],"wp:featuredmedia":[{"embeddable":true,"href":"http:\/\/www.tvturk.com\/index.php\/wp-json\/wp\/v2\/media\/130404"}],"wp:attachment":[{"href":"http:\/\/www.tvturk.com\/index.php\/wp-json\/wp\/v2\/media?parent=130403"}],"wp:term":[{"taxonomy":"category","embeddable":true,"href":"http:\/\/www.tvturk.com\/index.php\/wp-json\/wp\/v2\/categories?post=130403"},{"taxonomy":"post_tag","embeddable":true,"href":"http:\/\/www.tvturk.com\/index.php\/wp-json\/wp\/v2\/tags?post=130403"}],"curies":[{"name":"wp","href":"https:\/\/api.w.org\/{rel}","templated":true}]}}