{"id":130634,"date":"2019-04-10T11:41:27","date_gmt":"2019-04-10T08:41:27","guid":{"rendered":"http:\/\/www.tvturk.com\/index.php\/mehmet-murat-calik-beylikduzu-hedef-buyuterek-yoluna-devam-edecek\/"},"modified":"2019-04-10T11:41:33","modified_gmt":"2019-04-10T08:41:33","slug":"mehmet-murat-calik-beylikduzu-hedef-buyuterek-yoluna-devam-edecek","status":"publish","type":"post","link":"http:\/\/www.tvturk.com\/index.php\/mehmet-murat-calik-beylikduzu-hedef-buyuterek-yoluna-devam-edecek\/","title":{"rendered":"Mehmet Murat \u00c7al\u0131k, \u201cBeylikd\u00fcz\u00fc hedef b\u00fcy\u00fcterek yoluna devam edecek\u201d"},"content":{"rendered":"<p>Beylikd\u00fcz\u00fc Belediye Ba\u015fkan\u0131 Mehmet Murat \u00c7al\u0131k, \u201cBeylikd\u00fcz\u00fc\u2019nde kald\u0131\u011f\u0131m\u0131z yerden devam edece\u011fiz. Bu se\u00e7imin kaybedeni yok. Beylikd\u00fcz\u00fc halk\u0131 kazand\u0131, Beylikd\u00fcz\u00fc bize oy versin vermesin mutlu insanlar\u0131n ya\u015famaya devam etti\u011fi bir kent olmay\u0131 s\u00fcrd\u00fcrecek\u201d diye konu\u015ftu.<\/p>\n<p>T\u00fcrkiye, 5 y\u0131l boyunca g\u00f6rev yapacak yerel y\u00f6neticileri se\u00e7mek i\u00e7in 31 Mart Pazar g\u00fcn\u00fc sand\u0131\u011fa gitti. T\u00fcm \u00fclkede ya\u015fanan se\u00e7im yar\u0131\u015f\u0131n\u0131n ard\u0131ndan Beylikd\u00fcz\u00fc\u2019n\u00fcn yeni ba\u015fkan\u0131 ise Cumhuriyet Halk Partisi\u2019nden Mehmet Murat \u00c7al\u0131k oldu. \u00c7al\u0131k, \u201cBeylikd\u00fcz\u00fc\u2019nde kald\u0131\u011f\u0131m\u0131z yerden devam edece\u011fiz. Beylikd\u00fcz\u00fc\u2019n\u00fc lay\u0131k\u0131yla birlikte y\u00f6netece\u011fiz. Bu kent, bize oy versin vermesin mutlu insanlar\u0131n ya\u015famaya devam etti\u011fi bir kent olmay\u0131 s\u00fcrd\u00fcrecek. T\u00fcm vatanda\u015flar\u0131m\u0131za te\u015fekk\u00fcr ederim\u201d ifadelerini kulland\u0131.<\/p>\n<p>\u201cBu se\u00e7imin kaybedeni yok\u201d<\/p>\n<p>Beylikd\u00fcz\u00fc\u2019nde demokrasi \u015f\u00f6leni havas\u0131nda bir se\u00e7im ya\u015fad\u0131klar\u0131n\u0131 belirten Mehmet Murat \u00c7al\u0131k, \u201c2014 y\u0131l\u0131nda Ekrem \u0130mamo\u011flu ile ba\u015flayan Beylikd\u00fcz\u00fc\u2019ndeki de\u011fi\u015fim ve geli\u015fim r\u00fczgar\u0131 bizimle de kald\u0131\u011f\u0131 yerden devam edecek. Bu se\u00e7imde kaybeden olmad\u0131. Oy versin vermesin t\u00fcm vatanda\u015flar\u0131m\u0131za e\u015fit, ula\u015f\u0131labilir, s\u00fcrd\u00fcr\u00fclebilir ve kaliteli bir hizmet sunmak i\u00e7in canla ba\u015fla \u00e7al\u0131\u015faca\u011f\u0131z\u201d \u015feklinde konu\u015ftu. Yo\u011fun oldu\u011fu kadar keyifli bir se\u00e7im s\u00fcreci ge\u00e7irdiklerini kaydeden \u00c7al\u0131k, \u201c\u015eimdiden sonraki hedefimiz Beylikd\u00fcz\u00fc\u2019nde ya\u015fayan kom\u015fular\u0131m\u0131n g\u00fcvene, sevgisine ve sayg\u0131s\u0131na lay\u0131k olmak olacak\u201d dedi.<\/p>\n<p>\u201cBeylikd\u00fcz\u00fc hedef b\u00fcy\u00fcterek yoluna devam edecek\u201d<\/p>\n<p>2014-2018 tarihleri aras\u0131nda Beylikd\u00fcz\u00fc Belediyesi\u2019nde Teknik Koordinat\u00f6rl\u00fck ve Ba\u015fkan Yard\u0131mc\u0131l\u0131\u011f\u0131 g\u00f6revlerinde bulunan \u00c7al\u0131k, \u201cBeylikd\u00fcz\u00fc\u2019n\u00fcn her noktas\u0131na olduk\u00e7a hakimiz. Burada ya\u015fanan sorunlar\u0131n da s\u0131k\u0131nt\u0131lar\u0131n da fark\u0131nday\u0131z. Ekrem \u0130mamo\u011flu lay\u0131k\u0131yla buraya be\u015f y\u0131l hizmet etti, onun g\u00f6rev s\u00fcresinde \u00e7e\u015fitli engel ve s\u0131k\u0131nt\u0131lardan dolay\u0131 tamamlanamayan projeler de bu d\u00f6nem bizimle birlikte hayata ge\u00e7ecek. Beylikd\u00fcz\u00fc, hedef b\u00fcy\u00fcterek \u00e7ok daha g\u00fczel projelere imza atacak. Vatanda\u015flar\u0131m\u0131z\u0131n da y\u00f6netimde s\u00f6z sahibi olmaya devam edece\u011fi samimi, \u015feffaf ve ileti\u015fimi hi\u00e7 kaybetmeyen bir belediye olmaya devam edece\u011fiz\u201d diye konu\u015ftu.<div class=\"tiled-gallery type-rectangular tiled-gallery-unresized\" data-original-width=\"500\" data-carousel-extra='null' itemscope itemtype=\"http:\/\/schema.org\/ImageGallery\" > <div class=\"gallery-row\" style=\"width: 500px; height: 241px;\" data-original-width=\"500\" data-original-height=\"241\" > <div class=\"gallery-group images-1\" style=\"width: 350px; height: 241px;\" data-original-width=\"350\" data-original-height=\"241\" > <div class=\"tiled-gallery-item tiled-gallery-item-large\" itemprop=\"associatedMedia\" itemscope itemtype=\"http:\/\/schema.org\/ImageObject\"> <a href=\"http:\/\/www.tvturk.com\/index.php\/mehmet-murat-calik-beylikduzu-hedef-buyuterek-yoluna-devam-edecek\/mehmet-murat-calik-beylikduzu-hedef-buyuterek-yoluna-devam-edecek-3\/\" border=\"0\" itemprop=\"url\"> <meta itemprop=\"width\" content=\"346\"> <meta itemprop=\"height\" content=\"237\"> <img decoding=\"async\" class=\"\" data-attachment-id=\"130636\" data-orig-file=\"http:\/\/www.tvturk.com\/wp-content\/uploads\/2019\/04\/mehmet-murat-calik-beylikduzu-hedef-buyuterek-yoluna-devam-edecek_896df61.jpg\" data-orig-size=\"1000,684\" data-comments-opened=\"\" data-image-meta=\"{&quot;aperture&quot;:&quot;0&quot;,&quot;credit&quot;:&quot;IHA&quot;,&quot;camera&quot;:&quot;&quot;,&quot;caption&quot;:&quot;BEYL\\u0130KD\\u00dcZ\\u00dc BELED\\u0130YE BA\\u015eKANI MEHMET MURAT \\u00c7ALIK, \\u201cBEYL\\u0130KD\\u00dcZ\\u00dc\\u2019NDE KALDI\\u011eIMIZ YERDEN DEVAM EDECE\\u011e\\u0130Z. BU SE\\u00c7\\u0130M\\u0130N KAYBEDEN\\u0130 YOK. BEYL\\u0130KD\\u00dcZ\\u00dc HALKI KAZANDI, BEYL\\u0130KD\\u00dcZ\\u00dc B\\u0130ZE OY VERS\\u0130N VERMES\\u0130N MUTLU \\u0130NSANLARIN YA\\u015eAMAYA DEVAM ETT\\u0130\\u011e\\u0130 B\\u0130R KENT OLMAYI S\\u00dcRD\\u00dcRECEK\\u201d D\\u0130YE KONU\\u015eTU. (\\u0130HA\\\/\\u0130STANBUL-\\u0130HA)&quot;,&quot;created_timestamp&quot;:&quot;0&quot;,&quot;copyright&quot;:&quot;\\u0130HLAS HABER AJANSI, www.iha.com.tr&quot;,&quot;focal_length&quot;:&quot;0&quot;,&quot;iso&quot;:&quot;0&quot;,&quot;shutter_speed&quot;:&quot;0&quot;,&quot;title&quot;:&quot;MEHMET MURAT \\u00c7ALIK, \\u201cBEYL\\u0130KD\\u00dcZ\\u00dc HEDEF B\\u00dcY\\u00dcTEREK YOLUNA DEVAM EDECEK\\u201d&quot;,&quot;orientation&quot;:&quot;0&quot;}\" data-image-title=\"Mehmet Murat \u00c7al\u0131k, \u201cBeylikd\u00fcz\u00fc hedef b\u00fcy\u00fcterek yoluna devam edecek\u201d\" data-image-description=\"&lt;p&gt;Mehmet Murat \u00c7al\u0131k, \u201cBeylikd\u00fcz\u00fc hedef b\u00fcy\u00fcterek yoluna devam edecek\u201d&lt;\/p&gt; \" data-medium-file=\"https:\/\/i0.wp.com\/www.tvturk.com\/wp-content\/uploads\/2019\/04\/mehmet-murat-calik-beylikduzu-hedef-buyuterek-yoluna-devam-edecek_896df61.jpg?fit=300%2C205\" data-large-file=\"https:\/\/i0.wp.com\/www.tvturk.com\/wp-content\/uploads\/2019\/04\/mehmet-murat-calik-beylikduzu-hedef-buyuterek-yoluna-devam-edecek_896df61.jpg?fit=1000%2C684\" src=\"https:\/\/i0.wp.com\/www.tvturk.com\/wp-content\/uploads\/2019\/04\/mehmet-murat-calik-beylikduzu-hedef-buyuterek-yoluna-devam-edecek_896df61.jpg?w=346&#038;h=237\" srcset=\"https:\/\/i0.wp.com\/www.tvturk.com\/wp-content\/uploads\/2019\/04\/mehmet-murat-calik-beylikduzu-hedef-buyuterek-yoluna-devam-edecek_896df61.jpg?w=1000 1000w, https:\/\/i0.wp.com\/www.tvturk.com\/wp-content\/uploads\/2019\/04\/mehmet-murat-calik-beylikduzu-hedef-buyuterek-yoluna-devam-edecek_896df61.jpg?resize=150%2C103 150w, https:\/\/i0.wp.com\/www.tvturk.com\/wp-content\/uploads\/2019\/04\/mehmet-murat-calik-beylikduzu-hedef-buyuterek-yoluna-devam-edecek_896df61.jpg?resize=300%2C205 300w, https:\/\/i0.wp.com\/www.tvturk.com\/wp-content\/uploads\/2019\/04\/mehmet-murat-calik-beylikduzu-hedef-buyuterek-yoluna-devam-edecek_896df61.jpg?resize=768%2C525 768w, https:\/\/i0.wp.com\/www.tvturk.com\/wp-content\/uploads\/2019\/04\/mehmet-murat-calik-beylikduzu-hedef-buyuterek-yoluna-devam-edecek_896df61.jpg?resize=80%2C55 80w\" width=\"346\" height=\"237\" loading=\"lazy\" data-original-width=\"346\" data-original-height=\"237\" itemprop=\"http:\/\/schema.org\/image\" title=\"Mehmet Murat \u00c7al\u0131k, \u201cBeylikd\u00fcz\u00fc hedef b\u00fcy\u00fcterek yoluna devam edecek\u201d\" alt=\"Mehmet Murat \u00c7al\u0131k, \u201cBeylikd\u00fcz\u00fc hedef b\u00fcy\u00fcterek yoluna devam edecek\u201d\" style=\"width: 346px; height: 237px;\" \/> <\/a> <\/div> <\/div> <!-- close group --> <div class=\"gallery-group images-2\" style=\"width: 150px; height: 241px;\" data-original-width=\"150\" data-original-height=\"241\" > <div class=\"tiled-gallery-item tiled-gallery-item-small\" itemprop=\"associatedMedia\" itemscope itemtype=\"http:\/\/schema.org\/ImageObject\"> <a href=\"http:\/\/www.tvturk.com\/index.php\/mehmet-murat-calik-beylikduzu-hedef-buyuterek-yoluna-devam-edecek\/mehmet-murat-calik-beylikduzu-hedef-buyuterek-yoluna-devam-edecek-4\/\" border=\"0\" itemprop=\"url\"> <meta itemprop=\"width\" content=\"146\"> <meta itemprop=\"height\" content=\"126\"> <img decoding=\"async\" class=\"\" data-attachment-id=\"130637\" data-orig-file=\"http:\/\/www.tvturk.com\/wp-content\/uploads\/2019\/04\/mehmet-murat-calik-beylikduzu-hedef-buyuterek-yoluna-devam-edecek_3670e18.jpg\" data-orig-size=\"1000,861\" data-comments-opened=\"\" data-image-meta=\"{&quot;aperture&quot;:&quot;0&quot;,&quot;credit&quot;:&quot;IHA&quot;,&quot;camera&quot;:&quot;&quot;,&quot;caption&quot;:&quot;BEYL\\u0130KD\\u00dcZ\\u00dc BELED\\u0130YE BA\\u015eKANI MEHMET MURAT \\u00c7ALIK, \\u201cBEYL\\u0130KD\\u00dcZ\\u00dc\\u2019NDE KALDI\\u011eIMIZ YERDEN DEVAM EDECE\\u011e\\u0130Z. BU SE\\u00c7\\u0130M\\u0130N KAYBEDEN\\u0130 YOK. BEYL\\u0130KD\\u00dcZ\\u00dc HALKI KAZANDI, BEYL\\u0130KD\\u00dcZ\\u00dc B\\u0130ZE OY VERS\\u0130N VERMES\\u0130N MUTLU \\u0130NSANLARIN YA\\u015eAMAYA DEVAM ETT\\u0130\\u011e\\u0130 B\\u0130R KENT OLMAYI S\\u00dcRD\\u00dcRECEK\\u201d D\\u0130YE KONU\\u015eTU. (\\u0130HA\\\/\\u0130STANBUL-\\u0130HA)&quot;,&quot;created_timestamp&quot;:&quot;0&quot;,&quot;copyright&quot;:&quot;\\u0130HLAS HABER AJANSI, www.iha.com.tr&quot;,&quot;focal_length&quot;:&quot;0&quot;,&quot;iso&quot;:&quot;0&quot;,&quot;shutter_speed&quot;:&quot;0&quot;,&quot;title&quot;:&quot;MEHMET MURAT \\u00c7ALIK, \\u201cBEYL\\u0130KD\\u00dcZ\\u00dc HEDEF B\\u00dcY\\u00dcTEREK YOLUNA DEVAM EDECEK\\u201d&quot;,&quot;orientation&quot;:&quot;0&quot;}\" data-image-title=\"Mehmet Murat \u00c7al\u0131k, \u201cBeylikd\u00fcz\u00fc hedef b\u00fcy\u00fcterek yoluna devam edecek\u201d\" data-image-description=\"&lt;p&gt;Mehmet Murat \u00c7al\u0131k, \u201cBeylikd\u00fcz\u00fc hedef b\u00fcy\u00fcterek yoluna devam edecek\u201d&lt;\/p&gt; \" data-medium-file=\"https:\/\/i0.wp.com\/www.tvturk.com\/wp-content\/uploads\/2019\/04\/mehmet-murat-calik-beylikduzu-hedef-buyuterek-yoluna-devam-edecek_3670e18.jpg?fit=300%2C258\" data-large-file=\"https:\/\/i0.wp.com\/www.tvturk.com\/wp-content\/uploads\/2019\/04\/mehmet-murat-calik-beylikduzu-hedef-buyuterek-yoluna-devam-edecek_3670e18.jpg?fit=1000%2C861\" src=\"https:\/\/i0.wp.com\/www.tvturk.com\/wp-content\/uploads\/2019\/04\/mehmet-murat-calik-beylikduzu-hedef-buyuterek-yoluna-devam-edecek_3670e18.jpg?w=146&#038;h=126\" srcset=\"https:\/\/i0.wp.com\/www.tvturk.com\/wp-content\/uploads\/2019\/04\/mehmet-murat-calik-beylikduzu-hedef-buyuterek-yoluna-devam-edecek_3670e18.jpg?w=1000 1000w, https:\/\/i0.wp.com\/www.tvturk.com\/wp-content\/uploads\/2019\/04\/mehmet-murat-calik-beylikduzu-hedef-buyuterek-yoluna-devam-edecek_3670e18.jpg?resize=150%2C129 150w, https:\/\/i0.wp.com\/www.tvturk.com\/wp-content\/uploads\/2019\/04\/mehmet-murat-calik-beylikduzu-hedef-buyuterek-yoluna-devam-edecek_3670e18.jpg?resize=300%2C258 300w, https:\/\/i0.wp.com\/www.tvturk.com\/wp-content\/uploads\/2019\/04\/mehmet-murat-calik-beylikduzu-hedef-buyuterek-yoluna-devam-edecek_3670e18.jpg?resize=768%2C661 768w\" width=\"146\" height=\"126\" loading=\"lazy\" data-original-width=\"146\" data-original-height=\"126\" itemprop=\"http:\/\/schema.org\/image\" title=\"Mehmet Murat \u00c7al\u0131k, \u201cBeylikd\u00fcz\u00fc hedef b\u00fcy\u00fcterek yoluna devam edecek\u201d\" alt=\"Mehmet Murat \u00c7al\u0131k, \u201cBeylikd\u00fcz\u00fc hedef b\u00fcy\u00fcterek yoluna devam edecek\u201d\" style=\"width: 146px; height: 126px;\" \/> <\/a> <\/div> <div class=\"tiled-gallery-item tiled-gallery-item-small\" itemprop=\"associatedMedia\" itemscope itemtype=\"http:\/\/schema.org\/ImageObject\"> <a href=\"http:\/\/www.tvturk.com\/index.php\/mehmet-murat-calik-beylikduzu-hedef-buyuterek-yoluna-devam-edecek\/mehmet-murat-calik-beylikduzu-hedef-buyuterek-yoluna-devam-edecek-5\/\" border=\"0\" itemprop=\"url\"> <meta itemprop=\"width\" content=\"146\"> <meta itemprop=\"height\" content=\"107\"> <img decoding=\"async\" class=\"\" data-attachment-id=\"130638\" data-orig-file=\"http:\/\/www.tvturk.com\/wp-content\/uploads\/2019\/04\/mehmet-murat-calik-beylikduzu-hedef-buyuterek-yoluna-devam-edecek_771085a.jpg\" data-orig-size=\"1000,732\" data-comments-opened=\"\" data-image-meta=\"{&quot;aperture&quot;:&quot;0&quot;,&quot;credit&quot;:&quot;IHA&quot;,&quot;camera&quot;:&quot;&quot;,&quot;caption&quot;:&quot;BEYL\\u0130KD\\u00dcZ\\u00dc BELED\\u0130YE BA\\u015eKANI MEHMET MURAT \\u00c7ALIK, \\u201cBEYL\\u0130KD\\u00dcZ\\u00dc\\u2019NDE KALDI\\u011eIMIZ YERDEN DEVAM EDECE\\u011e\\u0130Z. BU SE\\u00c7\\u0130M\\u0130N KAYBEDEN\\u0130 YOK. BEYL\\u0130KD\\u00dcZ\\u00dc HALKI KAZANDI, BEYL\\u0130KD\\u00dcZ\\u00dc B\\u0130ZE OY VERS\\u0130N VERMES\\u0130N MUTLU \\u0130NSANLARIN YA\\u015eAMAYA DEVAM ETT\\u0130\\u011e\\u0130 B\\u0130R KENT OLMAYI S\\u00dcRD\\u00dcRECEK\\u201d D\\u0130YE KONU\\u015eTU. (\\u0130HA\\\/\\u0130STANBUL-\\u0130HA)&quot;,&quot;created_timestamp&quot;:&quot;0&quot;,&quot;copyright&quot;:&quot;\\u0130HLAS HABER AJANSI, www.iha.com.tr&quot;,&quot;focal_length&quot;:&quot;0&quot;,&quot;iso&quot;:&quot;0&quot;,&quot;shutter_speed&quot;:&quot;0&quot;,&quot;title&quot;:&quot;MEHMET MURAT \\u00c7ALIK, \\u201cBEYL\\u0130KD\\u00dcZ\\u00dc HEDEF B\\u00dcY\\u00dcTEREK YOLUNA DEVAM EDECEK\\u201d&quot;,&quot;orientation&quot;:&quot;0&quot;}\" data-image-title=\"Mehmet Murat \u00c7al\u0131k, \u201cBeylikd\u00fcz\u00fc hedef b\u00fcy\u00fcterek yoluna devam edecek\u201d\" data-image-description=\"&lt;p&gt;Mehmet Murat \u00c7al\u0131k, \u201cBeylikd\u00fcz\u00fc hedef b\u00fcy\u00fcterek yoluna devam edecek\u201d&lt;\/p&gt; \" data-medium-file=\"https:\/\/i0.wp.com\/www.tvturk.com\/wp-content\/uploads\/2019\/04\/mehmet-murat-calik-beylikduzu-hedef-buyuterek-yoluna-devam-edecek_771085a.jpg?fit=300%2C220\" data-large-file=\"https:\/\/i0.wp.com\/www.tvturk.com\/wp-content\/uploads\/2019\/04\/mehmet-murat-calik-beylikduzu-hedef-buyuterek-yoluna-devam-edecek_771085a.jpg?fit=1000%2C732\" src=\"https:\/\/i0.wp.com\/www.tvturk.com\/wp-content\/uploads\/2019\/04\/mehmet-murat-calik-beylikduzu-hedef-buyuterek-yoluna-devam-edecek_771085a.jpg?w=146&#038;h=107\" srcset=\"https:\/\/i0.wp.com\/www.tvturk.com\/wp-content\/uploads\/2019\/04\/mehmet-murat-calik-beylikduzu-hedef-buyuterek-yoluna-devam-edecek_771085a.jpg?w=1000 1000w, https:\/\/i0.wp.com\/www.tvturk.com\/wp-content\/uploads\/2019\/04\/mehmet-murat-calik-beylikduzu-hedef-buyuterek-yoluna-devam-edecek_771085a.jpg?resize=150%2C110 150w, https:\/\/i0.wp.com\/www.tvturk.com\/wp-content\/uploads\/2019\/04\/mehmet-murat-calik-beylikduzu-hedef-buyuterek-yoluna-devam-edecek_771085a.jpg?resize=300%2C220 300w, https:\/\/i0.wp.com\/www.tvturk.com\/wp-content\/uploads\/2019\/04\/mehmet-murat-calik-beylikduzu-hedef-buyuterek-yoluna-devam-edecek_771085a.jpg?resize=768%2C562 768w\" width=\"146\" height=\"107\" loading=\"lazy\" data-original-width=\"146\" data-original-height=\"107\" itemprop=\"http:\/\/schema.org\/image\" title=\"Mehmet Murat \u00c7al\u0131k, \u201cBeylikd\u00fcz\u00fc hedef b\u00fcy\u00fcterek yoluna devam edecek\u201d\" alt=\"Mehmet Murat \u00c7al\u0131k, \u201cBeylikd\u00fcz\u00fc hedef b\u00fcy\u00fcterek yoluna devam edecek\u201d\" style=\"width: 146px; height: 107px;\" \/> <\/a> <\/div> <\/div> <!-- close group --> <\/div> <!-- close row --> <div class=\"gallery-row\" style=\"width: 500px; height: 226px;\" data-original-width=\"500\" data-original-height=\"226\" > <div class=\"gallery-group images-1\" style=\"width: 338px; height: 226px;\" data-original-width=\"338\" data-original-height=\"226\" > <div class=\"tiled-gallery-item tiled-gallery-item-large\" itemprop=\"associatedMedia\" itemscope itemtype=\"http:\/\/schema.org\/ImageObject\"> <a href=\"http:\/\/www.tvturk.com\/index.php\/mehmet-murat-calik-beylikduzu-hedef-buyuterek-yoluna-devam-edecek\/mehmet-murat-calik-beylikduzu-hedef-buyuterek-yoluna-devam-edecek-6\/\" border=\"0\" itemprop=\"url\"> <meta itemprop=\"width\" content=\"334\"> <meta itemprop=\"height\" content=\"222\"> <img decoding=\"async\" class=\"\" data-attachment-id=\"130639\" data-orig-file=\"http:\/\/www.tvturk.com\/wp-content\/uploads\/2019\/04\/mehmet-murat-calik-beylikduzu-hedef-buyuterek-yoluna-devam-edecek_614226a.jpg\" data-orig-size=\"1000,666\" data-comments-opened=\"\" data-image-meta=\"{&quot;aperture&quot;:&quot;0&quot;,&quot;credit&quot;:&quot;IHA&quot;,&quot;camera&quot;:&quot;&quot;,&quot;caption&quot;:&quot;BEYL\\u0130KD\\u00dcZ\\u00dc BELED\\u0130YE BA\\u015eKANI MEHMET MURAT \\u00c7ALIK, \\u201cBEYL\\u0130KD\\u00dcZ\\u00dc\\u2019NDE KALDI\\u011eIMIZ YERDEN DEVAM EDECE\\u011e\\u0130Z. BU SE\\u00c7\\u0130M\\u0130N KAYBEDEN\\u0130 YOK. BEYL\\u0130KD\\u00dcZ\\u00dc HALKI KAZANDI, BEYL\\u0130KD\\u00dcZ\\u00dc B\\u0130ZE OY VERS\\u0130N VERMES\\u0130N MUTLU \\u0130NSANLARIN YA\\u015eAMAYA DEVAM ETT\\u0130\\u011e\\u0130 B\\u0130R KENT OLMAYI S\\u00dcRD\\u00dcRECEK\\u201d D\\u0130YE KONU\\u015eTU. (\\u0130HA\\\/\\u0130STANBUL-\\u0130HA)&quot;,&quot;created_timestamp&quot;:&quot;0&quot;,&quot;copyright&quot;:&quot;\\u0130HLAS HABER AJANSI, www.iha.com.tr&quot;,&quot;focal_length&quot;:&quot;0&quot;,&quot;iso&quot;:&quot;0&quot;,&quot;shutter_speed&quot;:&quot;0&quot;,&quot;title&quot;:&quot;MEHMET MURAT \\u00c7ALIK, \\u201cBEYL\\u0130KD\\u00dcZ\\u00dc HEDEF B\\u00dcY\\u00dcTEREK YOLUNA DEVAM EDECEK\\u201d&quot;,&quot;orientation&quot;:&quot;0&quot;}\" data-image-title=\"Mehmet Murat \u00c7al\u0131k, \u201cBeylikd\u00fcz\u00fc hedef b\u00fcy\u00fcterek yoluna devam edecek\u201d\" data-image-description=\"&lt;p&gt;Mehmet Murat \u00c7al\u0131k, \u201cBeylikd\u00fcz\u00fc hedef b\u00fcy\u00fcterek yoluna devam edecek\u201d&lt;\/p&gt; \" data-medium-file=\"https:\/\/i0.wp.com\/www.tvturk.com\/wp-content\/uploads\/2019\/04\/mehmet-murat-calik-beylikduzu-hedef-buyuterek-yoluna-devam-edecek_614226a.jpg?fit=300%2C200\" data-large-file=\"https:\/\/i0.wp.com\/www.tvturk.com\/wp-content\/uploads\/2019\/04\/mehmet-murat-calik-beylikduzu-hedef-buyuterek-yoluna-devam-edecek_614226a.jpg?fit=1000%2C666\" src=\"https:\/\/i0.wp.com\/www.tvturk.com\/wp-content\/uploads\/2019\/04\/mehmet-murat-calik-beylikduzu-hedef-buyuterek-yoluna-devam-edecek_614226a.jpg?w=334&#038;h=222\" srcset=\"https:\/\/i0.wp.com\/www.tvturk.com\/wp-content\/uploads\/2019\/04\/mehmet-murat-calik-beylikduzu-hedef-buyuterek-yoluna-devam-edecek_614226a.jpg?w=1000 1000w, https:\/\/i0.wp.com\/www.tvturk.com\/wp-content\/uploads\/2019\/04\/mehmet-murat-calik-beylikduzu-hedef-buyuterek-yoluna-devam-edecek_614226a.jpg?resize=150%2C100 150w, https:\/\/i0.wp.com\/www.tvturk.com\/wp-content\/uploads\/2019\/04\/mehmet-murat-calik-beylikduzu-hedef-buyuterek-yoluna-devam-edecek_614226a.jpg?resize=300%2C200 300w, https:\/\/i0.wp.com\/www.tvturk.com\/wp-content\/uploads\/2019\/04\/mehmet-murat-calik-beylikduzu-hedef-buyuterek-yoluna-devam-edecek_614226a.jpg?resize=768%2C511 768w, https:\/\/i0.wp.com\/www.tvturk.com\/wp-content\/uploads\/2019\/04\/mehmet-murat-calik-beylikduzu-hedef-buyuterek-yoluna-devam-edecek_614226a.jpg?resize=170%2C113 170w, https:\/\/i0.wp.com\/www.tvturk.com\/wp-content\/uploads\/2019\/04\/mehmet-murat-calik-beylikduzu-hedef-buyuterek-yoluna-devam-edecek_614226a.jpg?resize=120%2C80 120w\" width=\"334\" height=\"222\" loading=\"lazy\" data-original-width=\"334\" data-original-height=\"222\" itemprop=\"http:\/\/schema.org\/image\" title=\"Mehmet Murat \u00c7al\u0131k, \u201cBeylikd\u00fcz\u00fc hedef b\u00fcy\u00fcterek yoluna devam edecek\u201d\" alt=\"Mehmet Murat \u00c7al\u0131k, \u201cBeylikd\u00fcz\u00fc hedef b\u00fcy\u00fcterek yoluna devam edecek\u201d\" style=\"width: 334px; height: 222px;\" \/> <\/a> <\/div> <\/div> <!-- close group --> <div class=\"gallery-group images-1\" style=\"width: 162px; height: 226px;\" data-original-width=\"162\" data-original-height=\"226\" > <div class=\"tiled-gallery-item tiled-gallery-item-small\" itemprop=\"associatedMedia\" itemscope itemtype=\"http:\/\/schema.org\/ImageObject\"> <a href=\"http:\/\/www.tvturk.com\/index.php\/mehmet-murat-calik-beylikduzu-hedef-buyuterek-yoluna-devam-edecek\/mehmet-murat-calik-beylikduzu-hedef-buyuterek-yoluna-devam-edecek-7\/\" border=\"0\" itemprop=\"url\"> <meta itemprop=\"width\" content=\"158\"> <meta itemprop=\"height\" content=\"222\"> <img decoding=\"async\" class=\"\" data-attachment-id=\"130640\" data-orig-file=\"http:\/\/www.tvturk.com\/wp-content\/uploads\/2019\/04\/mehmet-murat-calik-beylikduzu-hedef-buyuterek-yoluna-devam-edecek_c33c726.jpg\" data-orig-size=\"712,1000\" data-comments-opened=\"\" data-image-meta=\"{&quot;aperture&quot;:&quot;0&quot;,&quot;credit&quot;:&quot;IHA&quot;,&quot;camera&quot;:&quot;&quot;,&quot;caption&quot;:&quot;BEYL\\u0130KD\\u00dcZ\\u00dc BELED\\u0130YE BA\\u015eKANI MEHMET MURAT \\u00c7ALIK, \\u201cBEYL\\u0130KD\\u00dcZ\\u00dc\\u2019NDE KALDI\\u011eIMIZ YERDEN DEVAM EDECE\\u011e\\u0130Z. BU SE\\u00c7\\u0130M\\u0130N KAYBEDEN\\u0130 YOK. BEYL\\u0130KD\\u00dcZ\\u00dc HALKI KAZANDI, BEYL\\u0130KD\\u00dcZ\\u00dc B\\u0130ZE OY VERS\\u0130N VERMES\\u0130N MUTLU \\u0130NSANLARIN YA\\u015eAMAYA DEVAM ETT\\u0130\\u011e\\u0130 B\\u0130R KENT OLMAYI S\\u00dcRD\\u00dcRECEK\\u201d D\\u0130YE KONU\\u015eTU. (\\u0130HA\\\/\\u0130STANBUL-\\u0130HA)&quot;,&quot;created_timestamp&quot;:&quot;0&quot;,&quot;copyright&quot;:&quot;\\u0130HLAS HABER AJANSI, www.iha.com.tr&quot;,&quot;focal_length&quot;:&quot;0&quot;,&quot;iso&quot;:&quot;0&quot;,&quot;shutter_speed&quot;:&quot;0&quot;,&quot;title&quot;:&quot;MEHMET MURAT \\u00c7ALIK, \\u201cBEYL\\u0130KD\\u00dcZ\\u00dc HEDEF B\\u00dcY\\u00dcTEREK YOLUNA DEVAM EDECEK\\u201d&quot;,&quot;orientation&quot;:&quot;0&quot;}\" data-image-title=\"Mehmet Murat \u00c7al\u0131k, \u201cBeylikd\u00fcz\u00fc hedef b\u00fcy\u00fcterek yoluna devam edecek\u201d\" data-image-description=\"&lt;p&gt;Mehmet Murat \u00c7al\u0131k, \u201cBeylikd\u00fcz\u00fc hedef b\u00fcy\u00fcterek yoluna devam edecek\u201d&lt;\/p&gt; \" data-medium-file=\"https:\/\/i0.wp.com\/www.tvturk.com\/wp-content\/uploads\/2019\/04\/mehmet-murat-calik-beylikduzu-hedef-buyuterek-yoluna-devam-edecek_c33c726.jpg?fit=214%2C300\" data-large-file=\"https:\/\/i0.wp.com\/www.tvturk.com\/wp-content\/uploads\/2019\/04\/mehmet-murat-calik-beylikduzu-hedef-buyuterek-yoluna-devam-edecek_c33c726.jpg?fit=712%2C1000\" src=\"https:\/\/i0.wp.com\/www.tvturk.com\/wp-content\/uploads\/2019\/04\/mehmet-murat-calik-beylikduzu-hedef-buyuterek-yoluna-devam-edecek_c33c726.jpg?w=158&#038;h=222\" srcset=\"https:\/\/i0.wp.com\/www.tvturk.com\/wp-content\/uploads\/2019\/04\/mehmet-murat-calik-beylikduzu-hedef-buyuterek-yoluna-devam-edecek_c33c726.jpg?w=712 712w, https:\/\/i0.wp.com\/www.tvturk.com\/wp-content\/uploads\/2019\/04\/mehmet-murat-calik-beylikduzu-hedef-buyuterek-yoluna-devam-edecek_c33c726.jpg?resize=107%2C150 107w, https:\/\/i0.wp.com\/www.tvturk.com\/wp-content\/uploads\/2019\/04\/mehmet-murat-calik-beylikduzu-hedef-buyuterek-yoluna-devam-edecek_c33c726.jpg?resize=214%2C300 214w\" width=\"158\" height=\"222\" loading=\"lazy\" data-original-width=\"158\" data-original-height=\"222\" itemprop=\"http:\/\/schema.org\/image\" title=\"Mehmet Murat \u00c7al\u0131k, \u201cBeylikd\u00fcz\u00fc hedef b\u00fcy\u00fcterek yoluna devam edecek\u201d\" alt=\"Mehmet Murat \u00c7al\u0131k, \u201cBeylikd\u00fcz\u00fc hedef b\u00fcy\u00fcterek yoluna devam edecek\u201d\" style=\"width: 158px; height: 222px;\" \/> <\/a> <\/div> <\/div> <!-- close group --> <\/div> <!-- close row --> <\/div><\/p>\n","protected":false},"excerpt":{"rendered":"<p>BEYL\u0130KD\u00dcZ\u00dc BELED\u0130YE BA\u015eKANI MEHMET MURAT \u00c7ALIK, \u201cBEYL\u0130KD\u00dcZ\u00dc\u2019NDE KALDI\u011eIMIZ YERDEN DEVAM EDECE\u011e\u0130Z. BU SE\u00c7\u0130M\u0130N KAYBEDEN\u0130 YOK. BEYL\u0130KD\u00dcZ\u00dc HALKI KAZANDI, BEYL\u0130KD\u00dcZ\u00dc B\u0130ZE OY VERS\u0130N VERMES\u0130N MUTLU \u0130NSANLARIN YA\u015eAMAYA DEVAM ETT\u0130\u011e\u0130 B\u0130R KENT OLMAYI S\u00dcRD\u00dcRECEK\u201d D\u0130YE KONU\u015eTU.<\/p>\n","protected":false},"author":1,"featured_media":130635,"comment_status":"closed","ping_status":"open","sticky":false,"template":"","format":"standard","meta":{"jetpack_post_was_ever_published":false,"_jetpack_newsletter_access":"","_jetpack_dont_email_post_to_subs":false,"_jetpack_newsletter_tier_id":0,"_jetpack_memberships_contains_paywalled_content":false,"_jetpack_memberships_contains_paid_content":false,"footnotes":"","jetpack_publicize_message":"","jetpack_publicize_feature_enabled":true,"jetpack_social_post_already_shared":true,"jetpack_social_options":{"image_generator_settings":{"template":"highway","default_image_id":0,"font":"","enabled":false},"version":2}},"categories":[1],"tags":[18254,30341,8725,522,4253,2659,2570,908,17653],"class_list":["post-130634","post","type-post","status-publish","format-standard","has-post-thumbnail","hentry","category-genel","tag-beylikduzu","tag-buyuterek","tag-calik","tag-devam","tag-edecek","tag-hedef","tag-mehmet","tag-murat","tag-yoluna"],"jetpack_publicize_connections":[],"jetpack_featured_media_url":"https:\/\/i0.wp.com\/www.tvturk.com\/wp-content\/uploads\/2019\/04\/mehmet-murat-calik-beylikduzu-hedef-buyuterek-yoluna-devam-edecek_de74a8f.jpg?fit=1000%2C852","jetpack_sharing_enabled":true,"jetpack_shortlink":"https:\/\/wp.me\/paKIfm-xZ0","_links":{"self":[{"href":"http:\/\/www.tvturk.com\/index.php\/wp-json\/wp\/v2\/posts\/130634","targetHints":{"allow":["GET"]}}],"collection":[{"href":"http:\/\/www.tvturk.com\/index.php\/wp-json\/wp\/v2\/posts"}],"about":[{"href":"http:\/\/www.tvturk.com\/index.php\/wp-json\/wp\/v2\/types\/post"}],"author":[{"embeddable":true,"href":"http:\/\/www.tvturk.com\/index.php\/wp-json\/wp\/v2\/users\/1"}],"replies":[{"embeddable":true,"href":"http:\/\/www.tvturk.com\/index.php\/wp-json\/wp\/v2\/comments?post=130634"}],"version-history":[{"count":1,"href":"http:\/\/www.tvturk.com\/index.php\/wp-json\/wp\/v2\/posts\/130634\/revisions"}],"predecessor-version":[{"id":130641,"href":"http:\/\/www.tvturk.com\/index.php\/wp-json\/wp\/v2\/posts\/130634\/revisions\/130641"}],"wp:featuredmedia":[{"embeddable":true,"href":"http:\/\/www.tvturk.com\/index.php\/wp-json\/wp\/v2\/media\/130635"}],"wp:attachment":[{"href":"http:\/\/www.tvturk.com\/index.php\/wp-json\/wp\/v2\/media?parent=130634"}],"wp:term":[{"taxonomy":"category","embeddable":true,"href":"http:\/\/www.tvturk.com\/index.php\/wp-json\/wp\/v2\/categories?post=130634"},{"taxonomy":"post_tag","embeddable":true,"href":"http:\/\/www.tvturk.com\/index.php\/wp-json\/wp\/v2\/tags?post=130634"}],"curies":[{"name":"wp","href":"https:\/\/api.w.org\/{rel}","templated":true}]}}