{"id":131056,"date":"2019-04-10T14:50:34","date_gmt":"2019-04-10T11:50:34","guid":{"rendered":"http:\/\/www.tvturk.com\/index.php\/bb-erzurumspor-baskani-unesten-hakem-kararlarina-tepki\/"},"modified":"2019-04-10T14:50:35","modified_gmt":"2019-04-10T11:50:35","slug":"bb-erzurumspor-baskani-unesten-hakem-kararlarina-tepki","status":"publish","type":"post","link":"http:\/\/www.tvturk.com\/index.php\/bb-erzurumspor-baskani-unesten-hakem-kararlarina-tepki\/","title":{"rendered":"BB Erzurumspor Ba\u015fkan\u0131 \u00dcne\u015f\u2019ten hakem kararlar\u0131na tepki"},"content":{"rendered":"<p>BB Erzurumspor Ba\u015fkan\u0131 H\u00fcseyin \u00dcne\u015f sosyal medya hesab\u0131ndan yapt\u0131\u011f\u0131 a\u00e7\u0131klamada Kas\u0131mpa\u015fa ma\u00e7\u0131nda verilen hakem kararlar\u0131na tepki g\u00f6sterdi. Ayr\u0131ca \u00dcne\u015f geriye kalan 7 ma\u00e7 i\u00e7in futbolculara ve teknik heyete uyar\u0131larda bulunulaca\u011f\u0131n\u0131 ifade etti.<\/p>\n<p>BB Erzurumspor Ba\u015fkan\u0131 H\u00fcseyin \u00dcne\u015f, deplasmanda 2-1 kaybedilen Kas\u0131mpa\u015fa ma\u00e7\u0131nda verilen hakem kararlar\u0131na tepki g\u00f6sterdi. Taraftarlardan destek isteyen \u00dcne\u015f, her \u015feye ra\u011fmen ligde kalmak ad\u0131na ne gerekiyorsa yapacaklar\u0131n\u0131 belirtti.<\/p>\n<p>\u00dcne\u015f, sosyal medya hesab\u0131ndan yapt\u0131\u011f\u0131 a\u00e7\u0131klamada \u015fu ifadelere yer verdi:<\/p>\n<p>&#8220;Tak\u0131m\u0131m\u0131z\u0131n son ma\u00e7lardaki performans\u0131 b\u00fcy\u00fck Erzurumspor taraftar\u0131n\u0131 oldu\u011fu kadar bizleri de derinden \u00fczmektedir. Bug\u00fcn teknik heyetle, yar\u0131n futbolcular\u0131m\u0131zla yapaca\u011f\u0131m\u0131z toplant\u0131larda kalan 7 ma\u00e7 hususunda gerekli uyar\u0131lar\u0131 yapaca\u011f\u0131m\u0131zdan camiam\u0131z\u0131n \u015f\u00fcphesi olmas\u0131n. Saha i\u00e7i performans\u0131m\u0131z bizim sorunumuz. Ama sezon ba\u015f\u0131ndan beri gasp edilen puanlar\u0131m\u0131zla ilgili \u015fimdiye kadar bir \u00e7ok kez ba\u015fvuru yapt\u0131k, TFF ve MHK ba\u015fkan\u0131 nezdinde \u015fikayetlerimizi ilettik, yine iletiyoruz.<\/p>\n<p>T\u00fcm futbol kamuoyunun \u00f6n\u00fcnde ya\u015fanan skandallara bir yenisi de Kas\u0131mpa\u015fa ma\u00e7\u0131nda eklendi. Gol\u00fcn oldu\u011fu pozisyon yerine farkl\u0131 bir g\u00f6r\u00fcnt\u00fcyle karar veren saha i\u00e7inde Var odas\u0131na bulunan hakem arkada\u015flar\u0131m\u0131z\u0131n bu hatal\u0131 kararlar\u0131 sonras\u0131 bize kar\u015f\u0131 \u00f6n yarg\u0131l\u0131 tutumun devam etti\u011fini g\u00f6r\u00fcyoruz.<\/p>\n<p>Kalan 7 ma\u00e7ta \u201cadalet da\u011f\u0131tmakla g\u00f6revli\u201d hakem arkada\u015flar\u0131m\u0131z\u0131n performanslar\u0131 BB. Erzurumspor camias\u0131n\u0131n takibinde olacakt\u0131r. Yine benzeri skandallar\u0131n olmas\u0131 durumunda tak\u0131m\u0131m\u0131z\u0131n kar\u015f\u0131la\u015faca\u011f\u0131 olas\u0131 s\u0131k\u0131nt\u0131lar kar\u015f\u0131s\u0131nda tepkimizi daha sert bir \u015fekilde g\u00f6sterece\u011fiz. Son olarak b\u00fcy\u00fck Erzurumspor taraftar\u0131m\u0131zdan ricam\u0131z; evimizde oynayaca\u011f\u0131m\u0131z Akhisarspor ma\u00e7\u0131nda trib\u00fcnleri doldurarak yine kendilerine yak\u0131\u015f\u0131r bir \u015fekilde son d\u00fcd\u00fc\u011fe kadar tak\u0131m\u0131m\u0131z\u0131 desteklemeleri. Biz her \u015feye ra\u011fmen bu ligde kalma ad\u0131na ne gerekiyorsa yapaca\u011f\u0131z.&#8221;<div class=\"tiled-gallery type-rectangular tiled-gallery-unresized\" data-original-width=\"500\" data-carousel-extra='null' itemscope itemtype=\"http:\/\/schema.org\/ImageGallery\" > <div class=\"gallery-row\" style=\"width: 500px; height: 282px;\" data-original-width=\"500\" data-original-height=\"282\" > <div class=\"gallery-group images-1\" style=\"width: 500px; height: 282px;\" data-original-width=\"500\" data-original-height=\"282\" > <div class=\"tiled-gallery-item tiled-gallery-item-large\" itemprop=\"associatedMedia\" itemscope itemtype=\"http:\/\/schema.org\/ImageObject\"> <a href=\"http:\/\/www.tvturk.com\/index.php\/bb-erzurumspor-baskani-unesten-hakem-kararlarina-tepki\/bb-erzurumspor-baskani-unesten-hakem-kararlarina-tepki-3\/\" border=\"0\" itemprop=\"url\"> <meta itemprop=\"width\" content=\"496\"> <meta itemprop=\"height\" content=\"278\"> <img decoding=\"async\" class=\"\" data-attachment-id=\"131058\" data-orig-file=\"http:\/\/www.tvturk.com\/wp-content\/uploads\/2019\/04\/bb-erzurumspor-baskani-unesten-hakem-kararlarina-tepki_13a6efe.jpg\" data-orig-size=\"919,515\" data-comments-opened=\"\" data-image-meta=\"{&quot;aperture&quot;:&quot;0&quot;,&quot;credit&quot;:&quot;IHA&quot;,&quot;camera&quot;:&quot;&quot;,&quot;caption&quot;:&quot;BB ERZURUMSPOR BA\\u015eKANI H\\u00dcSEY\\u0130N \\u00dcNE\\u015e SOSYAL MEDYA HESABINDAN YAPTI\\u011eI A\\u00c7IKLAMADA KASIMPA\\u015eA MA\\u00c7INDA VER\\u0130LEN HAKEM KARARLARINA TEPK\\u0130 G\\u00d6STERD\\u0130. AYRICA \\u00dcNE\\u015e GER\\u0130YE KALAN 7 MA\\u00c7 \\u0130\\u00c7\\u0130N FUTBOLCULARA VE TEKN\\u0130K HEYETE UYARILARDA BULUNULACA\\u011eINI \\u0130FADE ETT\\u0130. (SEFA TET\\u0130K\\\/ERZURUM-\\u0130HA)&quot;,&quot;created_timestamp&quot;:&quot;0&quot;,&quot;copyright&quot;:&quot;\\u0130HLAS HABER AJANSI, www.iha.com.tr&quot;,&quot;focal_length&quot;:&quot;0&quot;,&quot;iso&quot;:&quot;0&quot;,&quot;shutter_speed&quot;:&quot;0&quot;,&quot;title&quot;:&quot;BB ERZURUMSPOR BA\\u015eKANI \\u00dcNE\\u015e\\u2019TEN HAKEM KARARLARINA TEPK\\u0130&quot;,&quot;orientation&quot;:&quot;0&quot;}\" data-image-title=\"BB Erzurumspor Ba\u015fkan\u0131 \u00dcne\u015f\u2019ten hakem kararlar\u0131na tepki\" data-image-description=\"&lt;p&gt;BB Erzurumspor Ba\u015fkan\u0131 \u00dcne\u015f\u2019ten hakem kararlar\u0131na tepki&lt;\/p&gt; \" data-medium-file=\"https:\/\/i0.wp.com\/www.tvturk.com\/wp-content\/uploads\/2019\/04\/bb-erzurumspor-baskani-unesten-hakem-kararlarina-tepki_13a6efe.jpg?fit=300%2C168\" data-large-file=\"https:\/\/i0.wp.com\/www.tvturk.com\/wp-content\/uploads\/2019\/04\/bb-erzurumspor-baskani-unesten-hakem-kararlarina-tepki_13a6efe.jpg?fit=919%2C515\" src=\"https:\/\/i0.wp.com\/www.tvturk.com\/wp-content\/uploads\/2019\/04\/bb-erzurumspor-baskani-unesten-hakem-kararlarina-tepki_13a6efe.jpg?w=496&#038;h=278\" srcset=\"https:\/\/i0.wp.com\/www.tvturk.com\/wp-content\/uploads\/2019\/04\/bb-erzurumspor-baskani-unesten-hakem-kararlarina-tepki_13a6efe.jpg?w=919 919w, https:\/\/i0.wp.com\/www.tvturk.com\/wp-content\/uploads\/2019\/04\/bb-erzurumspor-baskani-unesten-hakem-kararlarina-tepki_13a6efe.jpg?resize=150%2C84 150w, https:\/\/i0.wp.com\/www.tvturk.com\/wp-content\/uploads\/2019\/04\/bb-erzurumspor-baskani-unesten-hakem-kararlarina-tepki_13a6efe.jpg?resize=300%2C168 300w, https:\/\/i0.wp.com\/www.tvturk.com\/wp-content\/uploads\/2019\/04\/bb-erzurumspor-baskani-unesten-hakem-kararlarina-tepki_13a6efe.jpg?resize=768%2C430 768w, https:\/\/i0.wp.com\/www.tvturk.com\/wp-content\/uploads\/2019\/04\/bb-erzurumspor-baskani-unesten-hakem-kararlarina-tepki_13a6efe.jpg?resize=200%2C113 200w\" width=\"496\" height=\"278\" loading=\"lazy\" data-original-width=\"496\" data-original-height=\"278\" itemprop=\"http:\/\/schema.org\/image\" title=\"BB Erzurumspor Ba\u015fkan\u0131 \u00dcne\u015f\u2019ten hakem kararlar\u0131na tepki\" alt=\"BB Erzurumspor Ba\u015fkan\u0131 \u00dcne\u015f\u2019ten hakem kararlar\u0131na tepki\" style=\"width: 496px; height: 278px;\" \/> <\/a> <\/div> <\/div> <!-- close group --> <\/div> <!-- close row --> <\/div><\/p>\n","protected":false},"excerpt":{"rendered":"<p>BB ERZURUMSPOR BA\u015eKANI H\u00dcSEY\u0130N \u00dcNE\u015e SOSYAL MEDYA HESABINDAN YAPTI\u011eI A\u00c7IKLAMADA KASIMPA\u015eA MA\u00c7INDA VER\u0130LEN HAKEM KARARLARINA TEPK\u0130 G\u00d6STERD\u0130. AYRICA \u00dcNE\u015e GER\u0130YE KALAN 7 MA\u00c7 \u0130\u00c7\u0130N FUTBOLCULARA VE TEKN\u0130K HEYETE UYARILARDA BULUNULACA\u011eINI \u0130FADE ETT\u0130.<\/p>\n","protected":false},"author":1,"featured_media":131057,"comment_status":"closed","ping_status":"open","sticky":false,"template":"","format":"standard","meta":{"jetpack_post_was_ever_published":false,"_jetpack_newsletter_access":"","_jetpack_dont_email_post_to_subs":false,"_jetpack_newsletter_tier_id":0,"_jetpack_memberships_contains_paywalled_content":false,"_jetpack_memberships_contains_paid_content":false,"footnotes":"","jetpack_publicize_message":"","jetpack_publicize_feature_enabled":true,"jetpack_social_post_already_shared":true,"jetpack_social_options":{"image_generator_settings":{"template":"highway","default_image_id":0,"font":"","enabled":false},"version":2}},"categories":[657],"tags":[3678,216,1151,30411,961,30410],"class_list":["post-131056","post","type-post","status-publish","format-standard","has-post-thumbnail","hentry","category-spor","tag-erzurumspor","tag-baskani","tag-hakem","tag-kararlarina","tag-tepki","tag-unesten"],"jetpack_publicize_connections":[],"jetpack_featured_media_url":"https:\/\/i0.wp.com\/www.tvturk.com\/wp-content\/uploads\/2019\/04\/bb-erzurumspor-baskani-unesten-hakem-kararlarina-tepki_91a404d.jpg?fit=1000%2C666","jetpack_sharing_enabled":true,"jetpack_shortlink":"https:\/\/wp.me\/paKIfm-y5O","_links":{"self":[{"href":"http:\/\/www.tvturk.com\/index.php\/wp-json\/wp\/v2\/posts\/131056","targetHints":{"allow":["GET"]}}],"collection":[{"href":"http:\/\/www.tvturk.com\/index.php\/wp-json\/wp\/v2\/posts"}],"about":[{"href":"http:\/\/www.tvturk.com\/index.php\/wp-json\/wp\/v2\/types\/post"}],"author":[{"embeddable":true,"href":"http:\/\/www.tvturk.com\/index.php\/wp-json\/wp\/v2\/users\/1"}],"replies":[{"embeddable":true,"href":"http:\/\/www.tvturk.com\/index.php\/wp-json\/wp\/v2\/comments?post=131056"}],"version-history":[{"count":1,"href":"http:\/\/www.tvturk.com\/index.php\/wp-json\/wp\/v2\/posts\/131056\/revisions"}],"predecessor-version":[{"id":131059,"href":"http:\/\/www.tvturk.com\/index.php\/wp-json\/wp\/v2\/posts\/131056\/revisions\/131059"}],"wp:featuredmedia":[{"embeddable":true,"href":"http:\/\/www.tvturk.com\/index.php\/wp-json\/wp\/v2\/media\/131057"}],"wp:attachment":[{"href":"http:\/\/www.tvturk.com\/index.php\/wp-json\/wp\/v2\/media?parent=131056"}],"wp:term":[{"taxonomy":"category","embeddable":true,"href":"http:\/\/www.tvturk.com\/index.php\/wp-json\/wp\/v2\/categories?post=131056"},{"taxonomy":"post_tag","embeddable":true,"href":"http:\/\/www.tvturk.com\/index.php\/wp-json\/wp\/v2\/tags?post=131056"}],"curies":[{"name":"wp","href":"https:\/\/api.w.org\/{rel}","templated":true}]}}