{"id":131129,"date":"2019-04-10T15:35:40","date_gmt":"2019-04-10T12:35:40","guid":{"rendered":"http:\/\/www.tvturk.com\/index.php\/u-15-akademi-liginde-fair-play-ornegi\/"},"modified":"2019-04-10T15:35:42","modified_gmt":"2019-04-10T12:35:42","slug":"u-15-akademi-liginde-fair-play-ornegi","status":"publish","type":"post","link":"http:\/\/www.tvturk.com\/index.php\/u-15-akademi-liginde-fair-play-ornegi\/","title":{"rendered":"U-15 Akademi Ligi\u2019nde Fair-Play \u00f6rne\u011fi"},"content":{"rendered":"<p>Eski\u015fehirspor ile Kardemir Karab\u00fckspor U-15 tak\u0131mlar\u0131 aras\u0131nda oynanan U-15 Akademi Ligi m\u00fcsabakas\u0131nda Eski\u015fehirspor\u2019un gen\u00e7 futbolcusu Bu\u011fra \u00c7a\u011fl\u0131yan, hakemin verdi\u011fi penalt\u0131da topu bilerek d\u0131\u015far\u0131 att\u0131 ve \u00f6rnek bir Fair-Play davran\u0131\u015f\u0131 sergiledi.<\/p>\n<p>Vali Hanefi Demirkol Tesislerinde oynanan ma\u00e7 0-0 devam ederken, Eski\u015fehirspor ata\u011f\u0131nda yard\u0131mc\u0131 hakem ofsayt bayra\u011f\u0131n\u0131 kald\u0131rd\u0131. Pozisyonun devam\u0131nda top Karab\u00fckspor U-15 tak\u0131m\u0131 kalecisinde kald\u0131\u011f\u0131ndan dolay\u0131 orta hakem ma\u00e7\u0131 durdurmad\u0131 ve &#8220;Pozisyonu g\u00f6rd\u00fcm, devam edin&#8221; \u015feklinde bir el hareketi ile oyunu durdurmad\u0131. Ard\u0131ndan hakemin i\u015faretini g\u00f6rmeyen Karab\u00fckspor\u2019un defans oyuncusu topu ceza sahas\u0131 i\u00e7erisinde eline ald\u0131. Hakemde bu durum kar\u015f\u0131s\u0131nda d\u00fcd\u00fc\u011f\u00fc \u00e7alarak penalt\u0131 noktas\u0131n\u0131 g\u00f6sterdi. Penalt\u0131y\u0131 kullanan Eski\u015fehirsporlu U-15 Milli Tak\u0131m Futbolcusu Bu\u011fra \u00c7a\u011fl\u0131yan, topu bilerek kalenin sa\u011f\u0131ndan d\u0131\u015far\u0131 att\u0131. Fair-Play \u00f6rne\u011fi g\u00f6steren \u00c7a\u011fl\u0131yan, rahip tak\u0131m oyuncular\u0131 taraf\u0131ndan da b\u00fcy\u00fck alk\u0131\u015f ald\u0131.<div class=\"tiled-gallery type-rectangular tiled-gallery-unresized\" data-original-width=\"500\" data-carousel-extra='null' itemscope itemtype=\"http:\/\/schema.org\/ImageGallery\" > <div class=\"gallery-row\" style=\"width: 500px; height: 115px;\" data-original-width=\"500\" data-original-height=\"115\" > <div class=\"gallery-group images-1\" style=\"width: 209px; height: 115px;\" data-original-width=\"209\" data-original-height=\"115\" > <div class=\"tiled-gallery-item tiled-gallery-item-small\" itemprop=\"associatedMedia\" itemscope itemtype=\"http:\/\/schema.org\/ImageObject\"> <a href=\"http:\/\/www.tvturk.com\/index.php\/u-15-akademi-liginde-fair-play-ornegi\/u-15-akademi-liginde-fair-play-ornegi-3\/\" border=\"0\" itemprop=\"url\"> <meta itemprop=\"width\" content=\"205\"> <meta itemprop=\"height\" content=\"111\"> <img decoding=\"async\" class=\"\" data-attachment-id=\"131131\" data-orig-file=\"http:\/\/www.tvturk.com\/wp-content\/uploads\/2019\/04\/u-15-akademi-liginde-fair-play-ornegi_3b7fbbc.jpg\" data-orig-size=\"1000,542\" data-comments-opened=\"\" data-image-meta=\"{&quot;aperture&quot;:&quot;0&quot;,&quot;credit&quot;:&quot;IHA&quot;,&quot;camera&quot;:&quot;&quot;,&quot;caption&quot;:&quot;ESK\\u0130\\u015eEH\\u0130RSPOR \\u0130LE KARDEM\\u0130R KARAB\\u00dcKSPOR U-15 TAKIMLARI ARASINDA OYNANAN U-15 AKADEM\\u0130 L\\u0130G\\u0130 M\\u00dcSABAKASINDA ESK\\u0130\\u015eEH\\u0130RSPOR\\u2019UN GEN\\u00c7 FUTBOLCUSU BU\\u011eRA \\u00c7A\\u011eLIYAN, HAKEM\\u0130N VERD\\u0130\\u011e\\u0130 PENALTIDA TOPU B\\u0130LEREK DI\\u015eARI ATTI VE \\u00d6RNEK B\\u0130R FA\\u0130R-PLAY DAVRANI\\u015eI SERG\\u0130LED\\u0130 (\\u00c7A\\u011eATAY G\\u00dcR - MUSTAFA KAPLAN\\\/ESK\\u0130\\u015eEH\\u0130R-\\u0130HA)&quot;,&quot;created_timestamp&quot;:&quot;0&quot;,&quot;copyright&quot;:&quot;\\u0130HLAS HABER AJANSI, www.iha.com.tr&quot;,&quot;focal_length&quot;:&quot;0&quot;,&quot;iso&quot;:&quot;0&quot;,&quot;shutter_speed&quot;:&quot;0&quot;,&quot;title&quot;:&quot;U-15 AKADEM\\u0130 L\\u0130G\\u0130\\u0027NDE FA\\u0130R-PLAY \\u00d6RNE\\u011e\\u0130 ESK\\u0130\\u015eEH\\u0130RSPORLU FUTBOLCUDAN \\u00d6RNEK HAREKET HAKEM PENALTI DED\\u0130, TOPU B\\u0130LEREK DI\\u015eARI ATTI&quot;,&quot;orientation&quot;:&quot;0&quot;}\" data-image-title=\"U-15 Akademi Ligi\u2019nde Fair-Play \u00f6rne\u011fi\" data-image-description=\"&lt;p&gt;U-15 Akademi Ligi\u2019nde Fair-Play \u00f6rne\u011fi&lt;\/p&gt; \" data-medium-file=\"https:\/\/i0.wp.com\/www.tvturk.com\/wp-content\/uploads\/2019\/04\/u-15-akademi-liginde-fair-play-ornegi_3b7fbbc.jpg?fit=300%2C163\" data-large-file=\"https:\/\/i0.wp.com\/www.tvturk.com\/wp-content\/uploads\/2019\/04\/u-15-akademi-liginde-fair-play-ornegi_3b7fbbc.jpg?fit=1000%2C542\" src=\"https:\/\/i0.wp.com\/www.tvturk.com\/wp-content\/uploads\/2019\/04\/u-15-akademi-liginde-fair-play-ornegi_3b7fbbc.jpg?w=205&#038;h=111\" srcset=\"https:\/\/i0.wp.com\/www.tvturk.com\/wp-content\/uploads\/2019\/04\/u-15-akademi-liginde-fair-play-ornegi_3b7fbbc.jpg?w=1000 1000w, https:\/\/i0.wp.com\/www.tvturk.com\/wp-content\/uploads\/2019\/04\/u-15-akademi-liginde-fair-play-ornegi_3b7fbbc.jpg?resize=150%2C81 150w, https:\/\/i0.wp.com\/www.tvturk.com\/wp-content\/uploads\/2019\/04\/u-15-akademi-liginde-fair-play-ornegi_3b7fbbc.jpg?resize=300%2C163 300w, https:\/\/i0.wp.com\/www.tvturk.com\/wp-content\/uploads\/2019\/04\/u-15-akademi-liginde-fair-play-ornegi_3b7fbbc.jpg?resize=768%2C416 768w\" width=\"205\" height=\"111\" loading=\"lazy\" data-original-width=\"205\" data-original-height=\"111\" itemprop=\"http:\/\/schema.org\/image\" title=\"U-15 Akademi Ligi\u2019nde Fair-Play \u00f6rne\u011fi\" alt=\"U-15 Akademi Ligi\u2019nde Fair-Play \u00f6rne\u011fi\" style=\"width: 205px; height: 111px;\" \/> <\/a> <\/div> <\/div> <!-- close group --> <div class=\"gallery-group images-1\" style=\"width: 291px; height: 115px;\" data-original-width=\"291\" data-original-height=\"115\" > <div class=\"tiled-gallery-item tiled-gallery-item-large\" itemprop=\"associatedMedia\" itemscope itemtype=\"http:\/\/schema.org\/ImageObject\"> <a href=\"http:\/\/www.tvturk.com\/index.php\/u-15-akademi-liginde-fair-play-ornegi\/u-15-akademi-liginde-fair-play-ornegi-4\/\" border=\"0\" itemprop=\"url\"> <meta itemprop=\"width\" content=\"287\"> <meta itemprop=\"height\" content=\"111\"> <img decoding=\"async\" class=\"\" data-attachment-id=\"131132\" data-orig-file=\"http:\/\/www.tvturk.com\/wp-content\/uploads\/2019\/04\/u-15-akademi-liginde-fair-play-ornegi_3016884.jpg\" data-orig-size=\"1000,386\" data-comments-opened=\"\" data-image-meta=\"{&quot;aperture&quot;:&quot;0&quot;,&quot;credit&quot;:&quot;IHA&quot;,&quot;camera&quot;:&quot;&quot;,&quot;caption&quot;:&quot;ESK\\u0130\\u015eEH\\u0130RSPOR \\u0130LE KARDEM\\u0130R KARAB\\u00dcKSPOR U-15 TAKIMLARI ARASINDA OYNANAN U-15 AKADEM\\u0130 L\\u0130G\\u0130 M\\u00dcSABAKASINDA ESK\\u0130\\u015eEH\\u0130RSPOR\\u2019UN GEN\\u00c7 FUTBOLCUSU BU\\u011eRA \\u00c7A\\u011eLIYAN, HAKEM\\u0130N VERD\\u0130\\u011e\\u0130 PENALTIDA TOPU B\\u0130LEREK DI\\u015eARI ATTI VE \\u00d6RNEK B\\u0130R FA\\u0130R-PLAY DAVRANI\\u015eI SERG\\u0130LED\\u0130 (\\u00c7A\\u011eATAY G\\u00dcR - MUSTAFA KAPLAN\\\/ESK\\u0130\\u015eEH\\u0130R-\\u0130HA)&quot;,&quot;created_timestamp&quot;:&quot;0&quot;,&quot;copyright&quot;:&quot;\\u0130HLAS HABER AJANSI, www.iha.com.tr&quot;,&quot;focal_length&quot;:&quot;0&quot;,&quot;iso&quot;:&quot;0&quot;,&quot;shutter_speed&quot;:&quot;0&quot;,&quot;title&quot;:&quot;U-15 AKADEM\\u0130 L\\u0130G\\u0130\\u0027NDE FA\\u0130R-PLAY \\u00d6RNE\\u011e\\u0130 ESK\\u0130\\u015eEH\\u0130RSPORLU FUTBOLCUDAN \\u00d6RNEK HAREKET HAKEM PENALTI DED\\u0130, TOPU B\\u0130LEREK DI\\u015eARI ATTI&quot;,&quot;orientation&quot;:&quot;0&quot;}\" data-image-title=\"U-15 Akademi Ligi\u2019nde Fair-Play \u00f6rne\u011fi\" data-image-description=\"&lt;p&gt;U-15 Akademi Ligi\u2019nde Fair-Play \u00f6rne\u011fi&lt;\/p&gt; \" data-medium-file=\"https:\/\/i0.wp.com\/www.tvturk.com\/wp-content\/uploads\/2019\/04\/u-15-akademi-liginde-fair-play-ornegi_3016884.jpg?fit=300%2C116\" data-large-file=\"https:\/\/i0.wp.com\/www.tvturk.com\/wp-content\/uploads\/2019\/04\/u-15-akademi-liginde-fair-play-ornegi_3016884.jpg?fit=1000%2C386\" src=\"https:\/\/i0.wp.com\/www.tvturk.com\/wp-content\/uploads\/2019\/04\/u-15-akademi-liginde-fair-play-ornegi_3016884.jpg?w=287&#038;h=111\" srcset=\"https:\/\/i0.wp.com\/www.tvturk.com\/wp-content\/uploads\/2019\/04\/u-15-akademi-liginde-fair-play-ornegi_3016884.jpg?w=1000 1000w, https:\/\/i0.wp.com\/www.tvturk.com\/wp-content\/uploads\/2019\/04\/u-15-akademi-liginde-fair-play-ornegi_3016884.jpg?resize=150%2C58 150w, https:\/\/i0.wp.com\/www.tvturk.com\/wp-content\/uploads\/2019\/04\/u-15-akademi-liginde-fair-play-ornegi_3016884.jpg?resize=300%2C116 300w, https:\/\/i0.wp.com\/www.tvturk.com\/wp-content\/uploads\/2019\/04\/u-15-akademi-liginde-fair-play-ornegi_3016884.jpg?resize=768%2C296 768w\" width=\"287\" height=\"111\" loading=\"lazy\" data-original-width=\"287\" data-original-height=\"111\" itemprop=\"http:\/\/schema.org\/image\" title=\"U-15 Akademi Ligi\u2019nde Fair-Play \u00f6rne\u011fi\" alt=\"U-15 Akademi Ligi\u2019nde Fair-Play \u00f6rne\u011fi\" style=\"width: 287px; height: 111px;\" \/> <\/a> <\/div> <\/div> <!-- close group --> <\/div> <!-- close row --> <div class=\"gallery-row\" style=\"width: 500px; height: 237px;\" data-original-width=\"500\" data-original-height=\"237\" > <div class=\"gallery-group images-1\" style=\"width: 500px; height: 237px;\" data-original-width=\"500\" data-original-height=\"237\" > <div class=\"tiled-gallery-item tiled-gallery-item-large\" itemprop=\"associatedMedia\" itemscope itemtype=\"http:\/\/schema.org\/ImageObject\"> <a href=\"http:\/\/www.tvturk.com\/index.php\/u-15-akademi-liginde-fair-play-ornegi\/u-15-akademi-liginde-fair-play-ornegi-5\/\" border=\"0\" itemprop=\"url\"> <meta itemprop=\"width\" content=\"496\"> <meta itemprop=\"height\" content=\"233\"> <img decoding=\"async\" class=\"\" data-attachment-id=\"131133\" data-orig-file=\"http:\/\/www.tvturk.com\/wp-content\/uploads\/2019\/04\/u-15-akademi-liginde-fair-play-ornegi_e84de87.jpg\" data-orig-size=\"1000,470\" data-comments-opened=\"\" data-image-meta=\"{&quot;aperture&quot;:&quot;0&quot;,&quot;credit&quot;:&quot;IHA&quot;,&quot;camera&quot;:&quot;&quot;,&quot;caption&quot;:&quot;ESK\\u0130\\u015eEH\\u0130RSPOR \\u0130LE KARDEM\\u0130R KARAB\\u00dcKSPOR U-15 TAKIMLARI ARASINDA OYNANAN U-15 AKADEM\\u0130 L\\u0130G\\u0130 M\\u00dcSABAKASINDA ESK\\u0130\\u015eEH\\u0130RSPOR\\u2019UN GEN\\u00c7 FUTBOLCUSU BU\\u011eRA \\u00c7A\\u011eLIYAN, HAKEM\\u0130N VERD\\u0130\\u011e\\u0130 PENALTIDA TOPU B\\u0130LEREK DI\\u015eARI ATTI VE \\u00d6RNEK B\\u0130R FA\\u0130R-PLAY DAVRANI\\u015eI SERG\\u0130LED\\u0130 (\\u00c7A\\u011eATAY G\\u00dcR - MUSTAFA KAPLAN\\\/ESK\\u0130\\u015eEH\\u0130R-\\u0130HA)&quot;,&quot;created_timestamp&quot;:&quot;0&quot;,&quot;copyright&quot;:&quot;\\u0130HLAS HABER AJANSI, www.iha.com.tr&quot;,&quot;focal_length&quot;:&quot;0&quot;,&quot;iso&quot;:&quot;0&quot;,&quot;shutter_speed&quot;:&quot;0&quot;,&quot;title&quot;:&quot;U-15 AKADEM\\u0130 L\\u0130G\\u0130\\u0027NDE FA\\u0130R-PLAY \\u00d6RNE\\u011e\\u0130 ESK\\u0130\\u015eEH\\u0130RSPORLU FUTBOLCUDAN \\u00d6RNEK HAREKET HAKEM PENALTI DED\\u0130, TOPU B\\u0130LEREK DI\\u015eARI ATTI&quot;,&quot;orientation&quot;:&quot;0&quot;}\" data-image-title=\"U-15 Akademi Ligi\u2019nde Fair-Play \u00f6rne\u011fi\" data-image-description=\"&lt;p&gt;U-15 Akademi Ligi\u2019nde Fair-Play \u00f6rne\u011fi&lt;\/p&gt; \" data-medium-file=\"https:\/\/i0.wp.com\/www.tvturk.com\/wp-content\/uploads\/2019\/04\/u-15-akademi-liginde-fair-play-ornegi_e84de87.jpg?fit=300%2C141\" data-large-file=\"https:\/\/i0.wp.com\/www.tvturk.com\/wp-content\/uploads\/2019\/04\/u-15-akademi-liginde-fair-play-ornegi_e84de87.jpg?fit=1000%2C470\" src=\"https:\/\/i0.wp.com\/www.tvturk.com\/wp-content\/uploads\/2019\/04\/u-15-akademi-liginde-fair-play-ornegi_e84de87.jpg?w=496&#038;h=233\" srcset=\"https:\/\/i0.wp.com\/www.tvturk.com\/wp-content\/uploads\/2019\/04\/u-15-akademi-liginde-fair-play-ornegi_e84de87.jpg?w=1000 1000w, https:\/\/i0.wp.com\/www.tvturk.com\/wp-content\/uploads\/2019\/04\/u-15-akademi-liginde-fair-play-ornegi_e84de87.jpg?resize=150%2C71 150w, https:\/\/i0.wp.com\/www.tvturk.com\/wp-content\/uploads\/2019\/04\/u-15-akademi-liginde-fair-play-ornegi_e84de87.jpg?resize=300%2C141 300w, https:\/\/i0.wp.com\/www.tvturk.com\/wp-content\/uploads\/2019\/04\/u-15-akademi-liginde-fair-play-ornegi_e84de87.jpg?resize=768%2C361 768w\" width=\"496\" height=\"233\" loading=\"lazy\" data-original-width=\"496\" data-original-height=\"233\" itemprop=\"http:\/\/schema.org\/image\" title=\"U-15 Akademi Ligi\u2019nde Fair-Play \u00f6rne\u011fi\" alt=\"U-15 Akademi Ligi\u2019nde Fair-Play \u00f6rne\u011fi\" style=\"width: 496px; height: 233px;\" \/> <\/a> <\/div> <\/div> <!-- close group --> <\/div> <!-- close row --> <\/div><\/p>\n","protected":false},"excerpt":{"rendered":"<p>ESK\u0130\u015eEH\u0130RSPOR \u0130LE KARDEM\u0130R KARAB\u00dcKSPOR U-15 TAKIMLARI ARASINDA OYNANAN U-15 AKADEM\u0130 L\u0130G\u0130 M\u00dcSABAKASINDA ESK\u0130\u015eEH\u0130RSPOR\u2019UN GEN\u00c7 FUTBOLCUSU BU\u011eRA \u00c7A\u011eLIYAN, HAKEM\u0130N VERD\u0130\u011e\u0130 PENALTIDA TOPU B\u0130LEREK DI\u015eARI ATTI VE \u00d6RNEK B\u0130R FA\u0130R-PLAY DAVRANI\u015eI SERG\u0130LED\u0130<\/p>\n","protected":false},"author":1,"featured_media":131130,"comment_status":"closed","ping_status":"open","sticky":false,"template":"","format":"standard","meta":{"jetpack_post_was_ever_published":false,"_jetpack_newsletter_access":"","_jetpack_dont_email_post_to_subs":false,"_jetpack_newsletter_tier_id":0,"_jetpack_memberships_contains_paywalled_content":false,"_jetpack_memberships_contains_paid_content":false,"footnotes":"","jetpack_publicize_message":"","jetpack_publicize_feature_enabled":true,"jetpack_social_post_already_shared":true,"jetpack_social_options":{"image_generator_settings":{"template":"highway","default_image_id":0,"font":"","enabled":false},"version":2}},"categories":[657],"tags":[8089,30428,9145,1957,8214],"class_list":["post-131129","post","type-post","status-publish","format-standard","has-post-thumbnail","hentry","category-spor","tag-akademi","tag-fair-play","tag-liginde","tag-ornegi","tag-u-15"],"jetpack_publicize_connections":[],"jetpack_featured_media_url":"https:\/\/i0.wp.com\/www.tvturk.com\/wp-content\/uploads\/2019\/04\/u-15-akademi-liginde-fair-play-ornegi_2671f89.jpg?fit=997%2C523","jetpack_sharing_enabled":true,"jetpack_shortlink":"https:\/\/wp.me\/paKIfm-y6Z","_links":{"self":[{"href":"http:\/\/www.tvturk.com\/index.php\/wp-json\/wp\/v2\/posts\/131129","targetHints":{"allow":["GET"]}}],"collection":[{"href":"http:\/\/www.tvturk.com\/index.php\/wp-json\/wp\/v2\/posts"}],"about":[{"href":"http:\/\/www.tvturk.com\/index.php\/wp-json\/wp\/v2\/types\/post"}],"author":[{"embeddable":true,"href":"http:\/\/www.tvturk.com\/index.php\/wp-json\/wp\/v2\/users\/1"}],"replies":[{"embeddable":true,"href":"http:\/\/www.tvturk.com\/index.php\/wp-json\/wp\/v2\/comments?post=131129"}],"version-history":[{"count":1,"href":"http:\/\/www.tvturk.com\/index.php\/wp-json\/wp\/v2\/posts\/131129\/revisions"}],"predecessor-version":[{"id":131134,"href":"http:\/\/www.tvturk.com\/index.php\/wp-json\/wp\/v2\/posts\/131129\/revisions\/131134"}],"wp:featuredmedia":[{"embeddable":true,"href":"http:\/\/www.tvturk.com\/index.php\/wp-json\/wp\/v2\/media\/131130"}],"wp:attachment":[{"href":"http:\/\/www.tvturk.com\/index.php\/wp-json\/wp\/v2\/media?parent=131129"}],"wp:term":[{"taxonomy":"category","embeddable":true,"href":"http:\/\/www.tvturk.com\/index.php\/wp-json\/wp\/v2\/categories?post=131129"},{"taxonomy":"post_tag","embeddable":true,"href":"http:\/\/www.tvturk.com\/index.php\/wp-json\/wp\/v2\/tags?post=131129"}],"curies":[{"name":"wp","href":"https:\/\/api.w.org\/{rel}","templated":true}]}}