{"id":131297,"date":"2019-04-10T16:46:56","date_gmt":"2019-04-10T13:46:56","guid":{"rendered":"http:\/\/www.tvturk.com\/index.php\/cezayir-halki-abdulkadir-bin-salihe-de-hayir-dedi\/"},"modified":"2019-04-10T16:47:00","modified_gmt":"2019-04-10T13:47:00","slug":"cezayir-halki-abdulkadir-bin-salihe-de-hayir-dedi","status":"publish","type":"post","link":"http:\/\/www.tvturk.com\/index.php\/cezayir-halki-abdulkadir-bin-salihe-de-hayir-dedi\/","title":{"rendered":"Cezayir halk\u0131 Abd\u00fclkadir bin Salih\u2019e de \u2018Hay\u0131r\u2019 dedi"},"content":{"rendered":"<p>Cezayir\u2019de, Millet Konseyi Ba\u015fkan\u0131 Abdulkadir bin Salih\u2019in ge\u00e7ici cumhurba\u015fkan\u0131 olmas\u0131na kar\u015f\u0131 \u00e7\u0131kan binlerce ki\u015fi protesto d\u00fczenledi.<\/p>\n<p>Cezayir\u2019de Abdulaziz Buteflika\u2019n\u0131n istifa etmesinden sonra Millet Konseyi Ba\u015fkan\u0131 Abdulkadir bin Salih\u2019in ge\u00e7ici cumhurba\u015fkan\u0131 olmas\u0131na kar\u015f\u0131 olan binlerce ki\u015fi sokaklar\u0131 doldurdu. Buteflika\u2019ya yak\u0131nl\u0131\u011f\u0131 ve rejime ba\u011fl\u0131l\u0131\u011f\u0131 ile bilinen bin Salih\u2019in de istifas\u0131n\u0131 isteyen vatanda\u015flar bir kez daha h\u00fck\u00fcmet kar\u015f\u0131t\u0131 protesto d\u00fczenledi. Rejim kar\u015f\u0131t\u0131 sloganlar at\u0131p pankartlar a\u00e7an vatanda\u015flar ama\u00e7lar\u0131n\u0131n Buteflika yanl\u0131s\u0131 herkesi h\u00fck\u00fcmetten uzakla\u015ft\u0131rmak oldu\u011funu belirtti.<\/p>\n<p>&#8220;Protestolar\u0131m\u0131za devam edece\u011fiz&#8221;<\/p>\n<p>Sakin bir atmosferde ge\u00e7en protestolara kat\u0131lan 25 ya\u015f\u0131ndaki t\u0131p \u00f6\u011frencisi Sair Omer de protestolar hakk\u0131nda, \u201cButeflika\u2019ya ait sembollerin hepsini imha edene kadar protestolar\u0131m\u0131za devam edece\u011fiz\u201d ifadelerini kulland\u0131.<\/p>\n<p>Ge\u00e7ici Cumhurba\u015fkan\u0131 bin Salih bas\u0131na yapt\u0131\u011f\u0131 a\u00e7\u0131klamada \u00fclkede \u015feffaf ve muntazam bir se\u00e7imin ger\u00e7ekle\u015fece\u011fi konusunda vatanda\u015flara s\u00f6z verse de Cezayirlilerin bin Salih\u2019in istifa etmesini istemeleri konusunda kararl\u0131 oldu\u011fu kaydedildi.<div class=\"tiled-gallery type-rectangular tiled-gallery-unresized\" data-original-width=\"500\" data-carousel-extra='null' itemscope itemtype=\"http:\/\/schema.org\/ImageGallery\" > <div class=\"gallery-row\" style=\"width: 500px; height: 251px;\" data-original-width=\"500\" data-original-height=\"251\" > <div class=\"gallery-group images-1\" style=\"width: 334px; height: 251px;\" data-original-width=\"334\" data-original-height=\"251\" > <div class=\"tiled-gallery-item tiled-gallery-item-large\" itemprop=\"associatedMedia\" itemscope itemtype=\"http:\/\/schema.org\/ImageObject\"> <a href=\"http:\/\/www.tvturk.com\/index.php\/cezayir-halki-abdulkadir-bin-salihe-de-hayir-dedi\/cezayir-halki-abdulkadir-bin-salihe-de-hayir-dedi-3\/\" border=\"0\" itemprop=\"url\"> <meta itemprop=\"width\" content=\"330\"> <meta itemprop=\"height\" content=\"247\"> <img decoding=\"async\" class=\"\" data-attachment-id=\"131299\" data-orig-file=\"http:\/\/www.tvturk.com\/wp-content\/uploads\/2019\/04\/cezayir-halki-abdulkadir-bin-salihe-de-hayir-dedi_f983524.jpg\" data-orig-size=\"1000,750\" data-comments-opened=\"\" data-image-meta=\"{&quot;aperture&quot;:&quot;0&quot;,&quot;credit&quot;:&quot;IHA&quot;,&quot;camera&quot;:&quot;&quot;,&quot;caption&quot;:&quot;CEZAY\\u0130R\\u0027DE, M\\u0130LLET KONSEY\\u0130 BA\\u015eKANI ABDULKAD\\u0130R B\\u0130N SAL\\u0130H\\u0027\\u0130N GE\\u00c7\\u0130C\\u0130 CUMHURBA\\u015eKANI OLMASINA KAR\\u015eI \\u00c7IKAN B\\u0130NLERCE K\\u0130\\u015e\\u0130 PROTESTO D\\u00dcZENLED\\u0130. (\\u0130HA\\\/CEZAY\\u0130R-\\u0130HA)&quot;,&quot;created_timestamp&quot;:&quot;0&quot;,&quot;copyright&quot;:&quot;\\u0130HLAS HABER AJANSI, www.iha.com.tr&quot;,&quot;focal_length&quot;:&quot;0&quot;,&quot;iso&quot;:&quot;0&quot;,&quot;shutter_speed&quot;:&quot;0&quot;,&quot;title&quot;:&quot;CEZAY\\u0130R HALKI ABD\\u00dcLKAD\\u0130R B\\u0130N SAL\\u0130H\\u2019E DE \\u2018HAYIR\\u2019 DED\\u0130&quot;,&quot;orientation&quot;:&quot;0&quot;}\" data-image-title=\"Cezayir halk\u0131 Abd\u00fclkadir bin Salih\u2019e de \u2018Hay\u0131r\u2019 dedi\" data-image-description=\"&lt;p&gt;Cezayir halk\u0131 Abd\u00fclkadir bin Salih\u2019e de \u2018Hay\u0131r\u2019 dedi&lt;\/p&gt; \" data-medium-file=\"https:\/\/i0.wp.com\/www.tvturk.com\/wp-content\/uploads\/2019\/04\/cezayir-halki-abdulkadir-bin-salihe-de-hayir-dedi_f983524.jpg?fit=300%2C225\" data-large-file=\"https:\/\/i0.wp.com\/www.tvturk.com\/wp-content\/uploads\/2019\/04\/cezayir-halki-abdulkadir-bin-salihe-de-hayir-dedi_f983524.jpg?fit=1000%2C750\" src=\"https:\/\/i0.wp.com\/www.tvturk.com\/wp-content\/uploads\/2019\/04\/cezayir-halki-abdulkadir-bin-salihe-de-hayir-dedi_f983524.jpg?w=330&#038;h=247\" srcset=\"https:\/\/i0.wp.com\/www.tvturk.com\/wp-content\/uploads\/2019\/04\/cezayir-halki-abdulkadir-bin-salihe-de-hayir-dedi_f983524.jpg?w=1000 1000w, https:\/\/i0.wp.com\/www.tvturk.com\/wp-content\/uploads\/2019\/04\/cezayir-halki-abdulkadir-bin-salihe-de-hayir-dedi_f983524.jpg?resize=150%2C113 150w, https:\/\/i0.wp.com\/www.tvturk.com\/wp-content\/uploads\/2019\/04\/cezayir-halki-abdulkadir-bin-salihe-de-hayir-dedi_f983524.jpg?resize=300%2C225 300w, https:\/\/i0.wp.com\/www.tvturk.com\/wp-content\/uploads\/2019\/04\/cezayir-halki-abdulkadir-bin-salihe-de-hayir-dedi_f983524.jpg?resize=768%2C576 768w\" width=\"330\" height=\"247\" loading=\"lazy\" data-original-width=\"330\" data-original-height=\"247\" itemprop=\"http:\/\/schema.org\/image\" title=\"Cezayir halk\u0131 Abd\u00fclkadir bin Salih\u2019e de \u2018Hay\u0131r\u2019 dedi\" alt=\"Cezayir halk\u0131 Abd\u00fclkadir bin Salih\u2019e de \u2018Hay\u0131r\u2019 dedi\" style=\"width: 330px; height: 247px;\" \/> <\/a> <\/div> <\/div> <!-- close group --> <div class=\"gallery-group images-2\" style=\"width: 166px; height: 251px;\" data-original-width=\"166\" data-original-height=\"251\" > <div class=\"tiled-gallery-item tiled-gallery-item-small\" itemprop=\"associatedMedia\" itemscope itemtype=\"http:\/\/schema.org\/ImageObject\"> <a href=\"http:\/\/www.tvturk.com\/index.php\/cezayir-halki-abdulkadir-bin-salihe-de-hayir-dedi\/cezayir-halki-abdulkadir-bin-salihe-de-hayir-dedi-4\/\" border=\"0\" itemprop=\"url\"> <meta itemprop=\"width\" content=\"162\"> <meta itemprop=\"height\" content=\"122\"> <img decoding=\"async\" class=\"\" data-attachment-id=\"131300\" data-orig-file=\"http:\/\/www.tvturk.com\/wp-content\/uploads\/2019\/04\/cezayir-halki-abdulkadir-bin-salihe-de-hayir-dedi_09724f0.jpg\" data-orig-size=\"1000,750\" data-comments-opened=\"\" data-image-meta=\"{&quot;aperture&quot;:&quot;0&quot;,&quot;credit&quot;:&quot;IHA&quot;,&quot;camera&quot;:&quot;&quot;,&quot;caption&quot;:&quot;CEZAY\\u0130R\\u0027DE, M\\u0130LLET KONSEY\\u0130 BA\\u015eKANI ABDULKAD\\u0130R B\\u0130N SAL\\u0130H\\u0027\\u0130N GE\\u00c7\\u0130C\\u0130 CUMHURBA\\u015eKANI OLMASINA KAR\\u015eI \\u00c7IKAN B\\u0130NLERCE K\\u0130\\u015e\\u0130 PROTESTO D\\u00dcZENLED\\u0130. (\\u0130HA\\\/CEZAY\\u0130R-\\u0130HA)&quot;,&quot;created_timestamp&quot;:&quot;0&quot;,&quot;copyright&quot;:&quot;\\u0130HLAS HABER AJANSI, www.iha.com.tr&quot;,&quot;focal_length&quot;:&quot;0&quot;,&quot;iso&quot;:&quot;0&quot;,&quot;shutter_speed&quot;:&quot;0&quot;,&quot;title&quot;:&quot;CEZAY\\u0130R HALKI ABD\\u00dcLKAD\\u0130R B\\u0130N SAL\\u0130H\\u2019E DE \\u2018HAYIR\\u2019 DED\\u0130&quot;,&quot;orientation&quot;:&quot;0&quot;}\" data-image-title=\"Cezayir halk\u0131 Abd\u00fclkadir bin Salih\u2019e de \u2018Hay\u0131r\u2019 dedi\" data-image-description=\"&lt;p&gt;Cezayir halk\u0131 Abd\u00fclkadir bin Salih\u2019e de \u2018Hay\u0131r\u2019 dedi&lt;\/p&gt; \" data-medium-file=\"https:\/\/i0.wp.com\/www.tvturk.com\/wp-content\/uploads\/2019\/04\/cezayir-halki-abdulkadir-bin-salihe-de-hayir-dedi_09724f0.jpg?fit=300%2C225\" data-large-file=\"https:\/\/i0.wp.com\/www.tvturk.com\/wp-content\/uploads\/2019\/04\/cezayir-halki-abdulkadir-bin-salihe-de-hayir-dedi_09724f0.jpg?fit=1000%2C750\" src=\"https:\/\/i0.wp.com\/www.tvturk.com\/wp-content\/uploads\/2019\/04\/cezayir-halki-abdulkadir-bin-salihe-de-hayir-dedi_09724f0.jpg?w=162&#038;h=122\" srcset=\"https:\/\/i0.wp.com\/www.tvturk.com\/wp-content\/uploads\/2019\/04\/cezayir-halki-abdulkadir-bin-salihe-de-hayir-dedi_09724f0.jpg?w=1000 1000w, https:\/\/i0.wp.com\/www.tvturk.com\/wp-content\/uploads\/2019\/04\/cezayir-halki-abdulkadir-bin-salihe-de-hayir-dedi_09724f0.jpg?resize=150%2C113 150w, https:\/\/i0.wp.com\/www.tvturk.com\/wp-content\/uploads\/2019\/04\/cezayir-halki-abdulkadir-bin-salihe-de-hayir-dedi_09724f0.jpg?resize=300%2C225 300w, https:\/\/i0.wp.com\/www.tvturk.com\/wp-content\/uploads\/2019\/04\/cezayir-halki-abdulkadir-bin-salihe-de-hayir-dedi_09724f0.jpg?resize=768%2C576 768w\" width=\"162\" height=\"122\" loading=\"lazy\" data-original-width=\"162\" data-original-height=\"122\" itemprop=\"http:\/\/schema.org\/image\" title=\"Cezayir halk\u0131 Abd\u00fclkadir bin Salih\u2019e de \u2018Hay\u0131r\u2019 dedi\" alt=\"Cezayir halk\u0131 Abd\u00fclkadir bin Salih\u2019e de \u2018Hay\u0131r\u2019 dedi\" style=\"width: 162px; height: 122px;\" \/> <\/a> <\/div> <div class=\"tiled-gallery-item tiled-gallery-item-small\" itemprop=\"associatedMedia\" itemscope itemtype=\"http:\/\/schema.org\/ImageObject\"> <a href=\"http:\/\/www.tvturk.com\/index.php\/cezayir-halki-abdulkadir-bin-salihe-de-hayir-dedi\/cezayir-halki-abdulkadir-bin-salihe-de-hayir-dedi-5\/\" border=\"0\" itemprop=\"url\"> <meta itemprop=\"width\" content=\"162\"> <meta itemprop=\"height\" content=\"121\"> <img decoding=\"async\" class=\"\" data-attachment-id=\"131301\" data-orig-file=\"http:\/\/www.tvturk.com\/wp-content\/uploads\/2019\/04\/cezayir-halki-abdulkadir-bin-salihe-de-hayir-dedi_e9225fc.jpg\" data-orig-size=\"1000,750\" data-comments-opened=\"\" data-image-meta=\"{&quot;aperture&quot;:&quot;0&quot;,&quot;credit&quot;:&quot;IHA&quot;,&quot;camera&quot;:&quot;&quot;,&quot;caption&quot;:&quot;CEZAY\\u0130R\\u0027DE, M\\u0130LLET KONSEY\\u0130 BA\\u015eKANI ABDULKAD\\u0130R B\\u0130N SAL\\u0130H\\u0027\\u0130N GE\\u00c7\\u0130C\\u0130 CUMHURBA\\u015eKANI OLMASINA KAR\\u015eI \\u00c7IKAN B\\u0130NLERCE K\\u0130\\u015e\\u0130 PROTESTO D\\u00dcZENLED\\u0130. (\\u0130HA\\\/CEZAY\\u0130R-\\u0130HA)&quot;,&quot;created_timestamp&quot;:&quot;0&quot;,&quot;copyright&quot;:&quot;\\u0130HLAS HABER AJANSI, www.iha.com.tr&quot;,&quot;focal_length&quot;:&quot;0&quot;,&quot;iso&quot;:&quot;0&quot;,&quot;shutter_speed&quot;:&quot;0&quot;,&quot;title&quot;:&quot;CEZAY\\u0130R HALKI ABD\\u00dcLKAD\\u0130R B\\u0130N SAL\\u0130H\\u2019E DE \\u2018HAYIR\\u2019 DED\\u0130&quot;,&quot;orientation&quot;:&quot;0&quot;}\" data-image-title=\"Cezayir halk\u0131 Abd\u00fclkadir bin Salih\u2019e de \u2018Hay\u0131r\u2019 dedi\" data-image-description=\"&lt;p&gt;Cezayir halk\u0131 Abd\u00fclkadir bin Salih\u2019e de \u2018Hay\u0131r\u2019 dedi&lt;\/p&gt; \" data-medium-file=\"https:\/\/i0.wp.com\/www.tvturk.com\/wp-content\/uploads\/2019\/04\/cezayir-halki-abdulkadir-bin-salihe-de-hayir-dedi_e9225fc.jpg?fit=300%2C225\" data-large-file=\"https:\/\/i0.wp.com\/www.tvturk.com\/wp-content\/uploads\/2019\/04\/cezayir-halki-abdulkadir-bin-salihe-de-hayir-dedi_e9225fc.jpg?fit=1000%2C750\" src=\"https:\/\/i0.wp.com\/www.tvturk.com\/wp-content\/uploads\/2019\/04\/cezayir-halki-abdulkadir-bin-salihe-de-hayir-dedi_e9225fc.jpg?w=162&#038;h=121\" srcset=\"https:\/\/i0.wp.com\/www.tvturk.com\/wp-content\/uploads\/2019\/04\/cezayir-halki-abdulkadir-bin-salihe-de-hayir-dedi_e9225fc.jpg?w=1000 1000w, https:\/\/i0.wp.com\/www.tvturk.com\/wp-content\/uploads\/2019\/04\/cezayir-halki-abdulkadir-bin-salihe-de-hayir-dedi_e9225fc.jpg?resize=150%2C113 150w, https:\/\/i0.wp.com\/www.tvturk.com\/wp-content\/uploads\/2019\/04\/cezayir-halki-abdulkadir-bin-salihe-de-hayir-dedi_e9225fc.jpg?resize=300%2C225 300w, https:\/\/i0.wp.com\/www.tvturk.com\/wp-content\/uploads\/2019\/04\/cezayir-halki-abdulkadir-bin-salihe-de-hayir-dedi_e9225fc.jpg?resize=768%2C576 768w\" width=\"162\" height=\"121\" loading=\"lazy\" data-original-width=\"162\" data-original-height=\"121\" itemprop=\"http:\/\/schema.org\/image\" title=\"Cezayir halk\u0131 Abd\u00fclkadir bin Salih\u2019e de \u2018Hay\u0131r\u2019 dedi\" alt=\"Cezayir halk\u0131 Abd\u00fclkadir bin Salih\u2019e de \u2018Hay\u0131r\u2019 dedi\" style=\"width: 162px; height: 121px;\" \/> <\/a> <\/div> <\/div> <!-- close group --> <\/div> <!-- close row --> <\/div><\/p>\n","protected":false},"excerpt":{"rendered":"<p>CEZAY\u0130R&#8217;DE, M\u0130LLET KONSEY\u0130 BA\u015eKANI ABDULKAD\u0130R B\u0130N SAL\u0130H&#8217;\u0130N GE\u00c7\u0130C\u0130 CUMHURBA\u015eKANI OLMASINA KAR\u015eI \u00c7IKAN B\u0130NLERCE K\u0130\u015e\u0130 PROTESTO D\u00dcZENLED\u0130.<\/p>\n","protected":false},"author":1,"featured_media":131298,"comment_status":"closed","ping_status":"open","sticky":false,"template":"","format":"standard","meta":{"jetpack_post_was_ever_published":false,"_jetpack_newsletter_access":"","_jetpack_dont_email_post_to_subs":false,"_jetpack_newsletter_tier_id":0,"_jetpack_memberships_contains_paywalled_content":false,"_jetpack_memberships_contains_paid_content":false,"footnotes":"","jetpack_publicize_message":"","jetpack_publicize_feature_enabled":true,"jetpack_social_post_already_shared":true,"jetpack_social_options":{"image_generator_settings":{"template":"highway","default_image_id":0,"font":"","enabled":false},"version":2}},"categories":[10],"tags":[12130,13451,213,10077,1903,3154,30448],"class_list":["post-131297","post","type-post","status-publish","format-standard","has-post-thumbnail","hentry","category-dunya","tag-hayir","tag-abdulkadir","tag-bin","tag-cezayir","tag-dedi","tag-halki","tag-salihe"],"jetpack_publicize_connections":[],"jetpack_featured_media_url":"https:\/\/i0.wp.com\/www.tvturk.com\/wp-content\/uploads\/2019\/04\/cezayir-halki-abdulkadir-bin-salihe-de-hayir-dedi_1309746.jpg?fit=1000%2C622","jetpack_sharing_enabled":true,"jetpack_shortlink":"https:\/\/wp.me\/paKIfm-y9H","_links":{"self":[{"href":"http:\/\/www.tvturk.com\/index.php\/wp-json\/wp\/v2\/posts\/131297","targetHints":{"allow":["GET"]}}],"collection":[{"href":"http:\/\/www.tvturk.com\/index.php\/wp-json\/wp\/v2\/posts"}],"about":[{"href":"http:\/\/www.tvturk.com\/index.php\/wp-json\/wp\/v2\/types\/post"}],"author":[{"embeddable":true,"href":"http:\/\/www.tvturk.com\/index.php\/wp-json\/wp\/v2\/users\/1"}],"replies":[{"embeddable":true,"href":"http:\/\/www.tvturk.com\/index.php\/wp-json\/wp\/v2\/comments?post=131297"}],"version-history":[{"count":1,"href":"http:\/\/www.tvturk.com\/index.php\/wp-json\/wp\/v2\/posts\/131297\/revisions"}],"predecessor-version":[{"id":131302,"href":"http:\/\/www.tvturk.com\/index.php\/wp-json\/wp\/v2\/posts\/131297\/revisions\/131302"}],"wp:featuredmedia":[{"embeddable":true,"href":"http:\/\/www.tvturk.com\/index.php\/wp-json\/wp\/v2\/media\/131298"}],"wp:attachment":[{"href":"http:\/\/www.tvturk.com\/index.php\/wp-json\/wp\/v2\/media?parent=131297"}],"wp:term":[{"taxonomy":"category","embeddable":true,"href":"http:\/\/www.tvturk.com\/index.php\/wp-json\/wp\/v2\/categories?post=131297"},{"taxonomy":"post_tag","embeddable":true,"href":"http:\/\/www.tvturk.com\/index.php\/wp-json\/wp\/v2\/tags?post=131297"}],"curies":[{"name":"wp","href":"https:\/\/api.w.org\/{rel}","templated":true}]}}