{"id":131455,"date":"2019-04-10T18:22:41","date_gmt":"2019-04-10T15:22:41","guid":{"rendered":"http:\/\/www.tvturk.com\/index.php\/yusuf-gunay-hukuka-aykiri-oldugunu-dusundugumuz-bir-karar-icin-hakkimizi-aradik\/"},"modified":"2019-04-10T18:22:43","modified_gmt":"2019-04-10T15:22:43","slug":"yusuf-gunay-hukuka-aykiri-oldugunu-dusundugumuz-bir-karar-icin-hakkimizi-aradik","status":"publish","type":"post","link":"http:\/\/www.tvturk.com\/index.php\/yusuf-gunay-hukuka-aykiri-oldugunu-dusundugumuz-bir-karar-icin-hakkimizi-aradik\/","title":{"rendered":"Yusuf G\u00fcnay: \u201cHukuka ayk\u0131r\u0131 oldu\u011funu d\u00fc\u015f\u00fcnd\u00fc\u011f\u00fcm\u00fcz bir karar i\u00e7in hakk\u0131m\u0131z\u0131 arad\u0131k\u201d"},"content":{"rendered":"<p>Galatasaray Ba\u015fkan Yard\u0131mc\u0131s\u0131 Yusuf G\u00fcnay, genel kurulda idari y\u00f6nden ibras\u0131zl\u0131\u011f\u0131 neden mahkemeye g\u00f6t\u00fcrd\u00fcklerini a\u00e7\u0131klayarak, \u201cBiz hukuka ayk\u0131r\u0131 oldu\u011funu d\u00fc\u015f\u00fcnd\u00fc\u011f\u00fcm\u00fcz bir karar i\u00e7in hakk\u0131m\u0131z\u0131 arad\u0131k, ar\u0131yoruz\u201d dedi.<\/p>\n<p>Galatasaray Ba\u015fkan Yard\u0131mc\u0131s\u0131 Yusuf G\u00fcnay, nisan ay\u0131 divan\u0131nda yapt\u0131\u011f\u0131 a\u00e7\u0131klamada, \u201c\u0130dari ibras\u0131zl\u0131\u011f\u0131 daha \u00f6nce ya\u015fam\u0131\u015ft\u0131k. Bu s\u00fcreci hepimiz biliyoruz. Bu s\u00fcrecin sonunda Yarg\u0131tay Hukuk Genel Kurulu, \u2018Spor kul\u00fcplerinin her t\u00fcrl\u00fc i\u015flem ve faaliyetlerinde \u00f6nemli olan paran\u0131n hesab\u0131n\u0131n verilmesi olup, mali y\u00f6nden kusuru bulunmayan y\u00f6netim kuruluna idari y\u00f6nden de kusur izafe edilmesi hukuken m\u00fcmk\u00fcn bulunmamaktad\u0131r. Aslan olan ibra mali ibrad\u0131r. \u0130dari y\u00f6nden ibra hukuki bir m\u00fcessese  de\u011fildir.\u2019 Anayasan\u0131n 138. maddesi herkesi ba\u011flar. Ge\u00e7en divanda ba\u015fkan\u0131m\u0131z tehdit etti dediniz. Dedi\u011fi laf \u015fu; \u2018\u0130dari ibra Yarg\u0131tay Genel Kurulu\u2019na g\u00f6re hukuki bir y\u00f6ntem de\u011fildir. E\u011fer y\u00f6netime g\u00fcvenmiyorsan\u0131z mali y\u00f6nden ibra etmeyin\u2019 demi\u015ftir. Burada tehdit yok. Burada vurgu mahkemeye gideriz hallederiz de\u011fil\u201d diye konu\u015ftu.<\/p>\n<p>\u201cBunu anca Galatasaray ba\u015fkan\u0131n\u0131 Aziz Y\u0131ld\u0131r\u0131m\u2019a benzeten bir insan bunu s\u00f6yleyebilir\u201d<\/p>\n<p>Galatasaray eski y\u00f6netici Hamdi Yasaman\u2019a da cevap veren G\u00fcnay, &#8220;Sportif A.\u015e\u2019nin halka a\u00e7\u0131k bir \u015firket. Ba\u011f\u0131ms\u0131z denetim organlar\u0131 taraf\u0131ndan denetleniyor. Bir hukuk\u00e7u burada bilan\u00e7oda de\u011fi\u015fiklik yap\u0131ld\u0131 diyor. Bunun i\u00e7in yar\u0131n kendim su\u00e7 duyurusunda bulunaca\u011f\u0131m. Galatasaray y\u00f6netiminde daha g\u00f6rev alm\u0131\u015f bir insan bunu nas\u0131l s\u00f6yleyebilir. S\u00f6yle s\u00f6yleyebilir; Galatasaray Spor Kul\u00fcb\u00fc ba\u015fkan\u0131n\u0131 Aziz Y\u0131ld\u0131r\u0131m\u2019a benzeten bir insan bunu s\u00f6yleyebilir. Bas\u0131ndaki a\u00e7\u0131klamalar\u0131na bak\u0131n, orada Aziz Y\u0131ld\u0131r\u0131m gibi hareket ediyor diye s\u00f6ylenmedi mi ? Bunu bas\u0131nda konu\u015fmak k\u00f6t\u00fc. Galatasaray Spor Kul\u00fcb\u00fc ba\u015fkan\u0131na gereken sayg\u0131y\u0131 g\u00f6sterecekler\u201d \u015feklinde konu\u015ftu.<\/p>\n<p>Mahkemeye neden gittiklerini de a\u00e7\u0131klayan Yusuf G\u00fcnay, \u201cBiz hukuka ayk\u0131r\u0131 oldu\u011funu d\u00fc\u015f\u00fcnd\u00fc\u011f\u00fcm\u00fcz bir karar i\u00e7in hakk\u0131m\u0131z\u0131 arad\u0131k, ar\u0131yoruz. Bu da \u00e7ok normal bir \u015fey\u201d dedi.<div class=\"tiled-gallery type-rectangular tiled-gallery-unresized\" data-original-width=\"500\" data-carousel-extra='null' itemscope itemtype=\"http:\/\/schema.org\/ImageGallery\" > <div class=\"gallery-row\" style=\"width: 500px; height: 456px;\" data-original-width=\"500\" data-original-height=\"456\" > <div class=\"gallery-group images-1\" style=\"width: 500px; height: 456px;\" data-original-width=\"500\" data-original-height=\"456\" > <div class=\"tiled-gallery-item tiled-gallery-item-large\" itemprop=\"associatedMedia\" itemscope itemtype=\"http:\/\/schema.org\/ImageObject\"> <a href=\"http:\/\/www.tvturk.com\/index.php\/yusuf-gunay-hukuka-aykiri-oldugunu-dusundugumuz-bir-karar-icin-hakkimizi-aradik\/yusuf-gunay-hukuka-aykiri-oldugunu-dusundugumuz-bir-karar-icin-hakkimizi-aradik-3\/\" border=\"0\" itemprop=\"url\"> <meta itemprop=\"width\" content=\"496\"> <meta itemprop=\"height\" content=\"452\"> <img decoding=\"async\" class=\"\" data-attachment-id=\"131457\" data-orig-file=\"http:\/\/www.tvturk.com\/wp-content\/uploads\/2019\/04\/yusuf-gunay-hukuka-aykiri-oldugunu-dusundugumuz-bir-karar-icin-hakkimizi-aradik_53c4682.jpg\" data-orig-size=\"1000,911\" data-comments-opened=\"\" data-image-meta=\"{&quot;aperture&quot;:&quot;0&quot;,&quot;credit&quot;:&quot;IHA&quot;,&quot;camera&quot;:&quot;&quot;,&quot;caption&quot;:&quot;GALATASARAY BA\\u015eKAN YARDIMCISI YUSUF G\\u00dcNAY, GENEL KURULDA \\u0130DAR\\u0130 Y\\u00d6NDEN \\u0130BRASIZLI\\u011eI NEDEN MAHKEMEYE G\\u00d6T\\u00dcRD\\u00dcKLER\\u0130N\\u0130 A\\u00c7IKLAYARAK, \\u201cB\\u0130Z HUKUKA AYKIRI OLDU\\u011eUNU D\\u00dc\\u015e\\u00dcND\\u00dc\\u011e\\u00dcM\\u00dcZ B\\u0130R KARAR \\u0130\\u00c7\\u0130N HAKKIMIZI ARADIK, ARIYORUZ\\u201d DED\\u0130 (MEHMET \\u015e\\u0130R\\u0130N TOPALO\\u011eLU\\\/\\u0130STANBUL-\\u0130HA)&quot;,&quot;created_timestamp&quot;:&quot;0&quot;,&quot;copyright&quot;:&quot;\\u0130HLAS HABER AJANSI, www.iha.com.tr&quot;,&quot;focal_length&quot;:&quot;0&quot;,&quot;iso&quot;:&quot;0&quot;,&quot;shutter_speed&quot;:&quot;0&quot;,&quot;title&quot;:&quot;YUSUF G\\u00dcNAY: \\u201cHUKUKA AYKIRI OLDU\\u011eUNU D\\u00dc\\u015e\\u00dcND\\u00dc\\u011e\\u00dcM\\u00dcZ B\\u0130R KARAR \\u0130\\u00c7\\u0130N HAKKIMIZI ARADIK\\u201d&quot;,&quot;orientation&quot;:&quot;0&quot;}\" data-image-title=\"Yusuf G\u00fcnay: \u201cHukuka ayk\u0131r\u0131 oldu\u011funu d\u00fc\u015f\u00fcnd\u00fc\u011f\u00fcm\u00fcz bir karar i\u00e7in hakk\u0131m\u0131z\u0131 arad\u0131k\u201d\" data-image-description=\"&lt;p&gt;Yusuf G\u00fcnay: \u201cHukuka ayk\u0131r\u0131 oldu\u011funu d\u00fc\u015f\u00fcnd\u00fc\u011f\u00fcm\u00fcz bir karar i\u00e7in hakk\u0131m\u0131z\u0131 arad\u0131k\u201d&lt;\/p&gt; \" data-medium-file=\"https:\/\/i0.wp.com\/www.tvturk.com\/wp-content\/uploads\/2019\/04\/yusuf-gunay-hukuka-aykiri-oldugunu-dusundugumuz-bir-karar-icin-hakkimizi-aradik_53c4682.jpg?fit=300%2C273\" data-large-file=\"https:\/\/i0.wp.com\/www.tvturk.com\/wp-content\/uploads\/2019\/04\/yusuf-gunay-hukuka-aykiri-oldugunu-dusundugumuz-bir-karar-icin-hakkimizi-aradik_53c4682.jpg?fit=1000%2C911\" src=\"https:\/\/i0.wp.com\/www.tvturk.com\/wp-content\/uploads\/2019\/04\/yusuf-gunay-hukuka-aykiri-oldugunu-dusundugumuz-bir-karar-icin-hakkimizi-aradik_53c4682.jpg?w=496&#038;h=452\" srcset=\"https:\/\/i0.wp.com\/www.tvturk.com\/wp-content\/uploads\/2019\/04\/yusuf-gunay-hukuka-aykiri-oldugunu-dusundugumuz-bir-karar-icin-hakkimizi-aradik_53c4682.jpg?w=1000 1000w, https:\/\/i0.wp.com\/www.tvturk.com\/wp-content\/uploads\/2019\/04\/yusuf-gunay-hukuka-aykiri-oldugunu-dusundugumuz-bir-karar-icin-hakkimizi-aradik_53c4682.jpg?resize=150%2C137 150w, https:\/\/i0.wp.com\/www.tvturk.com\/wp-content\/uploads\/2019\/04\/yusuf-gunay-hukuka-aykiri-oldugunu-dusundugumuz-bir-karar-icin-hakkimizi-aradik_53c4682.jpg?resize=300%2C273 300w, https:\/\/i0.wp.com\/www.tvturk.com\/wp-content\/uploads\/2019\/04\/yusuf-gunay-hukuka-aykiri-oldugunu-dusundugumuz-bir-karar-icin-hakkimizi-aradik_53c4682.jpg?resize=768%2C700 768w\" width=\"496\" height=\"452\" loading=\"lazy\" data-original-width=\"496\" data-original-height=\"452\" itemprop=\"http:\/\/schema.org\/image\" title=\"Yusuf G\u00fcnay: \u201cHukuka ayk\u0131r\u0131 oldu\u011funu d\u00fc\u015f\u00fcnd\u00fc\u011f\u00fcm\u00fcz bir karar i\u00e7in hakk\u0131m\u0131z\u0131 arad\u0131k\u201d\" alt=\"Yusuf G\u00fcnay: \u201cHukuka ayk\u0131r\u0131 oldu\u011funu d\u00fc\u015f\u00fcnd\u00fc\u011f\u00fcm\u00fcz bir karar i\u00e7in hakk\u0131m\u0131z\u0131 arad\u0131k\u201d\" style=\"width: 496px; height: 452px;\" \/> <\/a> <\/div> <\/div> <!-- close group --> <\/div> <!-- close row --> <\/div><\/p>\n","protected":false},"excerpt":{"rendered":"<p>GALATASARAY BA\u015eKAN YARDIMCISI YUSUF G\u00dcNAY, GENEL KURULDA \u0130DAR\u0130 Y\u00d6NDEN \u0130BRASIZLI\u011eI NEDEN MAHKEMEYE G\u00d6T\u00dcRD\u00dcKLER\u0130N\u0130 A\u00c7IKLAYARAK, \u201cB\u0130Z HUKUKA AYKIRI OLDU\u011eUNU D\u00dc\u015e\u00dcND\u00dc\u011e\u00dcM\u00dcZ B\u0130R KARAR \u0130\u00c7\u0130N HAKKIMIZI ARADIK, ARIYORUZ\u201d DED\u0130<\/p>\n","protected":false},"author":1,"featured_media":131456,"comment_status":"closed","ping_status":"open","sticky":false,"template":"","format":"standard","meta":{"jetpack_post_was_ever_published":false,"_jetpack_newsletter_access":"","_jetpack_dont_email_post_to_subs":false,"_jetpack_newsletter_tier_id":0,"_jetpack_memberships_contains_paywalled_content":false,"_jetpack_memberships_contains_paid_content":false,"footnotes":"","jetpack_publicize_message":"","jetpack_publicize_feature_enabled":true,"jetpack_social_post_already_shared":true,"jetpack_social_options":{"image_generator_settings":{"template":"highway","default_image_id":0,"font":"","enabled":false},"version":2}},"categories":[657],"tags":[30475,22554,125,30473,30472,30474,23417,44,2110,18761,5292],"class_list":["post-131455","post","type-post","status-publish","format-standard","has-post-thumbnail","hentry","category-spor","tag-aradik","tag-aykiri","tag-bir","tag-dusundugumuz","tag-gunay","tag-hakkimizi","tag-hukuka","tag-icin","tag-karar","tag-oldugunu","tag-yusuf"],"jetpack_publicize_connections":[],"jetpack_featured_media_url":"https:\/\/i0.wp.com\/www.tvturk.com\/wp-content\/uploads\/2019\/04\/yusuf-gunay-hukuka-aykiri-oldugunu-dusundugumuz-bir-karar-icin-hakkimizi-aradik_4bdb65b.jpg?fit=1000%2C990","jetpack_sharing_enabled":true,"jetpack_shortlink":"https:\/\/wp.me\/paKIfm-ycf","_links":{"self":[{"href":"http:\/\/www.tvturk.com\/index.php\/wp-json\/wp\/v2\/posts\/131455","targetHints":{"allow":["GET"]}}],"collection":[{"href":"http:\/\/www.tvturk.com\/index.php\/wp-json\/wp\/v2\/posts"}],"about":[{"href":"http:\/\/www.tvturk.com\/index.php\/wp-json\/wp\/v2\/types\/post"}],"author":[{"embeddable":true,"href":"http:\/\/www.tvturk.com\/index.php\/wp-json\/wp\/v2\/users\/1"}],"replies":[{"embeddable":true,"href":"http:\/\/www.tvturk.com\/index.php\/wp-json\/wp\/v2\/comments?post=131455"}],"version-history":[{"count":1,"href":"http:\/\/www.tvturk.com\/index.php\/wp-json\/wp\/v2\/posts\/131455\/revisions"}],"predecessor-version":[{"id":131458,"href":"http:\/\/www.tvturk.com\/index.php\/wp-json\/wp\/v2\/posts\/131455\/revisions\/131458"}],"wp:featuredmedia":[{"embeddable":true,"href":"http:\/\/www.tvturk.com\/index.php\/wp-json\/wp\/v2\/media\/131456"}],"wp:attachment":[{"href":"http:\/\/www.tvturk.com\/index.php\/wp-json\/wp\/v2\/media?parent=131455"}],"wp:term":[{"taxonomy":"category","embeddable":true,"href":"http:\/\/www.tvturk.com\/index.php\/wp-json\/wp\/v2\/categories?post=131455"},{"taxonomy":"post_tag","embeddable":true,"href":"http:\/\/www.tvturk.com\/index.php\/wp-json\/wp\/v2\/tags?post=131455"}],"curies":[{"name":"wp","href":"https:\/\/api.w.org\/{rel}","templated":true}]}}