{"id":13197,"date":"2019-02-08T16:31:11","date_gmt":"2019-02-08T13:31:11","guid":{"rendered":"http:\/\/www.tvturk.com\/index.php\/denizli-iklim-degisikligi-eylem-plani-taslagi-tamamlandi\/"},"modified":"2019-02-08T16:31:14","modified_gmt":"2019-02-08T13:31:14","slug":"denizli-iklim-degisikligi-eylem-plani-taslagi-tamamlandi","status":"publish","type":"post","link":"http:\/\/www.tvturk.com\/index.php\/denizli-iklim-degisikligi-eylem-plani-taslagi-tamamlandi\/","title":{"rendered":"Denizli \u0130klim De\u011fi\u015fikli\u011fi Eylem Plan\u0131 tasla\u011f\u0131 tamamland\u0131"},"content":{"rendered":"<p>Denizli B\u00fcy\u00fck\u015fehir Belediyesi taraf\u0131ndan ba\u015flat\u0131lan &#8220;\u0130klim Hareketi \u0130\u00e7in De\u011fi\u015fime G\u00fc\u00e7 Ver&#8221; projesi kapsam\u0131nda haz\u0131rlanan Denizli \u0130klim De\u011fi\u015fikli\u011fi Eylem Plan\u0131 tasla\u011f\u0131 tamamland\u0131.<\/p>\n<p>Haziran ay\u0131nda haz\u0131r olacak Eylem Plan\u0131, Bursa ve \u0130stanbul\u2019un ard\u0131ndan T\u00fcrkiye\u2019de 3. olacak.<\/p>\n<p>Denizli B\u00fcy\u00fck\u015fehir Belediyesi, Denizli\u2019de k\u00fcresel iklim de\u011fi\u015fikli\u011finin etkileri ve bu etkilerin neden olaca\u011f\u0131 olumsuzluklar\u0131n azalt\u0131lmas\u0131 ve bunlara uyum hedefiyle ba\u015flatt\u0131\u011f\u0131 &#8220;\u0130klim Hareketi \u0130\u00e7in De\u011fi\u015fime G\u00fc\u00e7 Ver&#8221; projesi kapsam\u0131nda Denizli \u0130klim De\u011fi\u015fikli\u011fi Eylem Plan\u0131 tasla\u011f\u0131n\u0131 tamamlad\u0131. Denizli B\u00fcy\u00fck\u015fehir Belediyesinin koordinat\u00f6rl\u00fc\u011f\u00fcnde Eyl\u00fcl 2017\u2019den beri T\u00fcrkiye Cumhuriyeti ve Avrupa Birli\u011fi taraf\u0131ndan ortakla\u015fa finanse edilen projede, yerel payda\u015flar\u0131n kat\u0131l\u0131mlar\u0131 ile \u00e7al\u0131\u015ftaylar, vatanda\u015fa ve \u00f6\u011frencilere fark\u0131ndal\u0131k e\u011fitimleri, belediye personeline y\u00f6nelik kapasite olu\u015fturma e\u011fitimleri ger\u00e7ekle\u015ftirildi. Haziran ay\u0131nda haz\u0131r olacak Denizli \u0130klim De\u011fi\u015fikli\u011fi Eylem Plan\u0131, Bursa ve \u0130stanbul\u2019un ard\u0131ndan T\u00fcrkiye\u2019de 3. olacak.<\/p>\n<p>\u201cPlan B\u00fcy\u00fck\u015fehir Belediyeleri aras\u0131nda T\u00fcrkiye\u2019de 3. olacak\u201d<\/p>\n<p>Denizli B\u00fcy\u00fck\u015fehir Belediye Ba\u015fkan\u0131 Osman Zolan, iklim de\u011fi\u015fikli\u011finin g\u00fcn\u00fcm\u00fcz d\u00fcnyas\u0131n\u0131n ve dolay\u0131s\u0131yla insanl\u0131\u011f\u0131n kar\u015f\u0131la\u015ft\u0131\u011f\u0131 en b\u00fcy\u00fck \u00e7evresel sorunlardan biri oldu\u011funa dikkat \u00e7ekti. \u0130klim de\u011fi\u015fikli\u011fi y\u0131k\u0131c\u0131 etkilerinin sadece ekolojik hayat\u0131 etkilemekle kalmad\u0131\u011f\u0131n\u0131, ayn\u0131 zamanda ekonomi, enerji, sanayi ve sosyal hayat\u0131 da do\u011frudan etkiledi\u011fini vurgulayan Ba\u015fkan Osman Zolan, &#8220;\u0130ki y\u0131ll\u0131k bir s\u00fcreci kapsayan \u00e7al\u0131\u015fma sonucunda Denizli \u0130klim De\u011fi\u015fikli\u011fi Eylem Plan\u0131m\u0131z\u0131n tasla\u011f\u0131 haz\u0131r. \u0130n\u015fallah haziran ay\u0131nda tamamen bitecek. B\u00fcy\u00fck\u015fehir Belediyeleri aras\u0131nda T\u00fcrkiye\u2019de 3. olacak bu plan ile gelece\u011fimize daha ya\u015fanabilir bir d\u00fcnya b\u0131rakmak istiyoruz. K\u00fcresel \u0131s\u0131nmaya ba\u011fl\u0131 olarak t\u00fcm d\u00fcnyan\u0131n ortak sorunu haline gelen iklim de\u011fi\u015fikli\u011fine kar\u015f\u0131 herkesi duyarl\u0131 olmaya davet ediyorum&#8221; dedi.<\/p>\n<p>\u201cProjede 6 farkl\u0131 e\u011fitim ger\u00e7ekle\u015ftirilirken, e\u011fitimlere toplam 365 ki\u015fi kat\u0131ld\u0131\u201d<\/p>\n<p>Denizli \u0130klim De\u011fi\u015fikli\u011fi Eylem Plan\u0131 i\u00e7in B\u00fcy\u00fck\u015fehir Belediye Ba\u015fkan\u0131 Osman Zolan, B\u00f6lgesel \u00c7evre Merkezi REC T\u00fcrkiye ile protokol imzalad\u0131. \u00c7al\u0131\u015fmalar kapsam\u0131nda 5 adet \u00e7al\u0131\u015ftay yap\u0131ld\u0131. \u00c7al\u0131\u015ftaylara kamu kurumlar\u0131, kurulu\u015flar, STK\u2019lar ve \u00f6zel sekt\u00f6rden olmak \u00fczere 232 ki\u015fi yer ald\u0131. Yap\u0131lan 2 ankete ise toplamda 2 bin 164 ki\u015fi kat\u0131ld\u0131. Plan kapsam\u0131nda olu\u015fturulan ve belediye web sayfas\u0131nda eri\u015fime a\u00e7\u0131k olan Karbon Ayakizi Hesaplama Mod\u00fcl\u00fc\u2019nde ise bin 770 ki\u015fi hesaplama yapt\u0131. Projede 6 farkl\u0131 e\u011fitim ger\u00e7ekle\u015ftirilirken, e\u011fitimlere toplam 365 ki\u015fi kat\u0131ld\u0131. Son olarak kamu kurumlar\u0131n\u0131n temsilcilerinin yer ald\u0131\u011f\u0131 ve Meclis Ba\u015fkan Vekili Ali De\u011firmenci Ba\u015fkanl\u0131\u011f\u0131\u2019nda 3. \u0130klim De\u011fi\u015fikli\u011fi Y\u00f6nlendirme Kurulu toplant\u0131s\u0131 da 6 \u015eubat tarihinde ger\u00e7ekle\u015ftirildi.<\/p>\n<p>Hedef y\u00fczde 21 azalt\u0131m<\/p>\n<p>Denizli \u0130klim De\u011fi\u015fikli\u011fi Eylem Plan\u0131 haz\u0131rlan\u0131rken, yerel payda\u015flar ile i\u015fbirli\u011fi i\u00e7inde \u00e7al\u0131\u015f\u0131ld\u0131\u011f\u0131na dikkat \u00e7ekilirken, \u00e7al\u0131\u015fmalar\u0131n uluslararas\u0131 ge\u00e7erlili\u011fi olan Toplum \u00d6l\u00e7ekli Sera Gaz\u0131 Emisyonlar\u0131 Envanteri K\u00fcresel Protokol\u00fc\u2019ne (GPC) g\u00f6re y\u00fcr\u00fct\u00fcld\u00fc\u011f\u00fc belirtildi. Denizli, bu eylem plan\u0131 ile hem azalt\u0131m hem de uyum eylem plan\u0131 haz\u0131rlayan T\u00fcrkiye\u2019deki 3. B\u00fcy\u00fck\u015fehir Belediyesi olacak. Planda, 2030 itibariyle Denizli olarak T\u00fcrkiye\u2019nin hedefiyle e\u015fde\u011fer olan sera gaz\u0131 sal\u0131mlar\u0131nda art\u0131\u015ftan y\u00fczde 21 azalt\u0131m hedeflendi.<div class=\"tiled-gallery type-rectangular tiled-gallery-unresized\" data-original-width=\"500\" data-carousel-extra='null' itemscope itemtype=\"http:\/\/schema.org\/ImageGallery\" > <div class=\"gallery-row\" style=\"width: 500px; height: 172px;\" data-original-width=\"500\" data-original-height=\"172\" > <div class=\"gallery-group images-1\" style=\"width: 272px; height: 172px;\" data-original-width=\"272\" data-original-height=\"172\" > <div class=\"tiled-gallery-item tiled-gallery-item-large\" itemprop=\"associatedMedia\" itemscope itemtype=\"http:\/\/schema.org\/ImageObject\"> <a href=\"http:\/\/www.tvturk.com\/index.php\/denizli-iklim-degisikligi-eylem-plani-taslagi-tamamlandi\/denizli-iklim-degisikligi-eylem-plani-taslagi-tamamlandi-3\/\" border=\"0\" itemprop=\"url\"> <meta itemprop=\"width\" content=\"268\"> <meta itemprop=\"height\" content=\"168\"> <img decoding=\"async\" class=\"\" data-attachment-id=\"13199\" data-orig-file=\"http:\/\/www.tvturk.com\/wp-content\/uploads\/2019\/02\/denizli-iklim-degisikligi-eylem-plani-taslagi-tamamlandi_fd91ece.jpg\" data-orig-size=\"1000,626\" data-comments-opened=\"\" data-image-meta=\"{&quot;aperture&quot;:&quot;0&quot;,&quot;credit&quot;:&quot;IHA&quot;,&quot;camera&quot;:&quot;&quot;,&quot;caption&quot;:&quot;DEN\\u0130ZL\\u0130 B\\u00dcY\\u00dcK\\u015eEH\\u0130R BELED\\u0130YES\\u0130 TARAFINDAN BA\\u015eLATILAN \\u0022\\u0130KL\\u0130M HAREKET\\u0130 \\u0130\\u00c7\\u0130N DE\\u011e\\u0130\\u015e\\u0130ME G\\u00dc\\u00c7 VER\\u0022 PROJES\\u0130 KAPSAMINDA HAZIRLANAN DEN\\u0130ZL\\u0130 \\u0130KL\\u0130M DE\\u011e\\u0130\\u015e\\u0130KL\\u0130\\u011e\\u0130 EYLEM PLANI TASLA\\u011eI TAMAMLANDI. (G\\u00d6KTEN CEYLAN\\\/DEN\\u0130ZL\\u0130-\\u0130HA)&quot;,&quot;created_timestamp&quot;:&quot;0&quot;,&quot;copyright&quot;:&quot;\\u0130HLAS HABER AJANSI, www.iha.com.tr&quot;,&quot;focal_length&quot;:&quot;0&quot;,&quot;iso&quot;:&quot;0&quot;,&quot;shutter_speed&quot;:&quot;0&quot;,&quot;title&quot;:&quot;DEN\\u0130ZL\\u0130 \\u0130KL\\u0130M DE\\u011e\\u0130\\u015e\\u0130KL\\u0130\\u011e\\u0130 EYLEM PLANI TASLA\\u011eI TAMAMLANDI&quot;,&quot;orientation&quot;:&quot;0&quot;}\" data-image-title=\"Denizli \u0130klim De\u011fi\u015fikli\u011fi Eylem Plan\u0131 tasla\u011f\u0131 tamamland\u0131\" data-image-description=\"&lt;p&gt;Denizli \u0130klim De\u011fi\u015fikli\u011fi Eylem Plan\u0131 tasla\u011f\u0131 tamamland\u0131&lt;\/p&gt; \" data-medium-file=\"https:\/\/i0.wp.com\/www.tvturk.com\/wp-content\/uploads\/2019\/02\/denizli-iklim-degisikligi-eylem-plani-taslagi-tamamlandi_fd91ece.jpg?fit=300%2C188\" data-large-file=\"https:\/\/i0.wp.com\/www.tvturk.com\/wp-content\/uploads\/2019\/02\/denizli-iklim-degisikligi-eylem-plani-taslagi-tamamlandi_fd91ece.jpg?fit=1000%2C626\" src=\"https:\/\/i0.wp.com\/www.tvturk.com\/wp-content\/uploads\/2019\/02\/denizli-iklim-degisikligi-eylem-plani-taslagi-tamamlandi_fd91ece.jpg?w=268&#038;h=168\" srcset=\"https:\/\/i0.wp.com\/www.tvturk.com\/wp-content\/uploads\/2019\/02\/denizli-iklim-degisikligi-eylem-plani-taslagi-tamamlandi_fd91ece.jpg?w=1000 1000w, https:\/\/i0.wp.com\/www.tvturk.com\/wp-content\/uploads\/2019\/02\/denizli-iklim-degisikligi-eylem-plani-taslagi-tamamlandi_fd91ece.jpg?resize=150%2C94 150w, https:\/\/i0.wp.com\/www.tvturk.com\/wp-content\/uploads\/2019\/02\/denizli-iklim-degisikligi-eylem-plani-taslagi-tamamlandi_fd91ece.jpg?resize=300%2C188 300w, https:\/\/i0.wp.com\/www.tvturk.com\/wp-content\/uploads\/2019\/02\/denizli-iklim-degisikligi-eylem-plani-taslagi-tamamlandi_fd91ece.jpg?resize=768%2C481 768w, https:\/\/i0.wp.com\/www.tvturk.com\/wp-content\/uploads\/2019\/02\/denizli-iklim-degisikligi-eylem-plani-taslagi-tamamlandi_fd91ece.jpg?resize=460%2C290 460w\" width=\"268\" height=\"168\" loading=\"lazy\" data-original-width=\"268\" data-original-height=\"168\" itemprop=\"http:\/\/schema.org\/image\" title=\"Denizli \u0130klim De\u011fi\u015fikli\u011fi Eylem Plan\u0131 tasla\u011f\u0131 tamamland\u0131\" alt=\"Denizli \u0130klim De\u011fi\u015fikli\u011fi Eylem Plan\u0131 tasla\u011f\u0131 tamamland\u0131\" style=\"width: 268px; height: 168px;\" \/> <\/a> <\/div> <\/div> <!-- close group --> <div class=\"gallery-group images-1\" style=\"width: 228px; height: 172px;\" data-original-width=\"228\" data-original-height=\"172\" > <div class=\"tiled-gallery-item tiled-gallery-item-small\" itemprop=\"associatedMedia\" itemscope itemtype=\"http:\/\/schema.org\/ImageObject\"> <a href=\"http:\/\/www.tvturk.com\/index.php\/denizli-iklim-degisikligi-eylem-plani-taslagi-tamamlandi\/denizli-iklim-degisikligi-eylem-plani-taslagi-tamamlandi-4\/\" border=\"0\" itemprop=\"url\"> <meta itemprop=\"width\" content=\"224\"> <meta itemprop=\"height\" content=\"168\"> <img decoding=\"async\" class=\"\" data-attachment-id=\"13200\" data-orig-file=\"http:\/\/www.tvturk.com\/wp-content\/uploads\/2019\/02\/denizli-iklim-degisikligi-eylem-plani-taslagi-tamamlandi_97005c6.jpg\" data-orig-size=\"1000,750\" data-comments-opened=\"\" data-image-meta=\"{&quot;aperture&quot;:&quot;0&quot;,&quot;credit&quot;:&quot;IHA&quot;,&quot;camera&quot;:&quot;&quot;,&quot;caption&quot;:&quot;DEN\\u0130ZL\\u0130 B\\u00dcY\\u00dcK\\u015eEH\\u0130R BELED\\u0130YES\\u0130 TARAFINDAN BA\\u015eLATILAN \\u0022\\u0130KL\\u0130M HAREKET\\u0130 \\u0130\\u00c7\\u0130N DE\\u011e\\u0130\\u015e\\u0130ME G\\u00dc\\u00c7 VER\\u0022 PROJES\\u0130 KAPSAMINDA HAZIRLANAN DEN\\u0130ZL\\u0130 \\u0130KL\\u0130M DE\\u011e\\u0130\\u015e\\u0130KL\\u0130\\u011e\\u0130 EYLEM PLANI TASLA\\u011eI TAMAMLANDI. (G\\u00d6KTEN CEYLAN\\\/DEN\\u0130ZL\\u0130-\\u0130HA)&quot;,&quot;created_timestamp&quot;:&quot;0&quot;,&quot;copyright&quot;:&quot;\\u0130HLAS HABER AJANSI, www.iha.com.tr&quot;,&quot;focal_length&quot;:&quot;0&quot;,&quot;iso&quot;:&quot;0&quot;,&quot;shutter_speed&quot;:&quot;0&quot;,&quot;title&quot;:&quot;DEN\\u0130ZL\\u0130 \\u0130KL\\u0130M DE\\u011e\\u0130\\u015e\\u0130KL\\u0130\\u011e\\u0130 EYLEM PLANI TASLA\\u011eI TAMAMLANDI&quot;,&quot;orientation&quot;:&quot;0&quot;}\" data-image-title=\"Denizli \u0130klim De\u011fi\u015fikli\u011fi Eylem Plan\u0131 tasla\u011f\u0131 tamamland\u0131\" data-image-description=\"&lt;p&gt;Denizli \u0130klim De\u011fi\u015fikli\u011fi Eylem Plan\u0131 tasla\u011f\u0131 tamamland\u0131&lt;\/p&gt; \" data-medium-file=\"https:\/\/i0.wp.com\/www.tvturk.com\/wp-content\/uploads\/2019\/02\/denizli-iklim-degisikligi-eylem-plani-taslagi-tamamlandi_97005c6.jpg?fit=300%2C225\" data-large-file=\"https:\/\/i0.wp.com\/www.tvturk.com\/wp-content\/uploads\/2019\/02\/denizli-iklim-degisikligi-eylem-plani-taslagi-tamamlandi_97005c6.jpg?fit=1000%2C750\" src=\"https:\/\/i0.wp.com\/www.tvturk.com\/wp-content\/uploads\/2019\/02\/denizli-iklim-degisikligi-eylem-plani-taslagi-tamamlandi_97005c6.jpg?w=224&#038;h=168\" srcset=\"https:\/\/i0.wp.com\/www.tvturk.com\/wp-content\/uploads\/2019\/02\/denizli-iklim-degisikligi-eylem-plani-taslagi-tamamlandi_97005c6.jpg?w=1000 1000w, https:\/\/i0.wp.com\/www.tvturk.com\/wp-content\/uploads\/2019\/02\/denizli-iklim-degisikligi-eylem-plani-taslagi-tamamlandi_97005c6.jpg?resize=150%2C113 150w, https:\/\/i0.wp.com\/www.tvturk.com\/wp-content\/uploads\/2019\/02\/denizli-iklim-degisikligi-eylem-plani-taslagi-tamamlandi_97005c6.jpg?resize=300%2C225 300w, https:\/\/i0.wp.com\/www.tvturk.com\/wp-content\/uploads\/2019\/02\/denizli-iklim-degisikligi-eylem-plani-taslagi-tamamlandi_97005c6.jpg?resize=768%2C576 768w\" width=\"224\" height=\"168\" loading=\"lazy\" data-original-width=\"224\" data-original-height=\"168\" itemprop=\"http:\/\/schema.org\/image\" title=\"Denizli \u0130klim De\u011fi\u015fikli\u011fi Eylem Plan\u0131 tasla\u011f\u0131 tamamland\u0131\" alt=\"Denizli \u0130klim De\u011fi\u015fikli\u011fi Eylem Plan\u0131 tasla\u011f\u0131 tamamland\u0131\" style=\"width: 224px; height: 168px;\" \/> <\/a> <\/div> <\/div> <!-- close group --> <\/div> <!-- close row --> <\/div><\/p>\n","protected":false},"excerpt":{"rendered":"<p>DEN\u0130ZL\u0130 B\u00dcY\u00dcK\u015eEH\u0130R BELED\u0130YES\u0130 TARAFINDAN BA\u015eLATILAN &#8220;\u0130KL\u0130M HAREKET\u0130 \u0130\u00c7\u0130N DE\u011e\u0130\u015e\u0130ME G\u00dc\u00c7 VER&#8221; PROJES\u0130 KAPSAMINDA HAZIRLANAN DEN\u0130ZL\u0130 \u0130KL\u0130M DE\u011e\u0130\u015e\u0130KL\u0130\u011e\u0130 EYLEM PLANI TASLA\u011eI TAMAMLANDI.<\/p>\n","protected":false},"author":1,"featured_media":13198,"comment_status":"closed","ping_status":"open","sticky":false,"template":"","format":"standard","meta":{"jetpack_post_was_ever_published":false,"_jetpack_newsletter_access":"","_jetpack_dont_email_post_to_subs":false,"_jetpack_newsletter_tier_id":0,"_jetpack_memberships_contains_paywalled_content":false,"_jetpack_memberships_contains_paid_content":false,"footnotes":"","jetpack_publicize_message":"","jetpack_publicize_feature_enabled":true,"jetpack_social_post_already_shared":false,"jetpack_social_options":{"image_generator_settings":{"template":"highway","default_image_id":0,"font":"","enabled":false},"version":2}},"categories":[655],"tags":[1775,2553,2198,6633,6634,693,6635],"class_list":["post-13197","post","type-post","status-publish","format-standard","has-post-thumbnail","hentry","category-son-dakika","tag-degisikligi","tag-denizli","tag-eylem","tag-iklim","tag-plani","tag-tamamlandi","tag-taslagi"],"jetpack_publicize_connections":[],"jetpack_featured_media_url":"https:\/\/i0.wp.com\/www.tvturk.com\/wp-content\/uploads\/2019\/02\/denizli-iklim-degisikligi-eylem-plani-taslagi-tamamlandi_ec30ad9.jpg?fit=1000%2C666","jetpack_sharing_enabled":true,"jetpack_shortlink":"https:\/\/wp.me\/paKIfm-3qR","_links":{"self":[{"href":"http:\/\/www.tvturk.com\/index.php\/wp-json\/wp\/v2\/posts\/13197","targetHints":{"allow":["GET"]}}],"collection":[{"href":"http:\/\/www.tvturk.com\/index.php\/wp-json\/wp\/v2\/posts"}],"about":[{"href":"http:\/\/www.tvturk.com\/index.php\/wp-json\/wp\/v2\/types\/post"}],"author":[{"embeddable":true,"href":"http:\/\/www.tvturk.com\/index.php\/wp-json\/wp\/v2\/users\/1"}],"replies":[{"embeddable":true,"href":"http:\/\/www.tvturk.com\/index.php\/wp-json\/wp\/v2\/comments?post=13197"}],"version-history":[{"count":1,"href":"http:\/\/www.tvturk.com\/index.php\/wp-json\/wp\/v2\/posts\/13197\/revisions"}],"predecessor-version":[{"id":13201,"href":"http:\/\/www.tvturk.com\/index.php\/wp-json\/wp\/v2\/posts\/13197\/revisions\/13201"}],"wp:featuredmedia":[{"embeddable":true,"href":"http:\/\/www.tvturk.com\/index.php\/wp-json\/wp\/v2\/media\/13198"}],"wp:attachment":[{"href":"http:\/\/www.tvturk.com\/index.php\/wp-json\/wp\/v2\/media?parent=13197"}],"wp:term":[{"taxonomy":"category","embeddable":true,"href":"http:\/\/www.tvturk.com\/index.php\/wp-json\/wp\/v2\/categories?post=13197"},{"taxonomy":"post_tag","embeddable":true,"href":"http:\/\/www.tvturk.com\/index.php\/wp-json\/wp\/v2\/tags?post=13197"}],"curies":[{"name":"wp","href":"https:\/\/api.w.org\/{rel}","templated":true}]}}