{"id":132335,"date":"2019-04-11T15:06:09","date_gmt":"2019-04-11T12:06:09","guid":{"rendered":"http:\/\/www.tvturk.com\/index.php\/keiretsu-forum-turkiyenin-yeni-genel-muduru-duygu-eren-oldu\/"},"modified":"2019-04-11T15:06:10","modified_gmt":"2019-04-11T12:06:10","slug":"keiretsu-forum-turkiyenin-yeni-genel-muduru-duygu-eren-oldu","status":"publish","type":"post","link":"http:\/\/www.tvturk.com\/index.php\/keiretsu-forum-turkiyenin-yeni-genel-muduru-duygu-eren-oldu\/","title":{"rendered":"Keiretsu Forum T\u00fcrkiye\u2019nin Yeni Genel M\u00fcd\u00fcr\u00fc Duygu Eren oldu"},"content":{"rendered":"<p>Hem T\u00fcrkiye\u2019de hem de d\u00fcnyada melek yat\u0131r\u0131mc\u0131l\u0131\u011f\u0131n \u00f6nemli \u015firketlerinden Keiretsu Forum\u2019un T\u00fcrkiye aya\u011f\u0131 olan Keiretsu Forum T\u00fcrkiye\u2019nin yeni genel m\u00fcd\u00fcr\u00fc giri\u015fim ve yat\u0131r\u0131mc\u0131l\u0131k ekosisteminin de yak\u0131ndan tan\u0131d\u0131\u011f\u0131 Duygu Eren oldu.<\/p>\n<p>D\u00fcnyan\u0131n en b\u00fcy\u00fck melek yat\u0131r\u0131mc\u0131 a\u011flar\u0131ndan Keiretsu Forum\u2019un T\u00fcrkiye aya\u011f\u0131 Keiretsu Forum T\u00fcrkiye\u2019nin genel m\u00fcd\u00fcr\u00fc giri\u015fim ve yat\u0131r\u0131mc\u0131l\u0131k ekosisteminin de yak\u0131ndan tan\u0131d\u0131\u011f\u0131 Duygu Eren oldu. Eren, T\u00fcrkiye ve Avrupa \u00fclkeleri aras\u0131ndaki ticari i\u015fbirlikleriyle ilgili \u00e7al\u0131\u015fmalar\u0131n\u0131n yan\u0131 s\u0131ra, ki\u015fisel geli\u015fim, pazarlama, sanat, yat\u0131r\u0131m ve networking konular\u0131nda verdi\u011fi e\u011fitimlerle birlikte, ki\u015fisel kariyerindeki ba\u015far\u0131l\u0131 giri\u015fimcilik tecr\u00fcbesiyle de hem giri\u015fimcilere hem de yat\u0131r\u0131mc\u0131lara destek olmay\u0131 ama\u00e7l\u0131yor.<\/p>\n<p>Giri\u015fimcilik alan\u0131nda mentorluk g\u00f6revi de \u00fcstlenen Eren, T\u00fcrkiye\u2019deki yat\u0131r\u0131mc\u0131lar kadar gen\u00e7 giri\u015fimci say\u0131s\u0131n\u0131n artmas\u0131 i\u00e7in y\u00fcr\u00fctt\u00fc\u011f\u00fc \u00e7al\u0131\u015fmalara Keiretsu Forum T\u00fcrkiye \u00e7at\u0131s\u0131 alt\u0131nda devam etmeyi ama\u00e7l\u0131yor.<\/p>\n<p>Duygu Eren kimdir?<\/p>\n<p>\u00dcniversite \u00f6\u011frenimine 1998 y\u0131l\u0131nda \u0130stanbul \u00dcniversitesi \u0130talyan Dili ve Edebiyat\u0131 B\u00f6l\u00fcm\u00fc\u2019nde ba\u015flayan Eren, y\u00fcksek lisans e\u011fitimini de \u0130stanbul Ticaret \u00dcniversitesi\u2019nde Uluslararas\u0131 Ticaret B\u00f6l\u00fcm\u00fc\u2019nde tamamlad\u0131. Y\u00fcksek lisans \u00f6\u011frenimi s\u0131ras\u0131nda i\u015f hayat\u0131na at\u0131lan Eren, Avrupa\u2019n\u0131n en b\u00fcy\u00fck hurda demir \u015firketleri aras\u0131nda yer alan European Metal Recycling\u2019te \u00e7al\u0131\u015fmaya ba\u015flad\u0131. Bu zaman zarf\u0131nda T\u00fcrkiye ve Avrupa \u00fclkeleri aras\u0131ndaki ticari i\u015fbirlikleriyle ilgili \u00e7al\u0131\u015fmalara da imza atan Eren, 2003\u2019te ise Eren Yay\u0131nc\u0131l\u0131k Kitap Yay\u0131n Da\u011f\u0131t\u0131m \u015firketinde sat\u0131\u015f ve pazarlama b\u00f6l\u00fcm\u00fcnde \u00e7al\u0131\u015fmaya ba\u015flad\u0131. K\u0131sa bir s\u00fcre sonra kitap online sat\u0131\u015f ve e-ticaret sitesini kuran, \u015firketin yurtd\u0131\u015f\u0131 ili\u015fkilerini ve bas\u0131n s\u00f6zc\u00fcl\u00fc\u011f\u00fcn\u00fc y\u00fcr\u00fcten Eren, 2010 y\u0131l\u0131nda DP Dan\u0131\u015fmanl\u0131k ve Pazar Ara\u015ft\u0131rmas\u0131 \u015eirketi\u2019ni kurdu. Eren, y\u00fcr\u00fctt\u00fc\u011f\u00fc \u00e7al\u0131\u015fmalar kapsam\u0131nda 2014\u2019te Turkish Time dergisi taraf\u0131ndan aile \u015firketinden ayr\u0131l\u0131p, kendi i\u015fini kuran en ba\u015far\u0131l\u0131 patronlar aras\u0131nda g\u00f6sterildi. \u0130\u015f geli\u015ftirme, ileti\u015fim ve pazarlama konular\u0131nda dan\u0131\u015fmanl\u0131klar veren ve mentorluk g\u00f6revi de \u00fcstlenen Eren, bir s\u00fcre Marmara \u00dcniversitesi Pazarlama Y\u00fcksek Lisans Program\u0131 kapsam\u0131nda giri\u015fimcilik ile ilgili dersler verdi.<\/p>\n<p>Uzun y\u0131llar, B\u00fcy\u00fck Kul\u00fcp Derne\u011fi\u2019nde (Cercle D\u2019Orient) kurdu\u011fu Gen\u00e7 Giri\u015fimciler Komitesi\u2019nde de ba\u015fkanl\u0131k g\u00f6revini y\u00fcr\u00fcten Eren, halen \u00e7al\u0131\u015fmalar\u0131na B\u00fcy\u00fck Kul\u00fcp Y\u00f6netim Kurulu \u00dcyesi olarak ve TOBB \u0130stanbul Kad\u0131n Giri\u015fimciler Kurulu Y\u00f6netim Kurulu \u00dcyesi ve Uluslararas\u0131 \u0130\u015fbirli\u011fi Platformu Organizasyon Komitesi\u2019nde devam ediyor. Eren, Startupbootcamp, Global Cleantech Innovation Program\u0131, T\u00fcrk Telekom Pilot\u2019ta da g\u00f6n\u00fcll\u00fc mentorluk \u00e7al\u0131\u015fmalar\u0131 ger\u00e7ekle\u015ftirdi. Halen, G3 Forum ve Gen\u00e7 Ba\u015far\u0131 Vakf\u0131 M\u00fctevelli Heyeti\u2019nde g\u00f6rev alan Duygu Eren, liselerde giri\u015fimcili\u011fi \u00f6zendirmek i\u00e7in g\u00f6n\u00fcll\u00fc mentorluk g\u00f6revini \u00fcstlendi\u011fi gibi, T\u00fcrkiye\u2019de ilk kez, Anadolu\u2019daki giri\u015fimcilere destek olmak amac\u0131yla ticaret odalar\u0131nda \u201cmelek yat\u0131r\u0131mc\u0131l\u0131k e\u011fitimleri\u201d de d\u00fczenledi. Eren, \u0130ngilizce, \u0130talyanca ve \u0130spanyolca biliyor.<div class=\"tiled-gallery type-rectangular tiled-gallery-unresized\" data-original-width=\"500\" data-carousel-extra='null' itemscope itemtype=\"http:\/\/schema.org\/ImageGallery\" > <div class=\"gallery-row\" style=\"width: 500px; height: 749px;\" data-original-width=\"500\" data-original-height=\"749\" > <div class=\"gallery-group images-1\" style=\"width: 500px; height: 749px;\" data-original-width=\"500\" data-original-height=\"749\" > <div class=\"tiled-gallery-item tiled-gallery-item-large\" itemprop=\"associatedMedia\" itemscope itemtype=\"http:\/\/schema.org\/ImageObject\"> <a href=\"http:\/\/www.tvturk.com\/index.php\/keiretsu-forum-turkiyenin-yeni-genel-muduru-duygu-eren-oldu\/keiretsu-forum-turkiyenin-yeni-genel-muduru-duygu-eren-oldu-3\/\" border=\"0\" itemprop=\"url\"> <meta itemprop=\"width\" content=\"496\"> <meta itemprop=\"height\" content=\"745\"> <img decoding=\"async\" class=\"\" data-attachment-id=\"132337\" data-orig-file=\"http:\/\/www.tvturk.com\/wp-content\/uploads\/2019\/04\/keiretsu-forum-turkiyenin-yeni-genel-muduru-duygu-eren-oldu_1aaa0b6.jpg\" data-orig-size=\"666,1000\" data-comments-opened=\"\" data-image-meta=\"{&quot;aperture&quot;:&quot;0&quot;,&quot;credit&quot;:&quot;IHA&quot;,&quot;camera&quot;:&quot;&quot;,&quot;caption&quot;:&quot;KE\\u0130RETSU FORUM T\\u00dcRK\\u0130YE\\u2019N\\u0130N YEN\\u0130 GENEL M\\u00dcD\\u00dcR\\u00dc G\\u0130R\\u0130\\u015e\\u0130M VE YATIRIMCILIK EKOS\\u0130STEM\\u0130N\\u0130N DE YAKINDAN TANIDI\\u011eI DUYGU EREN OLDU. (\\u0130HA\\\/\\u0130STANBUL-\\u0130HA)&quot;,&quot;created_timestamp&quot;:&quot;0&quot;,&quot;copyright&quot;:&quot;\\u0130HLAS HABER AJANSI, www.iha.com.tr&quot;,&quot;focal_length&quot;:&quot;0&quot;,&quot;iso&quot;:&quot;0&quot;,&quot;shutter_speed&quot;:&quot;0&quot;,&quot;title&quot;:&quot;KE\\u0130RETSU FORUM T\\u00dcRK\\u0130YE\\u2019N\\u0130N YEN\\u0130 GENEL M\\u00dcD\\u00dcR\\u00dc DUYGU EREN OLDU&quot;,&quot;orientation&quot;:&quot;0&quot;}\" data-image-title=\"Keiretsu Forum T\u00fcrkiye\u2019nin Yeni Genel M\u00fcd\u00fcr\u00fc Duygu Eren oldu\" data-image-description=\"&lt;p&gt;Keiretsu Forum T\u00fcrkiye\u2019nin Yeni Genel M\u00fcd\u00fcr\u00fc Duygu Eren oldu&lt;\/p&gt; \" data-medium-file=\"https:\/\/i0.wp.com\/www.tvturk.com\/wp-content\/uploads\/2019\/04\/keiretsu-forum-turkiyenin-yeni-genel-muduru-duygu-eren-oldu_1aaa0b6.jpg?fit=200%2C300\" data-large-file=\"https:\/\/i0.wp.com\/www.tvturk.com\/wp-content\/uploads\/2019\/04\/keiretsu-forum-turkiyenin-yeni-genel-muduru-duygu-eren-oldu_1aaa0b6.jpg?fit=666%2C1000\" src=\"https:\/\/i0.wp.com\/www.tvturk.com\/wp-content\/uploads\/2019\/04\/keiretsu-forum-turkiyenin-yeni-genel-muduru-duygu-eren-oldu_1aaa0b6.jpg?w=496&#038;h=745\" srcset=\"https:\/\/i0.wp.com\/www.tvturk.com\/wp-content\/uploads\/2019\/04\/keiretsu-forum-turkiyenin-yeni-genel-muduru-duygu-eren-oldu_1aaa0b6.jpg?w=666 666w, https:\/\/i0.wp.com\/www.tvturk.com\/wp-content\/uploads\/2019\/04\/keiretsu-forum-turkiyenin-yeni-genel-muduru-duygu-eren-oldu_1aaa0b6.jpg?resize=100%2C150 100w, https:\/\/i0.wp.com\/www.tvturk.com\/wp-content\/uploads\/2019\/04\/keiretsu-forum-turkiyenin-yeni-genel-muduru-duygu-eren-oldu_1aaa0b6.jpg?resize=200%2C300 200w\" width=\"496\" height=\"745\" loading=\"lazy\" data-original-width=\"496\" data-original-height=\"745\" itemprop=\"http:\/\/schema.org\/image\" title=\"Keiretsu Forum T\u00fcrkiye\u2019nin Yeni Genel M\u00fcd\u00fcr\u00fc Duygu Eren oldu\" alt=\"Keiretsu Forum T\u00fcrkiye\u2019nin Yeni Genel M\u00fcd\u00fcr\u00fc Duygu Eren oldu\" style=\"width: 496px; height: 745px;\" \/> <\/a> <\/div> <\/div> <!-- close group --> <\/div> <!-- close row --> <\/div><\/p>\n","protected":false},"excerpt":{"rendered":"<p>KE\u0130RETSU FORUM T\u00dcRK\u0130YE\u2019N\u0130N YEN\u0130 GENEL M\u00dcD\u00dcR\u00dc G\u0130R\u0130\u015e\u0130M VE YATIRIMCILIK EKOS\u0130STEM\u0130N\u0130N DE YAKINDAN TANIDI\u011eI DUYGU EREN OLDU.<\/p>\n","protected":false},"author":1,"featured_media":132336,"comment_status":"closed","ping_status":"open","sticky":false,"template":"","format":"standard","meta":{"jetpack_post_was_ever_published":false,"_jetpack_newsletter_access":"","_jetpack_dont_email_post_to_subs":false,"_jetpack_newsletter_tier_id":0,"_jetpack_memberships_contains_paywalled_content":false,"_jetpack_memberships_contains_paid_content":false,"footnotes":"","jetpack_publicize_message":"","jetpack_publicize_feature_enabled":true,"jetpack_social_post_already_shared":true,"jetpack_social_options":{"image_generator_settings":{"template":"highway","default_image_id":0,"font":"","enabled":false},"version":2}},"categories":[19],"tags":[14242,175,10086,869,26063,254,77,177,87],"class_list":["post-132335","post","type-post","status-publish","format-standard","has-post-thumbnail","hentry","category-ekonomi","tag-duygu","tag-eren","tag-forum","tag-genel","tag-keiretsu","tag-muduru","tag-oldu","tag-turkiyenin","tag-yeni"],"jetpack_publicize_connections":[],"jetpack_featured_media_url":"https:\/\/i0.wp.com\/www.tvturk.com\/wp-content\/uploads\/2019\/04\/keiretsu-forum-turkiyenin-yeni-genel-muduru-duygu-eren-oldu_7c9349c.jpg?fit=666%2C1000","jetpack_sharing_enabled":true,"jetpack_shortlink":"https:\/\/wp.me\/paKIfm-yqr","_links":{"self":[{"href":"http:\/\/www.tvturk.com\/index.php\/wp-json\/wp\/v2\/posts\/132335","targetHints":{"allow":["GET"]}}],"collection":[{"href":"http:\/\/www.tvturk.com\/index.php\/wp-json\/wp\/v2\/posts"}],"about":[{"href":"http:\/\/www.tvturk.com\/index.php\/wp-json\/wp\/v2\/types\/post"}],"author":[{"embeddable":true,"href":"http:\/\/www.tvturk.com\/index.php\/wp-json\/wp\/v2\/users\/1"}],"replies":[{"embeddable":true,"href":"http:\/\/www.tvturk.com\/index.php\/wp-json\/wp\/v2\/comments?post=132335"}],"version-history":[{"count":1,"href":"http:\/\/www.tvturk.com\/index.php\/wp-json\/wp\/v2\/posts\/132335\/revisions"}],"predecessor-version":[{"id":132338,"href":"http:\/\/www.tvturk.com\/index.php\/wp-json\/wp\/v2\/posts\/132335\/revisions\/132338"}],"wp:featuredmedia":[{"embeddable":true,"href":"http:\/\/www.tvturk.com\/index.php\/wp-json\/wp\/v2\/media\/132336"}],"wp:attachment":[{"href":"http:\/\/www.tvturk.com\/index.php\/wp-json\/wp\/v2\/media?parent=132335"}],"wp:term":[{"taxonomy":"category","embeddable":true,"href":"http:\/\/www.tvturk.com\/index.php\/wp-json\/wp\/v2\/categories?post=132335"},{"taxonomy":"post_tag","embeddable":true,"href":"http:\/\/www.tvturk.com\/index.php\/wp-json\/wp\/v2\/tags?post=132335"}],"curies":[{"name":"wp","href":"https:\/\/api.w.org\/{rel}","templated":true}]}}