{"id":132583,"date":"2019-04-11T17:21:59","date_gmt":"2019-04-11T14:21:59","guid":{"rendered":"http:\/\/www.tvturk.com\/index.php\/bakan-cavusoglu-amsterdamda-baskonsolosluk-binasini-acti\/"},"modified":"2019-04-11T17:22:01","modified_gmt":"2019-04-11T14:22:01","slug":"bakan-cavusoglu-amsterdamda-baskonsolosluk-binasini-acti","status":"publish","type":"post","link":"http:\/\/www.tvturk.com\/index.php\/bakan-cavusoglu-amsterdamda-baskonsolosluk-binasini-acti\/","title":{"rendered":"Bakan \u00c7avu\u015fo\u011flu, Amsterdam\u2019da Ba\u015fkonsolosluk binas\u0131n\u0131 a\u00e7t\u0131"},"content":{"rendered":"<p>D\u0131\u015fi\u015fleri Bakan\u0131 Mevl\u00fct \u00c7avu\u015fo\u011flu, Hollanda\u2019n\u0131n ba\u015fkenti Amsterdam\u2019da T\u00fcrkiye\u2019nin ba\u015fkonsolosluk binas\u0131n\u0131n a\u00e7\u0131l\u0131\u015f\u0131na kat\u0131ld\u0131.<\/p>\n<p>T\u00fcrkiye\u2019nin Amsterdam Ba\u015fkonsolosluk binas\u0131n\u0131n a\u00e7\u0131l\u0131\u015f t\u00f6reninde konu\u015fan Lahey B\u00fcy\u00fckel\u00e7isi \u015eaban Di\u015fli, iki \u00fclke aras\u0131nda k\u0131ymetli bir k\u00f6pr\u00fc vazifesi g\u00f6ren Hollanda, hayat\u0131n\u0131n her alan\u0131nda katk\u0131da bulunan aktif ve ba\u015far\u0131l\u0131 bireyler yeti\u015ftirmi\u015f. Say\u0131n bakan\u0131m\u0131z\u0131n deste\u011fini de her zaman arkam\u0131zda hissediyoruz. Bunun i\u00e7in kendisine te\u015fekk\u00fcr ediyoruz. Say\u0131n Bakan\u0131m, Ba\u015fkonsoloslu\u011fumuzun hay\u0131rl\u0131 hizmetlerde bulunaca\u011f\u0131n\u0131 ve de\u011ferli hem\u015fehrilerimize en etkin \u015fekilde hizmet edece\u011fini size temin ediyoruz&#8221; ifadelerini kulland\u0131.<\/p>\n<p>B\u00fcy\u00fckel\u00e7i Di\u015fli\u2019den sonra konu\u015fan D\u0131\u015fi\u015fleri Bakan\u0131 Mevl\u00fct \u00c7avu\u015fo\u011flu, Hollanda D\u0131\u015fi\u015fleri Bakan\u0131 Stef Blok ile bir araya gelerek ili\u015fkilerin geli\u015ftirilmesi i\u00e7in \u00e7al\u0131\u015ft\u0131klar\u0131n\u0131 s\u00f6yleyerek, &#8220;Pozitif bir ajandayla ili\u015fkilerimizi geli\u015ftirmek i\u00e7in bundan sonra da \u00e7al\u0131\u015fmaya devam edece\u011fiz. \u0130li\u015fkilerde herhangi bir aksama oldu\u011fu zaman T\u00fcrk toplumunun da bundan olumsuz etkilendi\u011fini bir kere daha ge\u00e7mi\u015fte g\u00f6rd\u00fck. \u0130n\u015fallah bu ili\u015fkiler geli\u015ftik\u00e7e burada T\u00fcrk toplumunun da bu Hollanda\u2019ya ve Hollanda toplumuna entegrasyonunun \u00e7ok ba\u015far\u0131l\u0131 oldu\u011funu g\u00f6r\u00fcyoruz ve bu ili\u015fkilerin geli\u015fmesinden Hollanda vatanda\u015flar\u0131 ve T\u00fcrk Hollanda toplumu en iyi \u015fekilde faydalanacakt\u0131r&#8221; ifadelerini kulland\u0131.<\/p>\n<p>En fazla misyonu olan 5\u2019inci \u00fclkeyiz<\/p>\n<p>\u00c7avu\u015fo\u011flu, &#8220;T\u00fcrkiye bug\u00fcn diplomatik, misyon say\u0131s\u0131 bak\u0131m\u0131ndan, 242 misyonumuzla d\u00fcnyada 5\u2019inci s\u0131raday\u0131z. Bu say\u0131y\u0131 giderek artt\u0131r\u0131yoruz. Bayra\u011f\u0131m\u0131z\u0131 d\u00fcnyan\u0131n her yerinde dalgaland\u0131rmam\u0131z gerekiyor ve d\u00fcnyan\u0131n her yerindeki \u00fclkelerle ve uluslararas\u0131 \u00f6rg\u00fctlerle ili\u015fkilerimizi g\u00fc\u00e7lendirmemiz gerekiyor. Afrika\u2019da \u00f6rne\u011fin, 9 sene \u00f6nce sadece 12 tane b\u00fcy\u00fckel\u00e7ili\u011fimiz vard\u0131 \u015fimdi 42 tane b\u00fcy\u00fckel\u00e7ili\u011fimiz var. Latin Amerika\u2019da 17 misyonumuz oldu. ASEAN b\u00f6lgesinde b\u00fcy\u00fckel\u00e7ili\u011fimizin olmad\u0131\u011f\u0131 \u00fclke kalmad\u0131. Bu say\u0131y\u0131 art\u0131raca\u011f\u0131z ama \u00f6zellikle ba\u015fkonsolosluklara \u00e7ok \u00f6nem veriyoruz. \u00c7\u00fcnk\u00fc ba\u015fkonsolosluklar o \u00fclkelerde ya\u015fayan vatanda\u015flar\u0131m\u0131za hizmet etmek i\u00e7in \u00f6nemlidir. Bizim temel prensibimiz yurt d\u0131\u015f\u0131nda ya\u015fayan vatanda\u015flar\u0131m\u0131za yerinde, h\u0131zl\u0131 ve \u00fclkemize ve vatanda\u015flar\u0131m\u0131za yak\u0131\u015f\u0131r bu gibi mekanlarda en iyi hizmeti vermektir. B\u00fcy\u00fckel\u00e7ime ve Ba\u015fkonsolosuma ve Hollanda\u2019daki di\u011fer konsoloslar\u0131m\u0131za ve de t\u00fcm \u00e7al\u0131\u015fma arkada\u015flar\u0131m\u0131za \u00e7ok te\u015fekk\u00fcr ediyoruz. Arkada\u015flar\u0131m\u0131zla her zaman, sizlere nas\u0131l daha iyi hizmet verebiliriz, nas\u0131l hizmetin kalitesini art\u0131rabiliriz ve yerinde h\u0131zl\u0131 hizmet verebiliriz, yeni teknolojileri nas\u0131l kullanabiliriz hep kafa yoruyoruz, \u00e7al\u0131\u015f\u0131yoruz ve uygulamaya koyuyoruz. Bu mekanlar \u00f6zellikle vatanda\u015flar\u0131m\u0131z\u0131, kendisini evinde hissetmek bak\u0131m\u0131ndan \u00f6nemlidir. D\u00fcn Ba\u015fkan\u0131m\u0131z T\u00fcrkiye\u2019yi ana vatan\u0131m olarak g\u00f6r\u00fcyorum Hollanda\u2019y\u0131 da baba vatan olarak g\u00f6r\u00fcyorum dedi. \u0130\u015fte tam bizim g\u00f6rmek istedi\u011fimiz bu, bu entegrasyonun ta kendisidir. B\u00f6yle hisseden bir toplumu bizim te\u015fvik etmemiz gerekiyor. Burada \u00e7al\u0131\u015fan mesai arkada\u015flar\u0131m\u0131z\u0131n g\u00f6revi sizlere g\u00fcler y\u00fczle hizmet etmektir. Bizim Ankara\u2019daki \u00e7a\u011fr\u0131 merkezimizde sadece yurt d\u0131\u015f\u0131nda ya\u015fayan vatanda\u015flar\u0131m\u0131za de\u011fil, ihtiya\u00e7 duyan herkese hizmet veriyoruz\u201d diye konu\u015ftu.<\/p>\n<p>\u00c7avu\u015fo\u011flu, &#8220;Sadece vatanda\u015flar\u0131m\u0131za de\u011fil t\u00fcm insanlara hizmet etmek t\u00fcm misyonlar\u0131m\u0131z\u0131n g\u00f6revidir. Ve buras\u0131 sadece Hollanda\u2019da ya\u015fayan T\u00fcrklerin evi de\u011fildir. Buraya gelen T\u00fcrk vatanda\u015flar\u0131m\u0131za da hizmet edecektir. Buras\u0131 t\u00fcm Hollandal\u0131 dostlar\u0131m\u0131z\u0131n da evidir. Hemen yan\u0131 ba\u015f\u0131m\u0131zdaki kom\u015fular\u0131m\u0131z\u0131n da iyi bir kom\u015fusudur, onlarla da i\u015fbirli\u011fi i\u00e7inde olacakt\u0131r. Ve t\u00fcm Hollandal\u0131 dostlar\u0131m\u0131z\u0131 da buraya davet ediyoruz&#8221; dedi.<\/p>\n<p>Konu\u015fman\u0131n ard\u0131ndan Bakan \u00c7avu\u015fo\u011flu, kurdele keserek Ba\u015fkonsoloslu\u011fun resmi a\u00e7\u0131l\u0131\u015f\u0131n\u0131 yapt\u0131.<div class=\"tiled-gallery type-rectangular tiled-gallery-unresized\" data-original-width=\"500\" data-carousel-extra='null' itemscope itemtype=\"http:\/\/schema.org\/ImageGallery\" > <div class=\"gallery-row\" style=\"width: 500px; height: 174px;\" data-original-width=\"500\" data-original-height=\"174\" > <div class=\"gallery-group images-1\" style=\"width: 260px; height: 174px;\" data-original-width=\"260\" data-original-height=\"174\" > <div class=\"tiled-gallery-item tiled-gallery-item-large\" itemprop=\"associatedMedia\" itemscope itemtype=\"http:\/\/schema.org\/ImageObject\"> <a href=\"http:\/\/www.tvturk.com\/index.php\/bakan-cavusoglu-amsterdamda-baskonsolosluk-binasini-acti\/bakan-cavusoglu-amsterdamda-baskonsolosluk-binasini-acti-3\/\" border=\"0\" itemprop=\"url\"> <meta itemprop=\"width\" content=\"256\"> <meta itemprop=\"height\" content=\"170\"> <img decoding=\"async\" class=\"\" data-attachment-id=\"132585\" data-orig-file=\"http:\/\/www.tvturk.com\/wp-content\/uploads\/2019\/04\/bakan-cavusoglu-amsterdamda-baskonsolosluk-binasini-acti_453e28e.jpg\" data-orig-size=\"1000,666\" data-comments-opened=\"\" data-image-meta=\"{&quot;aperture&quot;:&quot;0&quot;,&quot;credit&quot;:&quot;IHA&quot;,&quot;camera&quot;:&quot;&quot;,&quot;caption&quot;:&quot;DI\\u015e\\u0130\\u015eLER\\u0130 BAKANI MEVL\\u00dcT \\u00c7AVU\\u015eO\\u011eLU, HOLLANDA\\u2019NIN BA\\u015eKENT\\u0130 AMSTERDAM\\u0027DA T\\u00dcRK\\u0130YE\\u0027N\\u0130N BA\\u015eKONSOLOSLUK B\\u0130NASININ A\\u00c7ILI\\u015eINA KATILDI. (\\u0130HA\\\/AMSTERDAM-\\u0130HA)&quot;,&quot;created_timestamp&quot;:&quot;0&quot;,&quot;copyright&quot;:&quot;\\u0130HLAS HABER AJANSI, www.iha.com.tr&quot;,&quot;focal_length&quot;:&quot;0&quot;,&quot;iso&quot;:&quot;0&quot;,&quot;shutter_speed&quot;:&quot;0&quot;,&quot;title&quot;:&quot;BAKAN \\u00c7AVU\\u015eO\\u011eLU, AMSTERDAM\\u2019DA BA\\u015eKONSOLOSLUK B\\u0130NASINI A\\u00c7TI&quot;,&quot;orientation&quot;:&quot;0&quot;}\" data-image-title=\"Bakan \u00c7avu\u015fo\u011flu, Amsterdam\u2019da Ba\u015fkonsolosluk binas\u0131n\u0131 a\u00e7t\u0131\" data-image-description=\"&lt;p&gt;Bakan \u00c7avu\u015fo\u011flu, Amsterdam\u2019da Ba\u015fkonsolosluk binas\u0131n\u0131 a\u00e7t\u0131&lt;\/p&gt; \" data-medium-file=\"https:\/\/i0.wp.com\/www.tvturk.com\/wp-content\/uploads\/2019\/04\/bakan-cavusoglu-amsterdamda-baskonsolosluk-binasini-acti_453e28e.jpg?fit=300%2C200\" data-large-file=\"https:\/\/i0.wp.com\/www.tvturk.com\/wp-content\/uploads\/2019\/04\/bakan-cavusoglu-amsterdamda-baskonsolosluk-binasini-acti_453e28e.jpg?fit=1000%2C666\" src=\"https:\/\/i0.wp.com\/www.tvturk.com\/wp-content\/uploads\/2019\/04\/bakan-cavusoglu-amsterdamda-baskonsolosluk-binasini-acti_453e28e.jpg?w=256&#038;h=170\" srcset=\"https:\/\/i0.wp.com\/www.tvturk.com\/wp-content\/uploads\/2019\/04\/bakan-cavusoglu-amsterdamda-baskonsolosluk-binasini-acti_453e28e.jpg?w=1000 1000w, https:\/\/i0.wp.com\/www.tvturk.com\/wp-content\/uploads\/2019\/04\/bakan-cavusoglu-amsterdamda-baskonsolosluk-binasini-acti_453e28e.jpg?resize=150%2C100 150w, https:\/\/i0.wp.com\/www.tvturk.com\/wp-content\/uploads\/2019\/04\/bakan-cavusoglu-amsterdamda-baskonsolosluk-binasini-acti_453e28e.jpg?resize=300%2C200 300w, https:\/\/i0.wp.com\/www.tvturk.com\/wp-content\/uploads\/2019\/04\/bakan-cavusoglu-amsterdamda-baskonsolosluk-binasini-acti_453e28e.jpg?resize=768%2C511 768w, https:\/\/i0.wp.com\/www.tvturk.com\/wp-content\/uploads\/2019\/04\/bakan-cavusoglu-amsterdamda-baskonsolosluk-binasini-acti_453e28e.jpg?resize=170%2C113 170w, https:\/\/i0.wp.com\/www.tvturk.com\/wp-content\/uploads\/2019\/04\/bakan-cavusoglu-amsterdamda-baskonsolosluk-binasini-acti_453e28e.jpg?resize=120%2C80 120w\" width=\"256\" height=\"170\" loading=\"lazy\" data-original-width=\"256\" data-original-height=\"170\" itemprop=\"http:\/\/schema.org\/image\" title=\"Bakan \u00c7avu\u015fo\u011flu, Amsterdam\u2019da Ba\u015fkonsolosluk binas\u0131n\u0131 a\u00e7t\u0131\" alt=\"Bakan \u00c7avu\u015fo\u011flu, Amsterdam\u2019da Ba\u015fkonsolosluk binas\u0131n\u0131 a\u00e7t\u0131\" style=\"width: 256px; height: 170px;\" \/> <\/a> <\/div> <\/div> <!-- close group --> <div class=\"gallery-group images-1\" style=\"width: 240px; height: 174px;\" data-original-width=\"240\" data-original-height=\"174\" > <div class=\"tiled-gallery-item tiled-gallery-item-small\" itemprop=\"associatedMedia\" itemscope itemtype=\"http:\/\/schema.org\/ImageObject\"> <a href=\"http:\/\/www.tvturk.com\/index.php\/bakan-cavusoglu-amsterdamda-baskonsolosluk-binasini-acti\/bakan-cavusoglu-amsterdamda-baskonsolosluk-binasini-acti-4\/\" border=\"0\" itemprop=\"url\"> <meta itemprop=\"width\" content=\"236\"> <meta itemprop=\"height\" content=\"170\"> <img decoding=\"async\" class=\"\" data-attachment-id=\"132586\" data-orig-file=\"http:\/\/www.tvturk.com\/wp-content\/uploads\/2019\/04\/bakan-cavusoglu-amsterdamda-baskonsolosluk-binasini-acti_d7db9af.jpg\" data-orig-size=\"1000,721\" data-comments-opened=\"\" data-image-meta=\"{&quot;aperture&quot;:&quot;0&quot;,&quot;credit&quot;:&quot;IHA&quot;,&quot;camera&quot;:&quot;&quot;,&quot;caption&quot;:&quot;DI\\u015e\\u0130\\u015eLER\\u0130 BAKANI MEVL\\u00dcT \\u00c7AVU\\u015eO\\u011eLU, HOLLANDA\\u2019NIN BA\\u015eKENT\\u0130 AMSTERDAM\\u0027DA T\\u00dcRK\\u0130YE\\u0027N\\u0130N BA\\u015eKONSOLOSLUK B\\u0130NASININ A\\u00c7ILI\\u015eINA KATILDI. (\\u0130HA\\\/AMSTERDAM-\\u0130HA)&quot;,&quot;created_timestamp&quot;:&quot;0&quot;,&quot;copyright&quot;:&quot;\\u0130HLAS HABER AJANSI, www.iha.com.tr&quot;,&quot;focal_length&quot;:&quot;0&quot;,&quot;iso&quot;:&quot;0&quot;,&quot;shutter_speed&quot;:&quot;0&quot;,&quot;title&quot;:&quot;BAKAN \\u00c7AVU\\u015eO\\u011eLU, AMSTERDAM\\u2019DA BA\\u015eKONSOLOSLUK B\\u0130NASINI A\\u00c7TI&quot;,&quot;orientation&quot;:&quot;0&quot;}\" data-image-title=\"Bakan \u00c7avu\u015fo\u011flu, Amsterdam\u2019da Ba\u015fkonsolosluk binas\u0131n\u0131 a\u00e7t\u0131\" data-image-description=\"&lt;p&gt;Bakan \u00c7avu\u015fo\u011flu, Amsterdam\u2019da Ba\u015fkonsolosluk binas\u0131n\u0131 a\u00e7t\u0131&lt;\/p&gt; \" data-medium-file=\"https:\/\/i0.wp.com\/www.tvturk.com\/wp-content\/uploads\/2019\/04\/bakan-cavusoglu-amsterdamda-baskonsolosluk-binasini-acti_d7db9af.jpg?fit=300%2C216\" data-large-file=\"https:\/\/i0.wp.com\/www.tvturk.com\/wp-content\/uploads\/2019\/04\/bakan-cavusoglu-amsterdamda-baskonsolosluk-binasini-acti_d7db9af.jpg?fit=1000%2C721\" src=\"https:\/\/i0.wp.com\/www.tvturk.com\/wp-content\/uploads\/2019\/04\/bakan-cavusoglu-amsterdamda-baskonsolosluk-binasini-acti_d7db9af.jpg?w=236&#038;h=170\" srcset=\"https:\/\/i0.wp.com\/www.tvturk.com\/wp-content\/uploads\/2019\/04\/bakan-cavusoglu-amsterdamda-baskonsolosluk-binasini-acti_d7db9af.jpg?w=1000 1000w, https:\/\/i0.wp.com\/www.tvturk.com\/wp-content\/uploads\/2019\/04\/bakan-cavusoglu-amsterdamda-baskonsolosluk-binasini-acti_d7db9af.jpg?resize=150%2C108 150w, https:\/\/i0.wp.com\/www.tvturk.com\/wp-content\/uploads\/2019\/04\/bakan-cavusoglu-amsterdamda-baskonsolosluk-binasini-acti_d7db9af.jpg?resize=300%2C216 300w, https:\/\/i0.wp.com\/www.tvturk.com\/wp-content\/uploads\/2019\/04\/bakan-cavusoglu-amsterdamda-baskonsolosluk-binasini-acti_d7db9af.jpg?resize=768%2C554 768w\" width=\"236\" height=\"170\" loading=\"lazy\" data-original-width=\"236\" data-original-height=\"170\" itemprop=\"http:\/\/schema.org\/image\" title=\"Bakan \u00c7avu\u015fo\u011flu, Amsterdam\u2019da Ba\u015fkonsolosluk binas\u0131n\u0131 a\u00e7t\u0131\" alt=\"Bakan \u00c7avu\u015fo\u011flu, Amsterdam\u2019da Ba\u015fkonsolosluk binas\u0131n\u0131 a\u00e7t\u0131\" style=\"width: 236px; height: 170px;\" \/> <\/a> <\/div> <\/div> <!-- close group --> <\/div> <!-- close row --> <\/div><\/p>\n","protected":false},"excerpt":{"rendered":"<p>DI\u015e\u0130\u015eLER\u0130 BAKANI MEVL\u00dcT \u00c7AVU\u015eO\u011eLU, HOLLANDA\u2019NIN BA\u015eKENT\u0130 AMSTERDAM&#8217;DA T\u00dcRK\u0130YE&#8217;N\u0130N BA\u015eKONSOLOSLUK B\u0130NASININ A\u00c7ILI\u015eINA KATILDI.<\/p>\n","protected":false},"author":1,"featured_media":132584,"comment_status":"closed","ping_status":"open","sticky":false,"template":"","format":"standard","meta":{"jetpack_post_was_ever_published":false,"_jetpack_newsletter_access":"","_jetpack_dont_email_post_to_subs":false,"_jetpack_newsletter_tier_id":0,"_jetpack_memberships_contains_paywalled_content":false,"_jetpack_memberships_contains_paid_content":false,"footnotes":"","jetpack_publicize_message":"","jetpack_publicize_feature_enabled":true,"jetpack_social_post_already_shared":true,"jetpack_social_options":{"image_generator_settings":{"template":"highway","default_image_id":0,"font":"","enabled":false},"version":2}},"categories":[10],"tags":[1494,8876,742,21644,19035,1499],"class_list":["post-132583","post","type-post","status-publish","format-standard","has-post-thumbnail","hentry","category-dunya","tag-acti","tag-amsterdamda","tag-bakan","tag-baskonsolosluk","tag-binasini","tag-cavusoglu"],"jetpack_publicize_connections":[],"jetpack_featured_media_url":"https:\/\/i0.wp.com\/www.tvturk.com\/wp-content\/uploads\/2019\/04\/bakan-cavusoglu-amsterdamda-baskonsolosluk-binasini-acti_94baaf3.jpg?fit=1000%2C752","jetpack_sharing_enabled":true,"jetpack_shortlink":"https:\/\/wp.me\/paKIfm-yur","_links":{"self":[{"href":"http:\/\/www.tvturk.com\/index.php\/wp-json\/wp\/v2\/posts\/132583","targetHints":{"allow":["GET"]}}],"collection":[{"href":"http:\/\/www.tvturk.com\/index.php\/wp-json\/wp\/v2\/posts"}],"about":[{"href":"http:\/\/www.tvturk.com\/index.php\/wp-json\/wp\/v2\/types\/post"}],"author":[{"embeddable":true,"href":"http:\/\/www.tvturk.com\/index.php\/wp-json\/wp\/v2\/users\/1"}],"replies":[{"embeddable":true,"href":"http:\/\/www.tvturk.com\/index.php\/wp-json\/wp\/v2\/comments?post=132583"}],"version-history":[{"count":1,"href":"http:\/\/www.tvturk.com\/index.php\/wp-json\/wp\/v2\/posts\/132583\/revisions"}],"predecessor-version":[{"id":132587,"href":"http:\/\/www.tvturk.com\/index.php\/wp-json\/wp\/v2\/posts\/132583\/revisions\/132587"}],"wp:featuredmedia":[{"embeddable":true,"href":"http:\/\/www.tvturk.com\/index.php\/wp-json\/wp\/v2\/media\/132584"}],"wp:attachment":[{"href":"http:\/\/www.tvturk.com\/index.php\/wp-json\/wp\/v2\/media?parent=132583"}],"wp:term":[{"taxonomy":"category","embeddable":true,"href":"http:\/\/www.tvturk.com\/index.php\/wp-json\/wp\/v2\/categories?post=132583"},{"taxonomy":"post_tag","embeddable":true,"href":"http:\/\/www.tvturk.com\/index.php\/wp-json\/wp\/v2\/tags?post=132583"}],"curies":[{"name":"wp","href":"https:\/\/api.w.org\/{rel}","templated":true}]}}