{"id":132718,"date":"2019-04-11T20:02:09","date_gmt":"2019-04-11T17:02:09","guid":{"rendered":"http:\/\/www.tvturk.com\/index.php\/muhtar-secimi-kazandi-ama-mazbatasi-ikamet-gerekcesiyle-verilmedi\/"},"modified":"2019-04-11T20:02:12","modified_gmt":"2019-04-11T17:02:12","slug":"muhtar-secimi-kazandi-ama-mazbatasi-ikamet-gerekcesiyle-verilmedi","status":"publish","type":"post","link":"http:\/\/www.tvturk.com\/index.php\/muhtar-secimi-kazandi-ama-mazbatasi-ikamet-gerekcesiyle-verilmedi\/","title":{"rendered":"Muhtar se\u00e7imi kazand\u0131 ama mazbatas\u0131 ikamet gerek\u00e7esiyle verilmedi"},"content":{"rendered":"<p>Denizli\u2019de muhtarl\u0131k se\u00e7imini 73 oy farkla kazanmas\u0131na ra\u011fmen mahallede en az 6 ay ikamet etme \u015fart\u0131n\u0131 yerine getirmedi\u011fi gerek\u00e7esiyle mazbatas\u0131 verilmeyerek muhtarl\u0131\u011f\u0131 d\u00fc\u015f\u00fcr\u00fclen Cemal M\u0131k\u0131ro\u011flu, \u015fimdi toplad\u0131\u011f\u0131 imzalarla Y\u00fcksek Se\u00e7im Kuruluna ba\u015fvurmaya haz\u0131rlan\u0131yor. Muhtar aday\u0131 kazand\u0131\u011f\u0131 se\u00e7imi ise ikametini 4 g\u00fcn ge\u00e7 ta\u015f\u0131d\u0131\u011f\u0131 gerek\u00e7esiyle kaybetmi\u015f oldu.<\/p>\n<p>Merkezefendi il\u00e7esinin Bereketli Mahallesi\u2019nde, 31 Mart Yerel Se\u00e7imleri\u2019nde muhtarl\u0131\u011fa adayl\u0131\u011f\u0131n\u0131 koyan Cemal M\u0131k\u0131ro\u011flu ald\u0131\u011f\u0131 340 oy ile se\u00e7imleri kazand\u0131. Ancak se\u00e7imlerinde 267 oy alan ikinci s\u0131radaki di\u011fer muhtar aday\u0131 Nihat Yakal\u0131o\u011flu ise M\u0131k\u0131ro\u011flu\u2019nun mahallede 6 ay ikamet etme \u015fart\u0131n\u0131 yerine getirmedi\u011fini ileri s\u00fcrerek itiraz etti. Karar\u0131 de\u011ferlendiren Merkezefendi 2. \u0130l\u00e7e Se\u00e7im Kurulu, M\u0131k\u0131ro\u011flu\u2019nun mahallede oturmad\u0131\u011f\u0131n\u0131n tespit edildi\u011fini belirterek, muhtarl\u0131k i\u00e7in mazbatay\u0131 vermeyerek muhtarl\u0131\u011f\u0131n\u0131 d\u00fc\u015f\u00fcrd\u00fc.<\/p>\n<p>Kendisi i\u00e7in tutulan tutanakta yer alan ikamet ta\u015f\u0131ma tarihinin 4 g\u00fcn ge\u00e7 olarak yaz\u0131ld\u0131\u011f\u0131n\u0131 ve kay\u0131tlara ge\u00e7ti\u011fini iddia eden M\u0131k\u0131ro\u011flu, \u201cSe\u00e7im kurulundan beni arad\u0131lar. Gitti\u011fimde hakk\u0131mda adres konusunda ikamet etmedi\u011fini gerek\u00e7e g\u00f6stererek \u015fikayet oldu\u011funu s\u00f6ylediler. Tam aksine ben ikametimi 6 ay 4 g\u00fcn \u00f6nce yani 27 Eyl\u00fcl 2018\u2019de Bereketler Mahallesi\u2019nde annemin evine aktarm\u0131\u015ft\u0131m. Ayn\u0131z amanda orada kendi i\u015f yerimiz var yani mahallede tan\u0131na ve bilinen bir ki\u015fiyim. Bundan dolay\u0131 muhtarl\u0131\u011f\u0131m\u0131n iptal edildi\u011fini ikinci en y\u00fcksek oy alan ki\u015finin muhtar oldu\u011funu s\u00f6ylediler. N\u00fcfus kay\u0131t \u00f6rne\u011fimi g\u00f6t\u00fcrd\u00fcm g\u00f6sterdim ama onlar beni 1 Ekim 2018 tarihinde g\u00fcncellendi\u011fini s\u00f6ylediler. Bende bunun \u00fczerine polis karakoluna gittim orada ve n\u00fcfus da benim tescil tarihim 27 Eyl\u00fcl 2018 g\u00f6r\u00fcn\u00fcyor. Ama onlar 1 Ekim 2018 oldu\u011funu s\u00f6yl\u00fcyorlar o da benim ikamet etmedi\u011fimi g\u00f6steriyor. Onlar bu tarihi nereden buldu merak ediyorum. \u2018Kolluk kuvvetlerini mahalleye g\u00f6nderdiklerini onlar\u0131n sordu\u011funu ve oturmad\u0131\u011f\u0131m y\u00f6n\u00fcnde beyan al\u0131nd\u0131\u2019 dediler bana ve buna g\u00f6re tutanak tutmu\u015flar. Ben mahalleden imza toplad\u0131m YSK\u2019ya g\u00f6nderdim\u201d dedi.<div class=\"tiled-gallery type-rectangular tiled-gallery-unresized\" data-original-width=\"500\" data-carousel-extra='null' itemscope itemtype=\"http:\/\/schema.org\/ImageGallery\" > <div class=\"gallery-row\" style=\"width: 500px; height: 332px;\" data-original-width=\"500\" data-original-height=\"332\" > <div class=\"gallery-group images-1\" style=\"width: 500px; height: 332px;\" data-original-width=\"500\" data-original-height=\"332\" > <div class=\"tiled-gallery-item tiled-gallery-item-large\" itemprop=\"associatedMedia\" itemscope itemtype=\"http:\/\/schema.org\/ImageObject\"> <a href=\"http:\/\/www.tvturk.com\/index.php\/muhtar-secimi-kazandi-ama-mazbatasi-ikamet-gerekcesiyle-verilmedi\/muhtar-secimi-kazandi-ama-mazbatasi-ikamet-gerekcesiyle-verilmedi-3\/\" border=\"0\" itemprop=\"url\"> <meta itemprop=\"width\" content=\"496\"> <meta itemprop=\"height\" content=\"328\"> <img decoding=\"async\" class=\"\" data-attachment-id=\"132723\" data-orig-file=\"http:\/\/www.tvturk.com\/wp-content\/uploads\/2019\/04\/muhtar-secimi-kazandi-ama-mazbatasi-ikamet-gerekcesiyle-verilmedi_2671f89.jpg\" data-orig-size=\"1000,662\" data-comments-opened=\"\" data-image-meta=\"{&quot;aperture&quot;:&quot;0&quot;,&quot;credit&quot;:&quot;IHA&quot;,&quot;camera&quot;:&quot;&quot;,&quot;caption&quot;:&quot;DEN\\u0130ZL\\u0130\\u2019DE MUHTARLIK SE\\u00c7\\u0130M\\u0130N\\u0130 73 OY FARKLA KAZANMASINA RA\\u011eMEN MAHALLEDE EN AZ 6 AY \\u0130KAMET ETME \\u015eARTINI YER\\u0130NE GET\\u0130RMED\\u0130\\u011e\\u0130 GEREK\\u00c7ES\\u0130YLE MAZBATASI VER\\u0130LMEYEREK MUHTARLI\\u011eI D\\u00dc\\u015e\\u00dcR\\u00dcLEN CEMAL MIKIRO\\u011eLU, \\u015e\\u0130MD\\u0130 TOPLADI\\u011eI \\u0130MZALARLA Y\\u00dcKSEK SE\\u00c7\\u0130M KURULUNA BA\\u015eVURMAYA HAZIRLANIYOR. MUHTAR ADAYI KAZANDI\\u011eI SE\\u00c7\\u0130M\\u0130 \\u0130SE \\u0130KAMET\\u0130N\\u0130 4 G\\u00dcN GE\\u00c7 TA\\u015eIDI\\u011eI GEREK\\u00c7ES\\u0130YLE KAYBETM\\u0130\\u015e OLDU. (\\u0130HA\\\/DEN\\u0130ZL\\u0130-\\u0130HA)&quot;,&quot;created_timestamp&quot;:&quot;0&quot;,&quot;copyright&quot;:&quot;\\u0130HLAS HABER AJANSI, www.iha.com.tr&quot;,&quot;focal_length&quot;:&quot;0&quot;,&quot;iso&quot;:&quot;0&quot;,&quot;shutter_speed&quot;:&quot;0&quot;,&quot;title&quot;:&quot;MUHTAR SE\\u00c7\\u0130M\\u0130 KAZANDI AMA MAZBATASI \\u0130KAMET GEREK\\u00c7ES\\u0130YLE VER\\u0130LMED\\u0130 MUHTAR, KAZANDI\\u011eI SE\\u00c7\\u0130M\\u0130 \\u0130KAMET\\u0130 4 G\\u00dcN GE\\u00c7 TA\\u015eIDI\\u011eI GEREK\\u00c7ES\\u0130YLE KAYBETT\\u0130&quot;,&quot;orientation&quot;:&quot;0&quot;}\" data-image-title=\"Muhtar se\u00e7imi kazand\u0131 ama mazbatas\u0131 ikamet gerek\u00e7esiyle verilmedi\" data-image-description=\"&lt;p&gt;Muhtar se\u00e7imi kazand\u0131 ama mazbatas\u0131 ikamet gerek\u00e7esiyle verilmedi&lt;\/p&gt; \" data-medium-file=\"https:\/\/i0.wp.com\/www.tvturk.com\/wp-content\/uploads\/2019\/04\/muhtar-secimi-kazandi-ama-mazbatasi-ikamet-gerekcesiyle-verilmedi_2671f89.jpg?fit=300%2C199\" data-large-file=\"https:\/\/i0.wp.com\/www.tvturk.com\/wp-content\/uploads\/2019\/04\/muhtar-secimi-kazandi-ama-mazbatasi-ikamet-gerekcesiyle-verilmedi_2671f89.jpg?fit=1000%2C662\" src=\"https:\/\/i0.wp.com\/www.tvturk.com\/wp-content\/uploads\/2019\/04\/muhtar-secimi-kazandi-ama-mazbatasi-ikamet-gerekcesiyle-verilmedi_2671f89.jpg?w=496&#038;h=328\" srcset=\"https:\/\/i0.wp.com\/www.tvturk.com\/wp-content\/uploads\/2019\/04\/muhtar-secimi-kazandi-ama-mazbatasi-ikamet-gerekcesiyle-verilmedi_2671f89.jpg?w=1000 1000w, https:\/\/i0.wp.com\/www.tvturk.com\/wp-content\/uploads\/2019\/04\/muhtar-secimi-kazandi-ama-mazbatasi-ikamet-gerekcesiyle-verilmedi_2671f89.jpg?resize=150%2C99 150w, https:\/\/i0.wp.com\/www.tvturk.com\/wp-content\/uploads\/2019\/04\/muhtar-secimi-kazandi-ama-mazbatasi-ikamet-gerekcesiyle-verilmedi_2671f89.jpg?resize=300%2C199 300w, https:\/\/i0.wp.com\/www.tvturk.com\/wp-content\/uploads\/2019\/04\/muhtar-secimi-kazandi-ama-mazbatasi-ikamet-gerekcesiyle-verilmedi_2671f89.jpg?resize=768%2C508 768w, https:\/\/i0.wp.com\/www.tvturk.com\/wp-content\/uploads\/2019\/04\/muhtar-secimi-kazandi-ama-mazbatasi-ikamet-gerekcesiyle-verilmedi_2671f89.jpg?resize=170%2C113 170w, https:\/\/i0.wp.com\/www.tvturk.com\/wp-content\/uploads\/2019\/04\/muhtar-secimi-kazandi-ama-mazbatasi-ikamet-gerekcesiyle-verilmedi_2671f89.jpg?resize=120%2C80 120w\" width=\"496\" height=\"328\" loading=\"lazy\" data-original-width=\"496\" data-original-height=\"328\" itemprop=\"http:\/\/schema.org\/image\" title=\"Muhtar se\u00e7imi kazand\u0131 ama mazbatas\u0131 ikamet gerek\u00e7esiyle verilmedi\" alt=\"Muhtar se\u00e7imi kazand\u0131 ama mazbatas\u0131 ikamet gerek\u00e7esiyle verilmedi\" style=\"width: 496px; height: 328px;\" \/> <\/a> <\/div> <\/div> <!-- close group --> <\/div> <!-- close row --> <\/div><\/p>\n","protected":false},"excerpt":{"rendered":"<p>DEN\u0130ZL\u0130\u2019DE MUHTARLIK SE\u00c7\u0130M\u0130N\u0130 73 OY FARKLA KAZANMASINA RA\u011eMEN MAHALLEDE EN AZ 6 AY \u0130KAMET ETME \u015eARTINI YER\u0130NE GET\u0130RMED\u0130\u011e\u0130 GEREK\u00c7ES\u0130YLE MAZBATASI VER\u0130LMEYEREK MUHTARLI\u011eI D\u00dc\u015e\u00dcR\u00dcLEN CEMAL MIKIRO\u011eLU, \u015e\u0130MD\u0130 TOPLADI\u011eI \u0130MZALARLA Y\u00dcKSEK SE\u00c7\u0130M KURULUNA BA\u015eVURMAYA HAZIRLANIYOR. MUHTAR ADAYI KAZANDI\u011eI SE\u00c7\u0130M\u0130 \u0130SE \u0130KAMET\u0130N\u0130 4 G\u00dcN GE\u00c7 TA\u015eIDI\u011eI GEREK\u00c7ES\u0130YLE KAYBETM\u0130\u015e OLDU.<\/p>\n","protected":false},"author":1,"featured_media":132720,"comment_status":"closed","ping_status":"open","sticky":false,"template":"","format":"standard","meta":{"jetpack_post_was_ever_published":false,"_jetpack_newsletter_access":"","_jetpack_dont_email_post_to_subs":false,"_jetpack_newsletter_tier_id":0,"_jetpack_memberships_contains_paywalled_content":false,"_jetpack_memberships_contains_paid_content":false,"footnotes":"","jetpack_publicize_message":"","jetpack_publicize_feature_enabled":true,"jetpack_social_post_already_shared":true,"jetpack_social_options":{"image_generator_settings":{"template":"highway","default_image_id":0,"font":"","enabled":false},"version":2}},"categories":[1],"tags":[5120,30648,10948,3801,30647,1363,3217,11692],"class_list":["post-132718","post","type-post","status-publish","format-standard","has-post-thumbnail","hentry","category-genel","tag-ama","tag-gerekcesiyle","tag-ikamet","tag-kazandi","tag-mazbatasi","tag-muhtar","tag-secimi","tag-verilmedi"],"jetpack_publicize_connections":[],"jetpack_featured_media_url":"https:\/\/i0.wp.com\/www.tvturk.com\/wp-content\/uploads\/2019\/04\/muhtar-secimi-kazandi-ama-mazbatasi-ikamet-gerekcesiyle-verilmedi_9b315fc.jpg?fit=1000%2C662","jetpack_sharing_enabled":true,"jetpack_shortlink":"https:\/\/wp.me\/paKIfm-ywC","_links":{"self":[{"href":"http:\/\/www.tvturk.com\/index.php\/wp-json\/wp\/v2\/posts\/132718","targetHints":{"allow":["GET"]}}],"collection":[{"href":"http:\/\/www.tvturk.com\/index.php\/wp-json\/wp\/v2\/posts"}],"about":[{"href":"http:\/\/www.tvturk.com\/index.php\/wp-json\/wp\/v2\/types\/post"}],"author":[{"embeddable":true,"href":"http:\/\/www.tvturk.com\/index.php\/wp-json\/wp\/v2\/users\/1"}],"replies":[{"embeddable":true,"href":"http:\/\/www.tvturk.com\/index.php\/wp-json\/wp\/v2\/comments?post=132718"}],"version-history":[{"count":1,"href":"http:\/\/www.tvturk.com\/index.php\/wp-json\/wp\/v2\/posts\/132718\/revisions"}],"predecessor-version":[{"id":132725,"href":"http:\/\/www.tvturk.com\/index.php\/wp-json\/wp\/v2\/posts\/132718\/revisions\/132725"}],"wp:featuredmedia":[{"embeddable":true,"href":"http:\/\/www.tvturk.com\/index.php\/wp-json\/wp\/v2\/media\/132720"}],"wp:attachment":[{"href":"http:\/\/www.tvturk.com\/index.php\/wp-json\/wp\/v2\/media?parent=132718"}],"wp:term":[{"taxonomy":"category","embeddable":true,"href":"http:\/\/www.tvturk.com\/index.php\/wp-json\/wp\/v2\/categories?post=132718"},{"taxonomy":"post_tag","embeddable":true,"href":"http:\/\/www.tvturk.com\/index.php\/wp-json\/wp\/v2\/tags?post=132718"}],"curies":[{"name":"wp","href":"https:\/\/api.w.org\/{rel}","templated":true}]}}