{"id":132990,"date":"2019-04-12T10:00:09","date_gmt":"2019-04-12T07:00:09","guid":{"rendered":"http:\/\/www.tvturk.com\/index.php\/osmaniyede-bulunan-yavru-sansarlar-kuvoze-alindi\/"},"modified":"2019-04-12T10:00:11","modified_gmt":"2019-04-12T07:00:11","slug":"osmaniyede-bulunan-yavru-sansarlar-kuvoze-alindi","status":"publish","type":"post","link":"http:\/\/www.tvturk.com\/index.php\/osmaniyede-bulunan-yavru-sansarlar-kuvoze-alindi\/","title":{"rendered":"Osmaniye\u2019de bulunan yavru sansarlar kuv\u00f6ze al\u0131nd\u0131"},"content":{"rendered":"<p>Osmaniye\u2019de bir vatanda\u015f\u0131n samanl\u0131kta buldu\u011fu \u00fc\u00e7 yavru sansar kuv\u00f6ze al\u0131nd\u0131.<\/p>\n<p>Osmaniye\u2019nin D\u00fczi\u00e7i il\u00e7esine ba\u011fl\u0131 Ye\u015filk\u00f6y\u2019de ya\u015fayan bir vatanda\u015f, samanl\u0131\u011f\u0131nda \u00fc\u00e7 yavru sansar buldu. 3 g\u00fcn boyunca yavrular\u0131 g\u00f6zleyen vatanda\u015f, annelerinin gelmemesi \u00fczerine durumu Osmaniye Do\u011fa Koruma ve Milli Parklar M\u00fcd\u00fcrl\u00fc\u011f\u00fc ekiplerine bildirdi. Ye\u015filk\u00f6y\u2019e gelen ekipler, sansar yavrular\u0131n\u0131 alarak ilk m\u00fcdahaleyi ger\u00e7ekle\u015ftirdi. Daha g\u00f6zlerini bile a\u00e7amayan yavrular\u0131n kar\u0131nlar\u0131n\u0131 doyuran g\u00f6revliler, yavrular\u0131 sa\u011fl\u0131k kontrol\u00fcnden de ge\u00e7irdi. Hen\u00fcz iki haftal\u0131k olduklar\u0131 tespit edilen sansar yavrular\u0131, Gaziantep B\u00fcy\u00fck\u015fehir Belediyesi Hayvanat Bah\u00e7esi\u2019ne teslim edildi. Bak\u0131ma muhta\u00e7 olan yavrular hayvanat bah\u00e7esinde kuv\u00f6ze al\u0131nd\u0131.<div class=\"tiled-gallery type-rectangular tiled-gallery-unresized\" data-original-width=\"500\" data-carousel-extra='null' itemscope itemtype=\"http:\/\/schema.org\/ImageGallery\" > <div class=\"gallery-row\" style=\"width: 500px; height: 376px;\" data-original-width=\"500\" data-original-height=\"376\" > <div class=\"gallery-group images-1\" style=\"width: 500px; height: 376px;\" data-original-width=\"500\" data-original-height=\"376\" > <div class=\"tiled-gallery-item tiled-gallery-item-large\" itemprop=\"associatedMedia\" itemscope itemtype=\"http:\/\/schema.org\/ImageObject\"> <a href=\"http:\/\/www.tvturk.com\/index.php\/osmaniyede-bulunan-yavru-sansarlar-kuvoze-alindi\/osmaniyede-bulunan-yavru-sansarlar-kuvoze-alindi-3\/\" border=\"0\" itemprop=\"url\"> <meta itemprop=\"width\" content=\"496\"> <meta itemprop=\"height\" content=\"372\"> <img decoding=\"async\" class=\"\" data-attachment-id=\"132992\" data-orig-file=\"http:\/\/www.tvturk.com\/wp-content\/uploads\/2019\/04\/osmaniyede-bulunan-yavru-sansarlar-kuvoze-alindi_d761491.jpg\" data-orig-size=\"1000,750\" data-comments-opened=\"\" data-image-meta=\"{&quot;aperture&quot;:&quot;0&quot;,&quot;credit&quot;:&quot;IHA&quot;,&quot;camera&quot;:&quot;&quot;,&quot;caption&quot;:&quot;TARIM VE ORMAN BAKANLI\\u011eI DO\\u011eA KORUMA VE M\\u0130LL\\u0130 PARKLAR GENEL M\\u00dcD\\u00dcRL\\u00dc\\u011e\\u00dc OSMAN\\u0130YE\\u2019DE B\\u0130R VATANDA\\u015eIN KEND\\u0130NE A\\u0130T SAMANLIKTA BULDU\\u011eU 3 ADET YAVRU SANSARA YARDIM EL\\u0130N\\u0130 UZATTI. (EM\\u0130N KUVAT\\\/ANKARA-\\u0130HA)&quot;,&quot;created_timestamp&quot;:&quot;0&quot;,&quot;copyright&quot;:&quot;\\u0130HLAS HABER AJANSI, www.iha.com.tr&quot;,&quot;focal_length&quot;:&quot;0&quot;,&quot;iso&quot;:&quot;0&quot;,&quot;shutter_speed&quot;:&quot;0&quot;,&quot;title&quot;:&quot;OSMAN\\u0130YE\\u2019DE BULUNAN YAVRU SANSARLAR KUV\\u00d6ZE ALINDI&quot;,&quot;orientation&quot;:&quot;0&quot;}\" data-image-title=\"Osmaniye\u2019de bulunan yavru sansarlar kuv\u00f6ze al\u0131nd\u0131\" data-image-description=\"&lt;p&gt;Osmaniye\u2019de bulunan yavru sansarlar kuv\u00f6ze al\u0131nd\u0131&lt;\/p&gt; \" data-medium-file=\"https:\/\/i0.wp.com\/www.tvturk.com\/wp-content\/uploads\/2019\/04\/osmaniyede-bulunan-yavru-sansarlar-kuvoze-alindi_d761491.jpg?fit=300%2C225\" data-large-file=\"https:\/\/i0.wp.com\/www.tvturk.com\/wp-content\/uploads\/2019\/04\/osmaniyede-bulunan-yavru-sansarlar-kuvoze-alindi_d761491.jpg?fit=1000%2C750\" src=\"https:\/\/i0.wp.com\/www.tvturk.com\/wp-content\/uploads\/2019\/04\/osmaniyede-bulunan-yavru-sansarlar-kuvoze-alindi_d761491.jpg?w=496&#038;h=372\" srcset=\"https:\/\/i0.wp.com\/www.tvturk.com\/wp-content\/uploads\/2019\/04\/osmaniyede-bulunan-yavru-sansarlar-kuvoze-alindi_d761491.jpg?w=1000 1000w, https:\/\/i0.wp.com\/www.tvturk.com\/wp-content\/uploads\/2019\/04\/osmaniyede-bulunan-yavru-sansarlar-kuvoze-alindi_d761491.jpg?resize=150%2C113 150w, https:\/\/i0.wp.com\/www.tvturk.com\/wp-content\/uploads\/2019\/04\/osmaniyede-bulunan-yavru-sansarlar-kuvoze-alindi_d761491.jpg?resize=300%2C225 300w, https:\/\/i0.wp.com\/www.tvturk.com\/wp-content\/uploads\/2019\/04\/osmaniyede-bulunan-yavru-sansarlar-kuvoze-alindi_d761491.jpg?resize=768%2C576 768w\" width=\"496\" height=\"372\" loading=\"lazy\" data-original-width=\"496\" data-original-height=\"372\" itemprop=\"http:\/\/schema.org\/image\" title=\"Osmaniye\u2019de bulunan yavru sansarlar kuv\u00f6ze al\u0131nd\u0131\" alt=\"Osmaniye\u2019de bulunan yavru sansarlar kuv\u00f6ze al\u0131nd\u0131\" style=\"width: 496px; height: 372px;\" \/> <\/a> <\/div> <\/div> <!-- close group --> <\/div> <!-- close row --> <\/div><\/p>\n","protected":false},"excerpt":{"rendered":"<p>TARIM VE ORMAN BAKANLI\u011eI DO\u011eA KORUMA VE M\u0130LL\u0130 PARKLAR GENEL M\u00dcD\u00dcRL\u00dc\u011e\u00dc OSMAN\u0130YE\u2019DE B\u0130R VATANDA\u015eIN KEND\u0130NE A\u0130T SAMANLIKTA BULDU\u011eU 3 ADET YAVRU SANSARA YARDIM EL\u0130N\u0130 UZATTI.<\/p>\n","protected":false},"author":1,"featured_media":132991,"comment_status":"closed","ping_status":"open","sticky":false,"template":"","format":"standard","meta":{"jetpack_post_was_ever_published":false,"_jetpack_newsletter_access":"","_jetpack_dont_email_post_to_subs":false,"_jetpack_newsletter_tier_id":0,"_jetpack_memberships_contains_paywalled_content":false,"_jetpack_memberships_contains_paid_content":false,"footnotes":"","jetpack_publicize_message":"","jetpack_publicize_feature_enabled":true,"jetpack_social_post_already_shared":true,"jetpack_social_options":{"image_generator_settings":{"template":"highway","default_image_id":0,"font":"","enabled":false},"version":2}},"categories":[1],"tags":[1014,1834,30689,10083,30688,1239],"class_list":["post-132990","post","type-post","status-publish","format-standard","has-post-thumbnail","hentry","category-genel","tag-alindi","tag-bulunan","tag-kuvoze","tag-osmaniyede","tag-sansarlar","tag-yavru"],"jetpack_publicize_connections":[],"jetpack_featured_media_url":"https:\/\/i0.wp.com\/www.tvturk.com\/wp-content\/uploads\/2019\/04\/osmaniyede-bulunan-yavru-sansarlar-kuvoze-alindi_fdd1f79.jpg?fit=1000%2C750","jetpack_sharing_enabled":true,"jetpack_shortlink":"https:\/\/wp.me\/paKIfm-yB0","_links":{"self":[{"href":"http:\/\/www.tvturk.com\/index.php\/wp-json\/wp\/v2\/posts\/132990","targetHints":{"allow":["GET"]}}],"collection":[{"href":"http:\/\/www.tvturk.com\/index.php\/wp-json\/wp\/v2\/posts"}],"about":[{"href":"http:\/\/www.tvturk.com\/index.php\/wp-json\/wp\/v2\/types\/post"}],"author":[{"embeddable":true,"href":"http:\/\/www.tvturk.com\/index.php\/wp-json\/wp\/v2\/users\/1"}],"replies":[{"embeddable":true,"href":"http:\/\/www.tvturk.com\/index.php\/wp-json\/wp\/v2\/comments?post=132990"}],"version-history":[{"count":1,"href":"http:\/\/www.tvturk.com\/index.php\/wp-json\/wp\/v2\/posts\/132990\/revisions"}],"predecessor-version":[{"id":132993,"href":"http:\/\/www.tvturk.com\/index.php\/wp-json\/wp\/v2\/posts\/132990\/revisions\/132993"}],"wp:featuredmedia":[{"embeddable":true,"href":"http:\/\/www.tvturk.com\/index.php\/wp-json\/wp\/v2\/media\/132991"}],"wp:attachment":[{"href":"http:\/\/www.tvturk.com\/index.php\/wp-json\/wp\/v2\/media?parent=132990"}],"wp:term":[{"taxonomy":"category","embeddable":true,"href":"http:\/\/www.tvturk.com\/index.php\/wp-json\/wp\/v2\/categories?post=132990"},{"taxonomy":"post_tag","embeddable":true,"href":"http:\/\/www.tvturk.com\/index.php\/wp-json\/wp\/v2\/tags?post=132990"}],"curies":[{"name":"wp","href":"https:\/\/api.w.org\/{rel}","templated":true}]}}