{"id":133090,"date":"2019-04-12T10:37:19","date_gmt":"2019-04-12T07:37:19","guid":{"rendered":"http:\/\/www.tvturk.com\/index.php\/ogrenciler-davet-etti-ebru-yasar-kabul-etti\/"},"modified":"2019-04-12T10:37:23","modified_gmt":"2019-04-12T07:37:23","slug":"ogrenciler-davet-etti-ebru-yasar-kabul-etti","status":"publish","type":"post","link":"http:\/\/www.tvturk.com\/index.php\/ogrenciler-davet-etti-ebru-yasar-kabul-etti\/","title":{"rendered":"\u00d6\u011frenciler davet etti, Ebru Ya\u015far kabul etti"},"content":{"rendered":"<p>Kendi ad\u0131n\u0131 ta\u015f\u0131yan okulla e\u011fitim seferberli\u011fine dahil olan \u00fcnl\u00fc ses sanat\u00e7\u0131s\u0131 Ebru Ya\u015far G\u00fclseven, mektubuyla a\u011flad\u0131\u011f\u0131 Beritan\u2019la g\u00f6r\u00fcnt\u00fcl\u00fc konu\u015ftu. Ya\u015far, \u00f6\u011frencilerin iste\u011fi \u00fczerine in\u015faat\u0131 bitmek \u00fczere olan okulun a\u00e7\u0131l\u0131\u015f\u0131na kat\u0131laca\u011f\u0131 s\u00f6z\u00fcn\u00fc verdi.<\/p>\n<p>Diyarbak\u0131rl\u0131 i\u015f adam\u0131 Necat G\u00fclseven ile evli olan \u00fcnl\u00fc ses sanat\u00e7\u0131s\u0131 Ebru Ya\u015far G\u00fclseven, e\u015finin memleketinde okul yapt\u0131rmaya karar verdi. Yakla\u015f\u0131k bir bu\u00e7uk y\u0131l \u00f6nce Necat G\u00fclseven, Bismil \u0130l\u00e7e Milli E\u011fitim M\u00fcd\u00fcrl\u00fc\u011f\u00fc ve Diyarbak\u0131r Valili\u011fi aras\u0131nda protokol imzalanm\u0131\u015f, protokol imzalanmas\u0131n\u0131n ard\u0131ndan 12 derslikli Ebru Ya\u015far G\u00fclseven ve Necat G\u00fclseven \u0130lk-Ortokulu\u2019nun yap\u0131m\u0131na ba\u015flanm\u0131\u015ft\u0131. Bu s\u00fcrede Beritan B\u00fclb\u00fcl isimli 4. s\u0131n\u0131f \u00f6\u011frencisi, Ebru Ya\u015far G\u00fclseven\u2019e yapt\u0131rd\u0131\u011f\u0131 okul nedeniyle te\u015fekk\u00fcr mektubu g\u00f6ndermi\u015f, Ya\u015far mektubu sosyal medya hesab\u0131ndan payla\u015fm\u0131\u015ft\u0131. Ayn\u0131 \u00f6\u011frenci bu sefer Ya\u015far ile g\u00f6r\u00fcnt\u00fcl\u00fc g\u00f6r\u00fc\u015ferek okulun a\u00e7\u0131l\u0131\u015f\u0131na davet etti. Bismil \u0130l\u00e7e Milli E\u011fitim M\u00fcd\u00fcr\u00fc Ayd\u0131n Ak arac\u0131l\u0131\u011f\u0131yla sanat\u00e7\u0131ya ula\u015fan \u00f6\u011frencilerin davetini k\u0131rmayan Ya\u015far, okulun a\u00e7\u0131l\u0131\u015f\u0131na kat\u0131laca\u011f\u0131 s\u00f6z\u00fcn\u00fc verdi. 4 bu\u00e7uk d\u00f6n\u00fcm \u00fczerine yakla\u015f\u0131k 6 ay \u00f6nce temeli 12 derslikli okul yakla\u015f\u0131k 2 bu\u00e7uk milyon liral\u0131k maliyetle \u00f6n\u00fcm\u00fczdeki e\u011fitim \u00f6\u011fretim d\u00f6neminde \u00f6\u011frencilerin hizmetine sunulacak.<\/p>\n<p>\u00c7ocuklar heyecanla okulun tamamlanmas\u0131n\u0131 bekliyor<\/p>\n<p>Bismil \u0130l\u00e7e Milli E\u011fitim M\u00fcd\u00fcr\u00fc Ayd\u0131n Ak, Bismilli \u00e7ocuklar\u0131n b\u00fcy\u00fck bir heyecanla Ebru Ya\u015far G\u00fclseven Necat G\u00fclseven \u0130lk-Ortaokulu\u2019nun bitmesini beklediklerini s\u00f6yledi. Ak, \u201cBismil\u2019in biraz kenar mahallesindeyiz, Selahaddin Eyyubi \u0130lkokulu\u2019muzun etraf\u0131nda yap\u0131la\u015fmalar \u00e7o\u011fald\u0131, biz bu b\u00f6lgemizde okul yap\u0131lacak alan\u0131 bulamad\u0131k. \u0130lkokuldan sonra mahalleye b\u00fcy\u00fck bir okul yapt\u0131k Selahaddin Eyyubi \u0130lkokulu. Yaln\u0131z buraya en yak\u0131n olan ortaokul baya bir uzak mesafede ve \u00f6\u011frencilerimizin ortaokula gitmesinde sorunlar ya\u015fan\u0131yordu. \u00d6\u011frencilerimizin talebiyle biz Selahaddin Eyyubi \u0130lkokulu\u2019muzun hemen yan\u0131 ba\u015f\u0131nda d\u00f6rt d\u00f6n\u00fcm \u00fczerine 12 derslikli okul yapmay\u0131 planlad\u0131k. Yaln\u0131z yat\u0131r\u0131m programlar\u0131na bunu ald\u0131\u011f\u0131m\u0131z zaman epey bir zaman alaca\u011f\u0131n\u0131 i\u015f ve i\u015flemlerin takibiyle ilgili uzun bir s\u00fcre alaca\u011f\u0131n\u0131 ve bu anlamda hay\u0131rseverlerle irtibata ge\u00e7tik. Bismilli Necat G\u00fclseven ile irtibata ge\u00e7ti\u011fimizde bunun sanat\u00e7\u0131lar\u0131m\u0131z\u0131n, hay\u0131rseverlerimizin b\u00f6yle bir kampanyalar\u0131 olduklar\u0131n\u0131 Bismil\u2019e b\u00f6yle bir ihtiya\u00e7 oldu\u011funu, destekleri olaca\u011f\u0131n\u0131 s\u00f6yleyince onlar da memnuniyetle kar\u015f\u0131lad\u0131lar ve biz okulun 6 ay \u00f6nce temelini att\u0131k. \u015eu an 12 derslik okulumuzun yap\u0131m\u0131 sonlara do\u011fru gelmek \u00fczere\u201d dedi.<\/p>\n<p>\u00c7ocuklar\u0131n b\u00fcy\u00fck bir heyecanla okulun bitmesini bekledi\u011fini kaydeden Ak, \u015f\u00f6yle devam etti:<\/p>\n<p>\u201cAz \u00f6nce de biz bu okulu Ebru Ya\u015far han\u0131mla g\u00f6r\u00fc\u015ft\u00fck. \u00d6zellikle biz bu talebi \u00e7ocuklar\u0131m\u0131z\u0131n \u2018bize okul yapt\u0131ran, evimizin hemen yan\u0131nda ortaokul yapt\u0131ran Ebru ablam\u0131zla konu\u015fmak istiyoruz acaba g\u00f6r\u00fcnt\u00fcl\u00fc biz kendisiyle g\u00f6r\u00fc\u015fsek bizimle g\u00f6r\u00fc\u015f\u00fcrler mi\u2019 dediler, biz de az \u00f6nce g\u00f6r\u00fcnt\u00fcl\u00fc ba\u011fland\u0131k. Kendisi \u00f6\u011frencilerimizle g\u00f6r\u00fc\u015ft\u00fc, \u00e7ocuklar\u0131m\u0131z kendilerine te\u015fekk\u00fcr ettiler. Ebru han\u0131m da \u00e7ok mutlu kald\u0131\u011f\u0131n\u0131 ve in\u015fallah a\u00e7\u0131l\u0131\u015fta kendisinin de burada olaca\u011f\u0131n\u0131 hem \u00e7ocuklar\u0131m\u0131z Ebru han\u0131m\u0131 davet ettiler hem de Ebru han\u0131m da \u2018ben de bu \u00e7ocuklar\u0131m\u0131z\u0131n davetine icabet edece\u011fim. Biz de Bismil\u2019imizde \u015fu yavrular\u0131m\u0131zla, en k\u0131ymetlimizle bu \u00e7ocuklar\u0131m\u0131zla bulu\u015faca\u011f\u0131z. En k\u0131sa s\u00fcrede bu okulumuzun a\u00e7\u0131l\u0131\u015f\u0131nda onlarla birlikte olaca\u011f\u0131z\u2019 dedi. Ben Ebru Ya\u015far\u2019a \u00e7ok te\u015fekk\u00fcr ediyorum.\u201d<\/p>\n<p>A\u00e7\u0131l\u0131\u015fta Ebru Ya\u015far ile \u015fark\u0131 s\u00f6ylemek istiyor<\/p>\n<p>Ebru Ya\u015far G\u00fclseven\u2019i te\u015fekk\u00fcr mektubuyla a\u011flatan 4. s\u0131n\u0131f \u00f6\u011frencisi Beritan B\u00fclb\u00fcl, okulun a\u00e7\u0131l\u0131\u015f\u0131nda Ya\u015far ile \u015fark\u0131 s\u00f6ylemek istedi\u011fini s\u00f6yledi. B\u00fclb\u00fcl, \u201cNormalde okulumuz \u00e7ok uzakta olacakt\u0131 ama Ebru Ya\u015far abla buraya okul yapt\u0131 biz de bunun i\u00e7in \u00e7ok sevindik, onlara \u00e7ok te\u015fekk\u00fcr ediyoruz. Okul bitti\u011finde Ebru Ya\u015far\u2019\u0131n gelmesini bekleyece\u011fiz, sab\u0131rs\u0131zl\u0131kla bekliyoruz. Ebru Ya\u015far ile g\u00f6r\u00fcnt\u00fcl\u00fc konu\u015ftuk en k\u0131sa zamanda burada olaca\u011f\u0131n\u0131 s\u00f6yledi. A\u00e7\u0131l\u0131\u015f\u0131 \u015fark\u0131larla yapaca\u011f\u0131n\u0131 duyunca \u00e7ok sevindim, belki beraber \u015fark\u0131 s\u00f6yleriz\u201d diye konu\u015ftu.<\/p>\n<p>\u201c\u0130lk defa bir sanat\u00e7\u0131yla konu\u015ftum\u201d<\/p>\n<p>Hayat\u0131nda ilk defa bir sanat\u00e7\u0131yla konu\u015ftu\u011funu kaydeden 4. s\u0131n\u0131f \u00f6\u011frencisi Meki \u00d6zt\u00fcrk ise, \u201cEbru Ya\u015far abla, bizim evimizin yak\u0131n\u0131nda uzaklara gitmeye mecbur kalmayaca\u011f\u0131m\u0131z bir okul yapt\u0131. Onu \u00e7ok seviyoruz ve buraya gelmesini sab\u0131rs\u0131zl\u0131kla bekliyoruz. \u0130lk defa bir sanat\u00e7\u0131yla konu\u015ftum\u201d \u015feklinde konu\u015ftu.<div class=\"tiled-gallery type-rectangular tiled-gallery-unresized\" data-original-width=\"500\" data-carousel-extra='null' itemscope itemtype=\"http:\/\/schema.org\/ImageGallery\" > <div class=\"gallery-row\" style=\"width: 500px; height: 224px;\" data-original-width=\"500\" data-original-height=\"224\" > <div class=\"gallery-group images-1\" style=\"width: 334px; height: 224px;\" data-original-width=\"334\" data-original-height=\"224\" > <div class=\"tiled-gallery-item tiled-gallery-item-large\" itemprop=\"associatedMedia\" itemscope itemtype=\"http:\/\/schema.org\/ImageObject\"> <a href=\"http:\/\/www.tvturk.com\/index.php\/ogrenciler-davet-etti-ebru-yasar-kabul-etti\/ogrenciler-davet-etti-ebru-yasar-kabul-etti-3\/\" border=\"0\" itemprop=\"url\"> <meta itemprop=\"width\" content=\"330\"> <meta itemprop=\"height\" content=\"220\"> <img decoding=\"async\" class=\"\" data-attachment-id=\"133092\" data-orig-file=\"http:\/\/www.tvturk.com\/wp-content\/uploads\/2019\/04\/ogrenciler-davet-etti-ebru-yasar-kabul-etti_74998f5.jpg\" data-orig-size=\"1000,666\" data-comments-opened=\"\" data-image-meta=\"{&quot;aperture&quot;:&quot;0&quot;,&quot;credit&quot;:&quot;IHA&quot;,&quot;camera&quot;:&quot;&quot;,&quot;caption&quot;:&quot;KEND\\u0130 ADINI TA\\u015eIYAN OKULLA E\\u011e\\u0130T\\u0130M SEFERBERL\\u0130\\u011e\\u0130NE DAH\\u0130L OLAN EBRU YA\\u015eAR G\\u00dcLSEVEN, MEKTUBUYLA A\\u011eLADI\\u011eI BER\\u0130TAN\\u2019LA G\\u00d6R\\u00dcNT\\u00dcL\\u00dc KONU\\u015eTU. YA\\u015eAR, \\u00d6\\u011eRENC\\u0130LERLE BERABER \\u0130N\\u015eAATI B\\u0130TMEK \\u00dcZERE OLAN OKUL \\u0130\\u00c7\\u0130N A\\u00c7ILI\\u015eA KATILACA\\u011eINI S\\u00d6YLED\\u0130. (MURAT BA\\u015eAL - RIDVAN KILI\\u00c7\\\/D\\u0130YARBAKIR-\\u0130HA)&quot;,&quot;created_timestamp&quot;:&quot;0&quot;,&quot;copyright&quot;:&quot;\\u0130HLAS HABER AJANSI, www.iha.com.tr&quot;,&quot;focal_length&quot;:&quot;0&quot;,&quot;iso&quot;:&quot;0&quot;,&quot;shutter_speed&quot;:&quot;0&quot;,&quot;title&quot;:&quot;\\u00d6\\u011eRENC\\u0130LER DAVET ETT\\u0130, EBRU YA\\u015eAR KABUL ETT\\u0130 SANAT\\u00c7I EBRU YA\\u015eAR, D\\u0130YARBAKIR\\u2019DA YAPTIRDI\\u011eI OKULUN A\\u00c7ILI\\u015eINA KATILACAK SES SANAT\\u00c7ISI EBRU YA\\u015eAR\\u2019IN D\\u0130YARBAKIR\\u2019IN B\\u0130SM\\u0130L \\u0130L\\u00c7ES\\u0130NDE YAPTIRDI\\u011eI OKUL TAMAMLANMA A\\u015eAMASINA GELD\\u0130 YAKLA\\u015eIK 2 BU\\u00c7UK M\\u0130LYON L\\u0130RAYA MAL OLAN OKULUN TAMAMLANMASI \\u00d6NCES\\u0130 \\u00d6\\u011eRENC\\u0130LERLE G\\u00d6R\\u00dcNT\\u00dcL\\u00dc G\\u00d6R\\u00dc\\u015eEN YA\\u015eAR, \\u00c7OCUKLARA A\\u00c7ILI\\u015eA KATILACA\\u011eI S\\u00d6Z\\u00dcN\\u00dc VERD\\u0130&quot;,&quot;orientation&quot;:&quot;0&quot;}\" data-image-title=\"\u00d6\u011frenciler davet etti, Ebru Ya\u015far kabul etti\" data-image-description=\"&lt;p&gt;\u00d6\u011frenciler davet etti, Ebru Ya\u015far kabul etti&lt;\/p&gt; \" data-medium-file=\"https:\/\/i0.wp.com\/www.tvturk.com\/wp-content\/uploads\/2019\/04\/ogrenciler-davet-etti-ebru-yasar-kabul-etti_74998f5.jpg?fit=300%2C200\" data-large-file=\"https:\/\/i0.wp.com\/www.tvturk.com\/wp-content\/uploads\/2019\/04\/ogrenciler-davet-etti-ebru-yasar-kabul-etti_74998f5.jpg?fit=1000%2C666\" src=\"https:\/\/i0.wp.com\/www.tvturk.com\/wp-content\/uploads\/2019\/04\/ogrenciler-davet-etti-ebru-yasar-kabul-etti_74998f5.jpg?w=330&#038;h=220\" srcset=\"https:\/\/i0.wp.com\/www.tvturk.com\/wp-content\/uploads\/2019\/04\/ogrenciler-davet-etti-ebru-yasar-kabul-etti_74998f5.jpg?w=1000 1000w, https:\/\/i0.wp.com\/www.tvturk.com\/wp-content\/uploads\/2019\/04\/ogrenciler-davet-etti-ebru-yasar-kabul-etti_74998f5.jpg?resize=150%2C100 150w, https:\/\/i0.wp.com\/www.tvturk.com\/wp-content\/uploads\/2019\/04\/ogrenciler-davet-etti-ebru-yasar-kabul-etti_74998f5.jpg?resize=300%2C200 300w, https:\/\/i0.wp.com\/www.tvturk.com\/wp-content\/uploads\/2019\/04\/ogrenciler-davet-etti-ebru-yasar-kabul-etti_74998f5.jpg?resize=768%2C511 768w, https:\/\/i0.wp.com\/www.tvturk.com\/wp-content\/uploads\/2019\/04\/ogrenciler-davet-etti-ebru-yasar-kabul-etti_74998f5.jpg?resize=170%2C113 170w, https:\/\/i0.wp.com\/www.tvturk.com\/wp-content\/uploads\/2019\/04\/ogrenciler-davet-etti-ebru-yasar-kabul-etti_74998f5.jpg?resize=120%2C80 120w\" width=\"330\" height=\"220\" loading=\"lazy\" data-original-width=\"330\" data-original-height=\"220\" itemprop=\"http:\/\/schema.org\/image\" title=\"\u00d6\u011frenciler davet etti, Ebru Ya\u015far kabul etti\" alt=\"\u00d6\u011frenciler davet etti, Ebru Ya\u015far kabul etti\" style=\"width: 330px; height: 220px;\" \/> <\/a> <\/div> <\/div> <!-- close group --> <div class=\"gallery-group images-2\" style=\"width: 166px; height: 224px;\" data-original-width=\"166\" data-original-height=\"224\" > <div class=\"tiled-gallery-item tiled-gallery-item-small\" itemprop=\"associatedMedia\" itemscope itemtype=\"http:\/\/schema.org\/ImageObject\"> <a href=\"http:\/\/www.tvturk.com\/index.php\/ogrenciler-davet-etti-ebru-yasar-kabul-etti\/ogrenciler-davet-etti-ebru-yasar-kabul-etti-4\/\" border=\"0\" itemprop=\"url\"> <meta itemprop=\"width\" content=\"162\"> <meta itemprop=\"height\" content=\"108\"> <img decoding=\"async\" class=\"\" data-attachment-id=\"133093\" data-orig-file=\"http:\/\/www.tvturk.com\/wp-content\/uploads\/2019\/04\/ogrenciler-davet-etti-ebru-yasar-kabul-etti_d478dab.jpg\" data-orig-size=\"1000,666\" data-comments-opened=\"\" data-image-meta=\"{&quot;aperture&quot;:&quot;0&quot;,&quot;credit&quot;:&quot;IHA&quot;,&quot;camera&quot;:&quot;&quot;,&quot;caption&quot;:&quot;KEND\\u0130 ADINI TA\\u015eIYAN OKULLA E\\u011e\\u0130T\\u0130M SEFERBERL\\u0130\\u011e\\u0130NE DAH\\u0130L OLAN EBRU YA\\u015eAR G\\u00dcLSEVEN, MEKTUBUYLA A\\u011eLADI\\u011eI BER\\u0130TAN\\u2019LA G\\u00d6R\\u00dcNT\\u00dcL\\u00dc KONU\\u015eTU. YA\\u015eAR, \\u00d6\\u011eRENC\\u0130LERLE BERABER \\u0130N\\u015eAATI B\\u0130TMEK \\u00dcZERE OLAN OKUL \\u0130\\u00c7\\u0130N A\\u00c7ILI\\u015eA KATILACA\\u011eINI S\\u00d6YLED\\u0130. (MURAT BA\\u015eAL - RIDVAN KILI\\u00c7\\\/D\\u0130YARBAKIR-\\u0130HA)&quot;,&quot;created_timestamp&quot;:&quot;0&quot;,&quot;copyright&quot;:&quot;\\u0130HLAS HABER AJANSI, www.iha.com.tr&quot;,&quot;focal_length&quot;:&quot;0&quot;,&quot;iso&quot;:&quot;0&quot;,&quot;shutter_speed&quot;:&quot;0&quot;,&quot;title&quot;:&quot;\\u00d6\\u011eRENC\\u0130LER DAVET ETT\\u0130, EBRU YA\\u015eAR KABUL ETT\\u0130 SANAT\\u00c7I EBRU YA\\u015eAR, D\\u0130YARBAKIR\\u2019DA YAPTIRDI\\u011eI OKULUN A\\u00c7ILI\\u015eINA KATILACAK SES SANAT\\u00c7ISI EBRU YA\\u015eAR\\u2019IN D\\u0130YARBAKIR\\u2019IN B\\u0130SM\\u0130L \\u0130L\\u00c7ES\\u0130NDE YAPTIRDI\\u011eI OKUL TAMAMLANMA A\\u015eAMASINA GELD\\u0130 YAKLA\\u015eIK 2 BU\\u00c7UK M\\u0130LYON L\\u0130RAYA MAL OLAN OKULUN TAMAMLANMASI \\u00d6NCES\\u0130 \\u00d6\\u011eRENC\\u0130LERLE G\\u00d6R\\u00dcNT\\u00dcL\\u00dc G\\u00d6R\\u00dc\\u015eEN YA\\u015eAR, \\u00c7OCUKLARA A\\u00c7ILI\\u015eA KATILACA\\u011eI S\\u00d6Z\\u00dcN\\u00dc VERD\\u0130&quot;,&quot;orientation&quot;:&quot;0&quot;}\" data-image-title=\"\u00d6\u011frenciler davet etti, Ebru Ya\u015far kabul etti\" data-image-description=\"&lt;p&gt;\u00d6\u011frenciler davet etti, Ebru Ya\u015far kabul etti&lt;\/p&gt; \" data-medium-file=\"https:\/\/i0.wp.com\/www.tvturk.com\/wp-content\/uploads\/2019\/04\/ogrenciler-davet-etti-ebru-yasar-kabul-etti_d478dab.jpg?fit=300%2C200\" data-large-file=\"https:\/\/i0.wp.com\/www.tvturk.com\/wp-content\/uploads\/2019\/04\/ogrenciler-davet-etti-ebru-yasar-kabul-etti_d478dab.jpg?fit=1000%2C666\" src=\"https:\/\/i0.wp.com\/www.tvturk.com\/wp-content\/uploads\/2019\/04\/ogrenciler-davet-etti-ebru-yasar-kabul-etti_d478dab.jpg?w=162&#038;h=108\" srcset=\"https:\/\/i0.wp.com\/www.tvturk.com\/wp-content\/uploads\/2019\/04\/ogrenciler-davet-etti-ebru-yasar-kabul-etti_d478dab.jpg?w=1000 1000w, https:\/\/i0.wp.com\/www.tvturk.com\/wp-content\/uploads\/2019\/04\/ogrenciler-davet-etti-ebru-yasar-kabul-etti_d478dab.jpg?resize=150%2C100 150w, https:\/\/i0.wp.com\/www.tvturk.com\/wp-content\/uploads\/2019\/04\/ogrenciler-davet-etti-ebru-yasar-kabul-etti_d478dab.jpg?resize=300%2C200 300w, https:\/\/i0.wp.com\/www.tvturk.com\/wp-content\/uploads\/2019\/04\/ogrenciler-davet-etti-ebru-yasar-kabul-etti_d478dab.jpg?resize=768%2C511 768w, https:\/\/i0.wp.com\/www.tvturk.com\/wp-content\/uploads\/2019\/04\/ogrenciler-davet-etti-ebru-yasar-kabul-etti_d478dab.jpg?resize=170%2C113 170w, https:\/\/i0.wp.com\/www.tvturk.com\/wp-content\/uploads\/2019\/04\/ogrenciler-davet-etti-ebru-yasar-kabul-etti_d478dab.jpg?resize=120%2C80 120w\" width=\"162\" height=\"108\" loading=\"lazy\" data-original-width=\"162\" data-original-height=\"108\" itemprop=\"http:\/\/schema.org\/image\" title=\"\u00d6\u011frenciler davet etti, Ebru Ya\u015far kabul etti\" alt=\"\u00d6\u011frenciler davet etti, Ebru Ya\u015far kabul etti\" style=\"width: 162px; height: 108px;\" \/> <\/a> <\/div> <div class=\"tiled-gallery-item tiled-gallery-item-small\" itemprop=\"associatedMedia\" itemscope itemtype=\"http:\/\/schema.org\/ImageObject\"> <a href=\"http:\/\/www.tvturk.com\/index.php\/ogrenciler-davet-etti-ebru-yasar-kabul-etti\/ogrenciler-davet-etti-ebru-yasar-kabul-etti-5\/\" border=\"0\" itemprop=\"url\"> <meta itemprop=\"width\" content=\"162\"> <meta itemprop=\"height\" content=\"108\"> <img decoding=\"async\" class=\"\" data-attachment-id=\"133094\" data-orig-file=\"http:\/\/www.tvturk.com\/wp-content\/uploads\/2019\/04\/ogrenciler-davet-etti-ebru-yasar-kabul-etti_9677a59.jpg\" data-orig-size=\"1000,666\" data-comments-opened=\"\" data-image-meta=\"{&quot;aperture&quot;:&quot;0&quot;,&quot;credit&quot;:&quot;IHA&quot;,&quot;camera&quot;:&quot;&quot;,&quot;caption&quot;:&quot;KEND\\u0130 ADINI TA\\u015eIYAN OKULLA E\\u011e\\u0130T\\u0130M SEFERBERL\\u0130\\u011e\\u0130NE DAH\\u0130L OLAN EBRU YA\\u015eAR G\\u00dcLSEVEN, MEKTUBUYLA A\\u011eLADI\\u011eI BER\\u0130TAN\\u2019LA G\\u00d6R\\u00dcNT\\u00dcL\\u00dc KONU\\u015eTU. YA\\u015eAR, \\u00d6\\u011eRENC\\u0130LERLE BERABER \\u0130N\\u015eAATI B\\u0130TMEK \\u00dcZERE OLAN OKUL \\u0130\\u00c7\\u0130N A\\u00c7ILI\\u015eA KATILACA\\u011eINI S\\u00d6YLED\\u0130. (MURAT BA\\u015eAL - RIDVAN KILI\\u00c7\\\/D\\u0130YARBAKIR-\\u0130HA)&quot;,&quot;created_timestamp&quot;:&quot;0&quot;,&quot;copyright&quot;:&quot;\\u0130HLAS HABER AJANSI, www.iha.com.tr&quot;,&quot;focal_length&quot;:&quot;0&quot;,&quot;iso&quot;:&quot;0&quot;,&quot;shutter_speed&quot;:&quot;0&quot;,&quot;title&quot;:&quot;\\u00d6\\u011eRENC\\u0130LER DAVET ETT\\u0130, EBRU YA\\u015eAR KABUL ETT\\u0130 SANAT\\u00c7I EBRU YA\\u015eAR, D\\u0130YARBAKIR\\u2019DA YAPTIRDI\\u011eI OKULUN A\\u00c7ILI\\u015eINA KATILACAK SES SANAT\\u00c7ISI EBRU YA\\u015eAR\\u2019IN D\\u0130YARBAKIR\\u2019IN B\\u0130SM\\u0130L \\u0130L\\u00c7ES\\u0130NDE YAPTIRDI\\u011eI OKUL TAMAMLANMA A\\u015eAMASINA GELD\\u0130 YAKLA\\u015eIK 2 BU\\u00c7UK M\\u0130LYON L\\u0130RAYA MAL OLAN OKULUN TAMAMLANMASI \\u00d6NCES\\u0130 \\u00d6\\u011eRENC\\u0130LERLE G\\u00d6R\\u00dcNT\\u00dcL\\u00dc G\\u00d6R\\u00dc\\u015eEN YA\\u015eAR, \\u00c7OCUKLARA A\\u00c7ILI\\u015eA KATILACA\\u011eI S\\u00d6Z\\u00dcN\\u00dc VERD\\u0130&quot;,&quot;orientation&quot;:&quot;0&quot;}\" data-image-title=\"\u00d6\u011frenciler davet etti, Ebru Ya\u015far kabul etti\" data-image-description=\"&lt;p&gt;\u00d6\u011frenciler davet etti, Ebru Ya\u015far kabul etti&lt;\/p&gt; \" data-medium-file=\"https:\/\/i0.wp.com\/www.tvturk.com\/wp-content\/uploads\/2019\/04\/ogrenciler-davet-etti-ebru-yasar-kabul-etti_9677a59.jpg?fit=300%2C200\" data-large-file=\"https:\/\/i0.wp.com\/www.tvturk.com\/wp-content\/uploads\/2019\/04\/ogrenciler-davet-etti-ebru-yasar-kabul-etti_9677a59.jpg?fit=1000%2C666\" src=\"https:\/\/i0.wp.com\/www.tvturk.com\/wp-content\/uploads\/2019\/04\/ogrenciler-davet-etti-ebru-yasar-kabul-etti_9677a59.jpg?w=162&#038;h=108\" srcset=\"https:\/\/i0.wp.com\/www.tvturk.com\/wp-content\/uploads\/2019\/04\/ogrenciler-davet-etti-ebru-yasar-kabul-etti_9677a59.jpg?w=1000 1000w, https:\/\/i0.wp.com\/www.tvturk.com\/wp-content\/uploads\/2019\/04\/ogrenciler-davet-etti-ebru-yasar-kabul-etti_9677a59.jpg?resize=150%2C100 150w, https:\/\/i0.wp.com\/www.tvturk.com\/wp-content\/uploads\/2019\/04\/ogrenciler-davet-etti-ebru-yasar-kabul-etti_9677a59.jpg?resize=300%2C200 300w, https:\/\/i0.wp.com\/www.tvturk.com\/wp-content\/uploads\/2019\/04\/ogrenciler-davet-etti-ebru-yasar-kabul-etti_9677a59.jpg?resize=768%2C511 768w, https:\/\/i0.wp.com\/www.tvturk.com\/wp-content\/uploads\/2019\/04\/ogrenciler-davet-etti-ebru-yasar-kabul-etti_9677a59.jpg?resize=170%2C113 170w, https:\/\/i0.wp.com\/www.tvturk.com\/wp-content\/uploads\/2019\/04\/ogrenciler-davet-etti-ebru-yasar-kabul-etti_9677a59.jpg?resize=120%2C80 120w\" width=\"162\" height=\"108\" loading=\"lazy\" data-original-width=\"162\" data-original-height=\"108\" itemprop=\"http:\/\/schema.org\/image\" title=\"\u00d6\u011frenciler davet etti, Ebru Ya\u015far kabul etti\" alt=\"\u00d6\u011frenciler davet etti, Ebru Ya\u015far kabul etti\" style=\"width: 162px; height: 108px;\" \/> <\/a> <\/div> <\/div> <!-- close group --> <\/div> <!-- close row --> <div class=\"gallery-row\" style=\"width: 500px; height: 221px;\" data-original-width=\"500\" data-original-height=\"221\" > <div class=\"gallery-group images-1\" style=\"width: 331px; height: 221px;\" data-original-width=\"331\" data-original-height=\"221\" > <div class=\"tiled-gallery-item tiled-gallery-item-large\" itemprop=\"associatedMedia\" itemscope itemtype=\"http:\/\/schema.org\/ImageObject\"> <a href=\"http:\/\/www.tvturk.com\/index.php\/ogrenciler-davet-etti-ebru-yasar-kabul-etti\/ogrenciler-davet-etti-ebru-yasar-kabul-etti-6\/\" border=\"0\" itemprop=\"url\"> <meta itemprop=\"width\" content=\"327\"> <meta itemprop=\"height\" content=\"217\"> <img decoding=\"async\" class=\"\" data-attachment-id=\"133095\" data-orig-file=\"http:\/\/www.tvturk.com\/wp-content\/uploads\/2019\/04\/ogrenciler-davet-etti-ebru-yasar-kabul-etti_0cee5b0.jpg\" data-orig-size=\"1000,666\" data-comments-opened=\"\" data-image-meta=\"{&quot;aperture&quot;:&quot;0&quot;,&quot;credit&quot;:&quot;IHA&quot;,&quot;camera&quot;:&quot;&quot;,&quot;caption&quot;:&quot;KEND\\u0130 ADINI TA\\u015eIYAN OKULLA E\\u011e\\u0130T\\u0130M SEFERBERL\\u0130\\u011e\\u0130NE DAH\\u0130L OLAN EBRU YA\\u015eAR G\\u00dcLSEVEN, MEKTUBUYLA A\\u011eLADI\\u011eI BER\\u0130TAN\\u2019LA G\\u00d6R\\u00dcNT\\u00dcL\\u00dc KONU\\u015eTU. YA\\u015eAR, \\u00d6\\u011eRENC\\u0130LERLE BERABER \\u0130N\\u015eAATI B\\u0130TMEK \\u00dcZERE OLAN OKUL \\u0130\\u00c7\\u0130N A\\u00c7ILI\\u015eA KATILACA\\u011eINI S\\u00d6YLED\\u0130. (MURAT BA\\u015eAL - RIDVAN KILI\\u00c7\\\/D\\u0130YARBAKIR-\\u0130HA)&quot;,&quot;created_timestamp&quot;:&quot;0&quot;,&quot;copyright&quot;:&quot;\\u0130HLAS HABER AJANSI, www.iha.com.tr&quot;,&quot;focal_length&quot;:&quot;0&quot;,&quot;iso&quot;:&quot;0&quot;,&quot;shutter_speed&quot;:&quot;0&quot;,&quot;title&quot;:&quot;\\u00d6\\u011eRENC\\u0130LER DAVET ETT\\u0130, EBRU YA\\u015eAR KABUL ETT\\u0130 SANAT\\u00c7I EBRU YA\\u015eAR, D\\u0130YARBAKIR\\u2019DA YAPTIRDI\\u011eI OKULUN A\\u00c7ILI\\u015eINA KATILACAK SES SANAT\\u00c7ISI EBRU YA\\u015eAR\\u2019IN D\\u0130YARBAKIR\\u2019IN B\\u0130SM\\u0130L \\u0130L\\u00c7ES\\u0130NDE YAPTIRDI\\u011eI OKUL TAMAMLANMA A\\u015eAMASINA GELD\\u0130 YAKLA\\u015eIK 2 BU\\u00c7UK M\\u0130LYON L\\u0130RAYA MAL OLAN OKULUN TAMAMLANMASI \\u00d6NCES\\u0130 \\u00d6\\u011eRENC\\u0130LERLE G\\u00d6R\\u00dcNT\\u00dcL\\u00dc G\\u00d6R\\u00dc\\u015eEN YA\\u015eAR, \\u00c7OCUKLARA A\\u00c7ILI\\u015eA KATILACA\\u011eI S\\u00d6Z\\u00dcN\\u00dc VERD\\u0130&quot;,&quot;orientation&quot;:&quot;0&quot;}\" data-image-title=\"\u00d6\u011frenciler davet etti, Ebru Ya\u015far kabul etti\" data-image-description=\"&lt;p&gt;\u00d6\u011frenciler davet etti, Ebru Ya\u015far kabul etti&lt;\/p&gt; \" data-medium-file=\"https:\/\/i0.wp.com\/www.tvturk.com\/wp-content\/uploads\/2019\/04\/ogrenciler-davet-etti-ebru-yasar-kabul-etti_0cee5b0.jpg?fit=300%2C200\" data-large-file=\"https:\/\/i0.wp.com\/www.tvturk.com\/wp-content\/uploads\/2019\/04\/ogrenciler-davet-etti-ebru-yasar-kabul-etti_0cee5b0.jpg?fit=1000%2C666\" src=\"https:\/\/i0.wp.com\/www.tvturk.com\/wp-content\/uploads\/2019\/04\/ogrenciler-davet-etti-ebru-yasar-kabul-etti_0cee5b0.jpg?w=327&#038;h=217\" srcset=\"https:\/\/i0.wp.com\/www.tvturk.com\/wp-content\/uploads\/2019\/04\/ogrenciler-davet-etti-ebru-yasar-kabul-etti_0cee5b0.jpg?w=1000 1000w, https:\/\/i0.wp.com\/www.tvturk.com\/wp-content\/uploads\/2019\/04\/ogrenciler-davet-etti-ebru-yasar-kabul-etti_0cee5b0.jpg?resize=150%2C100 150w, https:\/\/i0.wp.com\/www.tvturk.com\/wp-content\/uploads\/2019\/04\/ogrenciler-davet-etti-ebru-yasar-kabul-etti_0cee5b0.jpg?resize=300%2C200 300w, https:\/\/i0.wp.com\/www.tvturk.com\/wp-content\/uploads\/2019\/04\/ogrenciler-davet-etti-ebru-yasar-kabul-etti_0cee5b0.jpg?resize=768%2C511 768w, https:\/\/i0.wp.com\/www.tvturk.com\/wp-content\/uploads\/2019\/04\/ogrenciler-davet-etti-ebru-yasar-kabul-etti_0cee5b0.jpg?resize=170%2C113 170w, https:\/\/i0.wp.com\/www.tvturk.com\/wp-content\/uploads\/2019\/04\/ogrenciler-davet-etti-ebru-yasar-kabul-etti_0cee5b0.jpg?resize=120%2C80 120w\" width=\"327\" height=\"217\" loading=\"lazy\" data-original-width=\"327\" data-original-height=\"217\" itemprop=\"http:\/\/schema.org\/image\" title=\"\u00d6\u011frenciler davet etti, Ebru Ya\u015far kabul etti\" alt=\"\u00d6\u011frenciler davet etti, Ebru Ya\u015far kabul etti\" style=\"width: 327px; height: 217px;\" \/> <\/a> <\/div> <\/div> <!-- close group --> <div class=\"gallery-group images-1\" style=\"width: 169px; height: 221px;\" data-original-width=\"169\" data-original-height=\"221\" > <div class=\"tiled-gallery-item tiled-gallery-item-small\" itemprop=\"associatedMedia\" itemscope itemtype=\"http:\/\/schema.org\/ImageObject\"> <a href=\"http:\/\/www.tvturk.com\/index.php\/ogrenciler-davet-etti-ebru-yasar-kabul-etti\/ogrenciler-davet-etti-ebru-yasar-kabul-etti-7\/\" border=\"0\" itemprop=\"url\"> <meta itemprop=\"width\" content=\"165\"> <meta itemprop=\"height\" content=\"217\"> <img decoding=\"async\" class=\"\" data-attachment-id=\"133096\" data-orig-file=\"http:\/\/www.tvturk.com\/wp-content\/uploads\/2019\/04\/ogrenciler-davet-etti-ebru-yasar-kabul-etti_ead94f5.jpg\" data-orig-size=\"640,841\" data-comments-opened=\"\" data-image-meta=\"{&quot;aperture&quot;:&quot;0&quot;,&quot;credit&quot;:&quot;IHA&quot;,&quot;camera&quot;:&quot;&quot;,&quot;caption&quot;:&quot;KEND\\u0130 ADINI TA\\u015eIYAN OKULLA E\\u011e\\u0130T\\u0130M SEFERBERL\\u0130\\u011e\\u0130NE DAH\\u0130L OLAN EBRU YA\\u015eAR G\\u00dcLSEVEN, MEKTUBUYLA A\\u011eLADI\\u011eI BER\\u0130TAN\\u2019LA G\\u00d6R\\u00dcNT\\u00dcL\\u00dc KONU\\u015eTU. YA\\u015eAR, \\u00d6\\u011eRENC\\u0130LERLE BERABER \\u0130N\\u015eAATI B\\u0130TMEK \\u00dcZERE OLAN OKUL \\u0130\\u00c7\\u0130N A\\u00c7ILI\\u015eA KATILACA\\u011eINI S\\u00d6YLED\\u0130. (MURAT BA\\u015eAL - RIDVAN KILI\\u00c7\\\/D\\u0130YARBAKIR-\\u0130HA)&quot;,&quot;created_timestamp&quot;:&quot;0&quot;,&quot;copyright&quot;:&quot;\\u0130HLAS HABER AJANSI, www.iha.com.tr&quot;,&quot;focal_length&quot;:&quot;0&quot;,&quot;iso&quot;:&quot;0&quot;,&quot;shutter_speed&quot;:&quot;0&quot;,&quot;title&quot;:&quot;\\u00d6\\u011eRENC\\u0130LER DAVET ETT\\u0130, EBRU YA\\u015eAR KABUL ETT\\u0130 SANAT\\u00c7I EBRU YA\\u015eAR, D\\u0130YARBAKIR\\u2019DA YAPTIRDI\\u011eI OKULUN A\\u00c7ILI\\u015eINA KATILACAK SES SANAT\\u00c7ISI EBRU YA\\u015eAR\\u2019IN D\\u0130YARBAKIR\\u2019IN B\\u0130SM\\u0130L \\u0130L\\u00c7ES\\u0130NDE YAPTIRDI\\u011eI OKUL TAMAMLANMA A\\u015eAMASINA GELD\\u0130 YAKLA\\u015eIK 2 BU\\u00c7UK M\\u0130LYON L\\u0130RAYA MAL OLAN OKULUN TAMAMLANMASI \\u00d6NCES\\u0130 \\u00d6\\u011eRENC\\u0130LERLE G\\u00d6R\\u00dcNT\\u00dcL\\u00dc G\\u00d6R\\u00dc\\u015eEN YA\\u015eAR, \\u00c7OCUKLARA A\\u00c7ILI\\u015eA KATILACA\\u011eI S\\u00d6Z\\u00dcN\\u00dc VERD\\u0130&quot;,&quot;orientation&quot;:&quot;0&quot;}\" data-image-title=\"\u00d6\u011frenciler davet etti, Ebru Ya\u015far kabul etti\" data-image-description=\"&lt;p&gt;\u00d6\u011frenciler davet etti, Ebru Ya\u015far kabul etti&lt;\/p&gt; \" data-medium-file=\"https:\/\/i0.wp.com\/www.tvturk.com\/wp-content\/uploads\/2019\/04\/ogrenciler-davet-etti-ebru-yasar-kabul-etti_ead94f5.jpg?fit=228%2C300\" data-large-file=\"https:\/\/i0.wp.com\/www.tvturk.com\/wp-content\/uploads\/2019\/04\/ogrenciler-davet-etti-ebru-yasar-kabul-etti_ead94f5.jpg?fit=640%2C841\" src=\"https:\/\/i0.wp.com\/www.tvturk.com\/wp-content\/uploads\/2019\/04\/ogrenciler-davet-etti-ebru-yasar-kabul-etti_ead94f5.jpg?w=165&#038;h=217\" srcset=\"https:\/\/i0.wp.com\/www.tvturk.com\/wp-content\/uploads\/2019\/04\/ogrenciler-davet-etti-ebru-yasar-kabul-etti_ead94f5.jpg?w=640 640w, https:\/\/i0.wp.com\/www.tvturk.com\/wp-content\/uploads\/2019\/04\/ogrenciler-davet-etti-ebru-yasar-kabul-etti_ead94f5.jpg?resize=114%2C150 114w, https:\/\/i0.wp.com\/www.tvturk.com\/wp-content\/uploads\/2019\/04\/ogrenciler-davet-etti-ebru-yasar-kabul-etti_ead94f5.jpg?resize=228%2C300 228w\" width=\"165\" height=\"217\" loading=\"lazy\" data-original-width=\"165\" data-original-height=\"217\" itemprop=\"http:\/\/schema.org\/image\" title=\"\u00d6\u011frenciler davet etti, Ebru Ya\u015far kabul etti\" alt=\"\u00d6\u011frenciler davet etti, Ebru Ya\u015far kabul etti\" style=\"width: 165px; height: 217px;\" \/> <\/a> <\/div> <\/div> <!-- close group --> <\/div> <!-- close row --> <\/div><\/p>\n","protected":false},"excerpt":{"rendered":"<p>KEND\u0130 ADINI TA\u015eIYAN OKULLA E\u011e\u0130T\u0130M SEFERBERL\u0130\u011e\u0130NE DAH\u0130L OLAN EBRU YA\u015eAR G\u00dcLSEVEN, MEKTUBUYLA A\u011eLADI\u011eI BER\u0130TAN\u2019LA G\u00d6R\u00dcNT\u00dcL\u00dc KONU\u015eTU. YA\u015eAR, \u00d6\u011eRENC\u0130LERLE BERABER \u0130N\u015eAATI B\u0130TMEK \u00dcZERE OLAN OKUL \u0130\u00c7\u0130N A\u00c7ILI\u015eA KATILACA\u011eINI S\u00d6YLED\u0130.<\/p>\n","protected":false},"author":1,"featured_media":133091,"comment_status":"closed","ping_status":"open","sticky":false,"template":"","format":"standard","meta":{"jetpack_post_was_ever_published":false,"_jetpack_newsletter_access":"","_jetpack_dont_email_post_to_subs":false,"_jetpack_newsletter_tier_id":0,"_jetpack_memberships_contains_paywalled_content":false,"_jetpack_memberships_contains_paid_content":false,"footnotes":"","jetpack_publicize_message":"","jetpack_publicize_feature_enabled":true,"jetpack_social_post_already_shared":true,"jetpack_social_options":{"image_generator_settings":{"template":"highway","default_image_id":0,"font":"","enabled":false},"version":2}},"categories":[1],"tags":[3008,13101,207,654,1293,1829],"class_list":["post-133090","post","type-post","status-publish","format-standard","has-post-thumbnail","hentry","category-genel","tag-davet","tag-ebru","tag-etti","tag-kabul","tag-ogrenciler","tag-yasar"],"jetpack_publicize_connections":[],"jetpack_featured_media_url":"https:\/\/i0.wp.com\/www.tvturk.com\/wp-content\/uploads\/2019\/04\/ogrenciler-davet-etti-ebru-yasar-kabul-etti_e8fe62e.jpg?fit=1000%2C666","jetpack_sharing_enabled":true,"jetpack_shortlink":"https:\/\/wp.me\/paKIfm-yCC","_links":{"self":[{"href":"http:\/\/www.tvturk.com\/index.php\/wp-json\/wp\/v2\/posts\/133090","targetHints":{"allow":["GET"]}}],"collection":[{"href":"http:\/\/www.tvturk.com\/index.php\/wp-json\/wp\/v2\/posts"}],"about":[{"href":"http:\/\/www.tvturk.com\/index.php\/wp-json\/wp\/v2\/types\/post"}],"author":[{"embeddable":true,"href":"http:\/\/www.tvturk.com\/index.php\/wp-json\/wp\/v2\/users\/1"}],"replies":[{"embeddable":true,"href":"http:\/\/www.tvturk.com\/index.php\/wp-json\/wp\/v2\/comments?post=133090"}],"version-history":[{"count":1,"href":"http:\/\/www.tvturk.com\/index.php\/wp-json\/wp\/v2\/posts\/133090\/revisions"}],"predecessor-version":[{"id":133097,"href":"http:\/\/www.tvturk.com\/index.php\/wp-json\/wp\/v2\/posts\/133090\/revisions\/133097"}],"wp:featuredmedia":[{"embeddable":true,"href":"http:\/\/www.tvturk.com\/index.php\/wp-json\/wp\/v2\/media\/133091"}],"wp:attachment":[{"href":"http:\/\/www.tvturk.com\/index.php\/wp-json\/wp\/v2\/media?parent=133090"}],"wp:term":[{"taxonomy":"category","embeddable":true,"href":"http:\/\/www.tvturk.com\/index.php\/wp-json\/wp\/v2\/categories?post=133090"},{"taxonomy":"post_tag","embeddable":true,"href":"http:\/\/www.tvturk.com\/index.php\/wp-json\/wp\/v2\/tags?post=133090"}],"curies":[{"name":"wp","href":"https:\/\/api.w.org\/{rel}","templated":true}]}}