{"id":13315,"date":"2019-02-08T16:51:06","date_gmt":"2019-02-08T13:51:06","guid":{"rendered":"http:\/\/www.tvturk.com\/index.php\/kucukler-gencler-spor-tirmanis-yarismasinin-2-ayagi-sakaryada-yapilacak\/"},"modified":"2019-02-08T16:51:08","modified_gmt":"2019-02-08T13:51:08","slug":"kucukler-gencler-spor-tirmanis-yarismasinin-2-ayagi-sakaryada-yapilacak","status":"publish","type":"post","link":"http:\/\/www.tvturk.com\/index.php\/kucukler-gencler-spor-tirmanis-yarismasinin-2-ayagi-sakaryada-yapilacak\/","title":{"rendered":"K\u00fc\u00e7\u00fckler &#8211; Gen\u00e7ler spor t\u0131rman\u0131\u015f yar\u0131\u015fmas\u0131n\u0131n 2. Aya\u011f\u0131 Sakarya\u2019da yap\u0131lacak"},"content":{"rendered":"<p>T\u00fcrkiye Da\u011fc\u0131l\u0131k Federasyonunun 2019 y\u0131l\u0131 faaliyet program\u0131 kapsam\u0131nda K\u00fc\u00e7\u00fckler-Gen\u00e7ler spor t\u0131rman\u0131\u015f yar\u0131\u015fmas\u0131n\u0131n 2. Aya\u011f\u0131 Sakarya\u2019da yap\u0131lacak.<\/p>\n<p>T\u00fcrkiye Da\u011fc\u0131l\u0131k Federasyonu\u2019nun 2019 y\u0131l\u0131 faaliyet program\u0131nda yer alan 9-10 \u015eubat tarihinde k\u00fc\u00e7\u00fckler &#8211; gen\u00e7ler kategorisinde spor t\u0131rman\u0131\u015f yar\u0131\u015fmas\u0131 serisinin 2. aya\u011fi Sakarya\u2019da yap\u0131lacak. Ger\u00e7ekle\u015fecek olan yar\u0131\u015fma olimpik bran\u015f olan spor t\u0131rman\u0131\u015f\u0131n milli tak\u0131m se\u00e7imlerinde d\u00f6n\u00fcm noktas\u0131 olacak.<\/p>\n<p>Yap\u0131lan yar\u0131\u015fmaya vatanda\u015flar davet edildi.<div class=\"tiled-gallery type-rectangular tiled-gallery-unresized\" data-original-width=\"500\" data-carousel-extra='null' itemscope itemtype=\"http:\/\/schema.org\/ImageGallery\" > <div class=\"gallery-row\" style=\"width: 500px; height: 240px;\" data-original-width=\"500\" data-original-height=\"240\" > <div class=\"gallery-group images-1\" style=\"width: 319px; height: 240px;\" data-original-width=\"319\" data-original-height=\"240\" > <div class=\"tiled-gallery-item tiled-gallery-item-large\" itemprop=\"associatedMedia\" itemscope itemtype=\"http:\/\/schema.org\/ImageObject\"> <a href=\"http:\/\/www.tvturk.com\/index.php\/kucukler-gencler-spor-tirmanis-yarismasinin-2-ayagi-sakaryada-yapilacak\/kucukler-gencler-spor-tirmanis-yarismasinin-2-ayagi-sakaryada-yapilacak-3\/\" border=\"0\" itemprop=\"url\"> <meta itemprop=\"width\" content=\"315\"> <meta itemprop=\"height\" content=\"236\"> <img decoding=\"async\" class=\"\" data-attachment-id=\"13317\" data-orig-file=\"http:\/\/www.tvturk.com\/wp-content\/uploads\/2019\/02\/kucukler-gencler-spor-tirmanis-yarismasinin-2-ayagi-sakaryada-yapilacak_d10131f.jpg\" data-orig-size=\"1000,750\" data-comments-opened=\"\" data-image-meta=\"{&quot;aperture&quot;:&quot;0&quot;,&quot;credit&quot;:&quot;IHA&quot;,&quot;camera&quot;:&quot;&quot;,&quot;caption&quot;:&quot;T\\u00dcRK\\u0130YE DA\\u011eCILIK FEDERASYONUNUN 2019 YILI FAAL\\u0130YET PROGRAMI KAPSAMINDA K\\u00dc\\u00c7\\u00dcKLER-GEN\\u00c7LER SPOR TIRMANI\\u015e YARI\\u015eMASININ 2. AYA\\u011eI SAKARYA\\u2019DA YAPILACAK. (\\u0130HA\\\/SAKARYA-\\u0130HA)&quot;,&quot;created_timestamp&quot;:&quot;0&quot;,&quot;copyright&quot;:&quot;\\u0130HLAS HABER AJANSI, www.iha.com.tr&quot;,&quot;focal_length&quot;:&quot;0&quot;,&quot;iso&quot;:&quot;0&quot;,&quot;shutter_speed&quot;:&quot;0&quot;,&quot;title&quot;:&quot;K\\u00dc\\u00c7\\u00dcKLER - GEN\\u00c7LER SPOR TIRMANI\\u015e YARI\\u015eMASININ 2. AYA\\u011eI SAKARYA\\u2019DA YAPILACAK&quot;,&quot;orientation&quot;:&quot;0&quot;}\" data-image-title=\"K\u00fc\u00e7\u00fckler &amp;#8211; Gen\u00e7ler spor t\u0131rman\u0131\u015f yar\u0131\u015fmas\u0131n\u0131n 2. Aya\u011f\u0131 Sakarya\u2019da yap\u0131lacak\" data-image-description=\"&lt;p&gt;K\u00fc\u00e7\u00fckler &amp;#8211; Gen\u00e7ler spor t\u0131rman\u0131\u015f yar\u0131\u015fmas\u0131n\u0131n 2. Aya\u011f\u0131 Sakarya\u2019da yap\u0131lacak&lt;\/p&gt; \" data-medium-file=\"https:\/\/i0.wp.com\/www.tvturk.com\/wp-content\/uploads\/2019\/02\/kucukler-gencler-spor-tirmanis-yarismasinin-2-ayagi-sakaryada-yapilacak_d10131f.jpg?fit=300%2C225\" data-large-file=\"https:\/\/i0.wp.com\/www.tvturk.com\/wp-content\/uploads\/2019\/02\/kucukler-gencler-spor-tirmanis-yarismasinin-2-ayagi-sakaryada-yapilacak_d10131f.jpg?fit=1000%2C750\" src=\"https:\/\/i0.wp.com\/www.tvturk.com\/wp-content\/uploads\/2019\/02\/kucukler-gencler-spor-tirmanis-yarismasinin-2-ayagi-sakaryada-yapilacak_d10131f.jpg?w=315&#038;h=236\" srcset=\"https:\/\/i0.wp.com\/www.tvturk.com\/wp-content\/uploads\/2019\/02\/kucukler-gencler-spor-tirmanis-yarismasinin-2-ayagi-sakaryada-yapilacak_d10131f.jpg?w=1000 1000w, https:\/\/i0.wp.com\/www.tvturk.com\/wp-content\/uploads\/2019\/02\/kucukler-gencler-spor-tirmanis-yarismasinin-2-ayagi-sakaryada-yapilacak_d10131f.jpg?resize=150%2C113 150w, https:\/\/i0.wp.com\/www.tvturk.com\/wp-content\/uploads\/2019\/02\/kucukler-gencler-spor-tirmanis-yarismasinin-2-ayagi-sakaryada-yapilacak_d10131f.jpg?resize=300%2C225 300w, https:\/\/i0.wp.com\/www.tvturk.com\/wp-content\/uploads\/2019\/02\/kucukler-gencler-spor-tirmanis-yarismasinin-2-ayagi-sakaryada-yapilacak_d10131f.jpg?resize=768%2C576 768w\" width=\"315\" height=\"236\" loading=\"lazy\" data-original-width=\"315\" data-original-height=\"236\" itemprop=\"http:\/\/schema.org\/image\" title=\"K\u00fc\u00e7\u00fckler - Gen\u00e7ler spor t\u0131rman\u0131\u015f yar\u0131\u015fmas\u0131n\u0131n 2. Aya\u011f\u0131 Sakarya\u2019da yap\u0131lacak\" alt=\"K\u00fc\u00e7\u00fckler - Gen\u00e7ler spor t\u0131rman\u0131\u015f yar\u0131\u015fmas\u0131n\u0131n 2. Aya\u011f\u0131 Sakarya\u2019da yap\u0131lacak\" style=\"width: 315px; height: 236px;\" \/> <\/a> <\/div> <\/div> <!-- close group --> <div class=\"gallery-group images-1\" style=\"width: 181px; height: 240px;\" data-original-width=\"181\" data-original-height=\"240\" > <div class=\"tiled-gallery-item tiled-gallery-item-small\" itemprop=\"associatedMedia\" itemscope itemtype=\"http:\/\/schema.org\/ImageObject\"> <a href=\"http:\/\/www.tvturk.com\/index.php\/kucukler-gencler-spor-tirmanis-yarismasinin-2-ayagi-sakaryada-yapilacak\/kucukler-gencler-spor-tirmanis-yarismasinin-2-ayagi-sakaryada-yapilacak-4\/\" border=\"0\" itemprop=\"url\"> <meta itemprop=\"width\" content=\"177\"> <meta itemprop=\"height\" content=\"236\"> <img decoding=\"async\" class=\"\" data-attachment-id=\"13318\" data-orig-file=\"http:\/\/www.tvturk.com\/wp-content\/uploads\/2019\/02\/kucukler-gencler-spor-tirmanis-yarismasinin-2-ayagi-sakaryada-yapilacak_0f01490.jpg\" data-orig-size=\"750,1000\" data-comments-opened=\"\" data-image-meta=\"{&quot;aperture&quot;:&quot;0&quot;,&quot;credit&quot;:&quot;IHA&quot;,&quot;camera&quot;:&quot;&quot;,&quot;caption&quot;:&quot;T\\u00dcRK\\u0130YE DA\\u011eCILIK FEDERASYONUNUN 2019 YILI FAAL\\u0130YET PROGRAMI KAPSAMINDA K\\u00dc\\u00c7\\u00dcKLER-GEN\\u00c7LER SPOR TIRMANI\\u015e YARI\\u015eMASININ 2. AYA\\u011eI SAKARYA\\u2019DA YAPILACAK. (\\u0130HA\\\/SAKARYA-\\u0130HA)&quot;,&quot;created_timestamp&quot;:&quot;0&quot;,&quot;copyright&quot;:&quot;\\u0130HLAS HABER AJANSI, www.iha.com.tr&quot;,&quot;focal_length&quot;:&quot;0&quot;,&quot;iso&quot;:&quot;0&quot;,&quot;shutter_speed&quot;:&quot;0&quot;,&quot;title&quot;:&quot;K\\u00dc\\u00c7\\u00dcKLER - GEN\\u00c7LER SPOR TIRMANI\\u015e YARI\\u015eMASININ 2. AYA\\u011eI SAKARYA\\u2019DA YAPILACAK&quot;,&quot;orientation&quot;:&quot;0&quot;}\" data-image-title=\"K\u00fc\u00e7\u00fckler &amp;#8211; Gen\u00e7ler spor t\u0131rman\u0131\u015f yar\u0131\u015fmas\u0131n\u0131n 2. Aya\u011f\u0131 Sakarya\u2019da yap\u0131lacak\" data-image-description=\"&lt;p&gt;K\u00fc\u00e7\u00fckler &amp;#8211; Gen\u00e7ler spor t\u0131rman\u0131\u015f yar\u0131\u015fmas\u0131n\u0131n 2. Aya\u011f\u0131 Sakarya\u2019da yap\u0131lacak&lt;\/p&gt; \" data-medium-file=\"https:\/\/i0.wp.com\/www.tvturk.com\/wp-content\/uploads\/2019\/02\/kucukler-gencler-spor-tirmanis-yarismasinin-2-ayagi-sakaryada-yapilacak_0f01490.jpg?fit=225%2C300\" data-large-file=\"https:\/\/i0.wp.com\/www.tvturk.com\/wp-content\/uploads\/2019\/02\/kucukler-gencler-spor-tirmanis-yarismasinin-2-ayagi-sakaryada-yapilacak_0f01490.jpg?fit=750%2C1000\" src=\"https:\/\/i0.wp.com\/www.tvturk.com\/wp-content\/uploads\/2019\/02\/kucukler-gencler-spor-tirmanis-yarismasinin-2-ayagi-sakaryada-yapilacak_0f01490.jpg?w=177&#038;h=236\" srcset=\"https:\/\/i0.wp.com\/www.tvturk.com\/wp-content\/uploads\/2019\/02\/kucukler-gencler-spor-tirmanis-yarismasinin-2-ayagi-sakaryada-yapilacak_0f01490.jpg?w=750 750w, https:\/\/i0.wp.com\/www.tvturk.com\/wp-content\/uploads\/2019\/02\/kucukler-gencler-spor-tirmanis-yarismasinin-2-ayagi-sakaryada-yapilacak_0f01490.jpg?resize=113%2C150 113w, https:\/\/i0.wp.com\/www.tvturk.com\/wp-content\/uploads\/2019\/02\/kucukler-gencler-spor-tirmanis-yarismasinin-2-ayagi-sakaryada-yapilacak_0f01490.jpg?resize=225%2C300 225w\" width=\"177\" height=\"236\" loading=\"lazy\" data-original-width=\"177\" data-original-height=\"236\" itemprop=\"http:\/\/schema.org\/image\" title=\"K\u00fc\u00e7\u00fckler - Gen\u00e7ler spor t\u0131rman\u0131\u015f yar\u0131\u015fmas\u0131n\u0131n 2. Aya\u011f\u0131 Sakarya\u2019da yap\u0131lacak\" alt=\"K\u00fc\u00e7\u00fckler - Gen\u00e7ler spor t\u0131rman\u0131\u015f yar\u0131\u015fmas\u0131n\u0131n 2. Aya\u011f\u0131 Sakarya\u2019da yap\u0131lacak\" style=\"width: 177px; height: 236px;\" \/> <\/a> <\/div> <\/div> <!-- close group --> <\/div> <!-- close row --> <\/div><\/p>\n","protected":false},"excerpt":{"rendered":"<p>T\u00dcRK\u0130YE DA\u011eCILIK FEDERASYONUNUN 2019 YILI FAAL\u0130YET PROGRAMI KAPSAMINDA K\u00dc\u00c7\u00dcKLER-GEN\u00c7LER SPOR TIRMANI\u015e YARI\u015eMASININ 2. AYA\u011eI SAKARYA\u2019DA YAPILACAK.<\/p>\n","protected":false},"author":1,"featured_media":13316,"comment_status":"closed","ping_status":"open","sticky":false,"template":"","format":"standard","meta":{"jetpack_post_was_ever_published":false,"_jetpack_newsletter_access":"","_jetpack_dont_email_post_to_subs":false,"_jetpack_newsletter_tier_id":0,"_jetpack_memberships_contains_paywalled_content":false,"_jetpack_memberships_contains_paid_content":false,"footnotes":"","jetpack_publicize_message":"","jetpack_publicize_feature_enabled":true,"jetpack_social_post_already_shared":false,"jetpack_social_options":{"image_generator_settings":{"template":"highway","default_image_id":0,"font":"","enabled":false},"version":2}},"categories":[657],"tags":[6683,1622,6680,2200,1619,6681,158,6682],"class_list":["post-13315","post","type-post","status-publish","format-standard","has-post-thumbnail","hentry","category-spor","tag-ayagi","tag-gencler","tag-kucukler","tag-sakaryada","tag-spor","tag-tirmanis","tag-yapilacak","tag-yarismasinin"],"jetpack_publicize_connections":[],"jetpack_featured_media_url":"https:\/\/i0.wp.com\/www.tvturk.com\/wp-content\/uploads\/2019\/02\/kucukler-gencler-spor-tirmanis-yarismasinin-2-ayagi-sakaryada-yapilacak_2bdd0b7.jpg?fit=1000%2C562","jetpack_sharing_enabled":true,"jetpack_shortlink":"https:\/\/wp.me\/paKIfm-3sL","_links":{"self":[{"href":"http:\/\/www.tvturk.com\/index.php\/wp-json\/wp\/v2\/posts\/13315","targetHints":{"allow":["GET"]}}],"collection":[{"href":"http:\/\/www.tvturk.com\/index.php\/wp-json\/wp\/v2\/posts"}],"about":[{"href":"http:\/\/www.tvturk.com\/index.php\/wp-json\/wp\/v2\/types\/post"}],"author":[{"embeddable":true,"href":"http:\/\/www.tvturk.com\/index.php\/wp-json\/wp\/v2\/users\/1"}],"replies":[{"embeddable":true,"href":"http:\/\/www.tvturk.com\/index.php\/wp-json\/wp\/v2\/comments?post=13315"}],"version-history":[{"count":1,"href":"http:\/\/www.tvturk.com\/index.php\/wp-json\/wp\/v2\/posts\/13315\/revisions"}],"predecessor-version":[{"id":13319,"href":"http:\/\/www.tvturk.com\/index.php\/wp-json\/wp\/v2\/posts\/13315\/revisions\/13319"}],"wp:featuredmedia":[{"embeddable":true,"href":"http:\/\/www.tvturk.com\/index.php\/wp-json\/wp\/v2\/media\/13316"}],"wp:attachment":[{"href":"http:\/\/www.tvturk.com\/index.php\/wp-json\/wp\/v2\/media?parent=13315"}],"wp:term":[{"taxonomy":"category","embeddable":true,"href":"http:\/\/www.tvturk.com\/index.php\/wp-json\/wp\/v2\/categories?post=13315"},{"taxonomy":"post_tag","embeddable":true,"href":"http:\/\/www.tvturk.com\/index.php\/wp-json\/wp\/v2\/tags?post=13315"}],"curies":[{"name":"wp","href":"https:\/\/api.w.org\/{rel}","templated":true}]}}