{"id":13325,"date":"2019-02-08T16:51:51","date_gmt":"2019-02-08T13:51:51","guid":{"rendered":"http:\/\/www.tvturk.com\/index.php\/kadrolu-calisanlara-yuzde-21-zam-sozlesmesi\/"},"modified":"2019-02-08T16:51:53","modified_gmt":"2019-02-08T13:51:53","slug":"kadrolu-calisanlara-yuzde-21-zam-sozlesmesi","status":"publish","type":"post","link":"http:\/\/www.tvturk.com\/index.php\/kadrolu-calisanlara-yuzde-21-zam-sozlesmesi\/","title":{"rendered":"Kadrolu \u00e7al\u0131\u015fanlara y\u00fczde 21 zam s\u00f6zle\u015fmesi"},"content":{"rendered":"<p>Tekirda\u011f S\u00fcleymanpa\u015fa Belediyesi ve belediyede \u00e7al\u0131\u015fan kadrolu i\u015f\u00e7ileri temsil eden Genel \u0130\u015f Trakya \u015eubesi aras\u0131nda 3 y\u0131l ge\u00e7erli olacak toplu i\u015f s\u00f6zle\u015fmesi imzaland\u0131.<\/p>\n<p>S\u00fcleymanpa\u015fa Belediyesi Sahil Ek Hizmet Binas\u0131\u2019nda ger\u00e7ekle\u015fen imza t\u00f6renine Tekirda\u011f S\u00fcleymanpa\u015fa Belediyesini temsilen Belediye Ba\u015fkan\u0131 Ekrem E\u015fkinat, Belediye Ba\u015fkan Yard\u0131mc\u0131s\u0131 Berkay \u00c7ak\u0131r, D\u0130SK Genel Ba\u015fkan\u0131 Arzu \u00c7erkezo\u011flu, Genel \u0130\u015f Sendikas\u0131 Genel Ba\u015fkan\u0131 Remzi \u00c7al\u0131\u015fkan, Genel \u0130\u015f Toplu S\u00f6zle\u015fme Daire Ba\u015fkan\u0131 Mahmut \u015eeng\u00fcl, Genel \u0130\u015f Toplu S\u00f6zle\u015fme \u015eube M\u00fcd\u00fcr\u00fc Engin Sezgin ve Genel \u0130\u015f Trakya \u015eubesi Ba\u015fkan\u0131 Salim \u015een\u2019in yan\u0131 s\u0131ra S\u00fcleymanpa\u015fa Belediyesi ilgili birim m\u00fcd\u00fcrleri ve S\u00fcleymanpa\u015fa Belediyesi i\u015f\u00e7i temsilcileri kat\u0131ld\u0131.<\/p>\n<p>3 y\u0131ll\u0131k s\u00f6zle\u015fme ile 2019\u2019da y\u00fczde 21 zam alacaklar<\/p>\n<p>S\u00fcleymanpa\u015fa Belediyesi ve D\u0130SK Genel \u0130\u015f Trakya \u015eubesi ile yap\u0131lan g\u00f6r\u00fc\u015fmeler sonunda anla\u015fma sa\u011flan\u0131rken, 3 y\u0131l ge\u00e7erli olacak toplu i\u015f s\u00f6zle\u015fmesi kapsam\u0131nda, S\u00fcleymanpa\u015fa Belediyesinde \u00e7al\u0131\u015fan kadrolu i\u015f\u00e7ilerin 2019 y\u0131l\u0131 i\u00e7in enflasyon oran\u0131nda (y\u00fczde 21) maa\u015f zamm\u0131 alacaklar\u0131 a\u00e7\u0131kland\u0131.<\/p>\n<p>&#8220;Her iki taraf\u0131 da memnun edebilecek bir anla\u015fma yapt\u0131k&#8221;<\/p>\n<p>Ba\u015fkan E\u015fkinat at\u0131lan imzalar\u0131n ard\u0131ndan yapt\u0131\u011f\u0131 a\u00e7\u0131klamada, &#8220;G\u00f6n\u00fcl isterdi ki \u00e7ok daha iyi \u015fartlar sunabilelim. Ancak \u00fclkemizin i\u00e7inde bulundu\u011fu ekonomik ko\u015fullar ve belediyemizin kaynaklar\u0131 ile her iki taraf\u0131 da memnun edebilecek bir anla\u015fma yapt\u0131\u011f\u0131m\u0131z\u0131 d\u00fc\u015f\u00fcn\u00fcyorum. Yapt\u0131\u011f\u0131m\u0131z 3 y\u0131ll\u0131k anla\u015fma t\u00fcm i\u015f\u00e7i personelimize hay\u0131rl\u0131 olsun&#8221; diye konu\u015ftu.<div class=\"tiled-gallery type-rectangular tiled-gallery-unresized\" data-original-width=\"500\" data-carousel-extra='null' itemscope itemtype=\"http:\/\/schema.org\/ImageGallery\" > <div class=\"gallery-row\" style=\"width: 500px; height: 168px;\" data-original-width=\"500\" data-original-height=\"168\" > <div class=\"gallery-group images-1\" style=\"width: 250px; height: 168px;\" data-original-width=\"250\" data-original-height=\"168\" > <div class=\"tiled-gallery-item tiled-gallery-item-small\" itemprop=\"associatedMedia\" itemscope itemtype=\"http:\/\/schema.org\/ImageObject\"> <a href=\"http:\/\/www.tvturk.com\/index.php\/kadrolu-calisanlara-yuzde-21-zam-sozlesmesi\/kadrolu-calisanlara-yuzde-21-zam-sozlesmesi-3\/\" border=\"0\" itemprop=\"url\"> <meta itemprop=\"width\" content=\"246\"> <meta itemprop=\"height\" content=\"164\"> <img decoding=\"async\" class=\"\" data-attachment-id=\"13327\" data-orig-file=\"http:\/\/www.tvturk.com\/wp-content\/uploads\/2019\/02\/kadrolu-calisanlara-yuzde-21-zam-sozlesmesi_1aaaba5.jpg\" data-orig-size=\"1000,666\" data-comments-opened=\"\" data-image-meta=\"{&quot;aperture&quot;:&quot;0&quot;,&quot;credit&quot;:&quot;IHA&quot;,&quot;camera&quot;:&quot;&quot;,&quot;caption&quot;:&quot;TEK\\u0130RDA\\u011e S\\u00dcLEYMANPA\\u015eA BELED\\u0130YES\\u0130 VE S\\u00dcLEYMANPA\\u015eA BELED\\u0130YES\\u0130NDE \\u00c7ALI\\u015eAN KADROLU \\u0130\\u015e\\u00c7\\u0130LER\\u0130 TEMS\\u0130L EDEN GENEL \\u0130\\u015e TRAKYA \\u015eUBES\\u0130 ARASINDA 3 YIL GE\\u00c7ERL\\u0130 OLACAK TOPLU \\u0130\\u015e S\\u00d6ZLE\\u015eMES\\u0130 \\u0130MZALANDI. (\\u0130HA\\\/TEK\\u0130RDA\\u011e-\\u0130HA)&quot;,&quot;created_timestamp&quot;:&quot;0&quot;,&quot;copyright&quot;:&quot;\\u0130HLAS HABER AJANSI, www.iha.com.tr&quot;,&quot;focal_length&quot;:&quot;0&quot;,&quot;iso&quot;:&quot;0&quot;,&quot;shutter_speed&quot;:&quot;0&quot;,&quot;title&quot;:&quot;KADROLU \\u00c7ALI\\u015eANLARA Y\\u00dcZDE 21 ZAM S\\u00d6ZLE\\u015eMES\\u0130&quot;,&quot;orientation&quot;:&quot;0&quot;}\" data-image-title=\"Kadrolu \u00e7al\u0131\u015fanlara y\u00fczde 21 zam s\u00f6zle\u015fmesi\" data-image-description=\"&lt;p&gt;Kadrolu \u00e7al\u0131\u015fanlara y\u00fczde 21 zam s\u00f6zle\u015fmesi&lt;\/p&gt; \" data-medium-file=\"https:\/\/i0.wp.com\/www.tvturk.com\/wp-content\/uploads\/2019\/02\/kadrolu-calisanlara-yuzde-21-zam-sozlesmesi_1aaaba5.jpg?fit=300%2C200\" data-large-file=\"https:\/\/i0.wp.com\/www.tvturk.com\/wp-content\/uploads\/2019\/02\/kadrolu-calisanlara-yuzde-21-zam-sozlesmesi_1aaaba5.jpg?fit=1000%2C666\" src=\"https:\/\/i0.wp.com\/www.tvturk.com\/wp-content\/uploads\/2019\/02\/kadrolu-calisanlara-yuzde-21-zam-sozlesmesi_1aaaba5.jpg?w=246&#038;h=164\" srcset=\"https:\/\/i0.wp.com\/www.tvturk.com\/wp-content\/uploads\/2019\/02\/kadrolu-calisanlara-yuzde-21-zam-sozlesmesi_1aaaba5.jpg?w=1000 1000w, https:\/\/i0.wp.com\/www.tvturk.com\/wp-content\/uploads\/2019\/02\/kadrolu-calisanlara-yuzde-21-zam-sozlesmesi_1aaaba5.jpg?resize=150%2C100 150w, https:\/\/i0.wp.com\/www.tvturk.com\/wp-content\/uploads\/2019\/02\/kadrolu-calisanlara-yuzde-21-zam-sozlesmesi_1aaaba5.jpg?resize=300%2C200 300w, https:\/\/i0.wp.com\/www.tvturk.com\/wp-content\/uploads\/2019\/02\/kadrolu-calisanlara-yuzde-21-zam-sozlesmesi_1aaaba5.jpg?resize=768%2C511 768w, https:\/\/i0.wp.com\/www.tvturk.com\/wp-content\/uploads\/2019\/02\/kadrolu-calisanlara-yuzde-21-zam-sozlesmesi_1aaaba5.jpg?resize=170%2C113 170w, https:\/\/i0.wp.com\/www.tvturk.com\/wp-content\/uploads\/2019\/02\/kadrolu-calisanlara-yuzde-21-zam-sozlesmesi_1aaaba5.jpg?resize=120%2C80 120w\" width=\"246\" height=\"164\" loading=\"lazy\" data-original-width=\"246\" data-original-height=\"164\" itemprop=\"http:\/\/schema.org\/image\" title=\"Kadrolu \u00e7al\u0131\u015fanlara y\u00fczde 21 zam s\u00f6zle\u015fmesi\" alt=\"Kadrolu \u00e7al\u0131\u015fanlara y\u00fczde 21 zam s\u00f6zle\u015fmesi\" style=\"width: 246px; height: 164px;\" \/> <\/a> <\/div> <\/div> <!-- close group --> <div class=\"gallery-group images-1\" style=\"width: 250px; height: 168px;\" data-original-width=\"250\" data-original-height=\"168\" > <div class=\"tiled-gallery-item tiled-gallery-item-small\" itemprop=\"associatedMedia\" itemscope itemtype=\"http:\/\/schema.org\/ImageObject\"> <a href=\"http:\/\/www.tvturk.com\/index.php\/kadrolu-calisanlara-yuzde-21-zam-sozlesmesi\/kadrolu-calisanlara-yuzde-21-zam-sozlesmesi-4\/\" border=\"0\" itemprop=\"url\"> <meta itemprop=\"width\" content=\"246\"> <meta itemprop=\"height\" content=\"164\"> <img decoding=\"async\" class=\"\" data-attachment-id=\"13328\" data-orig-file=\"http:\/\/www.tvturk.com\/wp-content\/uploads\/2019\/02\/kadrolu-calisanlara-yuzde-21-zam-sozlesmesi_955b308.jpg\" data-orig-size=\"1000,666\" data-comments-opened=\"\" data-image-meta=\"{&quot;aperture&quot;:&quot;0&quot;,&quot;credit&quot;:&quot;IHA&quot;,&quot;camera&quot;:&quot;&quot;,&quot;caption&quot;:&quot;TEK\\u0130RDA\\u011e S\\u00dcLEYMANPA\\u015eA BELED\\u0130YES\\u0130 VE S\\u00dcLEYMANPA\\u015eA BELED\\u0130YES\\u0130NDE \\u00c7ALI\\u015eAN KADROLU \\u0130\\u015e\\u00c7\\u0130LER\\u0130 TEMS\\u0130L EDEN GENEL \\u0130\\u015e TRAKYA \\u015eUBES\\u0130 ARASINDA 3 YIL GE\\u00c7ERL\\u0130 OLACAK TOPLU \\u0130\\u015e S\\u00d6ZLE\\u015eMES\\u0130 \\u0130MZALANDI. (\\u0130HA\\\/TEK\\u0130RDA\\u011e-\\u0130HA)&quot;,&quot;created_timestamp&quot;:&quot;0&quot;,&quot;copyright&quot;:&quot;\\u0130HLAS HABER AJANSI, www.iha.com.tr&quot;,&quot;focal_length&quot;:&quot;0&quot;,&quot;iso&quot;:&quot;0&quot;,&quot;shutter_speed&quot;:&quot;0&quot;,&quot;title&quot;:&quot;KADROLU \\u00c7ALI\\u015eANLARA Y\\u00dcZDE 21 ZAM S\\u00d6ZLE\\u015eMES\\u0130&quot;,&quot;orientation&quot;:&quot;0&quot;}\" data-image-title=\"Kadrolu \u00e7al\u0131\u015fanlara y\u00fczde 21 zam s\u00f6zle\u015fmesi\" data-image-description=\"&lt;p&gt;Kadrolu \u00e7al\u0131\u015fanlara y\u00fczde 21 zam s\u00f6zle\u015fmesi&lt;\/p&gt; \" data-medium-file=\"https:\/\/i0.wp.com\/www.tvturk.com\/wp-content\/uploads\/2019\/02\/kadrolu-calisanlara-yuzde-21-zam-sozlesmesi_955b308.jpg?fit=300%2C200\" data-large-file=\"https:\/\/i0.wp.com\/www.tvturk.com\/wp-content\/uploads\/2019\/02\/kadrolu-calisanlara-yuzde-21-zam-sozlesmesi_955b308.jpg?fit=1000%2C666\" src=\"https:\/\/i0.wp.com\/www.tvturk.com\/wp-content\/uploads\/2019\/02\/kadrolu-calisanlara-yuzde-21-zam-sozlesmesi_955b308.jpg?w=246&#038;h=164\" srcset=\"https:\/\/i0.wp.com\/www.tvturk.com\/wp-content\/uploads\/2019\/02\/kadrolu-calisanlara-yuzde-21-zam-sozlesmesi_955b308.jpg?w=1000 1000w, https:\/\/i0.wp.com\/www.tvturk.com\/wp-content\/uploads\/2019\/02\/kadrolu-calisanlara-yuzde-21-zam-sozlesmesi_955b308.jpg?resize=150%2C100 150w, https:\/\/i0.wp.com\/www.tvturk.com\/wp-content\/uploads\/2019\/02\/kadrolu-calisanlara-yuzde-21-zam-sozlesmesi_955b308.jpg?resize=300%2C200 300w, https:\/\/i0.wp.com\/www.tvturk.com\/wp-content\/uploads\/2019\/02\/kadrolu-calisanlara-yuzde-21-zam-sozlesmesi_955b308.jpg?resize=768%2C511 768w, https:\/\/i0.wp.com\/www.tvturk.com\/wp-content\/uploads\/2019\/02\/kadrolu-calisanlara-yuzde-21-zam-sozlesmesi_955b308.jpg?resize=170%2C113 170w, https:\/\/i0.wp.com\/www.tvturk.com\/wp-content\/uploads\/2019\/02\/kadrolu-calisanlara-yuzde-21-zam-sozlesmesi_955b308.jpg?resize=120%2C80 120w\" width=\"246\" height=\"164\" loading=\"lazy\" data-original-width=\"246\" data-original-height=\"164\" itemprop=\"http:\/\/schema.org\/image\" title=\"Kadrolu \u00e7al\u0131\u015fanlara y\u00fczde 21 zam s\u00f6zle\u015fmesi\" alt=\"Kadrolu \u00e7al\u0131\u015fanlara y\u00fczde 21 zam s\u00f6zle\u015fmesi\" style=\"width: 246px; height: 164px;\" \/> <\/a> <\/div> <\/div> <!-- close group --> <\/div> <!-- close row --> <\/div><\/p>\n","protected":false},"excerpt":{"rendered":"<p>S\u00dcLEYMANPA\u015eA BELED\u0130YES\u0130 SAH\u0130L EK H\u0130ZMET B\u0130NASI\u2019NDA GER\u00c7EKLE\u015eEN \u0130MZA T\u00d6REN\u0130NE TEK\u0130RDA\u011e S\u00dcLEYMANPA\u015eA BELED\u0130YES\u0130N\u0130 TEMS\u0130LEN BELED\u0130YE BA\u015eKANI EKREM E\u015eK\u0130NAT, BELED\u0130YE BA\u015eKAN YARDIMCISI BERKAY \u00c7AKIR, D\u0130SK GENEL BA\u015eKANI ARZU \u00c7ERKEZO\u011eLU, GENEL \u0130\u015e SEND\u0130KASI GENEL BA\u015eKANI REMZ\u0130 \u00c7ALI\u015eKAN, GENEL \u0130\u015e TOPLU S\u00d6ZLE\u015eME DA\u0130RE BA\u015eKANI MAHMUT \u015eENG\u00dcL, GENEL \u0130\u015e TOPLU S\u00d6ZLE\u015eME \u015eUBE M\u00dcD\u00dcR\u00dc ENG\u0130N SEZG\u0130N VE GENEL \u0130\u015e TRAKYA \u015eUBES\u0130 BA\u015eKANI SAL\u0130M \u015eEN\u2019\u0130N YANI SIRA S\u00dcLEYMANPA\u015eA BELED\u0130YES\u0130 \u0130LG\u0130L\u0130 B\u0130R\u0130M M\u00dcD\u00dcRLER\u0130 VE S\u00dcLEYMANPA\u015eA BELED\u0130YES\u0130 \u0130\u015e\u00c7\u0130 TEMS\u0130LC\u0130LER\u0130 KATILDI.<\/p>\n","protected":false},"author":1,"featured_media":13326,"comment_status":"closed","ping_status":"open","sticky":false,"template":"","format":"standard","meta":{"jetpack_post_was_ever_published":false,"_jetpack_newsletter_access":"","_jetpack_dont_email_post_to_subs":false,"_jetpack_newsletter_tier_id":0,"_jetpack_memberships_contains_paywalled_content":false,"_jetpack_memberships_contains_paid_content":false,"footnotes":"","jetpack_publicize_message":"","jetpack_publicize_feature_enabled":true,"jetpack_social_post_already_shared":false,"jetpack_social_options":{"image_generator_settings":{"template":"highway","default_image_id":0,"font":"","enabled":false},"version":2}},"categories":[655],"tags":[6686,6685,6687,3480,4652],"class_list":["post-13325","post","type-post","status-publish","format-standard","has-post-thumbnail","hentry","category-son-dakika","tag-calisanlara","tag-kadrolu","tag-sozlesmesi","tag-yuzde","tag-zam"],"jetpack_publicize_connections":[],"jetpack_featured_media_url":"https:\/\/i0.wp.com\/www.tvturk.com\/wp-content\/uploads\/2019\/02\/kadrolu-calisanlara-yuzde-21-zam-sozlesmesi_c85504c.jpg?fit=1000%2C666","jetpack_sharing_enabled":true,"jetpack_shortlink":"https:\/\/wp.me\/paKIfm-3sV","_links":{"self":[{"href":"http:\/\/www.tvturk.com\/index.php\/wp-json\/wp\/v2\/posts\/13325","targetHints":{"allow":["GET"]}}],"collection":[{"href":"http:\/\/www.tvturk.com\/index.php\/wp-json\/wp\/v2\/posts"}],"about":[{"href":"http:\/\/www.tvturk.com\/index.php\/wp-json\/wp\/v2\/types\/post"}],"author":[{"embeddable":true,"href":"http:\/\/www.tvturk.com\/index.php\/wp-json\/wp\/v2\/users\/1"}],"replies":[{"embeddable":true,"href":"http:\/\/www.tvturk.com\/index.php\/wp-json\/wp\/v2\/comments?post=13325"}],"version-history":[{"count":1,"href":"http:\/\/www.tvturk.com\/index.php\/wp-json\/wp\/v2\/posts\/13325\/revisions"}],"predecessor-version":[{"id":13329,"href":"http:\/\/www.tvturk.com\/index.php\/wp-json\/wp\/v2\/posts\/13325\/revisions\/13329"}],"wp:featuredmedia":[{"embeddable":true,"href":"http:\/\/www.tvturk.com\/index.php\/wp-json\/wp\/v2\/media\/13326"}],"wp:attachment":[{"href":"http:\/\/www.tvturk.com\/index.php\/wp-json\/wp\/v2\/media?parent=13325"}],"wp:term":[{"taxonomy":"category","embeddable":true,"href":"http:\/\/www.tvturk.com\/index.php\/wp-json\/wp\/v2\/categories?post=13325"},{"taxonomy":"post_tag","embeddable":true,"href":"http:\/\/www.tvturk.com\/index.php\/wp-json\/wp\/v2\/tags?post=13325"}],"curies":[{"name":"wp","href":"https:\/\/api.w.org\/{rel}","templated":true}]}}