{"id":133688,"date":"2019-04-12T15:03:49","date_gmt":"2019-04-12T12:03:49","guid":{"rendered":"http:\/\/www.tvturk.com\/index.php\/ataturk-kultur-merkezi-baskanligi-ipekyolu-kariyer-fuarinda\/"},"modified":"2019-04-12T15:03:49","modified_gmt":"2019-04-12T12:03:49","slug":"ataturk-kultur-merkezi-baskanligi-ipekyolu-kariyer-fuarinda","status":"publish","type":"post","link":"http:\/\/www.tvturk.com\/index.php\/ataturk-kultur-merkezi-baskanligi-ipekyolu-kariyer-fuarinda\/","title":{"rendered":"Atat\u00fcrk K\u00fclt\u00fcr Merkezi Ba\u015fkanl\u0131\u011f\u0131, \u0130pekyolu Kariyer Fuar\u0131\u2019nda"},"content":{"rendered":"<p>Cumhurba\u015fkanl\u0131\u011f\u0131 himayelerinde, Gaziantep \u00dcniversitesi ev sahipli\u011finde 11 Nisan\u2019da a\u00e7\u0131l\u0131\u015f\u0131 yap\u0131lan \u201c\u0130pekyolu Kariyer Fuar\u0131\u201d devam ediyor. Atat\u00fcrk K\u00fclt\u00fcr, Dil ve Tarih Y\u00fcksek Kurumu b\u00fcnyesindeki Atat\u00fcrk K\u00fclt\u00fcr Merkezi Ba\u015fkanl\u0131\u011f\u0131n\u0131n da kat\u0131ld\u0131\u011f\u0131 fuar kapsam\u0131nda \u00f6\u011frenci ve mezunlara Kurum faaliyetleri hakk\u0131nda bilgi veriliyor.<\/p>\n<p>B\u00f6lgesel Kariyer Fuarlar\u0131, \u00f6\u011frencileri, mezunlar\u0131 ve i\u015f insanlar\u0131n\u0131 bir araya getirerek gen\u00e7lere yeni istihdam alanlar\u0131 olu\u015fturmay\u0131, i\u015fverenlere ise donan\u0131ml\u0131 bireylerle bulu\u015fma f\u0131rsat\u0131 sa\u011fl\u0131yor.<\/p>\n<p>Ad\u0131yaman \u00dcniversitesi, Hasan Kalyoncu \u00dcniversitesi, Hatay Mustafa Kemal \u00dcniversitesi, Harran \u00dcniversitesi, \u0130skenderun Teknik \u00dcniversitesi, Kahramanmara\u015f S\u00fct\u00e7\u00fc \u0130mam \u00dcniversitesi, Kilis 7 Aral\u0131k \u00dcniversitesi, Malatya Turgut \u00d6zal \u00dcniversitesi, Osmaniye Korkut Ata \u00dcniversitesi ve Sanko \u00dcniversitesinin payda\u015flar\u0131 aras\u0131nda yer ald\u0131\u011f\u0131 fuara, ulusal ve uluslararas\u0131 d\u00fczeyde bir\u00e7ok kurum kat\u0131l\u0131yor.<\/p>\n<p>12 Nisan\u2019a kadar s\u00fcrecek olan fuarda, gen\u00e7ler, hayatlar\u0131n\u0131 kolayla\u015ft\u0131racak, kariyer basamaklar\u0131n\u0131 h\u0131zl\u0131 bir \u015fekilde \u00e7\u0131kmalar\u0131n\u0131 ve gelecek ad\u0131na isabetli kararlar almalar\u0131n\u0131 sa\u011flayacak etkinliklerle bulu\u015fturulacak.<\/p>\n","protected":false},"excerpt":{"rendered":"<p>CUMHURBA\u015eKANLI\u011eI H\u0130MAYELER\u0130NDE, GAZ\u0130ANTEP \u00dcN\u0130VERS\u0130TES\u0130 EV SAH\u0130PL\u0130\u011e\u0130NDE 11 N\u0130SAN\u2019DA A\u00c7ILI\u015eI YAPILAN \u201c\u0130PEKYOLU KAR\u0130YER FUARI\u201d DEVAM ED\u0130YOR. ATAT\u00dcRK K\u00dcLT\u00dcR, D\u0130L VE TAR\u0130H Y\u00dcKSEK KURUMU B\u00dcNYES\u0130NDEK\u0130 ATAT\u00dcRK K\u00dcLT\u00dcR MERKEZ\u0130 BA\u015eKANLI\u011eININ DA KATILDI\u011eI FUAR KAPSAMINDA \u00d6\u011eRENC\u0130 VE MEZUNLARA KURUM FAAL\u0130YETLER\u0130 HAKKINDA B\u0130LG\u0130 VER\u0130L\u0130YOR.<\/p>\n","protected":false},"author":1,"featured_media":133689,"comment_status":"closed","ping_status":"open","sticky":false,"template":"","format":"standard","meta":{"jetpack_post_was_ever_published":false,"_jetpack_newsletter_access":"","_jetpack_dont_email_post_to_subs":false,"_jetpack_newsletter_tier_id":0,"_jetpack_memberships_contains_paywalled_content":false,"_jetpack_memberships_contains_paid_content":false,"footnotes":"","jetpack_publicize_message":"","jetpack_publicize_feature_enabled":true,"jetpack_social_post_already_shared":true,"jetpack_social_options":{"image_generator_settings":{"template":"highway","default_image_id":0,"font":"","enabled":false},"version":2}},"categories":[656],"tags":[381,3216,3810,8827,4508,630,295],"class_list":["post-133688","post","type-post","status-publish","format-standard","has-post-thumbnail","hentry","category-kultur-sanat","tag-ataturk","tag-baskanligi","tag-fuarinda","tag-ipekyolu","tag-kariyer","tag-kultur","tag-merkezi"],"jetpack_publicize_connections":[],"jetpack_featured_media_url":"https:\/\/i0.wp.com\/www.tvturk.com\/wp-content\/uploads\/2019\/04\/ataturk-kultur-merkezi-baskanligi-ipekyolu-kariyer-fuarinda_ee2a5de.jpg?fit=1000%2C952","jetpack_sharing_enabled":true,"jetpack_shortlink":"https:\/\/wp.me\/paKIfm-yMg","_links":{"self":[{"href":"http:\/\/www.tvturk.com\/index.php\/wp-json\/wp\/v2\/posts\/133688","targetHints":{"allow":["GET"]}}],"collection":[{"href":"http:\/\/www.tvturk.com\/index.php\/wp-json\/wp\/v2\/posts"}],"about":[{"href":"http:\/\/www.tvturk.com\/index.php\/wp-json\/wp\/v2\/types\/post"}],"author":[{"embeddable":true,"href":"http:\/\/www.tvturk.com\/index.php\/wp-json\/wp\/v2\/users\/1"}],"replies":[{"embeddable":true,"href":"http:\/\/www.tvturk.com\/index.php\/wp-json\/wp\/v2\/comments?post=133688"}],"version-history":[{"count":0,"href":"http:\/\/www.tvturk.com\/index.php\/wp-json\/wp\/v2\/posts\/133688\/revisions"}],"wp:featuredmedia":[{"embeddable":true,"href":"http:\/\/www.tvturk.com\/index.php\/wp-json\/wp\/v2\/media\/133689"}],"wp:attachment":[{"href":"http:\/\/www.tvturk.com\/index.php\/wp-json\/wp\/v2\/media?parent=133688"}],"wp:term":[{"taxonomy":"category","embeddable":true,"href":"http:\/\/www.tvturk.com\/index.php\/wp-json\/wp\/v2\/categories?post=133688"},{"taxonomy":"post_tag","embeddable":true,"href":"http:\/\/www.tvturk.com\/index.php\/wp-json\/wp\/v2\/tags?post=133688"}],"curies":[{"name":"wp","href":"https:\/\/api.w.org\/{rel}","templated":true}]}}