{"id":133716,"date":"2019-04-12T15:31:28","date_gmt":"2019-04-12T12:31:28","guid":{"rendered":"http:\/\/www.tvturk.com\/index.php\/bakan-pakdemirli-orduya-her-destegi-verecegiz\/"},"modified":"2019-04-12T15:31:30","modified_gmt":"2019-04-12T12:31:30","slug":"bakan-pakdemirli-orduya-her-destegi-verecegiz","status":"publish","type":"post","link":"http:\/\/www.tvturk.com\/index.php\/bakan-pakdemirli-orduya-her-destegi-verecegiz\/","title":{"rendered":"Bakan Pakdemirli: \u201cOrdu\u2019ya her deste\u011fi verece\u011fiz\u201d"},"content":{"rendered":"<p>Ulusal F\u0131nd\u0131k \u00c7al\u0131\u015ftay\u0131 kapsam\u0131nda Ordu\u2019ya gelen Tar\u0131m ve Orman Bakan\u0131 Bekir Pakdemirli, Ordu B\u00fcy\u00fck\u015fehir Belediye Ba\u015fkan\u0131 Mehmet Hilmi G\u00fcler\u2019e hay\u0131rl\u0131 olsun ziyaretinde yapt\u0131\u011f\u0131 a\u00e7\u0131klamada, \u201cBakanl\u0131\u011f\u0131m\u0131z olarak Ordu\u2019nun temel de\u011ferlerine sahip \u00e7\u0131kacak ve ilin geli\u015fimi i\u00e7in elimizden gelen gayreti g\u00f6sterece\u011fiz\u201d dedi.<\/p>\n<p>Ordu program\u0131nda ilk ziyaretini B\u00fcy\u00fck\u015fehir Belediyesine ger\u00e7ekle\u015ftiren Tar\u0131m ve Orman Bakan\u0131 Bekir Pakdemirli, \u201cOrdu B\u00fcy\u00fck\u015fehir Belediyesi emin ellere teslim edildi. Say\u0131n G\u00fcler\u2019in bilgi birikimi ve tecr\u00fcbeleriyle Ordu\u2019nun \u015fahlanaca\u011f\u0131na inanc\u0131m\u0131z tamd\u0131r. Kendilerine ba\u015far\u0131lar diliyorum\u201d diye konu\u015ftu.<\/p>\n<p>Ordulular\u0131n Ba\u015fkan G\u00fcler\u2019e g\u00fc\u00e7l\u00fc bir destekle sahip \u00e7\u0131karak B\u00fcy\u00fck\u015fehir Belediyesini emanet etti\u011fini s\u00f6yleyen Bakan Pakdemirli, \u201cYerel se\u00e7imlerde Ordu\u2019da \u00f6nemli bir ba\u015far\u0131 elde edildi. Bu ba\u015far\u0131da bakanl\u0131\u011f\u0131 d\u00f6neminde de \u00f6nemli yat\u0131r\u0131mlara imza atm\u0131\u015f, ciddi bilgi birikimi ve tecr\u00fcbeye sahip Say\u0131n G\u00fcler\u2019in katk\u0131s\u0131 yads\u0131namaz bir ger\u00e7ek. Ordu kendisine inand\u0131 ve destekleri ile B\u00fcy\u00fck\u015fehir Belediyesini emin ellere teslim etti. Kendilerine hay\u0131rl\u0131 olsun diyor, yeni g\u00f6revlerinde ba\u015far\u0131lar diliyorum\u201d ifadelerini kulland\u0131.<\/p>\n<p>\u201cH\u00fck\u00fcmetimiz Ordu\u2019ya gereken deste\u011fi verecek\u201d<\/p>\n<p>\u0130lin geli\u015fimi i\u00e7in h\u00fck\u00fcmetin Ordu\u2019ya gereken deste\u011fi verece\u011fini ifade eden Bakan Pakdemirli, \u201cBakanl\u0131\u011f\u0131m\u0131z olarak Ordu\u2019nun temel de\u011ferlerine sahip \u00e7\u0131kacak ve ilin geli\u015fimi i\u00e7in elimizden gelen gayreti g\u00f6sterece\u011fiz. Bu anlamda Ordu B\u00fcy\u00fck\u015fehir Belediyesi ile ortak \u00e7al\u0131\u015fmalar\u0131m\u0131z olacak. Onlar\u0131n deste\u011fi, bizim katk\u0131lar\u0131m\u0131zla Ordu de\u011fi\u015fen ve geli\u015fen yeni y\u00fcz\u00fcyle dikkatleri \u00e7ekmeye devam edecek\u201d diye konu\u015ftu.<\/p>\n<p>Bakan Pakdemirli\u2019nin ziyaretinden duydu\u011fu memnuniyeti dile getiren Ba\u015fkan G\u00fcler ise, \u201cSay\u0131n Pakdemirli\u2019nin Ordu program\u0131ndaki ilk ziyaretini B\u00fcy\u00fck\u015fehir Belediyemize yapm\u0131\u015f olmas\u0131 bizleri onurland\u0131rd\u0131. Yerel se\u00e7imlerin ard\u0131ndan Bakan\u0131m\u0131z\u0131n ilimize yapt\u0131\u011f\u0131 bu ziyaret Ordu\u2019ya verilen de\u011ferin bir g\u00f6stergesidir. Kendilerini ilimizde a\u011f\u0131rlamaktan son derece mutluyuz. Te\u015fekk\u00fcr ediyoruz\u201d \u015feklinde konu\u015ftu.<div class=\"tiled-gallery type-rectangular tiled-gallery-unresized\" data-original-width=\"500\" data-carousel-extra='null' itemscope itemtype=\"http:\/\/schema.org\/ImageGallery\" > <div class=\"gallery-row\" style=\"width: 500px; height: 334px;\" data-original-width=\"500\" data-original-height=\"334\" > <div class=\"gallery-group images-1\" style=\"width: 500px; height: 334px;\" data-original-width=\"500\" data-original-height=\"334\" > <div class=\"tiled-gallery-item tiled-gallery-item-large\" itemprop=\"associatedMedia\" itemscope itemtype=\"http:\/\/schema.org\/ImageObject\"> <a href=\"http:\/\/www.tvturk.com\/index.php\/bakan-pakdemirli-orduya-her-destegi-verecegiz\/bakan-pakdemirli-orduya-her-destegi-verecegiz-3\/\" border=\"0\" itemprop=\"url\"> <meta itemprop=\"width\" content=\"496\"> <meta itemprop=\"height\" content=\"330\"> <img decoding=\"async\" class=\"\" data-attachment-id=\"133718\" data-orig-file=\"http:\/\/www.tvturk.com\/wp-content\/uploads\/2019\/04\/bakan-pakdemirli-orduya-her-destegi-verecegiz_199ec2c.jpg\" data-orig-size=\"1000,666\" data-comments-opened=\"\" data-image-meta=\"{&quot;aperture&quot;:&quot;0&quot;,&quot;credit&quot;:&quot;IHA&quot;,&quot;camera&quot;:&quot;&quot;,&quot;caption&quot;:&quot;ULUSAL FINDIK \\u00c7ALI\\u015eTAYI KAPSAMINDA ORDU\\u2019YA GELEN TARIM VE ORMAN BAKANI BEK\\u0130R PAKDEM\\u0130RL\\u0130, ORDU B\\u00dcY\\u00dcK\\u015eEH\\u0130R BELED\\u0130YE BA\\u015eKANI DR. MEHMET H\\u0130LM\\u0130 G\\u00dcLER\\u2019E HAYIRLI OLSUN Z\\u0130YARET\\u0130NDE BULUNDU (MET\\u0130N AKY\\u00dcREK\\\/ORDU-\\u0130HA)&quot;,&quot;created_timestamp&quot;:&quot;0&quot;,&quot;copyright&quot;:&quot;\\u0130HLAS HABER AJANSI, www.iha.com.tr&quot;,&quot;focal_length&quot;:&quot;0&quot;,&quot;iso&quot;:&quot;0&quot;,&quot;shutter_speed&quot;:&quot;0&quot;,&quot;title&quot;:&quot;BAKAN PAKDEM\\u0130RL\\u0130: \\u201cORDU\\u2019YA HER DESTE\\u011e\\u0130 VERECE\\u011e\\u0130Z\\u201d TARIM VE ORMAN BAKANI BEK\\u0130R PAKDEM\\u0130RL\\u0130: \\u201cORDU B\\u00dcY\\u00dcK\\u015eEH\\u0130R BELED\\u0130YES\\u0130 \\u0130LE ORTAK \\u00c7ALI\\u015eMALARIMIZ OLACAK\\u201d&quot;,&quot;orientation&quot;:&quot;0&quot;}\" data-image-title=\"Bakan Pakdemirli: \u201cOrdu\u2019ya her deste\u011fi verece\u011fiz\u201d\" data-image-description=\"&lt;p&gt;Bakan Pakdemirli: \u201cOrdu\u2019ya her deste\u011fi verece\u011fiz\u201d&lt;\/p&gt; \" data-medium-file=\"https:\/\/i0.wp.com\/www.tvturk.com\/wp-content\/uploads\/2019\/04\/bakan-pakdemirli-orduya-her-destegi-verecegiz_199ec2c.jpg?fit=300%2C200\" data-large-file=\"https:\/\/i0.wp.com\/www.tvturk.com\/wp-content\/uploads\/2019\/04\/bakan-pakdemirli-orduya-her-destegi-verecegiz_199ec2c.jpg?fit=1000%2C666\" src=\"https:\/\/i0.wp.com\/www.tvturk.com\/wp-content\/uploads\/2019\/04\/bakan-pakdemirli-orduya-her-destegi-verecegiz_199ec2c.jpg?w=496&#038;h=330\" srcset=\"https:\/\/i0.wp.com\/www.tvturk.com\/wp-content\/uploads\/2019\/04\/bakan-pakdemirli-orduya-her-destegi-verecegiz_199ec2c.jpg?w=1000 1000w, https:\/\/i0.wp.com\/www.tvturk.com\/wp-content\/uploads\/2019\/04\/bakan-pakdemirli-orduya-her-destegi-verecegiz_199ec2c.jpg?resize=150%2C100 150w, https:\/\/i0.wp.com\/www.tvturk.com\/wp-content\/uploads\/2019\/04\/bakan-pakdemirli-orduya-her-destegi-verecegiz_199ec2c.jpg?resize=300%2C200 300w, https:\/\/i0.wp.com\/www.tvturk.com\/wp-content\/uploads\/2019\/04\/bakan-pakdemirli-orduya-her-destegi-verecegiz_199ec2c.jpg?resize=768%2C511 768w, https:\/\/i0.wp.com\/www.tvturk.com\/wp-content\/uploads\/2019\/04\/bakan-pakdemirli-orduya-her-destegi-verecegiz_199ec2c.jpg?resize=170%2C113 170w, https:\/\/i0.wp.com\/www.tvturk.com\/wp-content\/uploads\/2019\/04\/bakan-pakdemirli-orduya-her-destegi-verecegiz_199ec2c.jpg?resize=120%2C80 120w\" width=\"496\" height=\"330\" loading=\"lazy\" data-original-width=\"496\" data-original-height=\"330\" itemprop=\"http:\/\/schema.org\/image\" title=\"Bakan Pakdemirli: \u201cOrdu\u2019ya her deste\u011fi verece\u011fiz\u201d\" alt=\"Bakan Pakdemirli: \u201cOrdu\u2019ya her deste\u011fi verece\u011fiz\u201d\" style=\"width: 496px; height: 330px;\" \/> <\/a> <\/div> <\/div> <!-- close group --> <\/div> <!-- close row --> <\/div><\/p>\n","protected":false},"excerpt":{"rendered":"<p>ULUSAL FINDIK \u00c7ALI\u015eTAYI KAPSAMINDA ORDU\u2019YA GELEN TARIM VE ORMAN BAKANI BEK\u0130R PAKDEM\u0130RL\u0130, ORDU B\u00dcY\u00dcK\u015eEH\u0130R BELED\u0130YE BA\u015eKANI DR. MEHMET H\u0130LM\u0130 G\u00dcLER\u2019E HAYIRLI OLSUN Z\u0130YARET\u0130NDE BULUNDU<\/p>\n","protected":false},"author":1,"featured_media":133717,"comment_status":"closed","ping_status":"open","sticky":false,"template":"","format":"standard","meta":{"jetpack_post_was_ever_published":false,"_jetpack_newsletter_access":"","_jetpack_dont_email_post_to_subs":false,"_jetpack_newsletter_tier_id":0,"_jetpack_memberships_contains_paywalled_content":false,"_jetpack_memberships_contains_paid_content":false,"footnotes":"","jetpack_publicize_message":"","jetpack_publicize_feature_enabled":true,"jetpack_social_post_already_shared":true,"jetpack_social_options":{"image_generator_settings":{"template":"highway","default_image_id":0,"font":"","enabled":false},"version":2}},"categories":[1],"tags":[742,53,73,694,3491,3946],"class_list":["post-133716","post","type-post","status-publish","format-standard","has-post-thumbnail","hentry","category-genel","tag-bakan","tag-destegi","tag-her","tag-orduya","tag-pakdemirli","tag-verecegiz"],"jetpack_publicize_connections":[],"jetpack_featured_media_url":"https:\/\/i0.wp.com\/www.tvturk.com\/wp-content\/uploads\/2019\/04\/bakan-pakdemirli-orduya-her-destegi-verecegiz_267dad0.jpg?fit=1000%2C666","jetpack_sharing_enabled":true,"jetpack_shortlink":"https:\/\/wp.me\/paKIfm-yMI","_links":{"self":[{"href":"http:\/\/www.tvturk.com\/index.php\/wp-json\/wp\/v2\/posts\/133716","targetHints":{"allow":["GET"]}}],"collection":[{"href":"http:\/\/www.tvturk.com\/index.php\/wp-json\/wp\/v2\/posts"}],"about":[{"href":"http:\/\/www.tvturk.com\/index.php\/wp-json\/wp\/v2\/types\/post"}],"author":[{"embeddable":true,"href":"http:\/\/www.tvturk.com\/index.php\/wp-json\/wp\/v2\/users\/1"}],"replies":[{"embeddable":true,"href":"http:\/\/www.tvturk.com\/index.php\/wp-json\/wp\/v2\/comments?post=133716"}],"version-history":[{"count":1,"href":"http:\/\/www.tvturk.com\/index.php\/wp-json\/wp\/v2\/posts\/133716\/revisions"}],"predecessor-version":[{"id":133719,"href":"http:\/\/www.tvturk.com\/index.php\/wp-json\/wp\/v2\/posts\/133716\/revisions\/133719"}],"wp:featuredmedia":[{"embeddable":true,"href":"http:\/\/www.tvturk.com\/index.php\/wp-json\/wp\/v2\/media\/133717"}],"wp:attachment":[{"href":"http:\/\/www.tvturk.com\/index.php\/wp-json\/wp\/v2\/media?parent=133716"}],"wp:term":[{"taxonomy":"category","embeddable":true,"href":"http:\/\/www.tvturk.com\/index.php\/wp-json\/wp\/v2\/categories?post=133716"},{"taxonomy":"post_tag","embeddable":true,"href":"http:\/\/www.tvturk.com\/index.php\/wp-json\/wp\/v2\/tags?post=133716"}],"curies":[{"name":"wp","href":"https:\/\/api.w.org\/{rel}","templated":true}]}}