{"id":133804,"date":"2019-04-12T16:06:19","date_gmt":"2019-04-12T13:06:19","guid":{"rendered":"http:\/\/www.tvturk.com\/index.php\/malatyanin-en-iyi-bali-yazihandan\/"},"modified":"2019-04-12T16:06:23","modified_gmt":"2019-04-12T13:06:23","slug":"malatyanin-en-iyi-bali-yazihandan","status":"publish","type":"post","link":"http:\/\/www.tvturk.com\/index.php\/malatyanin-en-iyi-bali-yazihandan\/","title":{"rendered":"Malatya\u2019n\u0131n en iyi bal\u0131 Yaz\u0131han\u2019dan"},"content":{"rendered":"<p>Bu y\u0131l 13.\u2019s\u00fc d\u00fczenlenen Malatya Tar\u0131m Fuar\u0131\u2019nda ger\u00e7ekle\u015ftirilen \u2019En \u0130yi Bal\u2019 yar\u0131\u015fmas\u0131nda Malatya\u2019n\u0131n en iyi ve kaliteli bal\u0131 se\u00e7ildi. Yaz\u0131han il\u00e7esinden bir \u00fcreticinin bal\u0131 yar\u0131\u015fmada birinci oldu.<\/p>\n<p>Malatya B\u00fcy\u00fck\u015fehir Belediyesi K\u00fclt\u00fcr A.\u015e. taraf\u0131ndan organize edilen Do\u011fu ve G\u00fcneydo\u011fu Tar\u0131m Teknolojileri Makine, Hayvanc\u0131l\u0131k ve G\u0131da Fuar\u0131 d\u00fczenlenen \u00e7e\u015fitli etkinliklerle devam ediyor. Fuar etkinlikleri kapsam\u0131nda Mi\u015fmi\u015f Park Fuar alan\u0131nda \u2018En \u0130yi Bal\u2019 yar\u0131\u015fmas\u0131 d\u00fczenlendi.<\/p>\n<p>Malatya B\u00fcy\u00fck\u015fehir Belediyesi, G\u0131da, Tar\u0131m ve Hayvanc\u0131l\u0131k \u0130l M\u00fcd\u00fcrl\u00fc\u011f\u00fc ve Ar\u0131 Yeti\u015ftiricileri Birli\u011finin ortakla\u015fa d\u00fczenledi\u011fi yar\u0131\u015fmada \u00fcreticiler en iyi ve kaliteli bal i\u00e7in yar\u0131\u015ft\u0131.<\/p>\n<p>Programa Malatya B\u00fcy\u00fck\u015fehir Belediye Ba\u015fkan\u0131 Selahattin G\u00fcrkan, Tar\u0131m ve Orman \u0130l M\u00fcd\u00fcr Vekili Tahir Macit, TKDK \u0130l Koordinat\u00f6r\u00fc Murat Tun\u00e7, TARS\u0130M Malatya B\u00f6lge M\u00fcd\u00fcr\u00fc Mehmet Ali Do\u011fan, Vak\u0131f, dernek oda ve birlik ba\u015fkanlar\u0131 ile vatanda\u015flar kat\u0131ld\u0131.<\/p>\n<p>Yar\u0131\u015fma \u00f6ncesi konu\u015fan B\u00fcy\u00fck\u015fehir Belediye Ba\u015fkan\u0131 Selahattin G\u00fcrkan, organik bal\u0131n \u00f6nemine de\u011finerek, \u201cBug\u00fcn \u00fclkemizin de i\u00e7erisinde bulundu\u011fu en b\u00fcy\u00fck s\u0131k\u0131nt\u0131lardan bir tanesi t\u00fcketti\u011fimiz g\u0131dalar\u0131n, organik ve do\u011fal olup olmamas\u0131 aras\u0131ndaki teredd\u00fctlerimizdir. G\u00fcn i\u00e7erisinde t\u00fcketmi\u015f oldu\u011fumuz organik ve do\u011fal olmayan g\u0131dalar\u0131n baz\u0131 hastal\u0131klara mahal verdi\u011fini hepimiz biliyoruz. Malatya\u2019daki \u00e7ift\u00e7ilerimizin \u00f6n\u00fcndeki engellerin a\u015f\u0131lmas\u0131 noktas\u0131nda, \u00fcretimlerinin daha faydal\u0131, h\u0131zl\u0131, teknolojik ara\u00e7 ve gere\u00e7lerle daha do\u011fal bir yap\u0131y\u0131 bozmadan \u00fcretimin artt\u0131r\u0131lmas\u0131 noktas\u0131nda \u00e7ok b\u00fcy\u00fck \u00e7al\u0131\u015fmalar sergilenmektedir. Yerel Y\u00f6netimler olarak bu \u00e7al\u0131\u015fmalar\u0131 daha \u00fcst seviyelere ta\u015f\u0131ma noktas\u0131nda elimizden gelen gayret ve \u00e7abay\u0131 g\u00f6sterece\u011fiz. \u00c7ift\u00e7ilerimizin, \u00fcreticilerimizin yan\u0131nda olmaya devam edece\u011fiz\u201d dedi.<\/p>\n<p>Bal\u0131n insan sa\u011fl\u0131\u011f\u0131 i\u00e7in \u00f6nemli bir \u00fcr\u00fcn oldu\u011funu belirterek, m\u00fcd\u00fcrl\u00fck olarak ar\u0131 \u00fcreticilerini te\u015fvik etmek amac\u0131yla \u00e7al\u0131\u015fmalar yapt\u0131klar\u0131n\u0131 s\u00f6yleyen Malatya Tar\u0131m ve Orman \u0130l M\u00fcd\u00fcr\u00fc Tahir Macit, \u201cG\u0131da g\u00fcvenli\u011fi, tarlalar ve arazilerin korunmas\u0131 yan\u0131nda ar\u0131lar\u0131n da korunmas\u0131n\u0131 \u00f6n g\u00f6rmektedir. Asl\u0131nda ar\u0131n\u0131n birinci ve en \u00f6nemli g\u00f6revi do\u011fay\u0131 dengede tutmakt\u0131r. Ar\u0131lar\u0131n korunmas\u0131 i\u00e7in bakanl\u0131\u011f\u0131m\u0131z bu ba\u011flamda, ar\u0131lar ve ar\u0131c\u0131l\u0131\u011f\u0131n desteklenmesi a\u00e7\u0131s\u0131ndan ana ar\u0131 deste\u011fi ve kovan ba\u015f\u0131na destek vermektedir. Ar\u0131c\u0131l\u0131kta kovan say\u0131s\u0131 bak\u0131m\u0131ndan d\u00fcnyada ilk s\u0131ralarday\u0131z. Fakat bal \u00fcretiminde biraz daha gerilerdeyiz\u201d ifadelerini kulland\u0131.<\/p>\n<p>Malatya Ar\u0131 Yeti\u015ftiricileri Birli\u011fi Ba\u015fkan\u0131 Ali \u00c7olak ise birlik olarak \u00fcyelere her t\u00fcrl\u00fc deste\u011fi sunduklar\u0131n\u0131 belirterek, \u201cBurada \u00fcreticilerimiz, al\u0131n teri g\u00f6z nuru \u00fcr\u00fcnlerini sergilemektedir. Biz burada \u00fcreticilerimizin emeklerini de\u011fil, iyilerin i\u00e7inden en iyi \u00fcr\u00fcnleri yar\u0131\u015ft\u0131r\u0131yoruz. Biz \u00fcreticilerimizin her zaman yan\u0131nda olduk, onlar\u0131 destekledik\u201d \u015feklinde konu\u015ftu.<\/p>\n<p>Konu\u015fmalar\u0131n ard\u0131ndan yar\u0131\u015fmaya ge\u00e7ildi. Yar\u0131\u015fmaya kat\u0131lan ballar, 3 ki\u015filik j\u00fcri heyeti taraf\u0131ndan, tad\u0131, kokusu, rengi, su oran\u0131, temizlik ve i\u015flem g\u00f6r\u00fcp g\u00f6rmedi\u011fine bak\u0131larak de\u011ferlendirildi.<\/p>\n<p>Yap\u0131lan de\u011ferlendirmeler sonucunda Yaz\u0131han il\u00e7esinden H\u00fcseyin Bu\u011fday\u2019\u0131n \u00fcretti\u011fi bal 266 puan alarak birincilik \u00f6d\u00fcl\u00fc kazand\u0131. Yar\u0131\u015fmada Hekimhan il\u00e7esinden H\u00fcseyin Levent 255 puan alarak ikincili\u011fi, Ye\u015filyurt il\u00e7esinden Yusuf \u00d6zdemir 246 puan alarak \u00fc\u00e7\u00fcnc\u00fcl\u00fc\u011f\u00fc kazand\u0131.<\/p>\n<p>\u2018En \u0130yi Bal Yar\u0131\u015fmas\u0131nda\u2019 birinci olan H\u00fcseyin Bu\u011fday\u2019a birincilik \u00f6d\u00fcl\u00fcn\u00fc B\u00fcy\u00fck\u015fehir Belediye Ba\u015fkan\u0131 Selahattin G\u00fcrkan verdi.<div class=\"tiled-gallery type-rectangular tiled-gallery-unresized\" data-original-width=\"500\" data-carousel-extra='null' itemscope itemtype=\"http:\/\/schema.org\/ImageGallery\" > <div class=\"gallery-row\" style=\"width: 500px; height: 224px;\" data-original-width=\"500\" data-original-height=\"224\" > <div class=\"gallery-group images-1\" style=\"width: 334px; height: 224px;\" data-original-width=\"334\" data-original-height=\"224\" > <div class=\"tiled-gallery-item tiled-gallery-item-large\" itemprop=\"associatedMedia\" itemscope itemtype=\"http:\/\/schema.org\/ImageObject\"> <a href=\"http:\/\/www.tvturk.com\/index.php\/malatyanin-en-iyi-bali-yazihandan\/malatyanin-en-iyi-bali-yazihandan-3\/\" border=\"0\" itemprop=\"url\"> <meta itemprop=\"width\" content=\"330\"> <meta itemprop=\"height\" content=\"220\"> <img decoding=\"async\" class=\"\" data-attachment-id=\"133806\" data-orig-file=\"http:\/\/www.tvturk.com\/wp-content\/uploads\/2019\/04\/malatyanin-en-iyi-bali-yazihandan_32b517c.jpg\" data-orig-size=\"1000,667\" data-comments-opened=\"\" data-image-meta=\"{&quot;aperture&quot;:&quot;0&quot;,&quot;credit&quot;:&quot;IHA&quot;,&quot;camera&quot;:&quot;&quot;,&quot;caption&quot;:&quot;BU YIL 13.S\\u00dc D\\u00dcZENLENEN MALATYA TARIM FUARINDA GER\\u00c7EKLE\\u015eT\\u0130R\\u0130LEN \\u0022EN \\u0130Y\\u0130 BAL\\u0022 YARI\\u015eMASINDA MALATYA\\u2019NIN EN \\u0130Y\\u0130 VE KAL\\u0130TEL\\u0130 BALI SE\\u00c7\\u0130LD\\u0130. (BARI\\u015e T\\u00dcREL\\\/MALATYA-\\u0130HA)&quot;,&quot;created_timestamp&quot;:&quot;0&quot;,&quot;copyright&quot;:&quot;\\u0130HLAS HABER AJANSI, www.iha.com.tr&quot;,&quot;focal_length&quot;:&quot;0&quot;,&quot;iso&quot;:&quot;0&quot;,&quot;shutter_speed&quot;:&quot;0&quot;,&quot;title&quot;:&quot;MALATYA\\u2019NIN EN \\u0130Y\\u0130 BALI YAZIHAN\\u2019DAN&quot;,&quot;orientation&quot;:&quot;0&quot;}\" data-image-title=\"Malatya\u2019n\u0131n en iyi bal\u0131 Yaz\u0131han\u2019dan\" data-image-description=\"&lt;p&gt;Malatya\u2019n\u0131n en iyi bal\u0131 Yaz\u0131han\u2019dan&lt;\/p&gt; \" data-medium-file=\"https:\/\/i0.wp.com\/www.tvturk.com\/wp-content\/uploads\/2019\/04\/malatyanin-en-iyi-bali-yazihandan_32b517c.jpg?fit=300%2C200\" data-large-file=\"https:\/\/i0.wp.com\/www.tvturk.com\/wp-content\/uploads\/2019\/04\/malatyanin-en-iyi-bali-yazihandan_32b517c.jpg?fit=1000%2C667\" src=\"https:\/\/i0.wp.com\/www.tvturk.com\/wp-content\/uploads\/2019\/04\/malatyanin-en-iyi-bali-yazihandan_32b517c.jpg?w=330&#038;h=220\" srcset=\"https:\/\/i0.wp.com\/www.tvturk.com\/wp-content\/uploads\/2019\/04\/malatyanin-en-iyi-bali-yazihandan_32b517c.jpg?w=1000 1000w, https:\/\/i0.wp.com\/www.tvturk.com\/wp-content\/uploads\/2019\/04\/malatyanin-en-iyi-bali-yazihandan_32b517c.jpg?resize=150%2C100 150w, https:\/\/i0.wp.com\/www.tvturk.com\/wp-content\/uploads\/2019\/04\/malatyanin-en-iyi-bali-yazihandan_32b517c.jpg?resize=300%2C200 300w, https:\/\/i0.wp.com\/www.tvturk.com\/wp-content\/uploads\/2019\/04\/malatyanin-en-iyi-bali-yazihandan_32b517c.jpg?resize=768%2C512 768w, https:\/\/i0.wp.com\/www.tvturk.com\/wp-content\/uploads\/2019\/04\/malatyanin-en-iyi-bali-yazihandan_32b517c.jpg?resize=170%2C113 170w, https:\/\/i0.wp.com\/www.tvturk.com\/wp-content\/uploads\/2019\/04\/malatyanin-en-iyi-bali-yazihandan_32b517c.jpg?resize=120%2C80 120w\" width=\"330\" height=\"220\" loading=\"lazy\" data-original-width=\"330\" data-original-height=\"220\" itemprop=\"http:\/\/schema.org\/image\" title=\"Malatya\u2019n\u0131n en iyi bal\u0131 Yaz\u0131han\u2019dan\" alt=\"Malatya\u2019n\u0131n en iyi bal\u0131 Yaz\u0131han\u2019dan\" style=\"width: 330px; height: 220px;\" \/> <\/a> <\/div> <\/div> <!-- close group --> <div class=\"gallery-group images-2\" style=\"width: 166px; height: 224px;\" data-original-width=\"166\" data-original-height=\"224\" > <div class=\"tiled-gallery-item tiled-gallery-item-small\" itemprop=\"associatedMedia\" itemscope itemtype=\"http:\/\/schema.org\/ImageObject\"> <a href=\"http:\/\/www.tvturk.com\/index.php\/malatyanin-en-iyi-bali-yazihandan\/malatyanin-en-iyi-bali-yazihandan-4\/\" border=\"0\" itemprop=\"url\"> <meta itemprop=\"width\" content=\"162\"> <meta itemprop=\"height\" content=\"108\"> <img decoding=\"async\" class=\"\" data-attachment-id=\"133807\" data-orig-file=\"http:\/\/www.tvturk.com\/wp-content\/uploads\/2019\/04\/malatyanin-en-iyi-bali-yazihandan_b308c3b.jpg\" data-orig-size=\"1000,667\" data-comments-opened=\"\" data-image-meta=\"{&quot;aperture&quot;:&quot;0&quot;,&quot;credit&quot;:&quot;IHA&quot;,&quot;camera&quot;:&quot;&quot;,&quot;caption&quot;:&quot;BU YIL 13.S\\u00dc D\\u00dcZENLENEN MALATYA TARIM FUARINDA GER\\u00c7EKLE\\u015eT\\u0130R\\u0130LEN \\u0022EN \\u0130Y\\u0130 BAL\\u0022 YARI\\u015eMASINDA MALATYA\\u2019NIN EN \\u0130Y\\u0130 VE KAL\\u0130TEL\\u0130 BALI SE\\u00c7\\u0130LD\\u0130. (BARI\\u015e T\\u00dcREL\\\/MALATYA-\\u0130HA)&quot;,&quot;created_timestamp&quot;:&quot;0&quot;,&quot;copyright&quot;:&quot;\\u0130HLAS HABER AJANSI, www.iha.com.tr&quot;,&quot;focal_length&quot;:&quot;0&quot;,&quot;iso&quot;:&quot;0&quot;,&quot;shutter_speed&quot;:&quot;0&quot;,&quot;title&quot;:&quot;MALATYA\\u2019NIN EN \\u0130Y\\u0130 BALI YAZIHAN\\u2019DAN&quot;,&quot;orientation&quot;:&quot;0&quot;}\" data-image-title=\"Malatya\u2019n\u0131n en iyi bal\u0131 Yaz\u0131han\u2019dan\" data-image-description=\"&lt;p&gt;Malatya\u2019n\u0131n en iyi bal\u0131 Yaz\u0131han\u2019dan&lt;\/p&gt; \" data-medium-file=\"https:\/\/i0.wp.com\/www.tvturk.com\/wp-content\/uploads\/2019\/04\/malatyanin-en-iyi-bali-yazihandan_b308c3b.jpg?fit=300%2C200\" data-large-file=\"https:\/\/i0.wp.com\/www.tvturk.com\/wp-content\/uploads\/2019\/04\/malatyanin-en-iyi-bali-yazihandan_b308c3b.jpg?fit=1000%2C667\" src=\"https:\/\/i0.wp.com\/www.tvturk.com\/wp-content\/uploads\/2019\/04\/malatyanin-en-iyi-bali-yazihandan_b308c3b.jpg?w=162&#038;h=108\" srcset=\"https:\/\/i0.wp.com\/www.tvturk.com\/wp-content\/uploads\/2019\/04\/malatyanin-en-iyi-bali-yazihandan_b308c3b.jpg?w=1000 1000w, https:\/\/i0.wp.com\/www.tvturk.com\/wp-content\/uploads\/2019\/04\/malatyanin-en-iyi-bali-yazihandan_b308c3b.jpg?resize=150%2C100 150w, https:\/\/i0.wp.com\/www.tvturk.com\/wp-content\/uploads\/2019\/04\/malatyanin-en-iyi-bali-yazihandan_b308c3b.jpg?resize=300%2C200 300w, https:\/\/i0.wp.com\/www.tvturk.com\/wp-content\/uploads\/2019\/04\/malatyanin-en-iyi-bali-yazihandan_b308c3b.jpg?resize=768%2C512 768w, https:\/\/i0.wp.com\/www.tvturk.com\/wp-content\/uploads\/2019\/04\/malatyanin-en-iyi-bali-yazihandan_b308c3b.jpg?resize=170%2C113 170w, https:\/\/i0.wp.com\/www.tvturk.com\/wp-content\/uploads\/2019\/04\/malatyanin-en-iyi-bali-yazihandan_b308c3b.jpg?resize=120%2C80 120w\" width=\"162\" height=\"108\" loading=\"lazy\" data-original-width=\"162\" data-original-height=\"108\" itemprop=\"http:\/\/schema.org\/image\" title=\"Malatya\u2019n\u0131n en iyi bal\u0131 Yaz\u0131han\u2019dan\" alt=\"Malatya\u2019n\u0131n en iyi bal\u0131 Yaz\u0131han\u2019dan\" style=\"width: 162px; height: 108px;\" \/> <\/a> <\/div> <div class=\"tiled-gallery-item tiled-gallery-item-small\" itemprop=\"associatedMedia\" itemscope itemtype=\"http:\/\/schema.org\/ImageObject\"> <a href=\"http:\/\/www.tvturk.com\/index.php\/malatyanin-en-iyi-bali-yazihandan\/malatyanin-en-iyi-bali-yazihandan-5\/\" border=\"0\" itemprop=\"url\"> <meta itemprop=\"width\" content=\"162\"> <meta itemprop=\"height\" content=\"108\"> <img decoding=\"async\" class=\"\" data-attachment-id=\"133808\" data-orig-file=\"http:\/\/www.tvturk.com\/wp-content\/uploads\/2019\/04\/malatyanin-en-iyi-bali-yazihandan_8bc5af6.jpg\" data-orig-size=\"1000,667\" data-comments-opened=\"\" data-image-meta=\"{&quot;aperture&quot;:&quot;0&quot;,&quot;credit&quot;:&quot;IHA&quot;,&quot;camera&quot;:&quot;&quot;,&quot;caption&quot;:&quot;BU YIL 13.S\\u00dc D\\u00dcZENLENEN MALATYA TARIM FUARINDA GER\\u00c7EKLE\\u015eT\\u0130R\\u0130LEN \\u0022EN \\u0130Y\\u0130 BAL\\u0022 YARI\\u015eMASINDA MALATYA\\u2019NIN EN \\u0130Y\\u0130 VE KAL\\u0130TEL\\u0130 BALI SE\\u00c7\\u0130LD\\u0130. (BARI\\u015e T\\u00dcREL\\\/MALATYA-\\u0130HA)&quot;,&quot;created_timestamp&quot;:&quot;0&quot;,&quot;copyright&quot;:&quot;\\u0130HLAS HABER AJANSI, www.iha.com.tr&quot;,&quot;focal_length&quot;:&quot;0&quot;,&quot;iso&quot;:&quot;0&quot;,&quot;shutter_speed&quot;:&quot;0&quot;,&quot;title&quot;:&quot;MALATYA\\u2019NIN EN \\u0130Y\\u0130 BALI YAZIHAN\\u2019DAN&quot;,&quot;orientation&quot;:&quot;0&quot;}\" data-image-title=\"Malatya\u2019n\u0131n en iyi bal\u0131 Yaz\u0131han\u2019dan\" data-image-description=\"&lt;p&gt;Malatya\u2019n\u0131n en iyi bal\u0131 Yaz\u0131han\u2019dan&lt;\/p&gt; \" data-medium-file=\"https:\/\/i0.wp.com\/www.tvturk.com\/wp-content\/uploads\/2019\/04\/malatyanin-en-iyi-bali-yazihandan_8bc5af6.jpg?fit=300%2C200\" data-large-file=\"https:\/\/i0.wp.com\/www.tvturk.com\/wp-content\/uploads\/2019\/04\/malatyanin-en-iyi-bali-yazihandan_8bc5af6.jpg?fit=1000%2C667\" src=\"https:\/\/i0.wp.com\/www.tvturk.com\/wp-content\/uploads\/2019\/04\/malatyanin-en-iyi-bali-yazihandan_8bc5af6.jpg?w=162&#038;h=108\" srcset=\"https:\/\/i0.wp.com\/www.tvturk.com\/wp-content\/uploads\/2019\/04\/malatyanin-en-iyi-bali-yazihandan_8bc5af6.jpg?w=1000 1000w, https:\/\/i0.wp.com\/www.tvturk.com\/wp-content\/uploads\/2019\/04\/malatyanin-en-iyi-bali-yazihandan_8bc5af6.jpg?resize=150%2C100 150w, https:\/\/i0.wp.com\/www.tvturk.com\/wp-content\/uploads\/2019\/04\/malatyanin-en-iyi-bali-yazihandan_8bc5af6.jpg?resize=300%2C200 300w, https:\/\/i0.wp.com\/www.tvturk.com\/wp-content\/uploads\/2019\/04\/malatyanin-en-iyi-bali-yazihandan_8bc5af6.jpg?resize=768%2C512 768w, https:\/\/i0.wp.com\/www.tvturk.com\/wp-content\/uploads\/2019\/04\/malatyanin-en-iyi-bali-yazihandan_8bc5af6.jpg?resize=170%2C113 170w, https:\/\/i0.wp.com\/www.tvturk.com\/wp-content\/uploads\/2019\/04\/malatyanin-en-iyi-bali-yazihandan_8bc5af6.jpg?resize=120%2C80 120w\" width=\"162\" height=\"108\" loading=\"lazy\" data-original-width=\"162\" data-original-height=\"108\" itemprop=\"http:\/\/schema.org\/image\" title=\"Malatya\u2019n\u0131n en iyi bal\u0131 Yaz\u0131han\u2019dan\" alt=\"Malatya\u2019n\u0131n en iyi bal\u0131 Yaz\u0131han\u2019dan\" style=\"width: 162px; height: 108px;\" \/> <\/a> <\/div> <\/div> <!-- close group --> <\/div> <!-- close row --> <\/div><\/p>\n","protected":false},"excerpt":{"rendered":"<p>BU YIL 13.S\u00dc D\u00dcZENLENEN MALATYA TARIM FUARINDA GER\u00c7EKLE\u015eT\u0130R\u0130LEN &#8220;EN \u0130Y\u0130 BAL&#8221; YARI\u015eMASINDA MALATYA\u2019NIN EN \u0130Y\u0130 VE KAL\u0130TEL\u0130 BALI SE\u00c7\u0130LD\u0130.<\/p>\n","protected":false},"author":1,"featured_media":133805,"comment_status":"closed","ping_status":"open","sticky":false,"template":"","format":"standard","meta":{"jetpack_post_was_ever_published":false,"_jetpack_newsletter_access":"","_jetpack_dont_email_post_to_subs":false,"_jetpack_newsletter_tier_id":0,"_jetpack_memberships_contains_paywalled_content":false,"_jetpack_memberships_contains_paid_content":false,"footnotes":"","jetpack_publicize_message":"","jetpack_publicize_feature_enabled":true,"jetpack_social_post_already_shared":true,"jetpack_social_options":{"image_generator_settings":{"template":"highway","default_image_id":0,"font":"","enabled":false},"version":2}},"categories":[1],"tags":[22586,1552,2790,30862],"class_list":["post-133804","post","type-post","status-publish","format-standard","has-post-thumbnail","hentry","category-genel","tag-bali","tag-iyi","tag-malatyanin","tag-yazihandan"],"jetpack_publicize_connections":[],"jetpack_featured_media_url":"https:\/\/i0.wp.com\/www.tvturk.com\/wp-content\/uploads\/2019\/04\/malatyanin-en-iyi-bali-yazihandan_ba7425e.jpg?fit=1000%2C667","jetpack_sharing_enabled":true,"jetpack_shortlink":"https:\/\/wp.me\/paKIfm-yO8","_links":{"self":[{"href":"http:\/\/www.tvturk.com\/index.php\/wp-json\/wp\/v2\/posts\/133804","targetHints":{"allow":["GET"]}}],"collection":[{"href":"http:\/\/www.tvturk.com\/index.php\/wp-json\/wp\/v2\/posts"}],"about":[{"href":"http:\/\/www.tvturk.com\/index.php\/wp-json\/wp\/v2\/types\/post"}],"author":[{"embeddable":true,"href":"http:\/\/www.tvturk.com\/index.php\/wp-json\/wp\/v2\/users\/1"}],"replies":[{"embeddable":true,"href":"http:\/\/www.tvturk.com\/index.php\/wp-json\/wp\/v2\/comments?post=133804"}],"version-history":[{"count":1,"href":"http:\/\/www.tvturk.com\/index.php\/wp-json\/wp\/v2\/posts\/133804\/revisions"}],"predecessor-version":[{"id":133809,"href":"http:\/\/www.tvturk.com\/index.php\/wp-json\/wp\/v2\/posts\/133804\/revisions\/133809"}],"wp:featuredmedia":[{"embeddable":true,"href":"http:\/\/www.tvturk.com\/index.php\/wp-json\/wp\/v2\/media\/133805"}],"wp:attachment":[{"href":"http:\/\/www.tvturk.com\/index.php\/wp-json\/wp\/v2\/media?parent=133804"}],"wp:term":[{"taxonomy":"category","embeddable":true,"href":"http:\/\/www.tvturk.com\/index.php\/wp-json\/wp\/v2\/categories?post=133804"},{"taxonomy":"post_tag","embeddable":true,"href":"http:\/\/www.tvturk.com\/index.php\/wp-json\/wp\/v2\/tags?post=133804"}],"curies":[{"name":"wp","href":"https:\/\/api.w.org\/{rel}","templated":true}]}}