{"id":133867,"date":"2019-04-12T17:05:14","date_gmt":"2019-04-12T14:05:14","guid":{"rendered":"http:\/\/www.tvturk.com\/index.php\/minik-ahmete-yardim-eli-uzandi\/"},"modified":"2019-04-12T17:05:15","modified_gmt":"2019-04-12T14:05:15","slug":"minik-ahmete-yardim-eli-uzandi","status":"publish","type":"post","link":"http:\/\/www.tvturk.com\/index.php\/minik-ahmete-yardim-eli-uzandi\/","title":{"rendered":"Minik Ahmet\u2019e yard\u0131m eli uzand\u0131"},"content":{"rendered":"<p>8 ya\u015f\u0131ndaki Ahmet\u2019in T\u00fcrkiye\u2019de tedavisi bulunmayan hastal\u0131\u011f\u0131 i\u00e7in yurt i\u00e7i ve yurt d\u0131\u015f\u0131ndan bir\u00e7ok ki\u015fi yard\u0131m konusunda seferber oldu. MHP Afyonkarahisar Milletvekili Mehmet Taytak da aileye ula\u015farak minik Ahmet\u2019in tedavisi i\u00e7in ne gerekiyorsa yapacaklar\u0131n\u0131 bildirdi.<\/p>\n<p>Afyonkarahisar\u2019\u0131n Bayat il\u00e7esine ba\u011fl\u0131 Sa\u011f\u0131rl\u0131 k\u00f6y\u00fcnde ya\u015fayan Ahmet Oru\u00e7 Bostan, hen\u00fcz 8 ya\u015f\u0131nda. Bundan iki y\u0131l \u00f6nce okulda \u00f6\u011fretmeni taraf\u0131ndan arkada\u015flar\u0131ndan geri oldu\u011funun fark edilmesi \u00fczerine muayene edilen \u00e7ocu\u011fun, bir t\u00fcr kas problemi olan t\u0131p dilinde Musk\u00fcler Distrofi ad\u0131 verilen hastal\u0131\u011fa yakaland\u0131\u011f\u0131 anla\u015f\u0131ld\u0131. Doktorlar\u0131n, bir t\u00fcrl\u00fc \u00e7are bulunamayan hastal\u0131k nedeniyle Ahmet\u2019in 12-13 ya\u015flar\u0131nda y\u00fcr\u00fcme yetisini tamamen kaybedece\u011fini ve 20\u2019li ya\u015flarda da hayat\u0131n\u0131 kaybedebilece\u011fini s\u00f6ylemesi aileyi y\u0131k\u0131ma u\u011fratt\u0131. \u0130HA\u2019n\u0131n g\u00fcndeme getirdi\u011fi haber sonras\u0131 konuyu \u00f6\u011frenerek Eski\u015fehir Osmangazi \u00dcniversitesi Hastanesindeki doktorlarla g\u00f6r\u00fc\u015fen MHP Afyonkarahisar Milletvekili Mehmet Taytak, ailenin tekrar hastaneye kontrole gitmeleri noktas\u0131nda ricada bulundu.<\/p>\n<p>Konuya ili\u015fkin a\u00e7\u0131klamada bulanan Mehmet Taytak, &#8220;8 ya\u015f\u0131nda, arkada\u015flar\u0131 gibi ko\u015fmak konu\u015fmak, onlar gibi bisiklet s\u00fcrmek isteyen \u00e7ocu\u011fumuzun haberini okudu\u011fumda \u00e7ok \u00fcz\u00fcld\u00fc\u011f\u00fcm\u00fc belirtmek isterim. Haberi okuduktan sonra, bizzat aileye ula\u015f\u0131p durumun b\u00fct\u00fcn detaylar\u0131n\u0131 \u00f6\u011frendim. Bir sene \u00f6nce ilk te\u015fhisin konuldu\u011fu hastane yetkilileri ile g\u00f6r\u00fc\u015f\u00fcp, ailemizi doktorlar\u0131m\u0131z ile irtibata ge\u00e7irdim. Eski\u015fehir Osmangazi \u00dcniversitesi Hastanesinden \u00e7ocu\u011fumuz i\u00e7in randevu alarak \u00e7aresiz anne ve babaya yaln\u0131z olmad\u0131klar\u0131n\u0131, k\u00fc\u00e7\u00fck \u00e7ocu\u011fumuzun tedavi s\u00fcreci i\u00e7erisinde elimizden ne gelir ise her zaman konuyu takip edece\u011fimizi, yanlar\u0131nda olaca\u011f\u0131m\u0131z\u0131 ilettim. \u00c7ocu\u011fumuzun kontrol\u00fc sonras\u0131nda, konulacak olan te\u015fhise g\u00f6re yurt i\u00e7erisinde tedavi s\u00fcrecinin devam edilmesi karar\u0131 verilirse, hangi hastaneye g\u00f6t\u00fcr\u00fclmesi gerekirse maddi a\u00e7\u0131dan ailemize destek olaca\u011f\u0131m. Konulacak olan te\u015fhis \u00e7ocu\u011fumuzun yurt d\u0131\u015f\u0131nda tedavi g\u00f6r\u00fclmesi \u00f6ng\u00f6r\u00fcl\u00fcr ise, b\u00fcrokrasi taraf\u0131ndan ailemize, \u00e7ocu\u011fumuza bu noktada yard\u0131mlarda bulunaca\u011f\u0131m. Sonras\u0131nda Afyon \u0130l Sa\u011fl\u0131k M\u00fcd\u00fcr\u00fcm\u00fcz ile g\u00f6r\u00fc\u015ferek ailenin durumunu anlatarak, \u0130l M\u00fcd\u00fcrl\u00fc\u011f\u00fcm\u00fcz taraf\u0131ndan ne gerekiyor ise duyarl\u0131 olmalar\u0131 noktas\u0131nda ricada bulundum. \u00c7ocu\u011fumuzun en k\u0131sa s\u00fcrede hastal\u0131\u011f\u0131na bir \u00e7\u00f6z\u00fcm bulunmas\u0131n\u0131 diliyorum. Aileye tekrardan ge\u00e7mi\u015f olsun dileklerimi iletiyorum\u201d dedi.<\/p>\n<p>Milletvekili Taytak\u2019\u0131n yan\u0131 s\u0131ra Demokrat Parti (DP) Genel Ba\u015fkan\u0131 G\u00fcltekin Uysal ve bir\u00e7ok yard\u0131msever vatanda\u015f\u0131n da \u0130hlas Haber Ajans\u0131 muhabiri arac\u0131l\u0131\u011f\u0131yla yard\u0131m etmek i\u00e7in aileye ula\u015ft\u0131\u011f\u0131 \u00f6\u011frenildi.<div class=\"tiled-gallery type-rectangular tiled-gallery-unresized\" data-original-width=\"500\" data-carousel-extra='null' itemscope itemtype=\"http:\/\/schema.org\/ImageGallery\" > <div class=\"gallery-row\" style=\"width: 500px; height: 192px;\" data-original-width=\"500\" data-original-height=\"192\" > <div class=\"gallery-group images-1\" style=\"width: 254px; height: 192px;\" data-original-width=\"254\" data-original-height=\"192\" > <div class=\"tiled-gallery-item tiled-gallery-item-large\" itemprop=\"associatedMedia\" itemscope itemtype=\"http:\/\/schema.org\/ImageObject\"> <a href=\"http:\/\/www.tvturk.com\/index.php\/minik-ahmete-yardim-eli-uzandi\/minik-ahmete-yardim-eli-uzandi-3\/\" border=\"0\" itemprop=\"url\"> <meta itemprop=\"width\" content=\"250\"> <meta itemprop=\"height\" content=\"188\"> <img decoding=\"async\" class=\"\" data-attachment-id=\"133869\" data-orig-file=\"http:\/\/www.tvturk.com\/wp-content\/uploads\/2019\/04\/minik-ahmete-yardim-eli-uzandi_bff013a.jpg\" data-orig-size=\"640,481\" data-comments-opened=\"\" data-image-meta=\"{&quot;aperture&quot;:&quot;0&quot;,&quot;credit&quot;:&quot;IHA&quot;,&quot;camera&quot;:&quot;&quot;,&quot;caption&quot;:&quot;T\\u00dcRK\\u0130YE\\u2019DE TEDAV\\u0130S\\u0130 BULUNMAYAN 8 YA\\u015eINDAK\\u0130 AHMET\\u2019\\u0130N RAHATSIZLI\\u011eI \\u0130\\u00c7\\u0130N YURT\\u0130\\u00c7\\u0130NDEN VE YURT DI\\u015eINDA B\\u0130R\\u00c7OK KES\\u0130M YARDIM ETMEK \\u0130\\u00c7\\u0130N SEFERBER OLDU. MHP AFYONKARAH\\u0130SAR M\\u0130LLETVEK\\u0130L\\u0130 MEHMET TAYTAK\\u2019TA A\\u0130LEYE ULA\\u015eARAK K\\u00dc\\u00c7\\u00dcK AHMET\\u2019\\u0130N TEDAV\\u0130S\\u0130 \\u0130\\u00c7\\u0130N NE GEREK\\u0130YORSA YAPACAKLARINI B\\u0130LD\\u0130RD\\u0130. (HAYAT\\u0130 KANAT\\\/AFYONKARAH\\u0130SAR-\\u0130HA)&quot;,&quot;created_timestamp&quot;:&quot;0&quot;,&quot;copyright&quot;:&quot;\\u0130HLAS HABER AJANSI, www.iha.com.tr&quot;,&quot;focal_length&quot;:&quot;0&quot;,&quot;iso&quot;:&quot;0&quot;,&quot;shutter_speed&quot;:&quot;0&quot;,&quot;title&quot;:&quot;M\\u0130N\\u0130K AHMET\\u2019E YARDIM EL\\u0130 UZANDI M\\u0130N\\u0130K AHMET \\u0130\\u00c7\\u0130N UMUT I\\u015eI\\u011eI&quot;,&quot;orientation&quot;:&quot;0&quot;}\" data-image-title=\"Minik Ahmet\u2019e yard\u0131m eli uzand\u0131\" data-image-description=\"&lt;p&gt;Minik Ahmet\u2019e yard\u0131m eli uzand\u0131&lt;\/p&gt; \" data-medium-file=\"https:\/\/i0.wp.com\/www.tvturk.com\/wp-content\/uploads\/2019\/04\/minik-ahmete-yardim-eli-uzandi_bff013a.jpg?fit=300%2C225\" data-large-file=\"https:\/\/i0.wp.com\/www.tvturk.com\/wp-content\/uploads\/2019\/04\/minik-ahmete-yardim-eli-uzandi_bff013a.jpg?fit=640%2C481\" src=\"https:\/\/i0.wp.com\/www.tvturk.com\/wp-content\/uploads\/2019\/04\/minik-ahmete-yardim-eli-uzandi_bff013a.jpg?w=250&#038;h=188\" srcset=\"https:\/\/i0.wp.com\/www.tvturk.com\/wp-content\/uploads\/2019\/04\/minik-ahmete-yardim-eli-uzandi_bff013a.jpg?w=640 640w, https:\/\/i0.wp.com\/www.tvturk.com\/wp-content\/uploads\/2019\/04\/minik-ahmete-yardim-eli-uzandi_bff013a.jpg?resize=150%2C113 150w, https:\/\/i0.wp.com\/www.tvturk.com\/wp-content\/uploads\/2019\/04\/minik-ahmete-yardim-eli-uzandi_bff013a.jpg?resize=300%2C225 300w\" width=\"250\" height=\"188\" loading=\"lazy\" data-original-width=\"250\" data-original-height=\"188\" itemprop=\"http:\/\/schema.org\/image\" title=\"Minik Ahmet\u2019e yard\u0131m eli uzand\u0131\" alt=\"Minik Ahmet\u2019e yard\u0131m eli uzand\u0131\" style=\"width: 250px; height: 188px;\" \/> <\/a> <\/div> <\/div> <!-- close group --> <div class=\"gallery-group images-1\" style=\"width: 246px; height: 192px;\" data-original-width=\"246\" data-original-height=\"192\" > <div class=\"tiled-gallery-item tiled-gallery-item-small\" itemprop=\"associatedMedia\" itemscope itemtype=\"http:\/\/schema.org\/ImageObject\"> <a href=\"http:\/\/www.tvturk.com\/index.php\/minik-ahmete-yardim-eli-uzandi\/minik-ahmete-yardim-eli-uzandi-4\/\" border=\"0\" itemprop=\"url\"> <meta itemprop=\"width\" content=\"242\"> <meta itemprop=\"height\" content=\"188\"> <img decoding=\"async\" class=\"\" data-attachment-id=\"133870\" data-orig-file=\"http:\/\/www.tvturk.com\/wp-content\/uploads\/2019\/04\/minik-ahmete-yardim-eli-uzandi_3cdc9ac.jpg\" data-orig-size=\"515,401\" data-comments-opened=\"\" data-image-meta=\"{&quot;aperture&quot;:&quot;0&quot;,&quot;credit&quot;:&quot;IHA&quot;,&quot;camera&quot;:&quot;&quot;,&quot;caption&quot;:&quot;T\\u00dcRK\\u0130YE\\u2019DE TEDAV\\u0130S\\u0130 BULUNMAYAN 8 YA\\u015eINDAK\\u0130 AHMET\\u2019\\u0130N RAHATSIZLI\\u011eI \\u0130\\u00c7\\u0130N YURT\\u0130\\u00c7\\u0130NDEN VE YURT DI\\u015eINDA B\\u0130R\\u00c7OK KES\\u0130M YARDIM ETMEK \\u0130\\u00c7\\u0130N SEFERBER OLDU. MHP AFYONKARAH\\u0130SAR M\\u0130LLETVEK\\u0130L\\u0130 MEHMET TAYTAK\\u2019TA A\\u0130LEYE ULA\\u015eARAK K\\u00dc\\u00c7\\u00dcK AHMET\\u2019\\u0130N TEDAV\\u0130S\\u0130 \\u0130\\u00c7\\u0130N NE GEREK\\u0130YORSA YAPACAKLARINI B\\u0130LD\\u0130RD\\u0130. (HAYAT\\u0130 KANAT\\\/AFYONKARAH\\u0130SAR-\\u0130HA)&quot;,&quot;created_timestamp&quot;:&quot;0&quot;,&quot;copyright&quot;:&quot;\\u0130HLAS HABER AJANSI, www.iha.com.tr&quot;,&quot;focal_length&quot;:&quot;0&quot;,&quot;iso&quot;:&quot;0&quot;,&quot;shutter_speed&quot;:&quot;0&quot;,&quot;title&quot;:&quot;M\\u0130N\\u0130K AHMET\\u2019E YARDIM EL\\u0130 UZANDI M\\u0130N\\u0130K AHMET \\u0130\\u00c7\\u0130N UMUT I\\u015eI\\u011eI&quot;,&quot;orientation&quot;:&quot;0&quot;}\" data-image-title=\"Minik Ahmet\u2019e yard\u0131m eli uzand\u0131\" data-image-description=\"&lt;p&gt;Minik Ahmet\u2019e yard\u0131m eli uzand\u0131&lt;\/p&gt; \" data-medium-file=\"https:\/\/i0.wp.com\/www.tvturk.com\/wp-content\/uploads\/2019\/04\/minik-ahmete-yardim-eli-uzandi_3cdc9ac.jpg?fit=300%2C234\" data-large-file=\"https:\/\/i0.wp.com\/www.tvturk.com\/wp-content\/uploads\/2019\/04\/minik-ahmete-yardim-eli-uzandi_3cdc9ac.jpg?fit=515%2C401\" src=\"https:\/\/i0.wp.com\/www.tvturk.com\/wp-content\/uploads\/2019\/04\/minik-ahmete-yardim-eli-uzandi_3cdc9ac.jpg?w=242&#038;h=188\" srcset=\"https:\/\/i0.wp.com\/www.tvturk.com\/wp-content\/uploads\/2019\/04\/minik-ahmete-yardim-eli-uzandi_3cdc9ac.jpg?w=515 515w, https:\/\/i0.wp.com\/www.tvturk.com\/wp-content\/uploads\/2019\/04\/minik-ahmete-yardim-eli-uzandi_3cdc9ac.jpg?resize=150%2C117 150w, https:\/\/i0.wp.com\/www.tvturk.com\/wp-content\/uploads\/2019\/04\/minik-ahmete-yardim-eli-uzandi_3cdc9ac.jpg?resize=300%2C234 300w\" width=\"242\" height=\"188\" loading=\"lazy\" data-original-width=\"242\" data-original-height=\"188\" itemprop=\"http:\/\/schema.org\/image\" title=\"Minik Ahmet\u2019e yard\u0131m eli uzand\u0131\" alt=\"Minik Ahmet\u2019e yard\u0131m eli uzand\u0131\" style=\"width: 242px; height: 188px;\" \/> <\/a> <\/div> <\/div> <!-- close group --> <\/div> <!-- close row --> <\/div><\/p>\n","protected":false},"excerpt":{"rendered":"<p>T\u00dcRK\u0130YE\u2019DE TEDAV\u0130S\u0130 BULUNMAYAN 8 YA\u015eINDAK\u0130 AHMET\u2019\u0130N RAHATSIZLI\u011eI \u0130\u00c7\u0130N YURT \u0130\u00c7\u0130NDEN VE YURT DI\u015eINDA B\u0130R\u00c7OK KES\u0130M YARDIM ETMEK \u0130\u00c7\u0130N SEFERBER OLDU. MHP AFYONKARAH\u0130SAR M\u0130LLETVEK\u0130L\u0130 MEHMET TAYTAK\u2019TA A\u0130LEYE ULA\u015eARAK K\u00dc\u00c7\u00dcK AHMET\u2019\u0130N TEDAV\u0130S\u0130 \u0130\u00c7\u0130N NE GEREK\u0130YORSA YAPACAKLARINI B\u0130LD\u0130RD\u0130.<\/p>\n","protected":false},"author":1,"featured_media":133868,"comment_status":"closed","ping_status":"open","sticky":false,"template":"","format":"standard","meta":{"jetpack_post_was_ever_published":false,"_jetpack_newsletter_access":"","_jetpack_dont_email_post_to_subs":false,"_jetpack_newsletter_tier_id":0,"_jetpack_memberships_contains_paywalled_content":false,"_jetpack_memberships_contains_paid_content":false,"footnotes":"","jetpack_publicize_message":"","jetpack_publicize_feature_enabled":true,"jetpack_social_post_already_shared":true,"jetpack_social_options":{"image_generator_settings":{"template":"highway","default_image_id":0,"font":"","enabled":false},"version":2}},"categories":[1],"tags":[30878,4118,1636,25276,1736],"class_list":["post-133867","post","type-post","status-publish","format-standard","has-post-thumbnail","hentry","category-genel","tag-ahmete","tag-eli","tag-minik","tag-uzandi","tag-yardim"],"jetpack_publicize_connections":[],"jetpack_featured_media_url":"https:\/\/i0.wp.com\/www.tvturk.com\/wp-content\/uploads\/2019\/04\/minik-ahmete-yardim-eli-uzandi_8d9c0ec.jpg?fit=1000%2C666","jetpack_sharing_enabled":true,"jetpack_shortlink":"https:\/\/wp.me\/paKIfm-yP9","_links":{"self":[{"href":"http:\/\/www.tvturk.com\/index.php\/wp-json\/wp\/v2\/posts\/133867","targetHints":{"allow":["GET"]}}],"collection":[{"href":"http:\/\/www.tvturk.com\/index.php\/wp-json\/wp\/v2\/posts"}],"about":[{"href":"http:\/\/www.tvturk.com\/index.php\/wp-json\/wp\/v2\/types\/post"}],"author":[{"embeddable":true,"href":"http:\/\/www.tvturk.com\/index.php\/wp-json\/wp\/v2\/users\/1"}],"replies":[{"embeddable":true,"href":"http:\/\/www.tvturk.com\/index.php\/wp-json\/wp\/v2\/comments?post=133867"}],"version-history":[{"count":1,"href":"http:\/\/www.tvturk.com\/index.php\/wp-json\/wp\/v2\/posts\/133867\/revisions"}],"predecessor-version":[{"id":133871,"href":"http:\/\/www.tvturk.com\/index.php\/wp-json\/wp\/v2\/posts\/133867\/revisions\/133871"}],"wp:featuredmedia":[{"embeddable":true,"href":"http:\/\/www.tvturk.com\/index.php\/wp-json\/wp\/v2\/media\/133868"}],"wp:attachment":[{"href":"http:\/\/www.tvturk.com\/index.php\/wp-json\/wp\/v2\/media?parent=133867"}],"wp:term":[{"taxonomy":"category","embeddable":true,"href":"http:\/\/www.tvturk.com\/index.php\/wp-json\/wp\/v2\/categories?post=133867"},{"taxonomy":"post_tag","embeddable":true,"href":"http:\/\/www.tvturk.com\/index.php\/wp-json\/wp\/v2\/tags?post=133867"}],"curies":[{"name":"wp","href":"https:\/\/api.w.org\/{rel}","templated":true}]}}