{"id":133959,"date":"2019-04-12T18:28:08","date_gmt":"2019-04-12T15:28:08","guid":{"rendered":"http:\/\/www.tvturk.com\/index.php\/kapikulede-tir-soforlerinin-korkulu-ruyasi-cile-kuyrugu-tarih-oldu\/"},"modified":"2019-04-12T18:28:14","modified_gmt":"2019-04-12T15:28:14","slug":"kapikulede-tir-soforlerinin-korkulu-ruyasi-cile-kuyrugu-tarih-oldu","status":"publish","type":"post","link":"http:\/\/www.tvturk.com\/index.php\/kapikulede-tir-soforlerinin-korkulu-ruyasi-cile-kuyrugu-tarih-oldu\/","title":{"rendered":"Kap\u0131kule\u2019de t\u0131r \u015fof\u00f6rlerinin korkulu r\u00fcyas\u0131 \u2019\u00e7ile kuyru\u011fu\u2019 tarih oldu"},"content":{"rendered":"<p>Avrupa\u2019n\u0131n en b\u00fcy\u00fck d\u00fcnyan\u0131n ise ikinci b\u00fcy\u00fck kara s\u0131n\u0131r kap\u0131s\u0131 olan ve kamuoyunda uzun t\u0131r kuyruklar\u0131 ile s\u0131k s\u0131k g\u00fcndeme gelen Kap\u0131kule\u2019de, t\u0131r kuyruklar\u0131n\u0131 bitirmesi planlanan tarihi uygulama \u2019Kap\u0131kule S\u0131ra Numaras\u0131 Peronu\u2019 faaliyete ba\u015flad\u0131.<\/p>\n<p>Edirne Valisi Ekrem Canalp, Edirne Valili\u011fi, Trakya G\u00fcmr\u00fck Ticaret B\u00f6lge M\u00fcd\u00fcrl\u00fc\u011f\u00fc, Emniyet M\u00fcd\u00fcrl\u00fc\u011f\u00fc ve \u0130l Jandarma Komutanl\u0131\u011f\u0131n\u0131n i\u015fbirli\u011finde, bir s\u00fcredir \u00fczerinde \u00e7al\u0131\u015ft\u0131klar\u0131 yeni sistemi bas\u0131na tan\u0131tt\u0131. Vali Ekrem Canalp, \u201cEdirne dedi\u011fimizde akl\u0131m\u0131za gelen k\u00f6t\u00fc imajlardan bir tanesi t\u0131r kuyruklar\u0131yd\u0131. Ger\u00e7ekten de bazen 22 kilometreyi bulan t\u0131r kuyruklar\u0131m\u0131z oluyordu. D\u00fcnyan\u0131n ikinci b\u00fcy\u00fck kap\u0131s\u0131 olmas\u0131na ra\u011fmen yine de bizim \u00fclkemizin ekonomisinin de dinamizminin bir timsalidir asl\u0131nda, burada kapasiteyi ne kadar art\u0131r\u0131rsan\u0131z artt\u0131r\u0131n belirli miktarda kuyruk oluyor. Bundan sonra t\u0131r \u015fof\u00f6rlerimiz gayri insani ko\u015fullar alt\u0131nda ara\u00e7lar\u0131nda, t\u0131rlar\u0131nda s\u0131ra beklemek zorunda kalmayacaklar.\u201d dedi.<\/p>\n<p>\u201cKuyruktan kaynaklanan b\u00fct\u00fcn s\u0131k\u0131nt\u0131lar\u0131 da bu \u015fekilde bertaraf etme \u015fans\u0131m\u0131z olacak\u201d<\/p>\n<p>Canalp, yeni sistem ile ilgili de bilgiler vererek, \u201cBu uygulamam\u0131z t\u0131r \u015fof\u00f6rlerinin tesislerde beklemesine y\u00f6nelik. Burada t\u0131r \u015fof\u00f6rlerimiz t\u0131r kuyru\u011funda beklemek yerine, 5-10 dakikada bir arac\u0131 \u00e7al\u0131\u015ft\u0131r\u0131p ilerletmek yerine, burada bir s\u0131ra fi\u015fi alacak, alm\u0131\u015f oldu\u011fu s\u0131ra fi\u015fi ile ilerideki tesislerden herhangi birisine, arzu etti\u011fi tesis hangisi ise gidecek kendi s\u0131ras\u0131n\u0131 bekleyecek. Kendi s\u0131ras\u0131n\u0131 beklerken de kendisine bilgilendirme yap\u0131lacak. O bilgilendirme neticesinde de kendisi de hangi saatte i\u015flemlerini yapmak \u00fczere hareket etmesi gerekti\u011fini bilecek dolay\u0131s\u0131yla da art\u0131k kuyrukta beklemek zorunda kalmayacak. Kuyruktan kaynaklanan b\u00fct\u00fcn s\u0131k\u0131nt\u0131lar\u0131 da bu \u015fekilde bertaraf etme \u015fans\u0131m\u0131z olacak.\u201d diye konu\u015ftu.<\/p>\n<p>\u201c\u0130hracat\u0131m\u0131z\u0131n isimsiz kahramanlar\u0131 insani ko\u015fullara kavu\u015facak\u201d<\/p>\n<p>Canalp, uygulamaya koyduklar\u0131 sistemle Edirne ve Kap\u0131kule\u2019nin bundan sonraki s\u00fcre\u00e7te t\u0131r kuyruklar\u0131 ile an\u0131lmamas\u0131n\u0131 hedeflediklerini belirterek, \u201cBu basit bir sistem, \u00e7ok pratik de bir sistem. \u00c7ok fazla y\u00fcksek maliyetleri olmayan da bir sistem. \u0130n\u015fallah bundan sonra insanlar\u0131m\u0131z\u0131n akl\u0131na \u2018Edirne\u2019 denildi\u011fi zaman t\u0131r kuyruklar\u0131 gelmeyecek. Kap\u0131kule t\u0131r kuyruklar\u0131 ile an\u0131l\u0131r halde olmayacak. \u0130n\u015fallah bundan sonra bizim ihracat\u0131m\u0131z\u0131n isimsiz kahramanlar\u0131 olan t\u0131r \u015fof\u00f6rlerimizde insani ko\u015fullar alt\u0131nda seyahat etme, dinlenme imkan\u0131 bulacaklar.\u201d dedi.<\/p>\n<p>\u201cAllah\u2019a \u015f\u00fck\u00fcr \u00e7ilemiz bitti\u201d<\/p>\n<p>T\u0131r \u015fof\u00f6rleri de yeni uygulamadan gayet memnun olduklar\u0131n\u0131 belirterek, ortalama 4 g\u00fcnl\u00fck bekleme s\u00fcrelerinin \u015fu an 1 g\u00fcne indi\u011fini dile getirerek, \u201cEn b\u00fcy\u00fck s\u0131k\u0131nt\u0131 s\u0131rada durmam\u0131z, sabaha kadar uyuyamamam\u0131zd\u0131. \u015eimdi bitti, direk parka gidiyoruz. Allah\u2019a \u015f\u00fck\u00fcr bitti. G\u00fczel bir uygulama. \u015eu anki sistem \u00e7ok g\u00fczel, yapanlar\u0131n eline sa\u011fl\u0131k, eme\u011fi ge\u00e7enlere te\u015fekk\u00fcr ederiz.\u201d ifadelerini kulland\u0131.<div class=\"tiled-gallery type-rectangular tiled-gallery-unresized\" data-original-width=\"500\" data-carousel-extra='null' itemscope itemtype=\"http:\/\/schema.org\/ImageGallery\" > <div class=\"gallery-row\" style=\"width: 500px; height: 224px;\" data-original-width=\"500\" data-original-height=\"224\" > <div class=\"gallery-group images-1\" style=\"width: 334px; height: 224px;\" data-original-width=\"334\" data-original-height=\"224\" > <div class=\"tiled-gallery-item tiled-gallery-item-large\" itemprop=\"associatedMedia\" itemscope itemtype=\"http:\/\/schema.org\/ImageObject\"> <a href=\"http:\/\/www.tvturk.com\/index.php\/kapikulede-tir-soforlerinin-korkulu-ruyasi-cile-kuyrugu-tarih-oldu\/kapikulede-tir-soforlerinin-korkulu-ruyasi-cile-kuyrugu-tarih-oldu-3\/\" border=\"0\" itemprop=\"url\"> <meta itemprop=\"width\" content=\"330\"> <meta itemprop=\"height\" content=\"220\"> <img decoding=\"async\" class=\"\" data-attachment-id=\"133961\" data-orig-file=\"http:\/\/www.tvturk.com\/wp-content\/uploads\/2019\/04\/kapikulede-tir-soforlerinin-korkulu-ruyasi-cile-kuyrugu-tarih-oldu_6fd640b.jpg\" data-orig-size=\"1000,666\" data-comments-opened=\"\" data-image-meta=\"{&quot;aperture&quot;:&quot;0&quot;,&quot;credit&quot;:&quot;IHA&quot;,&quot;camera&quot;:&quot;&quot;,&quot;caption&quot;:&quot;AVRUPA\\u2019NIN EN B\\u00dcY\\u00dcK D\\u00dcNYA\\u2019NIN \\u0130SE \\u0130K\\u0130NC\\u0130 B\\u00dcY\\u00dcK KARA SINIR KAPISI OLAN VE KAMUOYUNDA UZUN TIR KUYRUKLARI \\u0130LE SIK SIK G\\u00dcNDEME GELEN KAPIKULE\\u2019DE, TIR KUYRUKLARINI B\\u0130T\\u0130RMES\\u0130 PLANLANAN TAR\\u0130H\\u0130 UYGULAMA \\u0027KAPIKULE SIRA NUMARASI PERONI\\u0027 FAAL\\u0130YETE BA\\u015eLADI. (KORAY USTABA\\u015eI\\\/ED\\u0130RNE-\\u0130HA)&quot;,&quot;created_timestamp&quot;:&quot;0&quot;,&quot;copyright&quot;:&quot;\\u0130HLAS HABER AJANSI, www.iha.com.tr&quot;,&quot;focal_length&quot;:&quot;0&quot;,&quot;iso&quot;:&quot;0&quot;,&quot;shutter_speed&quot;:&quot;0&quot;,&quot;title&quot;:&quot;KAPIKULE\\u2019DE TIR \\u015eOF\\u00d6RLER\\u0130N\\u0130N KORKULU R\\u00dcYASI \\u0027\\u00c7\\u0130LE KUYRU\\u011eU\\u0027 TAR\\u0130H OLDU SIRA NUMARANI AL, \\u2018\\u00c7\\u0130LE\\u2019Y\\u0130 \\u00c7EKME! ED\\u0130RNE VAL\\u0130S\\u0130 EKREM CANALP: \\u201c\\u0130HRACATIMIZIN \\u0130S\\u0130MS\\u0130Z KAHRAMANLARI \\u0130NSAN\\u0130 KO\\u015eULLARA KAVU\\u015eACAK\\u201d&quot;,&quot;orientation&quot;:&quot;0&quot;}\" data-image-title=\"Kap\u0131kule\u2019de t\u0131r \u015fof\u00f6rlerinin korkulu r\u00fcyas\u0131 \u2019\u00e7ile kuyru\u011fu\u2019 tarih oldu\" data-image-description=\"&lt;p&gt;Kap\u0131kule\u2019de t\u0131r \u015fof\u00f6rlerinin korkulu r\u00fcyas\u0131 \u2019\u00e7ile kuyru\u011fu\u2019 tarih oldu&lt;\/p&gt; \" data-medium-file=\"https:\/\/i0.wp.com\/www.tvturk.com\/wp-content\/uploads\/2019\/04\/kapikulede-tir-soforlerinin-korkulu-ruyasi-cile-kuyrugu-tarih-oldu_6fd640b.jpg?fit=300%2C200\" data-large-file=\"https:\/\/i0.wp.com\/www.tvturk.com\/wp-content\/uploads\/2019\/04\/kapikulede-tir-soforlerinin-korkulu-ruyasi-cile-kuyrugu-tarih-oldu_6fd640b.jpg?fit=1000%2C666\" src=\"https:\/\/i0.wp.com\/www.tvturk.com\/wp-content\/uploads\/2019\/04\/kapikulede-tir-soforlerinin-korkulu-ruyasi-cile-kuyrugu-tarih-oldu_6fd640b.jpg?w=330&#038;h=220\" srcset=\"https:\/\/i0.wp.com\/www.tvturk.com\/wp-content\/uploads\/2019\/04\/kapikulede-tir-soforlerinin-korkulu-ruyasi-cile-kuyrugu-tarih-oldu_6fd640b.jpg?w=1000 1000w, https:\/\/i0.wp.com\/www.tvturk.com\/wp-content\/uploads\/2019\/04\/kapikulede-tir-soforlerinin-korkulu-ruyasi-cile-kuyrugu-tarih-oldu_6fd640b.jpg?resize=150%2C100 150w, https:\/\/i0.wp.com\/www.tvturk.com\/wp-content\/uploads\/2019\/04\/kapikulede-tir-soforlerinin-korkulu-ruyasi-cile-kuyrugu-tarih-oldu_6fd640b.jpg?resize=300%2C200 300w, https:\/\/i0.wp.com\/www.tvturk.com\/wp-content\/uploads\/2019\/04\/kapikulede-tir-soforlerinin-korkulu-ruyasi-cile-kuyrugu-tarih-oldu_6fd640b.jpg?resize=768%2C511 768w, https:\/\/i0.wp.com\/www.tvturk.com\/wp-content\/uploads\/2019\/04\/kapikulede-tir-soforlerinin-korkulu-ruyasi-cile-kuyrugu-tarih-oldu_6fd640b.jpg?resize=170%2C113 170w, https:\/\/i0.wp.com\/www.tvturk.com\/wp-content\/uploads\/2019\/04\/kapikulede-tir-soforlerinin-korkulu-ruyasi-cile-kuyrugu-tarih-oldu_6fd640b.jpg?resize=120%2C80 120w\" width=\"330\" height=\"220\" loading=\"lazy\" data-original-width=\"330\" data-original-height=\"220\" itemprop=\"http:\/\/schema.org\/image\" title=\"Kap\u0131kule\u2019de t\u0131r \u015fof\u00f6rlerinin korkulu r\u00fcyas\u0131 \u2019\u00e7ile kuyru\u011fu\u2019 tarih oldu\" alt=\"Kap\u0131kule\u2019de t\u0131r \u015fof\u00f6rlerinin korkulu r\u00fcyas\u0131 \u2019\u00e7ile kuyru\u011fu\u2019 tarih oldu\" style=\"width: 330px; height: 220px;\" \/> <\/a> <\/div> <\/div> <!-- close group --> <div class=\"gallery-group images-2\" style=\"width: 166px; height: 224px;\" data-original-width=\"166\" data-original-height=\"224\" > <div class=\"tiled-gallery-item tiled-gallery-item-small\" itemprop=\"associatedMedia\" itemscope itemtype=\"http:\/\/schema.org\/ImageObject\"> <a href=\"http:\/\/www.tvturk.com\/index.php\/kapikulede-tir-soforlerinin-korkulu-ruyasi-cile-kuyrugu-tarih-oldu\/kapikulede-tir-soforlerinin-korkulu-ruyasi-cile-kuyrugu-tarih-oldu-4\/\" border=\"0\" itemprop=\"url\"> <meta itemprop=\"width\" content=\"162\"> <meta itemprop=\"height\" content=\"108\"> <img decoding=\"async\" class=\"\" data-attachment-id=\"133962\" data-orig-file=\"http:\/\/www.tvturk.com\/wp-content\/uploads\/2019\/04\/kapikulede-tir-soforlerinin-korkulu-ruyasi-cile-kuyrugu-tarih-oldu_9b036f6.jpg\" data-orig-size=\"1000,666\" data-comments-opened=\"\" data-image-meta=\"{&quot;aperture&quot;:&quot;0&quot;,&quot;credit&quot;:&quot;IHA&quot;,&quot;camera&quot;:&quot;&quot;,&quot;caption&quot;:&quot;AVRUPA\\u2019NIN EN B\\u00dcY\\u00dcK D\\u00dcNYA\\u2019NIN \\u0130SE \\u0130K\\u0130NC\\u0130 B\\u00dcY\\u00dcK KARA SINIR KAPISI OLAN VE KAMUOYUNDA UZUN TIR KUYRUKLARI \\u0130LE SIK SIK G\\u00dcNDEME GELEN KAPIKULE\\u2019DE, TIR KUYRUKLARINI B\\u0130T\\u0130RMES\\u0130 PLANLANAN TAR\\u0130H\\u0130 UYGULAMA \\u0027KAPIKULE SIRA NUMARASI PERONI\\u0027 FAAL\\u0130YETE BA\\u015eLADI. (KORAY USTABA\\u015eI\\\/ED\\u0130RNE-\\u0130HA)&quot;,&quot;created_timestamp&quot;:&quot;0&quot;,&quot;copyright&quot;:&quot;\\u0130HLAS HABER AJANSI, www.iha.com.tr&quot;,&quot;focal_length&quot;:&quot;0&quot;,&quot;iso&quot;:&quot;0&quot;,&quot;shutter_speed&quot;:&quot;0&quot;,&quot;title&quot;:&quot;KAPIKULE\\u2019DE TIR \\u015eOF\\u00d6RLER\\u0130N\\u0130N KORKULU R\\u00dcYASI \\u0027\\u00c7\\u0130LE KUYRU\\u011eU\\u0027 TAR\\u0130H OLDU SIRA NUMARANI AL, \\u2018\\u00c7\\u0130LE\\u2019Y\\u0130 \\u00c7EKME! ED\\u0130RNE VAL\\u0130S\\u0130 EKREM CANALP: \\u201c\\u0130HRACATIMIZIN \\u0130S\\u0130MS\\u0130Z KAHRAMANLARI \\u0130NSAN\\u0130 KO\\u015eULLARA KAVU\\u015eACAK\\u201d&quot;,&quot;orientation&quot;:&quot;0&quot;}\" data-image-title=\"Kap\u0131kule\u2019de t\u0131r \u015fof\u00f6rlerinin korkulu r\u00fcyas\u0131 \u2019\u00e7ile kuyru\u011fu\u2019 tarih oldu\" data-image-description=\"&lt;p&gt;Kap\u0131kule\u2019de t\u0131r \u015fof\u00f6rlerinin korkulu r\u00fcyas\u0131 \u2019\u00e7ile kuyru\u011fu\u2019 tarih oldu&lt;\/p&gt; \" data-medium-file=\"https:\/\/i0.wp.com\/www.tvturk.com\/wp-content\/uploads\/2019\/04\/kapikulede-tir-soforlerinin-korkulu-ruyasi-cile-kuyrugu-tarih-oldu_9b036f6.jpg?fit=300%2C200\" data-large-file=\"https:\/\/i0.wp.com\/www.tvturk.com\/wp-content\/uploads\/2019\/04\/kapikulede-tir-soforlerinin-korkulu-ruyasi-cile-kuyrugu-tarih-oldu_9b036f6.jpg?fit=1000%2C666\" src=\"https:\/\/i0.wp.com\/www.tvturk.com\/wp-content\/uploads\/2019\/04\/kapikulede-tir-soforlerinin-korkulu-ruyasi-cile-kuyrugu-tarih-oldu_9b036f6.jpg?w=162&#038;h=108\" srcset=\"https:\/\/i0.wp.com\/www.tvturk.com\/wp-content\/uploads\/2019\/04\/kapikulede-tir-soforlerinin-korkulu-ruyasi-cile-kuyrugu-tarih-oldu_9b036f6.jpg?w=1000 1000w, https:\/\/i0.wp.com\/www.tvturk.com\/wp-content\/uploads\/2019\/04\/kapikulede-tir-soforlerinin-korkulu-ruyasi-cile-kuyrugu-tarih-oldu_9b036f6.jpg?resize=150%2C100 150w, https:\/\/i0.wp.com\/www.tvturk.com\/wp-content\/uploads\/2019\/04\/kapikulede-tir-soforlerinin-korkulu-ruyasi-cile-kuyrugu-tarih-oldu_9b036f6.jpg?resize=300%2C200 300w, https:\/\/i0.wp.com\/www.tvturk.com\/wp-content\/uploads\/2019\/04\/kapikulede-tir-soforlerinin-korkulu-ruyasi-cile-kuyrugu-tarih-oldu_9b036f6.jpg?resize=768%2C511 768w, https:\/\/i0.wp.com\/www.tvturk.com\/wp-content\/uploads\/2019\/04\/kapikulede-tir-soforlerinin-korkulu-ruyasi-cile-kuyrugu-tarih-oldu_9b036f6.jpg?resize=170%2C113 170w, https:\/\/i0.wp.com\/www.tvturk.com\/wp-content\/uploads\/2019\/04\/kapikulede-tir-soforlerinin-korkulu-ruyasi-cile-kuyrugu-tarih-oldu_9b036f6.jpg?resize=120%2C80 120w\" width=\"162\" height=\"108\" loading=\"lazy\" data-original-width=\"162\" data-original-height=\"108\" itemprop=\"http:\/\/schema.org\/image\" title=\"Kap\u0131kule\u2019de t\u0131r \u015fof\u00f6rlerinin korkulu r\u00fcyas\u0131 \u2019\u00e7ile kuyru\u011fu\u2019 tarih oldu\" alt=\"Kap\u0131kule\u2019de t\u0131r \u015fof\u00f6rlerinin korkulu r\u00fcyas\u0131 \u2019\u00e7ile kuyru\u011fu\u2019 tarih oldu\" style=\"width: 162px; height: 108px;\" \/> <\/a> <\/div> <div class=\"tiled-gallery-item tiled-gallery-item-small\" itemprop=\"associatedMedia\" itemscope itemtype=\"http:\/\/schema.org\/ImageObject\"> <a href=\"http:\/\/www.tvturk.com\/index.php\/kapikulede-tir-soforlerinin-korkulu-ruyasi-cile-kuyrugu-tarih-oldu\/kapikulede-tir-soforlerinin-korkulu-ruyasi-cile-kuyrugu-tarih-oldu-5\/\" border=\"0\" itemprop=\"url\"> <meta itemprop=\"width\" content=\"162\"> <meta itemprop=\"height\" content=\"108\"> <img decoding=\"async\" class=\"\" data-attachment-id=\"133963\" data-orig-file=\"http:\/\/www.tvturk.com\/wp-content\/uploads\/2019\/04\/kapikulede-tir-soforlerinin-korkulu-ruyasi-cile-kuyrugu-tarih-oldu_822c2f5.jpg\" data-orig-size=\"1000,666\" data-comments-opened=\"\" data-image-meta=\"{&quot;aperture&quot;:&quot;0&quot;,&quot;credit&quot;:&quot;IHA&quot;,&quot;camera&quot;:&quot;&quot;,&quot;caption&quot;:&quot;AVRUPA\\u2019NIN EN B\\u00dcY\\u00dcK D\\u00dcNYA\\u2019NIN \\u0130SE \\u0130K\\u0130NC\\u0130 B\\u00dcY\\u00dcK KARA SINIR KAPISI OLAN VE KAMUOYUNDA UZUN TIR KUYRUKLARI \\u0130LE SIK SIK G\\u00dcNDEME GELEN KAPIKULE\\u2019DE, TIR KUYRUKLARINI B\\u0130T\\u0130RMES\\u0130 PLANLANAN TAR\\u0130H\\u0130 UYGULAMA \\u0027KAPIKULE SIRA NUMARASI PERONI\\u0027 FAAL\\u0130YETE BA\\u015eLADI. (KORAY USTABA\\u015eI\\\/ED\\u0130RNE-\\u0130HA)&quot;,&quot;created_timestamp&quot;:&quot;0&quot;,&quot;copyright&quot;:&quot;\\u0130HLAS HABER AJANSI, www.iha.com.tr&quot;,&quot;focal_length&quot;:&quot;0&quot;,&quot;iso&quot;:&quot;0&quot;,&quot;shutter_speed&quot;:&quot;0&quot;,&quot;title&quot;:&quot;KAPIKULE\\u2019DE TIR \\u015eOF\\u00d6RLER\\u0130N\\u0130N KORKULU R\\u00dcYASI \\u0027\\u00c7\\u0130LE KUYRU\\u011eU\\u0027 TAR\\u0130H OLDU SIRA NUMARANI AL, \\u2018\\u00c7\\u0130LE\\u2019Y\\u0130 \\u00c7EKME! ED\\u0130RNE VAL\\u0130S\\u0130 EKREM CANALP: \\u201c\\u0130HRACATIMIZIN \\u0130S\\u0130MS\\u0130Z KAHRAMANLARI \\u0130NSAN\\u0130 KO\\u015eULLARA KAVU\\u015eACAK\\u201d&quot;,&quot;orientation&quot;:&quot;0&quot;}\" data-image-title=\"Kap\u0131kule\u2019de t\u0131r \u015fof\u00f6rlerinin korkulu r\u00fcyas\u0131 \u2019\u00e7ile kuyru\u011fu\u2019 tarih oldu\" data-image-description=\"&lt;p&gt;Kap\u0131kule\u2019de t\u0131r \u015fof\u00f6rlerinin korkulu r\u00fcyas\u0131 \u2019\u00e7ile kuyru\u011fu\u2019 tarih oldu&lt;\/p&gt; \" data-medium-file=\"https:\/\/i0.wp.com\/www.tvturk.com\/wp-content\/uploads\/2019\/04\/kapikulede-tir-soforlerinin-korkulu-ruyasi-cile-kuyrugu-tarih-oldu_822c2f5.jpg?fit=300%2C200\" data-large-file=\"https:\/\/i0.wp.com\/www.tvturk.com\/wp-content\/uploads\/2019\/04\/kapikulede-tir-soforlerinin-korkulu-ruyasi-cile-kuyrugu-tarih-oldu_822c2f5.jpg?fit=1000%2C666\" src=\"https:\/\/i0.wp.com\/www.tvturk.com\/wp-content\/uploads\/2019\/04\/kapikulede-tir-soforlerinin-korkulu-ruyasi-cile-kuyrugu-tarih-oldu_822c2f5.jpg?w=162&#038;h=108\" srcset=\"https:\/\/i0.wp.com\/www.tvturk.com\/wp-content\/uploads\/2019\/04\/kapikulede-tir-soforlerinin-korkulu-ruyasi-cile-kuyrugu-tarih-oldu_822c2f5.jpg?w=1000 1000w, https:\/\/i0.wp.com\/www.tvturk.com\/wp-content\/uploads\/2019\/04\/kapikulede-tir-soforlerinin-korkulu-ruyasi-cile-kuyrugu-tarih-oldu_822c2f5.jpg?resize=150%2C100 150w, https:\/\/i0.wp.com\/www.tvturk.com\/wp-content\/uploads\/2019\/04\/kapikulede-tir-soforlerinin-korkulu-ruyasi-cile-kuyrugu-tarih-oldu_822c2f5.jpg?resize=300%2C200 300w, https:\/\/i0.wp.com\/www.tvturk.com\/wp-content\/uploads\/2019\/04\/kapikulede-tir-soforlerinin-korkulu-ruyasi-cile-kuyrugu-tarih-oldu_822c2f5.jpg?resize=768%2C511 768w, https:\/\/i0.wp.com\/www.tvturk.com\/wp-content\/uploads\/2019\/04\/kapikulede-tir-soforlerinin-korkulu-ruyasi-cile-kuyrugu-tarih-oldu_822c2f5.jpg?resize=170%2C113 170w, https:\/\/i0.wp.com\/www.tvturk.com\/wp-content\/uploads\/2019\/04\/kapikulede-tir-soforlerinin-korkulu-ruyasi-cile-kuyrugu-tarih-oldu_822c2f5.jpg?resize=120%2C80 120w\" width=\"162\" height=\"108\" loading=\"lazy\" data-original-width=\"162\" data-original-height=\"108\" itemprop=\"http:\/\/schema.org\/image\" title=\"Kap\u0131kule\u2019de t\u0131r \u015fof\u00f6rlerinin korkulu r\u00fcyas\u0131 \u2019\u00e7ile kuyru\u011fu\u2019 tarih oldu\" alt=\"Kap\u0131kule\u2019de t\u0131r \u015fof\u00f6rlerinin korkulu r\u00fcyas\u0131 \u2019\u00e7ile kuyru\u011fu\u2019 tarih oldu\" style=\"width: 162px; height: 108px;\" \/> <\/a> <\/div> <\/div> <!-- close group --> <\/div> <!-- close row --> <div class=\"gallery-row\" style=\"width: 500px; height: 85px;\" data-original-width=\"500\" data-original-height=\"85\" > <div class=\"gallery-group images-1\" style=\"width: 125px; height: 85px;\" data-original-width=\"125\" data-original-height=\"85\" > <div class=\"tiled-gallery-item tiled-gallery-item-small\" itemprop=\"associatedMedia\" itemscope itemtype=\"http:\/\/schema.org\/ImageObject\"> <a href=\"http:\/\/www.tvturk.com\/index.php\/kapikulede-tir-soforlerinin-korkulu-ruyasi-cile-kuyrugu-tarih-oldu\/kapikulede-tir-soforlerinin-korkulu-ruyasi-cile-kuyrugu-tarih-oldu-6\/\" border=\"0\" itemprop=\"url\"> <meta itemprop=\"width\" content=\"121\"> <meta itemprop=\"height\" content=\"81\"> <img decoding=\"async\" class=\"\" data-attachment-id=\"133964\" data-orig-file=\"http:\/\/www.tvturk.com\/wp-content\/uploads\/2019\/04\/kapikulede-tir-soforlerinin-korkulu-ruyasi-cile-kuyrugu-tarih-oldu_17b0e0a.jpg\" data-orig-size=\"1000,666\" data-comments-opened=\"\" data-image-meta=\"{&quot;aperture&quot;:&quot;0&quot;,&quot;credit&quot;:&quot;IHA&quot;,&quot;camera&quot;:&quot;&quot;,&quot;caption&quot;:&quot;AVRUPA\\u2019NIN EN B\\u00dcY\\u00dcK D\\u00dcNYA\\u2019NIN \\u0130SE \\u0130K\\u0130NC\\u0130 B\\u00dcY\\u00dcK KARA SINIR KAPISI OLAN VE KAMUOYUNDA UZUN TIR KUYRUKLARI \\u0130LE SIK SIK G\\u00dcNDEME GELEN KAPIKULE\\u2019DE, TIR KUYRUKLARINI B\\u0130T\\u0130RMES\\u0130 PLANLANAN TAR\\u0130H\\u0130 UYGULAMA \\u0027KAPIKULE SIRA NUMARASI PERONI\\u0027 FAAL\\u0130YETE BA\\u015eLADI. (KORAY USTABA\\u015eI\\\/ED\\u0130RNE-\\u0130HA)&quot;,&quot;created_timestamp&quot;:&quot;0&quot;,&quot;copyright&quot;:&quot;\\u0130HLAS HABER AJANSI, www.iha.com.tr&quot;,&quot;focal_length&quot;:&quot;0&quot;,&quot;iso&quot;:&quot;0&quot;,&quot;shutter_speed&quot;:&quot;0&quot;,&quot;title&quot;:&quot;KAPIKULE\\u2019DE TIR \\u015eOF\\u00d6RLER\\u0130N\\u0130N KORKULU R\\u00dcYASI \\u0027\\u00c7\\u0130LE KUYRU\\u011eU\\u0027 TAR\\u0130H OLDU SIRA NUMARANI AL, \\u2018\\u00c7\\u0130LE\\u2019Y\\u0130 \\u00c7EKME! ED\\u0130RNE VAL\\u0130S\\u0130 EKREM CANALP: \\u201c\\u0130HRACATIMIZIN \\u0130S\\u0130MS\\u0130Z KAHRAMANLARI \\u0130NSAN\\u0130 KO\\u015eULLARA KAVU\\u015eACAK\\u201d&quot;,&quot;orientation&quot;:&quot;0&quot;}\" data-image-title=\"Kap\u0131kule\u2019de t\u0131r \u015fof\u00f6rlerinin korkulu r\u00fcyas\u0131 \u2019\u00e7ile kuyru\u011fu\u2019 tarih oldu\" data-image-description=\"&lt;p&gt;Kap\u0131kule\u2019de t\u0131r \u015fof\u00f6rlerinin korkulu r\u00fcyas\u0131 \u2019\u00e7ile kuyru\u011fu\u2019 tarih oldu&lt;\/p&gt; \" data-medium-file=\"https:\/\/i0.wp.com\/www.tvturk.com\/wp-content\/uploads\/2019\/04\/kapikulede-tir-soforlerinin-korkulu-ruyasi-cile-kuyrugu-tarih-oldu_17b0e0a.jpg?fit=300%2C200\" data-large-file=\"https:\/\/i0.wp.com\/www.tvturk.com\/wp-content\/uploads\/2019\/04\/kapikulede-tir-soforlerinin-korkulu-ruyasi-cile-kuyrugu-tarih-oldu_17b0e0a.jpg?fit=1000%2C666\" src=\"https:\/\/i0.wp.com\/www.tvturk.com\/wp-content\/uploads\/2019\/04\/kapikulede-tir-soforlerinin-korkulu-ruyasi-cile-kuyrugu-tarih-oldu_17b0e0a.jpg?w=121&#038;h=81\" srcset=\"https:\/\/i0.wp.com\/www.tvturk.com\/wp-content\/uploads\/2019\/04\/kapikulede-tir-soforlerinin-korkulu-ruyasi-cile-kuyrugu-tarih-oldu_17b0e0a.jpg?w=1000 1000w, https:\/\/i0.wp.com\/www.tvturk.com\/wp-content\/uploads\/2019\/04\/kapikulede-tir-soforlerinin-korkulu-ruyasi-cile-kuyrugu-tarih-oldu_17b0e0a.jpg?resize=150%2C100 150w, https:\/\/i0.wp.com\/www.tvturk.com\/wp-content\/uploads\/2019\/04\/kapikulede-tir-soforlerinin-korkulu-ruyasi-cile-kuyrugu-tarih-oldu_17b0e0a.jpg?resize=300%2C200 300w, https:\/\/i0.wp.com\/www.tvturk.com\/wp-content\/uploads\/2019\/04\/kapikulede-tir-soforlerinin-korkulu-ruyasi-cile-kuyrugu-tarih-oldu_17b0e0a.jpg?resize=768%2C511 768w, https:\/\/i0.wp.com\/www.tvturk.com\/wp-content\/uploads\/2019\/04\/kapikulede-tir-soforlerinin-korkulu-ruyasi-cile-kuyrugu-tarih-oldu_17b0e0a.jpg?resize=170%2C113 170w, https:\/\/i0.wp.com\/www.tvturk.com\/wp-content\/uploads\/2019\/04\/kapikulede-tir-soforlerinin-korkulu-ruyasi-cile-kuyrugu-tarih-oldu_17b0e0a.jpg?resize=120%2C80 120w, https:\/\/i0.wp.com\/www.tvturk.com\/wp-content\/uploads\/2019\/04\/kapikulede-tir-soforlerinin-korkulu-ruyasi-cile-kuyrugu-tarih-oldu_17b0e0a.jpg?resize=80%2C55 80w\" width=\"121\" height=\"81\" loading=\"lazy\" data-original-width=\"121\" data-original-height=\"81\" itemprop=\"http:\/\/schema.org\/image\" title=\"Kap\u0131kule\u2019de t\u0131r \u015fof\u00f6rlerinin korkulu r\u00fcyas\u0131 \u2019\u00e7ile kuyru\u011fu\u2019 tarih oldu\" alt=\"Kap\u0131kule\u2019de t\u0131r \u015fof\u00f6rlerinin korkulu r\u00fcyas\u0131 \u2019\u00e7ile kuyru\u011fu\u2019 tarih oldu\" style=\"width: 121px; height: 81px;\" \/> <\/a> <\/div> <\/div> <!-- close group --> <div class=\"gallery-group images-1\" style=\"width: 125px; height: 85px;\" data-original-width=\"125\" data-original-height=\"85\" > <div class=\"tiled-gallery-item tiled-gallery-item-small\" itemprop=\"associatedMedia\" itemscope itemtype=\"http:\/\/schema.org\/ImageObject\"> <a href=\"http:\/\/www.tvturk.com\/index.php\/kapikulede-tir-soforlerinin-korkulu-ruyasi-cile-kuyrugu-tarih-oldu\/kapikulede-tir-soforlerinin-korkulu-ruyasi-cile-kuyrugu-tarih-oldu-7\/\" border=\"0\" itemprop=\"url\"> <meta itemprop=\"width\" content=\"121\"> <meta itemprop=\"height\" content=\"81\"> <img decoding=\"async\" class=\"\" data-attachment-id=\"133965\" data-orig-file=\"http:\/\/www.tvturk.com\/wp-content\/uploads\/2019\/04\/kapikulede-tir-soforlerinin-korkulu-ruyasi-cile-kuyrugu-tarih-oldu_a03b685.jpg\" data-orig-size=\"1000,666\" data-comments-opened=\"\" data-image-meta=\"{&quot;aperture&quot;:&quot;0&quot;,&quot;credit&quot;:&quot;IHA&quot;,&quot;camera&quot;:&quot;&quot;,&quot;caption&quot;:&quot;ED\\u0130RNE VAL\\u0130S\\u0130 EKREM CANANLP, ED\\u0130RNE VAL\\u0130L\\u0130\\u011e\\u0130, TRAKYA G\\u00dcMR\\u00dcK T\\u0130CARET B\\u00d6LGE M\\u00dcD\\u00dcRL\\u00dc\\u011e\\u00dc, EMN\\u0130YET M\\u00dcD\\u00dcRL\\u00dc\\u011e\\u00dc VE \\u0130L JANDARMA KOMUTANLI\\u011eI\\u2019NIN \\u0130\\u015eB\\u0130RL\\u0130\\u011e\\u0130NDE, B\\u0130R S\\u00dcRED\\u0130R \\u00dcZER\\u0130NDE \\u00c7ALI\\u015eTIKLARI YEN\\u0130 S\\u0130STEM\\u0130 BASINA TANITTI. (KORAY USTABA\\u015eI\\\/ED\\u0130RNE-\\u0130HA)&quot;,&quot;created_timestamp&quot;:&quot;0&quot;,&quot;copyright&quot;:&quot;\\u0130HLAS HABER AJANSI, www.iha.com.tr&quot;,&quot;focal_length&quot;:&quot;0&quot;,&quot;iso&quot;:&quot;0&quot;,&quot;shutter_speed&quot;:&quot;0&quot;,&quot;title&quot;:&quot;KAPIKULE\\u2019DE TIR \\u015eOF\\u00d6RLER\\u0130N\\u0130N KORKULU R\\u00dcYASI \\u0027\\u00c7\\u0130LE KUYRU\\u011eU\\u0027 TAR\\u0130H OLDU SIRA NUMARANI AL, \\u2018\\u00c7\\u0130LE\\u2019Y\\u0130 \\u00c7EKME! ED\\u0130RNE VAL\\u0130S\\u0130 EKREM CANALP: \\u201c\\u0130HRACATIMIZIN \\u0130S\\u0130MS\\u0130Z KAHRAMANLARI \\u0130NSAN\\u0130 KO\\u015eULLARA KAVU\\u015eACAK\\u201d&quot;,&quot;orientation&quot;:&quot;0&quot;}\" data-image-title=\"Kap\u0131kule\u2019de t\u0131r \u015fof\u00f6rlerinin korkulu r\u00fcyas\u0131 \u2019\u00e7ile kuyru\u011fu\u2019 tarih oldu\" data-image-description=\"&lt;p&gt;Kap\u0131kule\u2019de t\u0131r \u015fof\u00f6rlerinin korkulu r\u00fcyas\u0131 \u2019\u00e7ile kuyru\u011fu\u2019 tarih oldu&lt;\/p&gt; \" data-medium-file=\"https:\/\/i0.wp.com\/www.tvturk.com\/wp-content\/uploads\/2019\/04\/kapikulede-tir-soforlerinin-korkulu-ruyasi-cile-kuyrugu-tarih-oldu_a03b685.jpg?fit=300%2C200\" data-large-file=\"https:\/\/i0.wp.com\/www.tvturk.com\/wp-content\/uploads\/2019\/04\/kapikulede-tir-soforlerinin-korkulu-ruyasi-cile-kuyrugu-tarih-oldu_a03b685.jpg?fit=1000%2C666\" src=\"https:\/\/i0.wp.com\/www.tvturk.com\/wp-content\/uploads\/2019\/04\/kapikulede-tir-soforlerinin-korkulu-ruyasi-cile-kuyrugu-tarih-oldu_a03b685.jpg?w=121&#038;h=81\" srcset=\"https:\/\/i0.wp.com\/www.tvturk.com\/wp-content\/uploads\/2019\/04\/kapikulede-tir-soforlerinin-korkulu-ruyasi-cile-kuyrugu-tarih-oldu_a03b685.jpg?w=1000 1000w, https:\/\/i0.wp.com\/www.tvturk.com\/wp-content\/uploads\/2019\/04\/kapikulede-tir-soforlerinin-korkulu-ruyasi-cile-kuyrugu-tarih-oldu_a03b685.jpg?resize=150%2C100 150w, https:\/\/i0.wp.com\/www.tvturk.com\/wp-content\/uploads\/2019\/04\/kapikulede-tir-soforlerinin-korkulu-ruyasi-cile-kuyrugu-tarih-oldu_a03b685.jpg?resize=300%2C200 300w, https:\/\/i0.wp.com\/www.tvturk.com\/wp-content\/uploads\/2019\/04\/kapikulede-tir-soforlerinin-korkulu-ruyasi-cile-kuyrugu-tarih-oldu_a03b685.jpg?resize=768%2C511 768w, https:\/\/i0.wp.com\/www.tvturk.com\/wp-content\/uploads\/2019\/04\/kapikulede-tir-soforlerinin-korkulu-ruyasi-cile-kuyrugu-tarih-oldu_a03b685.jpg?resize=170%2C113 170w, https:\/\/i0.wp.com\/www.tvturk.com\/wp-content\/uploads\/2019\/04\/kapikulede-tir-soforlerinin-korkulu-ruyasi-cile-kuyrugu-tarih-oldu_a03b685.jpg?resize=120%2C80 120w, https:\/\/i0.wp.com\/www.tvturk.com\/wp-content\/uploads\/2019\/04\/kapikulede-tir-soforlerinin-korkulu-ruyasi-cile-kuyrugu-tarih-oldu_a03b685.jpg?resize=80%2C55 80w\" width=\"121\" height=\"81\" loading=\"lazy\" data-original-width=\"121\" data-original-height=\"81\" itemprop=\"http:\/\/schema.org\/image\" title=\"Kap\u0131kule\u2019de t\u0131r \u015fof\u00f6rlerinin korkulu r\u00fcyas\u0131 \u2019\u00e7ile kuyru\u011fu\u2019 tarih oldu\" alt=\"Kap\u0131kule\u2019de t\u0131r \u015fof\u00f6rlerinin korkulu r\u00fcyas\u0131 \u2019\u00e7ile kuyru\u011fu\u2019 tarih oldu\" style=\"width: 121px; height: 81px;\" \/> <\/a> <\/div> <\/div> <!-- close group --> <div class=\"gallery-group images-1\" style=\"width: 125px; height: 85px;\" data-original-width=\"125\" data-original-height=\"85\" > <div class=\"tiled-gallery-item tiled-gallery-item-small\" itemprop=\"associatedMedia\" itemscope itemtype=\"http:\/\/schema.org\/ImageObject\"> <a href=\"http:\/\/www.tvturk.com\/index.php\/kapikulede-tir-soforlerinin-korkulu-ruyasi-cile-kuyrugu-tarih-oldu\/kapikulede-tir-soforlerinin-korkulu-ruyasi-cile-kuyrugu-tarih-oldu-8\/\" border=\"0\" itemprop=\"url\"> <meta itemprop=\"width\" content=\"121\"> <meta itemprop=\"height\" content=\"81\"> <img decoding=\"async\" class=\"\" data-attachment-id=\"133966\" data-orig-file=\"http:\/\/www.tvturk.com\/wp-content\/uploads\/2019\/04\/kapikulede-tir-soforlerinin-korkulu-ruyasi-cile-kuyrugu-tarih-oldu_e410c12.jpg\" data-orig-size=\"1000,666\" data-comments-opened=\"\" data-image-meta=\"{&quot;aperture&quot;:&quot;0&quot;,&quot;credit&quot;:&quot;IHA&quot;,&quot;camera&quot;:&quot;&quot;,&quot;caption&quot;:&quot;ED\\u0130RNE VAL\\u0130S\\u0130 EKREM CANALP, UYGULAMAYA KOYDUKLARI S\\u0130STEMLE ED\\u0130RNE VE KAPIKULE\\u2019N\\u0130N BUNDAN SONRA K\\u0130 S\\u00dcRE\\u00c7TE TIR KUYRUKLARI \\u0130LE ANILMAMASINI HEDEFLED\\u0130KLER\\u0130N\\u0130 BEL\\u0130RTEREK, \\u201cBU BAS\\u0130T B\\u0130R S\\u0130STEM, \\u00c7OK PRAT\\u0130K DE B\\u0130R S\\u0130STEM. \\u00c7OK FAZLA Y\\u00dcKSEK MAL\\u0130YETLER\\u0130 OLMAYAN DA B\\u0130R S\\u0130STEM. \\u0130N\\u015eALLAH BUNDAN SONRA \\u0130NSANLARIMIZIN AKLINA \\u2018ED\\u0130RNE\\u2019 DEN\\u0130LD\\u0130\\u011e\\u0130 ZAMAN TIR KUYRUKLARI GELMEYECEK. KAPIKULE TIR KUYRUKLARI \\u0130LE ANILIR HALDE OLMAYACAK. \\u0130N\\u015eALLAH BUNDAN SONRA B\\u0130Z\\u0130M \\u0130HRACATIMIZIN \\u0130S\\u0130MS\\u0130Z KAHRAMANLARI OLAN TIR \\u015eOF\\u00d6RLER\\u0130M\\u0130ZDE \\u0130NSAN\\u0130 KO\\u015eULLAR ALTINDA SEYAHAT ETME, D\\u0130NLENME \\u0130MKANI BULACAKLAR.\\u201d DED\\u0130. (KORAY USTABA\\u015eI\\\/ED\\u0130RNE-\\u0130HA)&quot;,&quot;created_timestamp&quot;:&quot;0&quot;,&quot;copyright&quot;:&quot;\\u0130HLAS HABER AJANSI, www.iha.com.tr&quot;,&quot;focal_length&quot;:&quot;0&quot;,&quot;iso&quot;:&quot;0&quot;,&quot;shutter_speed&quot;:&quot;0&quot;,&quot;title&quot;:&quot;KAPIKULE\\u2019DE TIR \\u015eOF\\u00d6RLER\\u0130N\\u0130N KORKULU R\\u00dcYASI \\u0027\\u00c7\\u0130LE KUYRU\\u011eU\\u0027 TAR\\u0130H OLDU SIRA NUMARANI AL, \\u2018\\u00c7\\u0130LE\\u2019Y\\u0130 \\u00c7EKME! ED\\u0130RNE VAL\\u0130S\\u0130 EKREM CANALP: \\u201c\\u0130HRACATIMIZIN \\u0130S\\u0130MS\\u0130Z KAHRAMANLARI \\u0130NSAN\\u0130 KO\\u015eULLARA KAVU\\u015eACAK\\u201d&quot;,&quot;orientation&quot;:&quot;0&quot;}\" data-image-title=\"Kap\u0131kule\u2019de t\u0131r \u015fof\u00f6rlerinin korkulu r\u00fcyas\u0131 \u2019\u00e7ile kuyru\u011fu\u2019 tarih oldu\" data-image-description=\"&lt;p&gt;Kap\u0131kule\u2019de t\u0131r \u015fof\u00f6rlerinin korkulu r\u00fcyas\u0131 \u2019\u00e7ile kuyru\u011fu\u2019 tarih oldu&lt;\/p&gt; \" data-medium-file=\"https:\/\/i0.wp.com\/www.tvturk.com\/wp-content\/uploads\/2019\/04\/kapikulede-tir-soforlerinin-korkulu-ruyasi-cile-kuyrugu-tarih-oldu_e410c12.jpg?fit=300%2C200\" data-large-file=\"https:\/\/i0.wp.com\/www.tvturk.com\/wp-content\/uploads\/2019\/04\/kapikulede-tir-soforlerinin-korkulu-ruyasi-cile-kuyrugu-tarih-oldu_e410c12.jpg?fit=1000%2C666\" src=\"https:\/\/i0.wp.com\/www.tvturk.com\/wp-content\/uploads\/2019\/04\/kapikulede-tir-soforlerinin-korkulu-ruyasi-cile-kuyrugu-tarih-oldu_e410c12.jpg?w=121&#038;h=81\" srcset=\"https:\/\/i0.wp.com\/www.tvturk.com\/wp-content\/uploads\/2019\/04\/kapikulede-tir-soforlerinin-korkulu-ruyasi-cile-kuyrugu-tarih-oldu_e410c12.jpg?w=1000 1000w, https:\/\/i0.wp.com\/www.tvturk.com\/wp-content\/uploads\/2019\/04\/kapikulede-tir-soforlerinin-korkulu-ruyasi-cile-kuyrugu-tarih-oldu_e410c12.jpg?resize=150%2C100 150w, https:\/\/i0.wp.com\/www.tvturk.com\/wp-content\/uploads\/2019\/04\/kapikulede-tir-soforlerinin-korkulu-ruyasi-cile-kuyrugu-tarih-oldu_e410c12.jpg?resize=300%2C200 300w, https:\/\/i0.wp.com\/www.tvturk.com\/wp-content\/uploads\/2019\/04\/kapikulede-tir-soforlerinin-korkulu-ruyasi-cile-kuyrugu-tarih-oldu_e410c12.jpg?resize=768%2C511 768w, https:\/\/i0.wp.com\/www.tvturk.com\/wp-content\/uploads\/2019\/04\/kapikulede-tir-soforlerinin-korkulu-ruyasi-cile-kuyrugu-tarih-oldu_e410c12.jpg?resize=170%2C113 170w, https:\/\/i0.wp.com\/www.tvturk.com\/wp-content\/uploads\/2019\/04\/kapikulede-tir-soforlerinin-korkulu-ruyasi-cile-kuyrugu-tarih-oldu_e410c12.jpg?resize=120%2C80 120w, https:\/\/i0.wp.com\/www.tvturk.com\/wp-content\/uploads\/2019\/04\/kapikulede-tir-soforlerinin-korkulu-ruyasi-cile-kuyrugu-tarih-oldu_e410c12.jpg?resize=80%2C55 80w\" width=\"121\" height=\"81\" loading=\"lazy\" data-original-width=\"121\" data-original-height=\"81\" itemprop=\"http:\/\/schema.org\/image\" title=\"Kap\u0131kule\u2019de t\u0131r \u015fof\u00f6rlerinin korkulu r\u00fcyas\u0131 \u2019\u00e7ile kuyru\u011fu\u2019 tarih oldu\" alt=\"Kap\u0131kule\u2019de t\u0131r \u015fof\u00f6rlerinin korkulu r\u00fcyas\u0131 \u2019\u00e7ile kuyru\u011fu\u2019 tarih oldu\" style=\"width: 121px; height: 81px;\" \/> <\/a> <\/div> <\/div> <!-- close group --> <div class=\"gallery-group images-1\" style=\"width: 125px; height: 85px;\" data-original-width=\"125\" data-original-height=\"85\" > <div class=\"tiled-gallery-item tiled-gallery-item-small\" itemprop=\"associatedMedia\" itemscope itemtype=\"http:\/\/schema.org\/ImageObject\"> <a href=\"http:\/\/www.tvturk.com\/index.php\/kapikulede-tir-soforlerinin-korkulu-ruyasi-cile-kuyrugu-tarih-oldu\/kapikulede-tir-soforlerinin-korkulu-ruyasi-cile-kuyrugu-tarih-oldu-9\/\" border=\"0\" itemprop=\"url\"> <meta itemprop=\"width\" content=\"121\"> <meta itemprop=\"height\" content=\"81\"> <img decoding=\"async\" class=\"\" data-attachment-id=\"133967\" data-orig-file=\"http:\/\/www.tvturk.com\/wp-content\/uploads\/2019\/04\/kapikulede-tir-soforlerinin-korkulu-ruyasi-cile-kuyrugu-tarih-oldu_9795004.jpg\" data-orig-size=\"1000,666\" data-comments-opened=\"\" data-image-meta=\"{&quot;aperture&quot;:&quot;0&quot;,&quot;credit&quot;:&quot;IHA&quot;,&quot;camera&quot;:&quot;&quot;,&quot;caption&quot;:&quot;TIR \\u015eOF\\u00d6RLER\\u0130 DE YEN\\u0130 UYGULAMADAN GAYET MEMNUN OLDUKLARINI BEL\\u0130RTEREK, ORTALAMA 4 G\\u00dcNL\\u00dcK BEKLEME S\\u00dcRELER\\u0130N\\u0130N \\u015eU AN 1 G\\u00dcNE \\u0130ND\\u0130\\u011e\\u0130N\\u0130 D\\u0130LE GET\\u0130REREK, \\u201cEN B\\u00dcY\\u00dcK SIKINTI SIRADA DURMAMIZ, SABAH KADAR UYUYAMAMAMIZDI. \\u015e\\u0130MD\\u0130 B\\u0130TT\\u0130, D\\u0130REK PARKA G\\u0130D\\u0130YORUZ. ALLAHA \\u015e\\u00dcK\\u00dcR B\\u0130TT\\u0130. G\\u00dcZEL B\\u0130R UYGULAMA. \\u015eU ANK\\u0130 S\\u0130STEM \\u00c7OK G\\u00dcZEL, YAPANLARIN EL\\u0130NE SA\\u011eLIK, EME\\u011e\\u0130 GE\\u00c7ENLERE TE\\u015eEKK\\u00dcR EDER\\u0130Z\\u201d \\u0130FADELER\\u0130N\\u0130 KULLANDI. (KORAY USTABA\\u015eI\\\/ED\\u0130RNE-\\u0130HA)&quot;,&quot;created_timestamp&quot;:&quot;0&quot;,&quot;copyright&quot;:&quot;\\u0130HLAS HABER AJANSI, www.iha.com.tr&quot;,&quot;focal_length&quot;:&quot;0&quot;,&quot;iso&quot;:&quot;0&quot;,&quot;shutter_speed&quot;:&quot;0&quot;,&quot;title&quot;:&quot;KAPIKULE\\u2019DE TIR \\u015eOF\\u00d6RLER\\u0130N\\u0130N KORKULU R\\u00dcYASI \\u0027\\u00c7\\u0130LE KUYRU\\u011eU\\u0027 TAR\\u0130H OLDU SIRA NUMARANI AL, \\u2018\\u00c7\\u0130LE\\u2019Y\\u0130 \\u00c7EKME! ED\\u0130RNE VAL\\u0130S\\u0130 EKREM CANALP: \\u201c\\u0130HRACATIMIZIN \\u0130S\\u0130MS\\u0130Z KAHRAMANLARI \\u0130NSAN\\u0130 KO\\u015eULLARA KAVU\\u015eACAK\\u201d&quot;,&quot;orientation&quot;:&quot;0&quot;}\" data-image-title=\"Kap\u0131kule\u2019de t\u0131r \u015fof\u00f6rlerinin korkulu r\u00fcyas\u0131 \u2019\u00e7ile kuyru\u011fu\u2019 tarih oldu\" data-image-description=\"&lt;p&gt;Kap\u0131kule\u2019de t\u0131r \u015fof\u00f6rlerinin korkulu r\u00fcyas\u0131 \u2019\u00e7ile kuyru\u011fu\u2019 tarih oldu&lt;\/p&gt; \" data-medium-file=\"https:\/\/i0.wp.com\/www.tvturk.com\/wp-content\/uploads\/2019\/04\/kapikulede-tir-soforlerinin-korkulu-ruyasi-cile-kuyrugu-tarih-oldu_9795004.jpg?fit=300%2C200\" data-large-file=\"https:\/\/i0.wp.com\/www.tvturk.com\/wp-content\/uploads\/2019\/04\/kapikulede-tir-soforlerinin-korkulu-ruyasi-cile-kuyrugu-tarih-oldu_9795004.jpg?fit=1000%2C666\" src=\"https:\/\/i0.wp.com\/www.tvturk.com\/wp-content\/uploads\/2019\/04\/kapikulede-tir-soforlerinin-korkulu-ruyasi-cile-kuyrugu-tarih-oldu_9795004.jpg?w=121&#038;h=81\" srcset=\"https:\/\/i0.wp.com\/www.tvturk.com\/wp-content\/uploads\/2019\/04\/kapikulede-tir-soforlerinin-korkulu-ruyasi-cile-kuyrugu-tarih-oldu_9795004.jpg?w=1000 1000w, https:\/\/i0.wp.com\/www.tvturk.com\/wp-content\/uploads\/2019\/04\/kapikulede-tir-soforlerinin-korkulu-ruyasi-cile-kuyrugu-tarih-oldu_9795004.jpg?resize=150%2C100 150w, https:\/\/i0.wp.com\/www.tvturk.com\/wp-content\/uploads\/2019\/04\/kapikulede-tir-soforlerinin-korkulu-ruyasi-cile-kuyrugu-tarih-oldu_9795004.jpg?resize=300%2C200 300w, https:\/\/i0.wp.com\/www.tvturk.com\/wp-content\/uploads\/2019\/04\/kapikulede-tir-soforlerinin-korkulu-ruyasi-cile-kuyrugu-tarih-oldu_9795004.jpg?resize=768%2C511 768w, https:\/\/i0.wp.com\/www.tvturk.com\/wp-content\/uploads\/2019\/04\/kapikulede-tir-soforlerinin-korkulu-ruyasi-cile-kuyrugu-tarih-oldu_9795004.jpg?resize=170%2C113 170w, https:\/\/i0.wp.com\/www.tvturk.com\/wp-content\/uploads\/2019\/04\/kapikulede-tir-soforlerinin-korkulu-ruyasi-cile-kuyrugu-tarih-oldu_9795004.jpg?resize=120%2C80 120w, https:\/\/i0.wp.com\/www.tvturk.com\/wp-content\/uploads\/2019\/04\/kapikulede-tir-soforlerinin-korkulu-ruyasi-cile-kuyrugu-tarih-oldu_9795004.jpg?resize=80%2C55 80w\" width=\"121\" height=\"81\" loading=\"lazy\" data-original-width=\"121\" data-original-height=\"81\" itemprop=\"http:\/\/schema.org\/image\" title=\"Kap\u0131kule\u2019de t\u0131r \u015fof\u00f6rlerinin korkulu r\u00fcyas\u0131 \u2019\u00e7ile kuyru\u011fu\u2019 tarih oldu\" alt=\"Kap\u0131kule\u2019de t\u0131r \u015fof\u00f6rlerinin korkulu r\u00fcyas\u0131 \u2019\u00e7ile kuyru\u011fu\u2019 tarih oldu\" style=\"width: 121px; height: 81px;\" \/> <\/a> <\/div> <\/div> <!-- close group --> <\/div> <!-- close row --> <\/div><\/p>\n","protected":false},"excerpt":{"rendered":"<p>TIR \u015eOF\u00d6RLER\u0130 DE YEN\u0130 UYGULAMADAN GAYET MEMNUN OLDUKLARINI BEL\u0130RTEREK, ORTALAMA 4 G\u00dcNL\u00dcK BEKLEME S\u00dcRELER\u0130N\u0130N \u015eU AN 1 G\u00dcNE \u0130ND\u0130\u011e\u0130N\u0130 D\u0130LE GET\u0130REREK, \u201cEN B\u00dcY\u00dcK SIKINTI SIRADA DURMAMIZ, SABAH KADAR UYUYAMAMAMIZDI. \u015e\u0130MD\u0130 B\u0130TT\u0130, D\u0130REK PARKA G\u0130D\u0130YORUZ. ALLAHA \u015e\u00dcK\u00dcR B\u0130TT\u0130. G\u00dcZEL B\u0130R UYGULAMA. \u015eU ANK\u0130 S\u0130STEM \u00c7OK G\u00dcZEL, YAPANLARIN EL\u0130NE SA\u011eLIK, EME\u011e\u0130 GE\u00c7ENLERE TE\u015eEKK\u00dcR EDER\u0130Z\u201d \u0130FADELER\u0130N\u0130 KULLANDI.<\/p>\n","protected":false},"author":1,"featured_media":133960,"comment_status":"closed","ping_status":"open","sticky":false,"template":"","format":"standard","meta":{"jetpack_post_was_ever_published":false,"_jetpack_newsletter_access":"","_jetpack_dont_email_post_to_subs":false,"_jetpack_newsletter_tier_id":0,"_jetpack_memberships_contains_paywalled_content":false,"_jetpack_memberships_contains_paid_content":false,"footnotes":"","jetpack_publicize_message":"","jetpack_publicize_feature_enabled":true,"jetpack_social_post_already_shared":true,"jetpack_social_options":{"image_generator_settings":{"template":"highway","default_image_id":0,"font":"","enabled":false},"version":2}},"categories":[1],"tags":[30889,7575,2099,9949,77,2100,30888,1330,2708],"class_list":["post-133959","post","type-post","status-publish","format-standard","has-post-thumbnail","hentry","category-genel","tag-cile","tag-kapikulede","tag-korkulu","tag-kuyrugu","tag-oldu","tag-ruyasi","tag-soforlerinin","tag-tarih","tag-tir"],"jetpack_publicize_connections":[],"jetpack_featured_media_url":"https:\/\/i0.wp.com\/www.tvturk.com\/wp-content\/uploads\/2019\/04\/kapikulede-tir-soforlerinin-korkulu-ruyasi-cile-kuyrugu-tarih-oldu_a540cbc.jpg?fit=1000%2C666","jetpack_sharing_enabled":true,"jetpack_shortlink":"https:\/\/wp.me\/paKIfm-yQD","_links":{"self":[{"href":"http:\/\/www.tvturk.com\/index.php\/wp-json\/wp\/v2\/posts\/133959","targetHints":{"allow":["GET"]}}],"collection":[{"href":"http:\/\/www.tvturk.com\/index.php\/wp-json\/wp\/v2\/posts"}],"about":[{"href":"http:\/\/www.tvturk.com\/index.php\/wp-json\/wp\/v2\/types\/post"}],"author":[{"embeddable":true,"href":"http:\/\/www.tvturk.com\/index.php\/wp-json\/wp\/v2\/users\/1"}],"replies":[{"embeddable":true,"href":"http:\/\/www.tvturk.com\/index.php\/wp-json\/wp\/v2\/comments?post=133959"}],"version-history":[{"count":1,"href":"http:\/\/www.tvturk.com\/index.php\/wp-json\/wp\/v2\/posts\/133959\/revisions"}],"predecessor-version":[{"id":133968,"href":"http:\/\/www.tvturk.com\/index.php\/wp-json\/wp\/v2\/posts\/133959\/revisions\/133968"}],"wp:featuredmedia":[{"embeddable":true,"href":"http:\/\/www.tvturk.com\/index.php\/wp-json\/wp\/v2\/media\/133960"}],"wp:attachment":[{"href":"http:\/\/www.tvturk.com\/index.php\/wp-json\/wp\/v2\/media?parent=133959"}],"wp:term":[{"taxonomy":"category","embeddable":true,"href":"http:\/\/www.tvturk.com\/index.php\/wp-json\/wp\/v2\/categories?post=133959"},{"taxonomy":"post_tag","embeddable":true,"href":"http:\/\/www.tvturk.com\/index.php\/wp-json\/wp\/v2\/tags?post=133959"}],"curies":[{"name":"wp","href":"https:\/\/api.w.org\/{rel}","templated":true}]}}