{"id":134268,"date":"2019-04-13T09:29:09","date_gmt":"2019-04-13T06:29:09","guid":{"rendered":"http:\/\/www.tvturk.com\/index.php\/yitik-zaman-sergisi-sanatseverlerle-bulustu\/"},"modified":"2019-04-13T09:29:15","modified_gmt":"2019-04-13T06:29:15","slug":"yitik-zaman-sergisi-sanatseverlerle-bulustu","status":"publish","type":"post","link":"http:\/\/www.tvturk.com\/index.php\/yitik-zaman-sergisi-sanatseverlerle-bulustu\/","title":{"rendered":"\u201cYitik Zaman\u201d sergisi sanatseverlerle bulu\u015ftu"},"content":{"rendered":"<p>K\u00fclt\u00fcrel dokular\u0131 geleneksel ve modern bir \u00fcslupla sanata d\u00f6n\u00fc\u015ft\u00fcren Ressam Cemal Toy\u2019un \u201cYitik Zaman\u201d isimli resim sergisi sanatseverlerle bulu\u015ftu. Sergi, 1 May\u0131s\u2019a kadar Zeytinburnu K\u00fclt\u00fcr ve Sanat Merkezi\u2019nde ziyaret edilebilecek.<\/p>\n<p>Ya\u015fad\u0131klar\u0131n\u0131 ve kendisinden \u00f6nce ya\u015fananlar\u0131 resme d\u00f6n\u00fc\u015ft\u00fcrerek izleyenlere \u015fehre farkl\u0131 bir g\u00f6zle bakma imkan\u0131 tan\u0131yan Ressam Cemal Toy, \u201cYitik Zaman\u201d resim sergisini sanatseverlerin be\u011fenisine sundu. Zeytinburnu K\u00fclt\u00fcr ve Sanat Merkezi\u2019nde d\u00fczenlenen sergisinin a\u00e7\u0131l\u0131\u015f\u0131na Zeytinburnu Belediye Ba\u015fkan\u0131 \u00d6mer Ar\u0131soy ve \u00e7ok say\u0131da sanatsever kat\u0131ld\u0131.<\/p>\n<p>\u201c\u015eehirlerimizi kay\u0131t alt\u0131na al\u0131yorlar\u201d<\/p>\n<p>Serginin a\u00e7\u0131l\u0131\u015f\u0131n\u0131 ger\u00e7ekle\u015ftiren Ba\u015fkan \u00d6mer Ar\u0131soy, \u201cHoca Ali R\u0131za, S\u00fcheyl \u00dcnver ve Ahmet Yakupo\u011flu \u015fehirlerimizin b\u00fcy\u00fck bir k\u0131sm\u0131n\u0131 resimle kay\u0131t alt\u0131na alm\u0131\u015f \u00f6nemli ressamlar\u0131m\u0131zd\u0131r. \u0130n\u015fallah Cemal Hocam\u0131z da onlar\u0131n izinden giderek serinin yeni mensubu olur. Hocam\u0131z\u0131n ba\u015far\u0131lar\u0131n\u0131n devam\u0131n\u0131 diliyorum. Ayr\u0131ca serginin haz\u0131rlanmas\u0131nda eme\u011fi ge\u00e7en b\u00fct\u00fcn arkada\u015flar\u0131m\u0131za ve t\u00fcm davetlilere de te\u015fekk\u00fcr ediyorum\u201d ifadelerini kulland\u0131.<\/p>\n<p>Cemal Toy kimdir?<\/p>\n<p>1969 y\u0131l\u0131nda K\u00fctahya\u2019da do\u011fan Cemal Toy, 1991 y\u0131l\u0131nda Mimar Sinan \u00dcniversitesi G\u00fczel Sanatlar Fak\u00fcltesi Resim B\u00f6l\u00fcm\u00fc\u2019nden mezun oldu. Ressam Toy, yurt i\u00e7i ve yurt d\u0131\u015f\u0131nda on iki karma sergiye kat\u0131ld\u0131 ve on bir ki\u015fisel sergi a\u00e7t\u0131. Resimlerinde b\u00fct\u00fcn bir insanl\u0131k maceras\u0131n\u0131n yok olmu\u015f veya olmaya y\u00fcz tutmu\u015f k\u00fclt\u00fcrlerinin sembolleriyle i\u015faret etti\u011fi ger\u00e7ekli\u011fin izini s\u00fcren Toy, resim \u00e7al\u0131\u015fmalar\u0131n\u0131 ayn\u0131 aray\u0131\u015flar \u00e7er\u00e7evesinde Ayasofya\u2019daki at\u00f6lyesinde s\u00fcrd\u00fcr\u00fcyor. Ressam Toy, \u0130stanbul\u2019un d\u00fcnden bug\u00fcne k\u00fclt\u00fcrel dokusunu resimlerinde geleneksel ve modern bir \u00fcslupla yans\u0131tmaya devam ediyor.<\/p>\n<p>Sanat\u00e7\u0131n\u0131n Ki\u015fisel Sergileri;<\/p>\n<p>1991 Aral\u0131k, Devlet Guzel Sanatlar Galerisi<\/p>\n<p>1993 Aral\u0131k, Peyami Sanat Galerisi<\/p>\n<p>1996 Ocak, Taksim Sanat Galerisi<\/p>\n<p>1998 May\u0131s, Akbank Beylerbeyi Sanat Galerisi<\/p>\n<p>2000 Mart, Gelsenkirchen Alfred Schimid-Haus (Almanya)<\/p>\n<p>2000 Nisan, Hamm System Bildungszentrum (Almanya)<\/p>\n<p>2005 Aral\u0131k, Saint Benoit Frans\u0131z Lisesi<\/p>\n<p>2014 \u015eubat, Die Farben Istanbul, Berlin JAK Jugend Akademie Der Kunste (Almanya)<\/p>\n<p>2014 May\u0131s, Die Farben Istanbuls, Hamm Kulturnacht  (Almanya)<\/p>\n<p>2014 Haziran, Les Couleurs D\u2019Istanbul, Paris Institut N\u00e9nuphar (Fransa)<\/p>\n<p>2015 \u015eubat, Tuvalden Yans\u0131yan \u0130stanbul, \u0130stanbul Ticaret \u00dcniversitesi<\/p>\n<p>2019 Nisan, Yitik Zaman, Zeytinburnu K\u00fclt\u00fcr ve Sanat Merkezi<div class=\"tiled-gallery type-rectangular tiled-gallery-unresized\" data-original-width=\"500\" data-carousel-extra='null' itemscope itemtype=\"http:\/\/schema.org\/ImageGallery\" > <div class=\"gallery-row\" style=\"width: 500px; height: 224px;\" data-original-width=\"500\" data-original-height=\"224\" > <div class=\"gallery-group images-1\" style=\"width: 334px; height: 224px;\" data-original-width=\"334\" data-original-height=\"224\" > <div class=\"tiled-gallery-item tiled-gallery-item-large\" itemprop=\"associatedMedia\" itemscope itemtype=\"http:\/\/schema.org\/ImageObject\"> <a href=\"http:\/\/www.tvturk.com\/index.php\/yitik-zaman-sergisi-sanatseverlerle-bulustu\/yitik-zaman-sergisi-sanatseverlerle-bulustu-3\/\" border=\"0\" itemprop=\"url\"> <meta itemprop=\"width\" content=\"330\"> <meta itemprop=\"height\" content=\"220\"> <img decoding=\"async\" class=\"\" data-attachment-id=\"134270\" data-orig-file=\"http:\/\/www.tvturk.com\/wp-content\/uploads\/2019\/04\/yitik-zaman-sergisi-sanatseverlerle-bulustu_e188f50.jpg\" data-orig-size=\"1000,666\" data-comments-opened=\"\" data-image-meta=\"{&quot;aperture&quot;:&quot;0&quot;,&quot;credit&quot;:&quot;IHA&quot;,&quot;camera&quot;:&quot;&quot;,&quot;caption&quot;:&quot;K\\u00dcLT\\u00dcREL DOKULARI GELENEKSEL VE MODERN B\\u0130R \\u00dcSLUPLA SANATA D\\u00d6N\\u00dc\\u015eT\\u00dcREN RESSAM CEMAL TOY\\u2019UN \\u201cY\\u0130T\\u0130K ZAMAN\\u201d \\u0130S\\u0130ML\\u0130 RES\\u0130M SERG\\u0130S\\u0130 SANATSEVERLERLE BULU\\u015eTU. SERG\\u0130, 1 MAYIS\\u2019A KADAR ZEYT\\u0130NBURNU K\\u00dcLT\\u00dcR VE SANAT MERKEZ\\u0130\\u2019NDE Z\\u0130YARET ED\\u0130LEB\\u0130LECEK. (\\u0130HA\\\/\\u0130STANBUL-\\u0130HA)&quot;,&quot;created_timestamp&quot;:&quot;0&quot;,&quot;copyright&quot;:&quot;\\u0130HLAS HABER AJANSI, www.iha.com.tr&quot;,&quot;focal_length&quot;:&quot;0&quot;,&quot;iso&quot;:&quot;0&quot;,&quot;shutter_speed&quot;:&quot;0&quot;,&quot;title&quot;:&quot;\\u201cY\\u0130T\\u0130K ZAMAN\\u201d SERG\\u0130S\\u0130 SANATSEVERLERLE BULU\\u015eTU&quot;,&quot;orientation&quot;:&quot;0&quot;}\" data-image-title=\"\u201cYitik Zaman\u201d sergisi sanatseverlerle bulu\u015ftu\" data-image-description=\"&lt;p&gt;\u201cYitik Zaman\u201d sergisi sanatseverlerle bulu\u015ftu&lt;\/p&gt; \" data-medium-file=\"https:\/\/i0.wp.com\/www.tvturk.com\/wp-content\/uploads\/2019\/04\/yitik-zaman-sergisi-sanatseverlerle-bulustu_e188f50.jpg?fit=300%2C200\" data-large-file=\"https:\/\/i0.wp.com\/www.tvturk.com\/wp-content\/uploads\/2019\/04\/yitik-zaman-sergisi-sanatseverlerle-bulustu_e188f50.jpg?fit=1000%2C666\" src=\"https:\/\/i0.wp.com\/www.tvturk.com\/wp-content\/uploads\/2019\/04\/yitik-zaman-sergisi-sanatseverlerle-bulustu_e188f50.jpg?w=330&#038;h=220\" srcset=\"https:\/\/i0.wp.com\/www.tvturk.com\/wp-content\/uploads\/2019\/04\/yitik-zaman-sergisi-sanatseverlerle-bulustu_e188f50.jpg?w=1000 1000w, https:\/\/i0.wp.com\/www.tvturk.com\/wp-content\/uploads\/2019\/04\/yitik-zaman-sergisi-sanatseverlerle-bulustu_e188f50.jpg?resize=150%2C100 150w, https:\/\/i0.wp.com\/www.tvturk.com\/wp-content\/uploads\/2019\/04\/yitik-zaman-sergisi-sanatseverlerle-bulustu_e188f50.jpg?resize=300%2C200 300w, https:\/\/i0.wp.com\/www.tvturk.com\/wp-content\/uploads\/2019\/04\/yitik-zaman-sergisi-sanatseverlerle-bulustu_e188f50.jpg?resize=768%2C511 768w, https:\/\/i0.wp.com\/www.tvturk.com\/wp-content\/uploads\/2019\/04\/yitik-zaman-sergisi-sanatseverlerle-bulustu_e188f50.jpg?resize=170%2C113 170w, https:\/\/i0.wp.com\/www.tvturk.com\/wp-content\/uploads\/2019\/04\/yitik-zaman-sergisi-sanatseverlerle-bulustu_e188f50.jpg?resize=120%2C80 120w\" width=\"330\" height=\"220\" loading=\"lazy\" data-original-width=\"330\" data-original-height=\"220\" itemprop=\"http:\/\/schema.org\/image\" title=\"\u201cYitik Zaman\u201d sergisi sanatseverlerle bulu\u015ftu\" alt=\"\u201cYitik Zaman\u201d sergisi sanatseverlerle bulu\u015ftu\" style=\"width: 330px; height: 220px;\" \/> <\/a> <\/div> <\/div> <!-- close group --> <div class=\"gallery-group images-2\" style=\"width: 166px; height: 224px;\" data-original-width=\"166\" data-original-height=\"224\" > <div class=\"tiled-gallery-item tiled-gallery-item-small\" itemprop=\"associatedMedia\" itemscope itemtype=\"http:\/\/schema.org\/ImageObject\"> <a href=\"http:\/\/www.tvturk.com\/index.php\/yitik-zaman-sergisi-sanatseverlerle-bulustu\/yitik-zaman-sergisi-sanatseverlerle-bulustu-4\/\" border=\"0\" itemprop=\"url\"> <meta itemprop=\"width\" content=\"162\"> <meta itemprop=\"height\" content=\"108\"> <img decoding=\"async\" class=\"\" data-attachment-id=\"134271\" data-orig-file=\"http:\/\/www.tvturk.com\/wp-content\/uploads\/2019\/04\/yitik-zaman-sergisi-sanatseverlerle-bulustu_36ecb9b.jpg\" data-orig-size=\"1000,666\" data-comments-opened=\"\" data-image-meta=\"{&quot;aperture&quot;:&quot;0&quot;,&quot;credit&quot;:&quot;IHA&quot;,&quot;camera&quot;:&quot;&quot;,&quot;caption&quot;:&quot;K\\u00dcLT\\u00dcREL DOKULARI GELENEKSEL VE MODERN B\\u0130R \\u00dcSLUPLA SANATA D\\u00d6N\\u00dc\\u015eT\\u00dcREN RESSAM CEMAL TOY\\u2019UN \\u201cY\\u0130T\\u0130K ZAMAN\\u201d \\u0130S\\u0130ML\\u0130 RES\\u0130M SERG\\u0130S\\u0130 SANATSEVERLERLE BULU\\u015eTU. SERG\\u0130, 1 MAYIS\\u2019A KADAR ZEYT\\u0130NBURNU K\\u00dcLT\\u00dcR VE SANAT MERKEZ\\u0130\\u2019NDE Z\\u0130YARET ED\\u0130LEB\\u0130LECEK. (\\u0130HA\\\/\\u0130STANBUL-\\u0130HA)&quot;,&quot;created_timestamp&quot;:&quot;0&quot;,&quot;copyright&quot;:&quot;\\u0130HLAS HABER AJANSI, www.iha.com.tr&quot;,&quot;focal_length&quot;:&quot;0&quot;,&quot;iso&quot;:&quot;0&quot;,&quot;shutter_speed&quot;:&quot;0&quot;,&quot;title&quot;:&quot;\\u201cY\\u0130T\\u0130K ZAMAN\\u201d SERG\\u0130S\\u0130 SANATSEVERLERLE BULU\\u015eTU&quot;,&quot;orientation&quot;:&quot;0&quot;}\" data-image-title=\"\u201cYitik Zaman\u201d sergisi sanatseverlerle bulu\u015ftu\" data-image-description=\"&lt;p&gt;\u201cYitik Zaman\u201d sergisi sanatseverlerle bulu\u015ftu&lt;\/p&gt; \" data-medium-file=\"https:\/\/i0.wp.com\/www.tvturk.com\/wp-content\/uploads\/2019\/04\/yitik-zaman-sergisi-sanatseverlerle-bulustu_36ecb9b.jpg?fit=300%2C200\" data-large-file=\"https:\/\/i0.wp.com\/www.tvturk.com\/wp-content\/uploads\/2019\/04\/yitik-zaman-sergisi-sanatseverlerle-bulustu_36ecb9b.jpg?fit=1000%2C666\" src=\"https:\/\/i0.wp.com\/www.tvturk.com\/wp-content\/uploads\/2019\/04\/yitik-zaman-sergisi-sanatseverlerle-bulustu_36ecb9b.jpg?w=162&#038;h=108\" srcset=\"https:\/\/i0.wp.com\/www.tvturk.com\/wp-content\/uploads\/2019\/04\/yitik-zaman-sergisi-sanatseverlerle-bulustu_36ecb9b.jpg?w=1000 1000w, https:\/\/i0.wp.com\/www.tvturk.com\/wp-content\/uploads\/2019\/04\/yitik-zaman-sergisi-sanatseverlerle-bulustu_36ecb9b.jpg?resize=150%2C100 150w, https:\/\/i0.wp.com\/www.tvturk.com\/wp-content\/uploads\/2019\/04\/yitik-zaman-sergisi-sanatseverlerle-bulustu_36ecb9b.jpg?resize=300%2C200 300w, https:\/\/i0.wp.com\/www.tvturk.com\/wp-content\/uploads\/2019\/04\/yitik-zaman-sergisi-sanatseverlerle-bulustu_36ecb9b.jpg?resize=768%2C511 768w, https:\/\/i0.wp.com\/www.tvturk.com\/wp-content\/uploads\/2019\/04\/yitik-zaman-sergisi-sanatseverlerle-bulustu_36ecb9b.jpg?resize=170%2C113 170w, https:\/\/i0.wp.com\/www.tvturk.com\/wp-content\/uploads\/2019\/04\/yitik-zaman-sergisi-sanatseverlerle-bulustu_36ecb9b.jpg?resize=120%2C80 120w\" width=\"162\" height=\"108\" loading=\"lazy\" data-original-width=\"162\" data-original-height=\"108\" itemprop=\"http:\/\/schema.org\/image\" title=\"\u201cYitik Zaman\u201d sergisi sanatseverlerle bulu\u015ftu\" alt=\"\u201cYitik Zaman\u201d sergisi sanatseverlerle bulu\u015ftu\" style=\"width: 162px; height: 108px;\" \/> <\/a> <\/div> <div class=\"tiled-gallery-item tiled-gallery-item-small\" itemprop=\"associatedMedia\" itemscope itemtype=\"http:\/\/schema.org\/ImageObject\"> <a href=\"http:\/\/www.tvturk.com\/index.php\/yitik-zaman-sergisi-sanatseverlerle-bulustu\/yitik-zaman-sergisi-sanatseverlerle-bulustu-5\/\" border=\"0\" itemprop=\"url\"> <meta itemprop=\"width\" content=\"162\"> <meta itemprop=\"height\" content=\"108\"> <img decoding=\"async\" class=\"\" data-attachment-id=\"134272\" data-orig-file=\"http:\/\/www.tvturk.com\/wp-content\/uploads\/2019\/04\/yitik-zaman-sergisi-sanatseverlerle-bulustu_bc7b2c0.jpg\" data-orig-size=\"1000,666\" data-comments-opened=\"\" data-image-meta=\"{&quot;aperture&quot;:&quot;0&quot;,&quot;credit&quot;:&quot;IHA&quot;,&quot;camera&quot;:&quot;&quot;,&quot;caption&quot;:&quot;ZEYT\\u0130NBURNU K\\u00dcLT\\u00dcR VE SANAT MERKEZ\\u0130\\u2019NDE D\\u00dcZENLENEN SERG\\u0130S\\u0130N\\u0130N A\\u00c7ILI\\u015eINA ZEYT\\u0130NBURNU BELED\\u0130YE BA\\u015eKANI \\u00d6MER ARISOY VE \\u00c7OK SAYIDA SANATSEVER KATILDI. (\\u0130HA\\\/\\u0130STANBUL-\\u0130HA)&quot;,&quot;created_timestamp&quot;:&quot;0&quot;,&quot;copyright&quot;:&quot;\\u0130HLAS HABER AJANSI, www.iha.com.tr&quot;,&quot;focal_length&quot;:&quot;0&quot;,&quot;iso&quot;:&quot;0&quot;,&quot;shutter_speed&quot;:&quot;0&quot;,&quot;title&quot;:&quot;\\u201cY\\u0130T\\u0130K ZAMAN\\u201d SERG\\u0130S\\u0130 SANATSEVERLERLE BULU\\u015eTU&quot;,&quot;orientation&quot;:&quot;0&quot;}\" data-image-title=\"\u201cYitik Zaman\u201d sergisi sanatseverlerle bulu\u015ftu\" data-image-description=\"&lt;p&gt;\u201cYitik Zaman\u201d sergisi sanatseverlerle bulu\u015ftu&lt;\/p&gt; \" data-medium-file=\"https:\/\/i0.wp.com\/www.tvturk.com\/wp-content\/uploads\/2019\/04\/yitik-zaman-sergisi-sanatseverlerle-bulustu_bc7b2c0.jpg?fit=300%2C200\" data-large-file=\"https:\/\/i0.wp.com\/www.tvturk.com\/wp-content\/uploads\/2019\/04\/yitik-zaman-sergisi-sanatseverlerle-bulustu_bc7b2c0.jpg?fit=1000%2C666\" src=\"https:\/\/i0.wp.com\/www.tvturk.com\/wp-content\/uploads\/2019\/04\/yitik-zaman-sergisi-sanatseverlerle-bulustu_bc7b2c0.jpg?w=162&#038;h=108\" srcset=\"https:\/\/i0.wp.com\/www.tvturk.com\/wp-content\/uploads\/2019\/04\/yitik-zaman-sergisi-sanatseverlerle-bulustu_bc7b2c0.jpg?w=1000 1000w, https:\/\/i0.wp.com\/www.tvturk.com\/wp-content\/uploads\/2019\/04\/yitik-zaman-sergisi-sanatseverlerle-bulustu_bc7b2c0.jpg?resize=150%2C100 150w, https:\/\/i0.wp.com\/www.tvturk.com\/wp-content\/uploads\/2019\/04\/yitik-zaman-sergisi-sanatseverlerle-bulustu_bc7b2c0.jpg?resize=300%2C200 300w, https:\/\/i0.wp.com\/www.tvturk.com\/wp-content\/uploads\/2019\/04\/yitik-zaman-sergisi-sanatseverlerle-bulustu_bc7b2c0.jpg?resize=768%2C511 768w, https:\/\/i0.wp.com\/www.tvturk.com\/wp-content\/uploads\/2019\/04\/yitik-zaman-sergisi-sanatseverlerle-bulustu_bc7b2c0.jpg?resize=170%2C113 170w, https:\/\/i0.wp.com\/www.tvturk.com\/wp-content\/uploads\/2019\/04\/yitik-zaman-sergisi-sanatseverlerle-bulustu_bc7b2c0.jpg?resize=120%2C80 120w\" width=\"162\" height=\"108\" loading=\"lazy\" data-original-width=\"162\" data-original-height=\"108\" itemprop=\"http:\/\/schema.org\/image\" title=\"\u201cYitik Zaman\u201d sergisi sanatseverlerle bulu\u015ftu\" alt=\"\u201cYitik Zaman\u201d sergisi sanatseverlerle bulu\u015ftu\" style=\"width: 162px; height: 108px;\" \/> <\/a> <\/div> <\/div> <!-- close group --> <\/div> <!-- close row --> <div class=\"gallery-row\" style=\"width: 500px; height: 334px;\" data-original-width=\"500\" data-original-height=\"334\" > <div class=\"gallery-group images-1\" style=\"width: 500px; height: 334px;\" data-original-width=\"500\" data-original-height=\"334\" > <div class=\"tiled-gallery-item tiled-gallery-item-large\" itemprop=\"associatedMedia\" itemscope itemtype=\"http:\/\/schema.org\/ImageObject\"> <a href=\"http:\/\/www.tvturk.com\/index.php\/yitik-zaman-sergisi-sanatseverlerle-bulustu\/yitik-zaman-sergisi-sanatseverlerle-bulustu-6\/\" border=\"0\" itemprop=\"url\"> <meta itemprop=\"width\" content=\"496\"> <meta itemprop=\"height\" content=\"330\"> <img decoding=\"async\" class=\"\" data-attachment-id=\"134273\" data-orig-file=\"http:\/\/www.tvturk.com\/wp-content\/uploads\/2019\/04\/yitik-zaman-sergisi-sanatseverlerle-bulustu_5e5f339.jpg\" data-orig-size=\"1000,666\" data-comments-opened=\"\" data-image-meta=\"{&quot;aperture&quot;:&quot;0&quot;,&quot;credit&quot;:&quot;IHA&quot;,&quot;camera&quot;:&quot;&quot;,&quot;caption&quot;:&quot;K\\u00dcLT\\u00dcREL DOKULARI GELENEKSEL VE MODERN B\\u0130R \\u00dcSLUPLA SANATA D\\u00d6N\\u00dc\\u015eT\\u00dcREN RESSAM CEMAL TOY\\u2019UN \\u201cY\\u0130T\\u0130K ZAMAN\\u201d \\u0130S\\u0130ML\\u0130 RES\\u0130M SERG\\u0130S\\u0130 SANATSEVERLERLE BULU\\u015eTU. SERG\\u0130, 1 MAYIS\\u2019A KADAR ZEYT\\u0130NBURNU K\\u00dcLT\\u00dcR VE SANAT MERKEZ\\u0130\\u2019NDE Z\\u0130YARET ED\\u0130LEB\\u0130LECEK. (\\u0130HA\\\/\\u0130STANBUL-\\u0130HA)&quot;,&quot;created_timestamp&quot;:&quot;0&quot;,&quot;copyright&quot;:&quot;\\u0130HLAS HABER AJANSI, www.iha.com.tr&quot;,&quot;focal_length&quot;:&quot;0&quot;,&quot;iso&quot;:&quot;0&quot;,&quot;shutter_speed&quot;:&quot;0&quot;,&quot;title&quot;:&quot;\\u201cY\\u0130T\\u0130K ZAMAN\\u201d SERG\\u0130S\\u0130 SANATSEVERLERLE BULU\\u015eTU&quot;,&quot;orientation&quot;:&quot;0&quot;}\" data-image-title=\"\u201cYitik Zaman\u201d sergisi sanatseverlerle bulu\u015ftu\" data-image-description=\"&lt;p&gt;\u201cYitik Zaman\u201d sergisi sanatseverlerle bulu\u015ftu&lt;\/p&gt; \" data-medium-file=\"https:\/\/i0.wp.com\/www.tvturk.com\/wp-content\/uploads\/2019\/04\/yitik-zaman-sergisi-sanatseverlerle-bulustu_5e5f339.jpg?fit=300%2C200\" data-large-file=\"https:\/\/i0.wp.com\/www.tvturk.com\/wp-content\/uploads\/2019\/04\/yitik-zaman-sergisi-sanatseverlerle-bulustu_5e5f339.jpg?fit=1000%2C666\" src=\"https:\/\/i0.wp.com\/www.tvturk.com\/wp-content\/uploads\/2019\/04\/yitik-zaman-sergisi-sanatseverlerle-bulustu_5e5f339.jpg?w=496&#038;h=330\" srcset=\"https:\/\/i0.wp.com\/www.tvturk.com\/wp-content\/uploads\/2019\/04\/yitik-zaman-sergisi-sanatseverlerle-bulustu_5e5f339.jpg?w=1000 1000w, https:\/\/i0.wp.com\/www.tvturk.com\/wp-content\/uploads\/2019\/04\/yitik-zaman-sergisi-sanatseverlerle-bulustu_5e5f339.jpg?resize=150%2C100 150w, https:\/\/i0.wp.com\/www.tvturk.com\/wp-content\/uploads\/2019\/04\/yitik-zaman-sergisi-sanatseverlerle-bulustu_5e5f339.jpg?resize=300%2C200 300w, https:\/\/i0.wp.com\/www.tvturk.com\/wp-content\/uploads\/2019\/04\/yitik-zaman-sergisi-sanatseverlerle-bulustu_5e5f339.jpg?resize=768%2C511 768w, https:\/\/i0.wp.com\/www.tvturk.com\/wp-content\/uploads\/2019\/04\/yitik-zaman-sergisi-sanatseverlerle-bulustu_5e5f339.jpg?resize=170%2C113 170w, https:\/\/i0.wp.com\/www.tvturk.com\/wp-content\/uploads\/2019\/04\/yitik-zaman-sergisi-sanatseverlerle-bulustu_5e5f339.jpg?resize=120%2C80 120w\" width=\"496\" height=\"330\" loading=\"lazy\" data-original-width=\"496\" data-original-height=\"330\" itemprop=\"http:\/\/schema.org\/image\" title=\"\u201cYitik Zaman\u201d sergisi sanatseverlerle bulu\u015ftu\" alt=\"\u201cYitik Zaman\u201d sergisi sanatseverlerle bulu\u015ftu\" style=\"width: 496px; height: 330px;\" \/> <\/a> <\/div> <\/div> <!-- close group --> <\/div> <!-- close row --> <\/div><\/p>\n","protected":false},"excerpt":{"rendered":"<p>K\u00dcLT\u00dcREL DOKULARI GELENEKSEL VE MODERN B\u0130R \u00dcSLUPLA SANATA D\u00d6N\u00dc\u015eT\u00dcREN RESSAM CEMAL TOY\u2019UN \u201cY\u0130T\u0130K ZAMAN\u201d \u0130S\u0130ML\u0130 RES\u0130M SERG\u0130S\u0130 SANATSEVERLERLE BULU\u015eTU. SERG\u0130, 1 MAYIS\u2019A KADAR ZEYT\u0130NBURNU K\u00dcLT\u00dcR VE SANAT MERKEZ\u0130\u2019NDE Z\u0130YARET ED\u0130LEB\u0130LECEK.<\/p>\n","protected":false},"author":1,"featured_media":134269,"comment_status":"closed","ping_status":"open","sticky":false,"template":"","format":"standard","meta":{"jetpack_post_was_ever_published":false,"_jetpack_newsletter_access":"","_jetpack_dont_email_post_to_subs":false,"_jetpack_newsletter_tier_id":0,"_jetpack_memberships_contains_paywalled_content":false,"_jetpack_memberships_contains_paid_content":false,"footnotes":"","jetpack_publicize_message":"","jetpack_publicize_feature_enabled":true,"jetpack_social_post_already_shared":true,"jetpack_social_options":{"image_generator_settings":{"template":"highway","default_image_id":0,"font":"","enabled":false},"version":2}},"categories":[1],"tags":[30920,389,24672,1335,74],"class_list":["post-134268","post","type-post","status-publish","format-standard","has-post-thumbnail","hentry","category-genel","tag-yitik","tag-bulustu","tag-sanatseverlerle","tag-sergisi","tag-zaman"],"jetpack_publicize_connections":[],"jetpack_featured_media_url":"https:\/\/i0.wp.com\/www.tvturk.com\/wp-content\/uploads\/2019\/04\/yitik-zaman-sergisi-sanatseverlerle-bulustu_279ebbf.jpg?fit=1000%2C666","jetpack_sharing_enabled":true,"jetpack_shortlink":"https:\/\/wp.me\/paKIfm-yVC","_links":{"self":[{"href":"http:\/\/www.tvturk.com\/index.php\/wp-json\/wp\/v2\/posts\/134268","targetHints":{"allow":["GET"]}}],"collection":[{"href":"http:\/\/www.tvturk.com\/index.php\/wp-json\/wp\/v2\/posts"}],"about":[{"href":"http:\/\/www.tvturk.com\/index.php\/wp-json\/wp\/v2\/types\/post"}],"author":[{"embeddable":true,"href":"http:\/\/www.tvturk.com\/index.php\/wp-json\/wp\/v2\/users\/1"}],"replies":[{"embeddable":true,"href":"http:\/\/www.tvturk.com\/index.php\/wp-json\/wp\/v2\/comments?post=134268"}],"version-history":[{"count":1,"href":"http:\/\/www.tvturk.com\/index.php\/wp-json\/wp\/v2\/posts\/134268\/revisions"}],"predecessor-version":[{"id":134274,"href":"http:\/\/www.tvturk.com\/index.php\/wp-json\/wp\/v2\/posts\/134268\/revisions\/134274"}],"wp:featuredmedia":[{"embeddable":true,"href":"http:\/\/www.tvturk.com\/index.php\/wp-json\/wp\/v2\/media\/134269"}],"wp:attachment":[{"href":"http:\/\/www.tvturk.com\/index.php\/wp-json\/wp\/v2\/media?parent=134268"}],"wp:term":[{"taxonomy":"category","embeddable":true,"href":"http:\/\/www.tvturk.com\/index.php\/wp-json\/wp\/v2\/categories?post=134268"},{"taxonomy":"post_tag","embeddable":true,"href":"http:\/\/www.tvturk.com\/index.php\/wp-json\/wp\/v2\/tags?post=134268"}],"curies":[{"name":"wp","href":"https:\/\/api.w.org\/{rel}","templated":true}]}}