{"id":13509,"date":"2019-02-08T17:16:49","date_gmt":"2019-02-08T14:16:49","guid":{"rendered":"http:\/\/www.tvturk.com\/index.php\/seydisehir-belediyesinden-deforme-olan-yollari-onardi\/"},"modified":"2019-02-08T17:16:49","modified_gmt":"2019-02-08T14:16:49","slug":"seydisehir-belediyesinden-deforme-olan-yollari-onardi","status":"publish","type":"post","link":"http:\/\/www.tvturk.com\/index.php\/seydisehir-belediyesinden-deforme-olan-yollari-onardi\/","title":{"rendered":"Seydi\u015fehir Belediyesinden deforme olan yollar\u0131 onard\u0131"},"content":{"rendered":"<p>Konya\u2019n\u0131n Seydi\u015fehir \u0130l\u00e7e Belediyesi Fen \u0130\u015fleri M\u00fcd\u00fcrl\u00fc\u011f\u00fc ekiplerince k\u0131\u015f aylar\u0131nda, altyap\u0131 \u00e7al\u0131\u015fmalar\u0131 veya kullan\u0131mdan dolay\u0131 bozulan yollarda bak\u0131m, onar\u0131m ve asfalt yama \u00e7al\u0131\u015fmalar\u0131n\u0131n yan\u0131 s\u0131ra drenaj \u00e7al\u0131\u015fmalar\u0131na da ba\u015fland\u0131.<\/p>\n<p>\u00c7al\u0131\u015fmalarla ilgili bilgi veren Belediye Ba\u015fkan\u0131 Mehmet Tutal, \u201c\u0130l\u00e7emizde fen i\u015fleri ekiplerimiz taraf\u0131ndan bir yandan k\u0131\u015f aylar\u0131, altyap\u0131 \u00e7al\u0131\u015fmalar\u0131 veya kullan\u0131mdan dolay\u0131 bozulan yollarda bak\u0131m, onar\u0131m ve asfalt yama \u00e7al\u0131\u015fmalar\u0131 yap\u0131l\u0131rken, bir yandan da drenaj \u00e7al\u0131\u015fmalar\u0131na ba\u015flanm\u0131\u015ft\u0131r. Belediye olarak merkez ve k\u0131rsal mahallelerimizde asfalt yollar\u0131n \u00fczerinde meydana gelen \u00e7ukurlar, trafikte aksamalara yol a\u00e7\u0131yor ve ara\u00e7 s\u00fcr\u00fcc\u00fclerine zor anlar ya\u015fat\u0131yordu. Vatanda\u015flar\u0131m\u0131z\u0131n ya\u015fam\u0131n\u0131 kolayla\u015ft\u0131rmak i\u00e7in var g\u00fcc\u00fcm\u00fczle \u00e7al\u0131\u015f\u0131yoruz\u201d ifadelerini kulland\u0131.<\/p>\n<p>Seydi\u015fehir Belediyesi Fen \u0130\u015fleri M\u00fcd\u00fcrl\u00fc\u011f\u00fcn\u00fcn yapt\u0131\u011f\u0131 bu \u00e7al\u0131\u015fmalar vatanda\u015flar taraf\u0131ndan memnuniyetle kar\u015f\u0131land\u0131.<\/p>\n","protected":false},"excerpt":{"rendered":"<p>KONYA\u2019NIN SEYD\u0130\u015eEH\u0130R \u0130L\u00c7E BELED\u0130YES\u0130 FEN \u0130\u015eLER\u0130 M\u00dcD\u00dcRL\u00dc\u011e\u00dc EK\u0130PLER\u0130NCE KI\u015e AYLARINDA, ALTYAPI \u00c7ALI\u015eMALARI VEYA KULLANIMDAN DOLAYI BOZULAN YOLLARDA BAKIM, ONARIM VE ASFALT YAMA \u00c7ALI\u015eMALARININ YANI SIRA DRENAJ \u00c7ALI\u015eMALARINA DA BA\u015eLANDI.<\/p>\n","protected":false},"author":1,"featured_media":13510,"comment_status":"closed","ping_status":"open","sticky":false,"template":"","format":"standard","meta":{"jetpack_post_was_ever_published":false,"_jetpack_newsletter_access":"","_jetpack_dont_email_post_to_subs":false,"_jetpack_newsletter_tier_id":0,"_jetpack_memberships_contains_paywalled_content":false,"_jetpack_memberships_contains_paid_content":false,"footnotes":"","jetpack_publicize_message":"","jetpack_publicize_feature_enabled":true,"jetpack_social_post_already_shared":false,"jetpack_social_options":{"image_generator_settings":{"template":"highway","default_image_id":0,"font":"","enabled":false},"version":2}},"categories":[655],"tags":[119,6757,572,6758,6756,5024],"class_list":["post-13509","post","type-post","status-publish","format-standard","has-post-thumbnail","hentry","category-son-dakika","tag-belediyesinden","tag-deforme","tag-olan","tag-onardi","tag-seydisehir","tag-yollari"],"jetpack_publicize_connections":[],"jetpack_featured_media_url":"https:\/\/i0.wp.com\/www.tvturk.com\/wp-content\/uploads\/2019\/02\/seydisehir-belediyesinden-deforme-olan-yollari-onardi_46e52c2.jpg?fit=1000%2C562","jetpack_sharing_enabled":true,"jetpack_shortlink":"https:\/\/wp.me\/paKIfm-3vT","_links":{"self":[{"href":"http:\/\/www.tvturk.com\/index.php\/wp-json\/wp\/v2\/posts\/13509","targetHints":{"allow":["GET"]}}],"collection":[{"href":"http:\/\/www.tvturk.com\/index.php\/wp-json\/wp\/v2\/posts"}],"about":[{"href":"http:\/\/www.tvturk.com\/index.php\/wp-json\/wp\/v2\/types\/post"}],"author":[{"embeddable":true,"href":"http:\/\/www.tvturk.com\/index.php\/wp-json\/wp\/v2\/users\/1"}],"replies":[{"embeddable":true,"href":"http:\/\/www.tvturk.com\/index.php\/wp-json\/wp\/v2\/comments?post=13509"}],"version-history":[{"count":0,"href":"http:\/\/www.tvturk.com\/index.php\/wp-json\/wp\/v2\/posts\/13509\/revisions"}],"wp:featuredmedia":[{"embeddable":true,"href":"http:\/\/www.tvturk.com\/index.php\/wp-json\/wp\/v2\/media\/13510"}],"wp:attachment":[{"href":"http:\/\/www.tvturk.com\/index.php\/wp-json\/wp\/v2\/media?parent=13509"}],"wp:term":[{"taxonomy":"category","embeddable":true,"href":"http:\/\/www.tvturk.com\/index.php\/wp-json\/wp\/v2\/categories?post=13509"},{"taxonomy":"post_tag","embeddable":true,"href":"http:\/\/www.tvturk.com\/index.php\/wp-json\/wp\/v2\/tags?post=13509"}],"curies":[{"name":"wp","href":"https:\/\/api.w.org\/{rel}","templated":true}]}}