{"id":135360,"date":"2019-04-13T19:33:32","date_gmt":"2019-04-13T16:33:32","guid":{"rendered":"http:\/\/www.tvturk.com\/index.php\/kocaman-ligin-9-takimi-neredeyse-4-5-puan-icine-sikismis-durumda\/"},"modified":"2019-04-13T19:33:32","modified_gmt":"2019-04-13T16:33:32","slug":"kocaman-ligin-9-takimi-neredeyse-4-5-puan-icine-sikismis-durumda","status":"publish","type":"post","link":"http:\/\/www.tvturk.com\/index.php\/kocaman-ligin-9-takimi-neredeyse-4-5-puan-icine-sikismis-durumda\/","title":{"rendered":"Kocaman: \u201cLigin 9 tak\u0131m\u0131 neredeyse 4-5 puan i\u00e7ine s\u0131k\u0131\u015fm\u0131\u015f durumda\u201d"},"content":{"rendered":"<p>Atiker Konyaspor Teknik Direkt\u00f6r\u00fc Aykut Kocaman, ligdeki 9 tak\u0131m\u0131n 4-5 puan i\u00e7inde s\u0131k\u0131\u015fm\u0131\u015f oldu\u011funu belirterek, bu ma\u00e7ta ald\u0131klar\u0131 1 puan\u0131n kendileri i\u00e7in fazla bile oldu\u011funu s\u00f6yledi.<\/p>\n<p>Spor Toto S\u00fcper Lig\u2019in 28. haftas\u0131nda evinde Sivasspor ile berabere kalan Atiker Konyaspor\u2019da Teknik Direkt\u00f6r Aykut Kocaman, ma\u00e7 sonu a\u00e7\u0131klamalarda bulundu. Kocaman ilk olarak Fenerbah\u00e7eli Can Bartu\u2019nun vefat\u0131 m\u00fcnasebetiyle Can Bartu\u2019nun ailesine ve Fenerbah\u00e7e camias\u0131na ba\u015f sa\u011fl\u0131\u011f\u0131 diledi. Kocaman, \u201cHem T\u00fcrk futbolu i\u00e7in, hem Fenerbah\u00e7e i\u00e7in, hepimiz i\u00e7in \u00e7ok \u00f6nemli bir simge isim olan b\u00fcy\u00fck Fenerbah\u00e7e\u2019yi b\u00fcy\u00fcten en \u00f6nemli isimlerden olan, hem ya\u015fam tarz\u0131yla hem mesleki kalitesiyle, Can Bartu\u2019yu kaybetmenin derin \u00fcz\u00fcnt\u00fcs\u00fc i\u00e7indeyiz. \u00d6zellikle bizim pozisyonumuzdaki insanlar, gelip ge\u00e7iyoruz hepimiz d\u00fcnyadan ama hakikaten iz b\u0131rakmak \u00e7ok \u00f6nemli. \u0130z b\u0131rakan insanlardan bir tanesiydi. Hem T\u00fcrk futboluna, hem Fenerbah\u00e7e ailesine hem de ayn\u0131 zaman da  yak\u0131nlar\u0131na ba\u015f sa\u011fl\u0131\u011f\u0131 diliyorum. Unutulmazlar aras\u0131nda, ne kadar g\u00fczel Can abiyi rahmetle an\u0131yorum\u201d dedi.<\/p>\n<p>\u201cLigin 9 tak\u0131m\u0131 neredeyse 4-5 puan i\u00e7ine s\u0131k\u0131\u015fm\u0131\u015f durumda\u201d<\/p>\n<p>Ard\u0131ndan ma\u00e7 ile ilgili konu\u015fan Kocaman, 8 haftad\u0131r galibiyeti bulamad\u0131klar\u0131 i\u00e7in bu zinciri k\u0131rmak istediklerini belirterek, \u201cAncak ma\u00e7 \u00f6ncesinde, genel durumumuz \u00f6zellikle, sahaya \u00e7\u0131karaca\u011f\u0131m\u0131z oyuncular, hemen arkas\u0131nda bekleyenler ve benzerleri yan yana getirdi\u011fimiz zaman, Sivas\u2019\u0131n da son haftalardaki krizi, istedikleri sonucu almamalar\u0131, bu ma\u00e7\u0131 iki tak\u0131m aras\u0131nda da d\u00f6n\u00fcm ma\u00e7\u0131 haline getirdi. Bir taraftan da 8 haftad\u0131r istedi\u011fimiz sonu\u00e7lar\u0131 alamamam\u0131za ra\u011fmen,  be\u015fincinin 37 puanda, 2 puan \u00fcstte olmas\u0131, ayn\u0131 zamanda s\u0131k\u0131nt\u0131l\u0131 sonu\u00e7lar a\u00e7\u0131s\u0131ndan da her iki a\u00e7\u0131s\u0131ndan da bu ge\u00e7erli, bizim i\u00e7in oldu\u011fu kadar Sivas i\u00e7in de ge\u00e7erli, s\u0131k\u0131nt\u0131l\u0131 bir sonu\u00e7 olursa da hemen d\u00fc\u015fme hatt\u0131n\u0131n iki s\u0131ra \u00fczerindeki Ankarag\u00fcc\u00fc\u2019n\u00fcn de 32 puan\u0131 var yani 1 ma\u00e7 var. Ligin 9 tak\u0131m\u0131 neredeyse 4-5 puan i\u00e7ine s\u0131k\u0131\u015fm\u0131\u015f durumda. Her \u015feye ra\u011fmen bir \u015feyleri elde edebilmek i\u00e7in f\u0131rsat veren bir ma\u00e7t\u0131. \u00c7e\u015fitli sakatl\u0131klardan sahaya \u00e7\u0131kan oyuncular\u0131n hem form durumlar\u0131 hem de nereye kadar g\u00f6t\u00fcrecekleri konusundaki soru i\u015faretlerinden dolay\u0131 ma\u00e7 ortada g\u00f6z\u00fck\u00fcyordu. Tek avantaj\u0131m\u0131z kendi saham\u0131zda oynaman\u0131n verdi\u011fi biraz daha bir ad\u0131m daha ev sahibi tak\u0131mlar\u0131 \u00f6ne iten i\u00e7g\u00fcd\u00fcsel bir duyguydu. Yoksa bunun bug\u00fcnk\u00fc ma\u00e7la ilgili ya da bundan evvel birka\u00e7 tane ma\u00e7la d\u00fczenle ilgili olarak bunu anlatmak m\u00fcmk\u00fcn de\u011fil\u201d \u015feklinde konu\u015ftu.<\/p>\n<p>\u201c1 puan bu ma\u00e7 itibar\u0131yla bizim i\u00e7in fazla bile oldu\u201d<\/p>\n<p>Oynad\u0131klar\u0131 oyunla beraber 1 puan\u0131n kendileri i\u00e7in fazla bile oldu\u011funu kaydeden Kocaman, \u201cB\u00fct\u00fcne bak\u0131p ger\u00e7ek\u00e7i olmak gerekirse oynad\u0131\u011f\u0131m\u0131z oyun, ortaya koydu\u011fumuz enerji, yapmak istediklerimiz ama yapabildiklerimiz hepsini yan yana getirince rakibimizi de yan yana getirince asl\u0131nda 1 puan bu ma\u00e7 itibar\u0131yla bizim i\u00e7in fazla bile oldu. Sivas daha yak\u0131nd\u0131, daha \u00f6n tarafta oynayan hem sprinter hem h\u0131zl\u0131 oynayan, topu ta\u015f\u0131ma kabiliyeti y\u00fcksek oyuncular\u0131yla bo\u015fluklar\u0131 iyi de\u011ferlendirdiler. Biz son haftalardaki i\u00e7erideki ritimsiz, d\u00fczenini ortaya koyamayan ve \u00e7ok ko\u015fuyormu\u015f gibi g\u00f6r\u00fcnen ama i\u00e7indeki o ko\u015fu sertli\u011fini bar\u0131nd\u0131ramayan, topu ta\u015f\u0131ma ve \u00f6zellikle kombine ataklarla ne yapt\u0131\u011f\u0131n\u0131 bilen tak\u0131m g\u00f6r\u00fcnt\u00fcm\u00fcz\u00fcn \u00e7ok uza\u011f\u0131ndayd\u0131k. Ciddi bir \u015fekilde son 4-5 ma\u00e7 i\u00e7in s\u00f6yleyebilirim ki olumsuzluk i\u00e7indeyiz. Bu net bir \u015fekilde g\u00f6z\u00fck\u00fcyor. Bunu inkar etmenin anlam\u0131 yok. Bunun da fark\u0131nday\u0131z. \u00d6zellikle Konyasporlular\u0131n bunu \u00e7ok net bir \u015fekilde bilmesi gerekiyor.  Ancak tabii bunlar kamuoyuyla payla\u015f\u0131lacak \u015feyler de\u011fil.  \u00d6b\u00fcr taraftan da ne yapaca\u011f\u0131m\u0131z\u0131 biliyoruz. Bu g\u00fcnler s\u0131k\u0131nt\u0131lar i\u00e7inde olan g\u00fczel, tatl\u0131 an\u0131lar olarak kalacaklar bir ad\u0131m \u00f6teye ge\u00e7ti\u011fimiz zaman. Ama bu bir ad\u0131m \u00f6teye ge\u00e7ene kadar ki s\u00fcre\u00e7 hakikaten biraz s\u0131k\u0131nt\u0131l\u0131 ve y\u0131prat\u0131c\u0131 bir s\u00fcre\u00e7 olacak gibi g\u00f6z\u00fck\u00fcyor. Umar\u0131m onu Ankarag\u00fcc\u00fc ma\u00e7\u0131yla beraber \u00e7evirecek f\u0131rsata \u00e7eviririz\u201d ifadelerini kulland\u0131.<\/p>\n","protected":false},"excerpt":{"rendered":"<p>AT\u0130KER KONYASPOR TEKN\u0130K D\u0130REKT\u00d6R\u00dc AYKUT KOCAMAN, L\u0130GDEK\u0130 9 TAKIMIN 4-5 PUAN \u0130\u00c7\u0130NDE SIKI\u015eMI\u015e OLDU\u011eUNU BEL\u0130RTEREK, BU MA\u00c7TA ALDIKLARI 1 PUANIN KEND\u0130LER\u0130 \u0130\u00c7\u0130N FAZLA B\u0130LE OLDU\u011eUNU S\u00d6YLED\u0130.<\/p>\n","protected":false},"author":1,"featured_media":135361,"comment_status":"closed","ping_status":"open","sticky":false,"template":"","format":"standard","meta":{"jetpack_post_was_ever_published":false,"_jetpack_newsletter_access":"","_jetpack_dont_email_post_to_subs":false,"_jetpack_newsletter_tier_id":0,"_jetpack_memberships_contains_paywalled_content":false,"_jetpack_memberships_contains_paid_content":false,"footnotes":"","jetpack_publicize_message":"","jetpack_publicize_feature_enabled":true,"jetpack_social_post_already_shared":true,"jetpack_social_options":{"image_generator_settings":{"template":"highway","default_image_id":0,"font":"","enabled":false},"version":2}},"categories":[657],"tags":[22792,3486,14602,5098,11183,12093,7080,31055,1462],"class_list":["post-135360","post","type-post","status-publish","format-standard","has-post-thumbnail","hentry","category-spor","tag-4-5","tag-durumda","tag-icine","tag-kocaman","tag-ligin","tag-neredeyse","tag-puan","tag-sikismis","tag-takimi"],"jetpack_publicize_connections":[],"jetpack_featured_media_url":"https:\/\/i0.wp.com\/www.tvturk.com\/wp-content\/uploads\/2019\/04\/kocaman-ligin-9-takimi-neredeyse-4-5-puan-icine-sikismis-durumda_12e4a03.jpg?fit=1000%2C666","jetpack_sharing_enabled":true,"jetpack_shortlink":"https:\/\/wp.me\/paKIfm-zde","_links":{"self":[{"href":"http:\/\/www.tvturk.com\/index.php\/wp-json\/wp\/v2\/posts\/135360","targetHints":{"allow":["GET"]}}],"collection":[{"href":"http:\/\/www.tvturk.com\/index.php\/wp-json\/wp\/v2\/posts"}],"about":[{"href":"http:\/\/www.tvturk.com\/index.php\/wp-json\/wp\/v2\/types\/post"}],"author":[{"embeddable":true,"href":"http:\/\/www.tvturk.com\/index.php\/wp-json\/wp\/v2\/users\/1"}],"replies":[{"embeddable":true,"href":"http:\/\/www.tvturk.com\/index.php\/wp-json\/wp\/v2\/comments?post=135360"}],"version-history":[{"count":0,"href":"http:\/\/www.tvturk.com\/index.php\/wp-json\/wp\/v2\/posts\/135360\/revisions"}],"wp:featuredmedia":[{"embeddable":true,"href":"http:\/\/www.tvturk.com\/index.php\/wp-json\/wp\/v2\/media\/135361"}],"wp:attachment":[{"href":"http:\/\/www.tvturk.com\/index.php\/wp-json\/wp\/v2\/media?parent=135360"}],"wp:term":[{"taxonomy":"category","embeddable":true,"href":"http:\/\/www.tvturk.com\/index.php\/wp-json\/wp\/v2\/categories?post=135360"},{"taxonomy":"post_tag","embeddable":true,"href":"http:\/\/www.tvturk.com\/index.php\/wp-json\/wp\/v2\/tags?post=135360"}],"curies":[{"name":"wp","href":"https:\/\/api.w.org\/{rel}","templated":true}]}}