{"id":13562,"date":"2019-02-08T17:25:53","date_gmt":"2019-02-08T14:25:53","guid":{"rendered":"http:\/\/www.tvturk.com\/index.php\/denizlide-otizmli-cocuklar-icin-protokol-imzalandi\/"},"modified":"2019-02-08T17:25:55","modified_gmt":"2019-02-08T14:25:55","slug":"denizlide-otizmli-cocuklar-icin-protokol-imzalandi","status":"publish","type":"post","link":"http:\/\/www.tvturk.com\/index.php\/denizlide-otizmli-cocuklar-icin-protokol-imzalandi\/","title":{"rendered":"Denizli\u2019de otizmli \u00e7ocuklar i\u00e7in protokol imzaland\u0131"},"content":{"rendered":"<p>Pamukkale \u00dcniversitesi (PA\u00dc) ile Denizli Valili\u011fi aras\u0131nda,  otizmli \u00e7ocuklar\u0131n erken te\u015fhisi ve tedavisinde i\u015fbirli\u011fi sa\u011flanmas\u0131 ve \u00f6zel bir e\u011fitimden ge\u00e7irilerek topluma kazand\u0131r\u0131lmas\u0131 amac\u0131yla i\u015f birli\u011fi protokol\u00fc imzaland\u0131.<\/p>\n<p>PA\u00dc T\u0131p Fak\u00fcltesi Dekanl\u0131\u011f\u0131 ile Denizli \u0130l Milli E\u011fitim M\u00fcd\u00fcrl\u00fc\u011f\u00fc aras\u0131nda \u2018E\u011fitimde \u0130\u015f Birli\u011fi\u2019 protokol\u00fc imzaland\u0131. Valilik Toplant\u0131 Salonunda ger\u00e7ekle\u015fen protokol t\u00f6renine, Vali Hasan Karahan, PA\u00dc Rekt\u00f6r\u00fc Prof. Dr. H\u00fcseyin Ba\u011f, Rekt\u00f6r Yard\u0131mc\u0131s\u0131 Prof. Dr. Osman \u00c7ift\u00e7i, \u0130l Milli E\u011fitim M\u00fcd\u00fcr\u00fc Mahmut O\u011fuz, Uzman Dr. Ahmet B\u00fcber ve \u00d6\u011fretim \u00dcyesi Dr. \u00d6mer Ba\u015fay kat\u0131ld\u0131. \u0130l Milli E\u011fitim M\u00fcd\u00fcrl\u00fc\u011f\u00fc ile PA\u00dc T\u0131p Fak\u00fcltesi aras\u0131nda imzalanan E\u011fitimde \u0130\u015f Birli\u011fi Protokol\u00fc \u00e7er\u00e7evesinde otizmli \u00e7ocuklar\u0131n erken te\u015fhisi ve tedavisinde i\u015fbirli\u011fi sa\u011flanmas\u0131 ve \u00f6zel bir e\u011fitimden ge\u00e7irilerek topluma kazand\u0131r\u0131lmas\u0131n\u0131n ama\u00e7land\u0131\u011f\u0131 belirtildi.<\/p>\n<p>Rekt\u00f6r Ba\u011f imza t\u00f6reninde yapt\u0131\u011f\u0131 konu\u015fmada, projenin kentteki otizmli \u00f6\u011frencilere, \u00e7ocuklara y\u00f6nelik bir proje oldu\u011funu hat\u0131rlatt\u0131.<\/p>\n<p>\u201cGiderek artan bir otizm oran\u0131 var\u201d<\/p>\n<p>T\u00f6rende konu\u015fan Vali Karahan\u2019da projenin \u00f6nemine dikkat \u00e7ekerek, \u201cMaalesef sebepleri tam anla\u015f\u0131lamasa da giderek artan bir otizm oran\u0131 var. \u00d6nceden bindelik rakamlardayd\u0131 \u015fimdilerde y\u00fczdelik rakamlara indi diye biliyorum. Tabi bu konuda ailelerin, \u00f6zellikle annelerin bilin\u00e7li olmas\u0131 gerekmektedir. \u00c7ocu\u011funu dikkat edip farkl\u0131 bir durumu varsa ilgili hekime ula\u015ft\u0131r\u0131lmas\u0131n\u0131n sa\u011flanmas\u0131 ve yine okulda da \u00f6\u011fretmenlerinin dikkatli olup otizmin belirtilerini erken fark edip ilgili hastane ya da ilgili doktora ula\u015ft\u0131rmas\u0131 tedavi a\u00e7\u0131s\u0131ndan b\u00fcy\u00fck \u00f6nem arz ediyor. Bunu sa\u011flamak i\u00e7in b\u00f6yle g\u00fczel bir proje PA\u00dc T\u0131p Fak\u00fcltesi ve \u0130l Milli E\u011fitim M\u00fcd\u00fcrl\u00fc\u011f\u00fcm\u00fcz\u00fcn katk\u0131lar\u0131yla ger\u00e7ekle\u015fiyor\u201d diye konu\u015ftu.<\/p>\n<p>Konu\u015fmalar\u0131n ard\u0131ndan protokol i\u00e7in imzalar at\u0131ld\u0131.<div class=\"tiled-gallery type-rectangular tiled-gallery-unresized\" data-original-width=\"500\" data-carousel-extra='null' itemscope itemtype=\"http:\/\/schema.org\/ImageGallery\" > <div class=\"gallery-row\" style=\"width: 500px; height: 280px;\" data-original-width=\"500\" data-original-height=\"280\" > <div class=\"gallery-group images-1\" style=\"width: 500px; height: 280px;\" data-original-width=\"500\" data-original-height=\"280\" > <div class=\"tiled-gallery-item tiled-gallery-item-large\" itemprop=\"associatedMedia\" itemscope itemtype=\"http:\/\/schema.org\/ImageObject\"> <a href=\"http:\/\/www.tvturk.com\/index.php\/denizlide-otizmli-cocuklar-icin-protokol-imzalandi\/denizlide-otizmli-cocuklar-icin-protokol-imzalandi-3\/\" border=\"0\" itemprop=\"url\"> <meta itemprop=\"width\" content=\"496\"> <meta itemprop=\"height\" content=\"276\"> <img decoding=\"async\" class=\"\" data-attachment-id=\"13564\" data-orig-file=\"http:\/\/www.tvturk.com\/wp-content\/uploads\/2019\/02\/denizlide-otizmli-cocuklar-icin-protokol-imzalandi_093bb30.jpg\" data-orig-size=\"1000,556\" data-comments-opened=\"\" data-image-meta=\"{&quot;aperture&quot;:&quot;0&quot;,&quot;credit&quot;:&quot;IHA&quot;,&quot;camera&quot;:&quot;&quot;,&quot;caption&quot;:&quot;DEN\\u0130ZL\\u0130\\u2019DE PA\\u00dc \\u0130LEVAL\\u0130L\\u0130K ARASINDA, OT\\u0130ZML\\u0130 \\u00c7OCUKLARIN ERKEN TE\\u015eH\\u0130S\\u0130 VE TEDAV\\u0130S\\u0130NDE \\u0130\\u015eB\\u0130RL\\u0130\\u011e\\u0130 SA\\u011eLANMASI VE \\u00d6ZEL B\\u0130R E\\u011e\\u0130T\\u0130MDEN GE\\u00c7\\u0130R\\u0130LEREK TOPLUMA KAZANDIRILMASI AMCIYLA \\u0130\\u015e B\\u0130RL\\u0130\\u011e\\u0130 PROTOKOL\\u00dc \\u0130MZALANDI. (\\u0130HA\\\/DEN\\u0130ZL\\u0130-\\u0130HA)&quot;,&quot;created_timestamp&quot;:&quot;0&quot;,&quot;copyright&quot;:&quot;\\u0130HLAS HABER AJANSI, www.iha.com.tr&quot;,&quot;focal_length&quot;:&quot;0&quot;,&quot;iso&quot;:&quot;0&quot;,&quot;shutter_speed&quot;:&quot;0&quot;,&quot;title&quot;:&quot;DEN\\u0130ZL\\u0130\\u2019DE OT\\u0130ZML\\u0130 \\u00c7OCUKLAR \\u0130\\u00c7\\u0130N PROTOKOL \\u0130MZALANDI&quot;,&quot;orientation&quot;:&quot;0&quot;}\" data-image-title=\"Denizli\u2019de otizmli \u00e7ocuklar i\u00e7in protokol imzaland\u0131\" data-image-description=\"&lt;p&gt;Denizli\u2019de otizmli \u00e7ocuklar i\u00e7in protokol imzaland\u0131&lt;\/p&gt; \" data-medium-file=\"https:\/\/i0.wp.com\/www.tvturk.com\/wp-content\/uploads\/2019\/02\/denizlide-otizmli-cocuklar-icin-protokol-imzalandi_093bb30.jpg?fit=300%2C167\" data-large-file=\"https:\/\/i0.wp.com\/www.tvturk.com\/wp-content\/uploads\/2019\/02\/denizlide-otizmli-cocuklar-icin-protokol-imzalandi_093bb30.jpg?fit=1000%2C556\" src=\"https:\/\/i0.wp.com\/www.tvturk.com\/wp-content\/uploads\/2019\/02\/denizlide-otizmli-cocuklar-icin-protokol-imzalandi_093bb30.jpg?w=496&#038;h=276\" srcset=\"https:\/\/i0.wp.com\/www.tvturk.com\/wp-content\/uploads\/2019\/02\/denizlide-otizmli-cocuklar-icin-protokol-imzalandi_093bb30.jpg?w=1000 1000w, https:\/\/i0.wp.com\/www.tvturk.com\/wp-content\/uploads\/2019\/02\/denizlide-otizmli-cocuklar-icin-protokol-imzalandi_093bb30.jpg?resize=150%2C83 150w, https:\/\/i0.wp.com\/www.tvturk.com\/wp-content\/uploads\/2019\/02\/denizlide-otizmli-cocuklar-icin-protokol-imzalandi_093bb30.jpg?resize=300%2C167 300w, https:\/\/i0.wp.com\/www.tvturk.com\/wp-content\/uploads\/2019\/02\/denizlide-otizmli-cocuklar-icin-protokol-imzalandi_093bb30.jpg?resize=768%2C427 768w\" width=\"496\" height=\"276\" loading=\"lazy\" data-original-width=\"496\" data-original-height=\"276\" itemprop=\"http:\/\/schema.org\/image\" title=\"Denizli\u2019de otizmli \u00e7ocuklar i\u00e7in protokol imzaland\u0131\" alt=\"Denizli\u2019de otizmli \u00e7ocuklar i\u00e7in protokol imzaland\u0131\" style=\"width: 496px; height: 276px;\" \/> <\/a> <\/div> <\/div> <!-- close group --> <\/div> <!-- close row --> <\/div><\/p>\n","protected":false},"excerpt":{"rendered":"<p>DEN\u0130ZL\u0130\u2019DE PA\u00dc \u0130LEVAL\u0130L\u0130K ARASINDA,  OT\u0130ZML\u0130 \u00c7OCUKLARIN ERKEN TE\u015eH\u0130S\u0130 VE TEDAV\u0130S\u0130NDE \u0130\u015eB\u0130RL\u0130\u011e\u0130 SA\u011eLANMASI VE \u00d6ZEL B\u0130R E\u011e\u0130T\u0130MDEN GE\u00c7\u0130R\u0130LEREK TOPLUMA KAZANDIRILMASI AMCIYLA \u0130\u015e B\u0130RL\u0130\u011e\u0130 PROTOKOL\u00dc \u0130MZALANDI.<\/p>\n","protected":false},"author":1,"featured_media":13563,"comment_status":"closed","ping_status":"open","sticky":false,"template":"","format":"standard","meta":{"jetpack_post_was_ever_published":false,"_jetpack_newsletter_access":"","_jetpack_dont_email_post_to_subs":false,"_jetpack_newsletter_tier_id":0,"_jetpack_memberships_contains_paywalled_content":false,"_jetpack_memberships_contains_paid_content":false,"footnotes":"","jetpack_publicize_message":"","jetpack_publicize_feature_enabled":true,"jetpack_social_post_already_shared":false,"jetpack_social_options":{"image_generator_settings":{"template":"highway","default_image_id":0,"font":"","enabled":false},"version":2}},"categories":[655],"tags":[252,188,44,2892,6783,3297],"class_list":["post-13562","post","type-post","status-publish","format-standard","has-post-thumbnail","hentry","category-son-dakika","tag-cocuklar","tag-denizlide","tag-icin","tag-imzalandi","tag-otizmli","tag-protokol"],"jetpack_publicize_connections":[],"jetpack_featured_media_url":"https:\/\/i0.wp.com\/www.tvturk.com\/wp-content\/uploads\/2019\/02\/denizlide-otizmli-cocuklar-icin-protokol-imzalandi_2ab2bfa.jpg?fit=1000%2C580","jetpack_sharing_enabled":true,"jetpack_shortlink":"https:\/\/wp.me\/paKIfm-3wK","_links":{"self":[{"href":"http:\/\/www.tvturk.com\/index.php\/wp-json\/wp\/v2\/posts\/13562","targetHints":{"allow":["GET"]}}],"collection":[{"href":"http:\/\/www.tvturk.com\/index.php\/wp-json\/wp\/v2\/posts"}],"about":[{"href":"http:\/\/www.tvturk.com\/index.php\/wp-json\/wp\/v2\/types\/post"}],"author":[{"embeddable":true,"href":"http:\/\/www.tvturk.com\/index.php\/wp-json\/wp\/v2\/users\/1"}],"replies":[{"embeddable":true,"href":"http:\/\/www.tvturk.com\/index.php\/wp-json\/wp\/v2\/comments?post=13562"}],"version-history":[{"count":1,"href":"http:\/\/www.tvturk.com\/index.php\/wp-json\/wp\/v2\/posts\/13562\/revisions"}],"predecessor-version":[{"id":13565,"href":"http:\/\/www.tvturk.com\/index.php\/wp-json\/wp\/v2\/posts\/13562\/revisions\/13565"}],"wp:featuredmedia":[{"embeddable":true,"href":"http:\/\/www.tvturk.com\/index.php\/wp-json\/wp\/v2\/media\/13563"}],"wp:attachment":[{"href":"http:\/\/www.tvturk.com\/index.php\/wp-json\/wp\/v2\/media?parent=13562"}],"wp:term":[{"taxonomy":"category","embeddable":true,"href":"http:\/\/www.tvturk.com\/index.php\/wp-json\/wp\/v2\/categories?post=13562"},{"taxonomy":"post_tag","embeddable":true,"href":"http:\/\/www.tvturk.com\/index.php\/wp-json\/wp\/v2\/tags?post=13562"}],"curies":[{"name":"wp","href":"https:\/\/api.w.org\/{rel}","templated":true}]}}