{"id":13571,"date":"2019-02-08T17:27:50","date_gmt":"2019-02-08T14:27:50","guid":{"rendered":"http:\/\/www.tvturk.com\/index.php\/poset-degil-torba\/"},"modified":"2019-02-08T17:27:50","modified_gmt":"2019-02-08T14:27:50","slug":"poset-degil-torba","status":"publish","type":"post","link":"http:\/\/www.tvturk.com\/index.php\/poset-degil-torba\/","title":{"rendered":"Po\u015fet de\u011fil torba"},"content":{"rendered":"<p>Bafra Hasan \u00c7ak\u0131n Mesleki ve Teknik Anadolu Lisesi Giyim \u00dcretim Teknolojisi Alan\u0131 \u00f6\u011frenci ve \u00f6\u011fretmenlerinin haz\u0131rlad\u0131\u011f\u0131 \u201cpo\u015fet de\u011fil torba\u201d isimli tamamen organik kuma\u015ftan dikilmi\u015f torba projesi ad\u0131mlar\u0131n\u0131 s\u0131kla\u015ft\u0131rarak ilerliyor.<\/p>\n<p>Hasan \u00c7ak\u0131n Mesleki Teknik Anadolu Lisesi M\u00fcd\u00fcr Yard\u0131mc\u0131s\u0131 Murat Bal, Moda Tasar\u0131m \u00d6\u011fretmenleri Cemile K\u0131rba\u015f ve Fatma Kaynak, Bafra Belediye Ba\u015fkan\u0131 Hamit K\u0131l\u0131\u00e7\u2019\u0131 ziyaret ederek proje hakk\u0131nda bilgi verdiler.<\/p>\n<p>Bafra Belediye Ba\u015fkan\u0131 Hamit K\u0131l\u0131\u00e7, \u201cBafra Hasan \u00c7ak\u0131n Mesleki ve Teknik Anadolu Lisesi M\u00fcd\u00fcr\u00fcm\u00fcz ve idarecileri ile giyim \u00fcretim teknolojisi alan\u0131 \u00f6\u011fretmenlerimiz ve \u00f6\u011frencilerini \u00e7evreye duyarl\u0131 bu projeleri i\u00e7in tebrik ediyorum. D\u00fcnyam\u0131z, \u00fczerinde ya\u015fayan milyarlarca canl\u0131ya ev sahipli\u011fi yapmaktad\u0131r. Bu e\u015fyalar\u0131n, belli bir kullan\u0131m s\u00fcresi bulunmakta. Do\u011faya at\u0131lan baz\u0131 e\u015fyalar, d\u00fcnya \u00fczerinde aylarca, y\u0131llarca kal\u0131r ve yok olmaz. Bu da hem \u00e7evre kirlili\u011fine yol a\u00e7t\u0131\u011f\u0131 gibi, d\u00fcnyaya da zarar vermekte. Do\u011fada \u00e7am \u015fi\u015feler 4 bin y\u0131lda, plastikler bin, naylon po\u015fetler 500, pet \u015fi\u015feler 400, piller ise 300 y\u0131lda kaybolmaktad\u0131r. Bu nedenle okulumuz, \u00f6\u011fretmenlerimiz ve \u00f6\u011frencilerimizin ba\u015flatt\u0131\u011f\u0131 insanlar\u0131m\u0131z\u0131 bez \u00e7anta kullanmaya y\u00f6nlendirme \u00e7al\u0131\u015fmalar\u0131 \u00e7ok \u00f6nemlidir. Bafra Belediyesi olarak bu kadar anlaml\u0131 projeye tam destek verdik. Hem\u015fehrilerimin de destek vermesini rica ediyorum\u201d dedi.<\/p>\n","protected":false},"excerpt":{"rendered":"<p>BAFRA HASAN \u00c7AKIN MESLEK\u0130 VE TEKN\u0130K ANADOLU L\u0130SES\u0130 G\u0130Y\u0130M \u00dcRET\u0130M TEKNOLOJ\u0130S\u0130 ALANI \u00d6\u011eRENC\u0130 VE \u00d6\u011eRETMENLER\u0130N\u0130N HAZIRLADI\u011eI \u201cPO\u015eET DE\u011e\u0130L TORBA\u201d \u0130S\u0130ML\u0130 TAMAMEN ORGAN\u0130K KUMA\u015eTAN D\u0130K\u0130LM\u0130\u015e TORBA PROJES\u0130 ADIMLARINI SIKLA\u015eTIRARAK \u0130LERL\u0130YOR.<\/p>\n","protected":false},"author":1,"featured_media":13572,"comment_status":"closed","ping_status":"open","sticky":false,"template":"","format":"standard","meta":{"jetpack_post_was_ever_published":false,"_jetpack_newsletter_access":"","_jetpack_dont_email_post_to_subs":false,"_jetpack_newsletter_tier_id":0,"_jetpack_memberships_contains_paywalled_content":false,"_jetpack_memberships_contains_paid_content":false,"footnotes":"","jetpack_publicize_message":"","jetpack_publicize_feature_enabled":true,"jetpack_social_post_already_shared":false,"jetpack_social_options":{"image_generator_settings":{"template":"highway","default_image_id":0,"font":"","enabled":false},"version":2}},"categories":[655],"tags":[2039,3157,4447],"class_list":["post-13571","post","type-post","status-publish","format-standard","has-post-thumbnail","hentry","category-son-dakika","tag-degil","tag-poset","tag-torba"],"jetpack_publicize_connections":[],"jetpack_featured_media_url":"https:\/\/i0.wp.com\/www.tvturk.com\/wp-content\/uploads\/2019\/02\/poset-degil-torba_e8fe62e.jpg?fit=960%2C640","jetpack_sharing_enabled":true,"jetpack_shortlink":"https:\/\/wp.me\/paKIfm-3wT","_links":{"self":[{"href":"http:\/\/www.tvturk.com\/index.php\/wp-json\/wp\/v2\/posts\/13571","targetHints":{"allow":["GET"]}}],"collection":[{"href":"http:\/\/www.tvturk.com\/index.php\/wp-json\/wp\/v2\/posts"}],"about":[{"href":"http:\/\/www.tvturk.com\/index.php\/wp-json\/wp\/v2\/types\/post"}],"author":[{"embeddable":true,"href":"http:\/\/www.tvturk.com\/index.php\/wp-json\/wp\/v2\/users\/1"}],"replies":[{"embeddable":true,"href":"http:\/\/www.tvturk.com\/index.php\/wp-json\/wp\/v2\/comments?post=13571"}],"version-history":[{"count":0,"href":"http:\/\/www.tvturk.com\/index.php\/wp-json\/wp\/v2\/posts\/13571\/revisions"}],"wp:featuredmedia":[{"embeddable":true,"href":"http:\/\/www.tvturk.com\/index.php\/wp-json\/wp\/v2\/media\/13572"}],"wp:attachment":[{"href":"http:\/\/www.tvturk.com\/index.php\/wp-json\/wp\/v2\/media?parent=13571"}],"wp:term":[{"taxonomy":"category","embeddable":true,"href":"http:\/\/www.tvturk.com\/index.php\/wp-json\/wp\/v2\/categories?post=13571"},{"taxonomy":"post_tag","embeddable":true,"href":"http:\/\/www.tvturk.com\/index.php\/wp-json\/wp\/v2\/tags?post=13571"}],"curies":[{"name":"wp","href":"https:\/\/api.w.org\/{rel}","templated":true}]}}