{"id":135830,"date":"2019-04-14T11:53:09","date_gmt":"2019-04-14T08:53:09","guid":{"rendered":"http:\/\/www.tvturk.com\/index.php\/anadolu-tarih-ve-kultur-birligi-bulusmalari\/"},"modified":"2019-04-14T11:53:12","modified_gmt":"2019-04-14T08:53:12","slug":"anadolu-tarih-ve-kultur-birligi-bulusmalari","status":"publish","type":"post","link":"http:\/\/www.tvturk.com\/index.php\/anadolu-tarih-ve-kultur-birligi-bulusmalari\/","title":{"rendered":"Anadolu Tarih ve K\u00fclt\u00fcr Birli\u011fi Bulu\u015fmalar\u0131"},"content":{"rendered":"<p>K\u00fclt\u00fcr ve Turizm Bakanl\u0131\u011f\u0131 taraf\u0131ndan d\u00fczenlenen \u201cAnadolu Tarih ve K\u00fclt\u00fcr Birli\u011fi Bulu\u015fmalar\u0131\u201d kapsam\u0131nda Sivas\u2019a gelen kat\u0131l\u0131mc\u0131lar tarihi kent meydan\u0131na hayran kald\u0131.<\/p>\n<p>K\u00fclt\u00fcr ve Turizm Bakanl\u0131\u011f\u0131 taraf\u0131ndan 12-14 Nisan tarihleri aras\u0131nda Sivas\u2019ta d\u00fczenlenen  \u201cAnadolu Tarih ve K\u00fclt\u00fcr Birli\u011fi Bulu\u015fmalar\u0131\u201d kapsam\u0131nda T\u00fcrkiye\u2019nin \u00e7e\u015fitli \u015fehirlerinden bir \u00e7ok kat\u0131l\u0131mc\u0131 Sivas\u2019a geldi. T\u00fcrkiye\u2019nin \u00e7e\u015fitli b\u00f6lgelerinden Sivas\u2019a gelen vatanda\u015flar program kapsam\u0131nda tarihi kent meydan\u0131n\u0131 gezdi. Gezi esnas\u0131nda \u00c7ifte Minareli Medrese, G\u00f6k Medrese, 4 Eyl\u00fcl Kongre Binas\u0131, \u015eifaiye Medresesi, Ulu Camii ve Buruciye Medresesisini gezme f\u0131rsat\u0131 bulan kat\u0131l\u0131mc\u0131lar tarihi mekanlara hayran kald\u0131.<\/p>\n<p>\u015eehrin her noktas\u0131nda ecdat yadigar\u0131 eserler oldu\u011funu belirten \u00c7anakkale Sava\u015flar\u0131 Gelibolu Tarihi Alan Ba\u015fkan\u0131 \u0130smail Ka\u015fdemir, \u201cBug\u00fcn Anadolu Tarih ve K\u00fclt\u00fcr Birli\u011fi Bulu\u015fmalar\u0131 kapsam\u0131nda Sivas\u2019ta bulunuyoruz. T\u00fcrkiye\u2018nin bir\u00e7ok yerinden arkada\u015flar\u0131m\u0131z ile beraber bu g\u00fcn Anadolu\u2019nun kalbindeyiz. Sivas\u2019a geldi\u011fimiz zaman Anadolu irfan\u0131n\u0131n temay\u00fcl etti\u011fi Anadolu beldesi oldu\u011funu g\u00f6rd\u00fck. Tarihiyle, medeniyetiyle, k\u00fclt\u00fcr\u00fc ile tam bizim diyebilece\u011fimiz bir \u015fehir. Nereye baksan\u0131z ecdat yadigar\u0131 g\u00f6r\u00fcyorsunuz\u201d dedi.<\/p>\n<p>\u0130stanbul Kabata\u015f Erkek Lisesi \u00f6\u011frencisi Emre \u00d6zdemir ise Sivas\u2019\u0131n tahmin ettiklerinden \u00e7ok daha g\u00fczel bir \u015fehir oldu\u011fu ifade ederek, \u201cBekledi\u011fimden \u00e7ok daha g\u00fczel bir \u015fehir. Tarihi ve geli\u015fmi\u015flik noktas\u0131nda. Bir\u00e7ok medeniyetin kesi\u015fti\u011fi noktada. Medeniyetlerin kesi\u015fti\u011fi bu \u015fehirde, tarihi g\u00fcnl\u00fck hayatta g\u00f6rmek m\u00fcmk\u00fcn oluyor\u201d \u015feklinde konu\u015ftu.<div class=\"tiled-gallery type-rectangular tiled-gallery-unresized\" data-original-width=\"500\" data-carousel-extra='null' itemscope itemtype=\"http:\/\/schema.org\/ImageGallery\" > <div class=\"gallery-row\" style=\"width: 500px; height: 353px;\" data-original-width=\"500\" data-original-height=\"353\" > <div class=\"gallery-group images-2\" style=\"width: 263px; height: 353px;\" data-original-width=\"263\" data-original-height=\"353\" > <div class=\"tiled-gallery-item tiled-gallery-item-large\" itemprop=\"associatedMedia\" itemscope itemtype=\"http:\/\/schema.org\/ImageObject\"> <a href=\"http:\/\/www.tvturk.com\/index.php\/anadolu-tarih-ve-kultur-birligi-bulusmalari\/anadolu-tarih-ve-kultur-birligi-bulusmalari-3\/\" border=\"0\" itemprop=\"url\"> <meta itemprop=\"width\" content=\"259\"> <meta itemprop=\"height\" content=\"173\"> <img decoding=\"async\" class=\"\" data-attachment-id=\"135832\" data-orig-file=\"http:\/\/www.tvturk.com\/wp-content\/uploads\/2019\/04\/anadolu-tarih-ve-kultur-birligi-bulusmalari_ce590ad.jpg\" data-orig-size=\"1000,666\" data-comments-opened=\"\" data-image-meta=\"{&quot;aperture&quot;:&quot;0&quot;,&quot;credit&quot;:&quot;IHA&quot;,&quot;camera&quot;:&quot;&quot;,&quot;caption&quot;:&quot;K\\u00dcLT\\u00dcR VE TUR\\u0130ZM BAKANLI\\u011eI TARAFINDAN D\\u00dcZENLENEN \\u201cANADOLU TAR\\u0130H VE K\\u00dcLT\\u00dcR B\\u0130RL\\u0130\\u011e\\u0130 BULU\\u015eMALARI\\u201d KAPSAMINDA S\\u0130VAS\\u2019A GELEN KATILIMCILAR TAR\\u0130H\\u0130 KENT MEYDANINA HAYRAN KALDI. (ONUR ERDEN - VEYSEL KORKMAZ\\\/S\\u0130VAS-\\u0130HA)&quot;,&quot;created_timestamp&quot;:&quot;0&quot;,&quot;copyright&quot;:&quot;\\u0130HLAS HABER AJANSI, www.iha.com.tr&quot;,&quot;focal_length&quot;:&quot;0&quot;,&quot;iso&quot;:&quot;0&quot;,&quot;shutter_speed&quot;:&quot;0&quot;,&quot;title&quot;:&quot;ANADOLU TAR\\u0130H VE K\\u00dcLT\\u00dcR B\\u0130RL\\u0130\\u011e\\u0130 BULU\\u015eMALARI \\u201cANADOLU TAR\\u0130H VE K\\u00dcLT\\u00dcR B\\u0130RL\\u0130\\u011e\\u0130 BULU\\u015eMALARI\\u0022 KAPSAMINDA S\\u0130VAS\\u2019A GELEN KATILIMCILAR TAR\\u0130H\\u0130 KENT MEYDANINA HAYRAN KALDI&quot;,&quot;orientation&quot;:&quot;0&quot;}\" data-image-title=\"Anadolu Tarih ve K\u00fclt\u00fcr Birli\u011fi Bulu\u015fmalar\u0131\" data-image-description=\"&lt;p&gt;Anadolu Tarih ve K\u00fclt\u00fcr Birli\u011fi Bulu\u015fmalar\u0131&lt;\/p&gt; \" data-medium-file=\"https:\/\/i0.wp.com\/www.tvturk.com\/wp-content\/uploads\/2019\/04\/anadolu-tarih-ve-kultur-birligi-bulusmalari_ce590ad.jpg?fit=300%2C200\" data-large-file=\"https:\/\/i0.wp.com\/www.tvturk.com\/wp-content\/uploads\/2019\/04\/anadolu-tarih-ve-kultur-birligi-bulusmalari_ce590ad.jpg?fit=1000%2C666\" src=\"https:\/\/i0.wp.com\/www.tvturk.com\/wp-content\/uploads\/2019\/04\/anadolu-tarih-ve-kultur-birligi-bulusmalari_ce590ad.jpg?w=259&#038;h=173\" srcset=\"https:\/\/i0.wp.com\/www.tvturk.com\/wp-content\/uploads\/2019\/04\/anadolu-tarih-ve-kultur-birligi-bulusmalari_ce590ad.jpg?w=1000 1000w, https:\/\/i0.wp.com\/www.tvturk.com\/wp-content\/uploads\/2019\/04\/anadolu-tarih-ve-kultur-birligi-bulusmalari_ce590ad.jpg?resize=150%2C100 150w, https:\/\/i0.wp.com\/www.tvturk.com\/wp-content\/uploads\/2019\/04\/anadolu-tarih-ve-kultur-birligi-bulusmalari_ce590ad.jpg?resize=300%2C200 300w, https:\/\/i0.wp.com\/www.tvturk.com\/wp-content\/uploads\/2019\/04\/anadolu-tarih-ve-kultur-birligi-bulusmalari_ce590ad.jpg?resize=768%2C511 768w, https:\/\/i0.wp.com\/www.tvturk.com\/wp-content\/uploads\/2019\/04\/anadolu-tarih-ve-kultur-birligi-bulusmalari_ce590ad.jpg?resize=170%2C113 170w, https:\/\/i0.wp.com\/www.tvturk.com\/wp-content\/uploads\/2019\/04\/anadolu-tarih-ve-kultur-birligi-bulusmalari_ce590ad.jpg?resize=120%2C80 120w\" width=\"259\" height=\"173\" loading=\"lazy\" data-original-width=\"259\" data-original-height=\"173\" itemprop=\"http:\/\/schema.org\/image\" title=\"Anadolu Tarih ve K\u00fclt\u00fcr Birli\u011fi Bulu\u015fmalar\u0131\" alt=\"Anadolu Tarih ve K\u00fclt\u00fcr Birli\u011fi Bulu\u015fmalar\u0131\" style=\"width: 259px; height: 173px;\" \/> <\/a> <\/div> <div class=\"tiled-gallery-item tiled-gallery-item-large\" itemprop=\"associatedMedia\" itemscope itemtype=\"http:\/\/schema.org\/ImageObject\"> <a href=\"http:\/\/www.tvturk.com\/index.php\/anadolu-tarih-ve-kultur-birligi-bulusmalari\/anadolu-tarih-ve-kultur-birligi-bulusmalari-4\/\" border=\"0\" itemprop=\"url\"> <meta itemprop=\"width\" content=\"259\"> <meta itemprop=\"height\" content=\"172\"> <img decoding=\"async\" class=\"\" data-attachment-id=\"135833\" data-orig-file=\"http:\/\/www.tvturk.com\/wp-content\/uploads\/2019\/04\/anadolu-tarih-ve-kultur-birligi-bulusmalari_07221af.jpg\" data-orig-size=\"1000,666\" data-comments-opened=\"\" data-image-meta=\"{&quot;aperture&quot;:&quot;0&quot;,&quot;credit&quot;:&quot;IHA&quot;,&quot;camera&quot;:&quot;&quot;,&quot;caption&quot;:&quot;K\\u00dcLT\\u00dcR VE TUR\\u0130ZM BAKANLI\\u011eI TARAFINDAN D\\u00dcZENLENEN \\u201cANADOLU TAR\\u0130H VE K\\u00dcLT\\u00dcR B\\u0130RL\\u0130\\u011e\\u0130 BULU\\u015eMALARI\\u201d KAPSAMINDA S\\u0130VAS\\u2019A GELEN KATILIMCILAR TAR\\u0130H\\u0130 KENT MEYDANINA HAYRAN KALDI. (ONUR ERDEN - VEYSEL KORKMAZ\\\/S\\u0130VAS-\\u0130HA)&quot;,&quot;created_timestamp&quot;:&quot;0&quot;,&quot;copyright&quot;:&quot;\\u0130HLAS HABER AJANSI, www.iha.com.tr&quot;,&quot;focal_length&quot;:&quot;0&quot;,&quot;iso&quot;:&quot;0&quot;,&quot;shutter_speed&quot;:&quot;0&quot;,&quot;title&quot;:&quot;ANADOLU TAR\\u0130H VE K\\u00dcLT\\u00dcR B\\u0130RL\\u0130\\u011e\\u0130 BULU\\u015eMALARI \\u201cANADOLU TAR\\u0130H VE K\\u00dcLT\\u00dcR B\\u0130RL\\u0130\\u011e\\u0130 BULU\\u015eMALARI\\u0022 KAPSAMINDA S\\u0130VAS\\u2019A GELEN KATILIMCILAR TAR\\u0130H\\u0130 KENT MEYDANINA HAYRAN KALDI&quot;,&quot;orientation&quot;:&quot;0&quot;}\" data-image-title=\"Anadolu Tarih ve K\u00fclt\u00fcr Birli\u011fi Bulu\u015fmalar\u0131\" data-image-description=\"&lt;p&gt;Anadolu Tarih ve K\u00fclt\u00fcr Birli\u011fi Bulu\u015fmalar\u0131&lt;\/p&gt; \" data-medium-file=\"https:\/\/i0.wp.com\/www.tvturk.com\/wp-content\/uploads\/2019\/04\/anadolu-tarih-ve-kultur-birligi-bulusmalari_07221af.jpg?fit=300%2C200\" data-large-file=\"https:\/\/i0.wp.com\/www.tvturk.com\/wp-content\/uploads\/2019\/04\/anadolu-tarih-ve-kultur-birligi-bulusmalari_07221af.jpg?fit=1000%2C666\" src=\"https:\/\/i0.wp.com\/www.tvturk.com\/wp-content\/uploads\/2019\/04\/anadolu-tarih-ve-kultur-birligi-bulusmalari_07221af.jpg?w=259&#038;h=172\" srcset=\"https:\/\/i0.wp.com\/www.tvturk.com\/wp-content\/uploads\/2019\/04\/anadolu-tarih-ve-kultur-birligi-bulusmalari_07221af.jpg?w=1000 1000w, https:\/\/i0.wp.com\/www.tvturk.com\/wp-content\/uploads\/2019\/04\/anadolu-tarih-ve-kultur-birligi-bulusmalari_07221af.jpg?resize=150%2C100 150w, https:\/\/i0.wp.com\/www.tvturk.com\/wp-content\/uploads\/2019\/04\/anadolu-tarih-ve-kultur-birligi-bulusmalari_07221af.jpg?resize=300%2C200 300w, https:\/\/i0.wp.com\/www.tvturk.com\/wp-content\/uploads\/2019\/04\/anadolu-tarih-ve-kultur-birligi-bulusmalari_07221af.jpg?resize=768%2C511 768w, https:\/\/i0.wp.com\/www.tvturk.com\/wp-content\/uploads\/2019\/04\/anadolu-tarih-ve-kultur-birligi-bulusmalari_07221af.jpg?resize=170%2C113 170w, https:\/\/i0.wp.com\/www.tvturk.com\/wp-content\/uploads\/2019\/04\/anadolu-tarih-ve-kultur-birligi-bulusmalari_07221af.jpg?resize=120%2C80 120w\" width=\"259\" height=\"172\" loading=\"lazy\" data-original-width=\"259\" data-original-height=\"172\" itemprop=\"http:\/\/schema.org\/image\" title=\"Anadolu Tarih ve K\u00fclt\u00fcr Birli\u011fi Bulu\u015fmalar\u0131\" alt=\"Anadolu Tarih ve K\u00fclt\u00fcr Birli\u011fi Bulu\u015fmalar\u0131\" style=\"width: 259px; height: 172px;\" \/> <\/a> <\/div> <\/div> <!-- close group --> <div class=\"gallery-group images-1\" style=\"width: 237px; height: 353px;\" data-original-width=\"237\" data-original-height=\"353\" > <div class=\"tiled-gallery-item tiled-gallery-item-small\" itemprop=\"associatedMedia\" itemscope itemtype=\"http:\/\/schema.org\/ImageObject\"> <a href=\"http:\/\/www.tvturk.com\/index.php\/anadolu-tarih-ve-kultur-birligi-bulusmalari\/anadolu-tarih-ve-kultur-birligi-bulusmalari-5\/\" border=\"0\" itemprop=\"url\"> <meta itemprop=\"width\" content=\"233\"> <meta itemprop=\"height\" content=\"349\"> <img decoding=\"async\" class=\"\" data-attachment-id=\"135834\" data-orig-file=\"http:\/\/www.tvturk.com\/wp-content\/uploads\/2019\/04\/anadolu-tarih-ve-kultur-birligi-bulusmalari_d4fe2f1.jpg\" data-orig-size=\"666,1000\" data-comments-opened=\"\" data-image-meta=\"{&quot;aperture&quot;:&quot;0&quot;,&quot;credit&quot;:&quot;IHA&quot;,&quot;camera&quot;:&quot;&quot;,&quot;caption&quot;:&quot;K\\u00dcLT\\u00dcR VE TUR\\u0130ZM BAKANLI\\u011eI TARAFINDAN D\\u00dcZENLENEN \\u201cANADOLU TAR\\u0130H VE K\\u00dcLT\\u00dcR B\\u0130RL\\u0130\\u011e\\u0130 BULU\\u015eMALARI\\u201d KAPSAMINDA S\\u0130VAS\\u2019A GELEN KATILIMCILAR TAR\\u0130H\\u0130 KENT MEYDANINA HAYRAN KALDI. (ONUR ERDEN - VEYSEL KORKMAZ\\\/S\\u0130VAS-\\u0130HA)&quot;,&quot;created_timestamp&quot;:&quot;0&quot;,&quot;copyright&quot;:&quot;\\u0130HLAS HABER AJANSI, www.iha.com.tr&quot;,&quot;focal_length&quot;:&quot;0&quot;,&quot;iso&quot;:&quot;0&quot;,&quot;shutter_speed&quot;:&quot;0&quot;,&quot;title&quot;:&quot;ANADOLU TAR\\u0130H VE K\\u00dcLT\\u00dcR B\\u0130RL\\u0130\\u011e\\u0130 BULU\\u015eMALARI \\u201cANADOLU TAR\\u0130H VE K\\u00dcLT\\u00dcR B\\u0130RL\\u0130\\u011e\\u0130 BULU\\u015eMALARI\\u0022 KAPSAMINDA S\\u0130VAS\\u2019A GELEN KATILIMCILAR TAR\\u0130H\\u0130 KENT MEYDANINA HAYRAN KALDI&quot;,&quot;orientation&quot;:&quot;0&quot;}\" data-image-title=\"Anadolu Tarih ve K\u00fclt\u00fcr Birli\u011fi Bulu\u015fmalar\u0131\" data-image-description=\"&lt;p&gt;Anadolu Tarih ve K\u00fclt\u00fcr Birli\u011fi Bulu\u015fmalar\u0131&lt;\/p&gt; \" data-medium-file=\"https:\/\/i0.wp.com\/www.tvturk.com\/wp-content\/uploads\/2019\/04\/anadolu-tarih-ve-kultur-birligi-bulusmalari_d4fe2f1.jpg?fit=200%2C300\" data-large-file=\"https:\/\/i0.wp.com\/www.tvturk.com\/wp-content\/uploads\/2019\/04\/anadolu-tarih-ve-kultur-birligi-bulusmalari_d4fe2f1.jpg?fit=666%2C1000\" src=\"https:\/\/i0.wp.com\/www.tvturk.com\/wp-content\/uploads\/2019\/04\/anadolu-tarih-ve-kultur-birligi-bulusmalari_d4fe2f1.jpg?w=233&#038;h=349\" srcset=\"https:\/\/i0.wp.com\/www.tvturk.com\/wp-content\/uploads\/2019\/04\/anadolu-tarih-ve-kultur-birligi-bulusmalari_d4fe2f1.jpg?w=666 666w, https:\/\/i0.wp.com\/www.tvturk.com\/wp-content\/uploads\/2019\/04\/anadolu-tarih-ve-kultur-birligi-bulusmalari_d4fe2f1.jpg?resize=100%2C150 100w, https:\/\/i0.wp.com\/www.tvturk.com\/wp-content\/uploads\/2019\/04\/anadolu-tarih-ve-kultur-birligi-bulusmalari_d4fe2f1.jpg?resize=200%2C300 200w\" width=\"233\" height=\"349\" loading=\"lazy\" data-original-width=\"233\" data-original-height=\"349\" itemprop=\"http:\/\/schema.org\/image\" title=\"Anadolu Tarih ve K\u00fclt\u00fcr Birli\u011fi Bulu\u015fmalar\u0131\" alt=\"Anadolu Tarih ve K\u00fclt\u00fcr Birli\u011fi Bulu\u015fmalar\u0131\" style=\"width: 233px; height: 349px;\" \/> <\/a> <\/div> <\/div> <!-- close group --> <\/div> <!-- close row --> <\/div><\/p>\n","protected":false},"excerpt":{"rendered":"<p>K\u00dcLT\u00dcR VE TUR\u0130ZM BAKANLI\u011eI TARAFINDAN D\u00dcZENLENEN \u201cANADOLU TAR\u0130H VE K\u00dcLT\u00dcR B\u0130RL\u0130\u011e\u0130 BULU\u015eMALARI\u201d KAPSAMINDA S\u0130VAS\u2019A GELEN KATILIMCILAR TAR\u0130H\u0130 KENT MEYDANINA HAYRAN KALDI.<\/p>\n","protected":false},"author":1,"featured_media":135831,"comment_status":"closed","ping_status":"open","sticky":false,"template":"","format":"standard","meta":{"jetpack_post_was_ever_published":false,"_jetpack_newsletter_access":"","_jetpack_dont_email_post_to_subs":false,"_jetpack_newsletter_tier_id":0,"_jetpack_memberships_contains_paywalled_content":false,"_jetpack_memberships_contains_paid_content":false,"footnotes":"","jetpack_publicize_message":"","jetpack_publicize_feature_enabled":true,"jetpack_social_post_already_shared":true,"jetpack_social_options":{"image_generator_settings":{"template":"highway","default_image_id":0,"font":"","enabled":false},"version":2}},"categories":[1],"tags":[1223,668,4099,630,1330],"class_list":["post-135830","post","type-post","status-publish","format-standard","has-post-thumbnail","hentry","category-genel","tag-anadolu","tag-birligi","tag-bulusmalari","tag-kultur","tag-tarih"],"jetpack_publicize_connections":[],"jetpack_featured_media_url":"https:\/\/i0.wp.com\/www.tvturk.com\/wp-content\/uploads\/2019\/04\/anadolu-tarih-ve-kultur-birligi-bulusmalari_6fd640b.jpg?fit=1000%2C666","jetpack_sharing_enabled":true,"jetpack_shortlink":"https:\/\/wp.me\/paKIfm-zkO","_links":{"self":[{"href":"http:\/\/www.tvturk.com\/index.php\/wp-json\/wp\/v2\/posts\/135830","targetHints":{"allow":["GET"]}}],"collection":[{"href":"http:\/\/www.tvturk.com\/index.php\/wp-json\/wp\/v2\/posts"}],"about":[{"href":"http:\/\/www.tvturk.com\/index.php\/wp-json\/wp\/v2\/types\/post"}],"author":[{"embeddable":true,"href":"http:\/\/www.tvturk.com\/index.php\/wp-json\/wp\/v2\/users\/1"}],"replies":[{"embeddable":true,"href":"http:\/\/www.tvturk.com\/index.php\/wp-json\/wp\/v2\/comments?post=135830"}],"version-history":[{"count":1,"href":"http:\/\/www.tvturk.com\/index.php\/wp-json\/wp\/v2\/posts\/135830\/revisions"}],"predecessor-version":[{"id":135835,"href":"http:\/\/www.tvturk.com\/index.php\/wp-json\/wp\/v2\/posts\/135830\/revisions\/135835"}],"wp:featuredmedia":[{"embeddable":true,"href":"http:\/\/www.tvturk.com\/index.php\/wp-json\/wp\/v2\/media\/135831"}],"wp:attachment":[{"href":"http:\/\/www.tvturk.com\/index.php\/wp-json\/wp\/v2\/media?parent=135830"}],"wp:term":[{"taxonomy":"category","embeddable":true,"href":"http:\/\/www.tvturk.com\/index.php\/wp-json\/wp\/v2\/categories?post=135830"},{"taxonomy":"post_tag","embeddable":true,"href":"http:\/\/www.tvturk.com\/index.php\/wp-json\/wp\/v2\/tags?post=135830"}],"curies":[{"name":"wp","href":"https:\/\/api.w.org\/{rel}","templated":true}]}}