{"id":135882,"date":"2019-04-14T12:49:30","date_gmt":"2019-04-14T09:49:30","guid":{"rendered":"http:\/\/www.tvturk.com\/index.php\/dev-derbinin-vari-bulent-yildirim\/"},"modified":"2019-04-14T12:49:30","modified_gmt":"2019-04-14T09:49:30","slug":"dev-derbinin-vari-bulent-yildirim","status":"publish","type":"post","link":"http:\/\/www.tvturk.com\/index.php\/dev-derbinin-vari-bulent-yildirim\/","title":{"rendered":"Dev derbinin VAR\u2019\u0131 B\u00fclent Y\u0131ld\u0131r\u0131m"},"content":{"rendered":"<p>S\u00fcper Lig\u2019in 28. haftas\u0131nda bu ak\u015fam oynanacak olan Fenerbah\u00e7e-Galatasaray derbisinin Video Yard\u0131mc\u0131 Hakem\u2019i (VAR) B\u00fclent Y\u0131ld\u0131r\u0131m oldu.<\/p>\n<p>Spor Toto S\u00fcper Lig\u2019in 28. haftas\u0131nda bu ak\u015fam Fenerbah\u00e7e ile Galatasaray dev derbide kozlar\u0131n\u0131 payla\u015facak. 19.00\u2019da ba\u015flayacak m\u00fccadeleyi Ali Palab\u0131y\u0131k y\u00f6netecek. Palab\u0131y\u0131k\u2019\u0131n yard\u0131mc\u0131l\u0131klar\u0131n\u0131 ise Kemal Y\u0131lmaz ve Serkan Olguncan yapacak.<\/p>\n<p>\u00dclker Stadyumu\u2019nda oynanacak m\u00fccadelenin VAR hakemi ise B\u00fclent Y\u0131ld\u0131r\u0131m oldu. TFF Hasan Do\u011fan Milli Tak\u0131mlar Kamp ve E\u011fitim Tesisleri\u2019nde bulunan VAR merkezinde AVAR olarak da Ali \u015eansalan ile Mustafa Emre Eyisoy yer alacak.<\/p>\n","protected":false},"excerpt":{"rendered":"<p>S\u00dcPER L\u0130G\u2019\u0130N 28. HAFTASINDA BU AK\u015eAM OYNANACAK OLAN FENERBAH\u00c7E-GALATASARAY DERB\u0130S\u0130N\u0130N V\u0130DEO YARDIMCI HAKEM&#8217;\u0130 (VAR) B\u00dcLENT YILDIRIM OLDU.<\/p>\n","protected":false},"author":1,"featured_media":135883,"comment_status":"closed","ping_status":"open","sticky":false,"template":"","format":"standard","meta":{"jetpack_post_was_ever_published":false,"_jetpack_newsletter_access":"","_jetpack_dont_email_post_to_subs":false,"_jetpack_newsletter_tier_id":0,"_jetpack_memberships_contains_paywalled_content":false,"_jetpack_memberships_contains_paid_content":false,"footnotes":"","jetpack_publicize_message":"","jetpack_publicize_feature_enabled":true,"jetpack_social_post_already_shared":true,"jetpack_social_options":{"image_generator_settings":{"template":"highway","default_image_id":0,"font":"","enabled":false},"version":2}},"categories":[657],"tags":[2193,20525,3017,6518,376],"class_list":["post-135882","post","type-post","status-publish","format-standard","has-post-thumbnail","hentry","category-spor","tag-bulent","tag-derbinin","tag-dev","tag-vari","tag-yildirim"],"jetpack_publicize_connections":[],"jetpack_featured_media_url":"https:\/\/i0.wp.com\/www.tvturk.com\/wp-content\/uploads\/2019\/04\/dev-derbinin-vari-bulent-yildirim_61594b1.jpg?fit=1000%2C966","jetpack_sharing_enabled":true,"jetpack_shortlink":"https:\/\/wp.me\/paKIfm-zlE","_links":{"self":[{"href":"http:\/\/www.tvturk.com\/index.php\/wp-json\/wp\/v2\/posts\/135882","targetHints":{"allow":["GET"]}}],"collection":[{"href":"http:\/\/www.tvturk.com\/index.php\/wp-json\/wp\/v2\/posts"}],"about":[{"href":"http:\/\/www.tvturk.com\/index.php\/wp-json\/wp\/v2\/types\/post"}],"author":[{"embeddable":true,"href":"http:\/\/www.tvturk.com\/index.php\/wp-json\/wp\/v2\/users\/1"}],"replies":[{"embeddable":true,"href":"http:\/\/www.tvturk.com\/index.php\/wp-json\/wp\/v2\/comments?post=135882"}],"version-history":[{"count":0,"href":"http:\/\/www.tvturk.com\/index.php\/wp-json\/wp\/v2\/posts\/135882\/revisions"}],"wp:featuredmedia":[{"embeddable":true,"href":"http:\/\/www.tvturk.com\/index.php\/wp-json\/wp\/v2\/media\/135883"}],"wp:attachment":[{"href":"http:\/\/www.tvturk.com\/index.php\/wp-json\/wp\/v2\/media?parent=135882"}],"wp:term":[{"taxonomy":"category","embeddable":true,"href":"http:\/\/www.tvturk.com\/index.php\/wp-json\/wp\/v2\/categories?post=135882"},{"taxonomy":"post_tag","embeddable":true,"href":"http:\/\/www.tvturk.com\/index.php\/wp-json\/wp\/v2\/tags?post=135882"}],"curies":[{"name":"wp","href":"https:\/\/api.w.org\/{rel}","templated":true}]}}