{"id":136462,"date":"2019-04-14T18:51:20","date_gmt":"2019-04-14T15:51:20","guid":{"rendered":"http:\/\/www.tvturk.com\/index.php\/fotograflarla-23-nisan\/"},"modified":"2019-04-14T18:51:24","modified_gmt":"2019-04-14T15:51:24","slug":"fotograflarla-23-nisan","status":"publish","type":"post","link":"http:\/\/www.tvturk.com\/index.php\/fotograflarla-23-nisan\/","title":{"rendered":"Foto\u011fraflarla 23 Nisan"},"content":{"rendered":"<p>23 Nisan Ulusal Egemenlik ve \u00c7ocuk Bayram\u0131 etkinlikleri kapsam\u0131nda Foto\u011fraflarla 23 Nisan Sergisi a\u00e7\u0131ld\u0131.<\/p>\n<p>T\u00fcrkiye Radyo-Televizyon Kurumu 41. Uluslararas\u0131 23 Nisan \u00c7ocuk \u015eenli\u011fi\u2019nin kapsam\u0131nda, Samsun\u2019a 40 \u00fclkeden 800\u2019e yak\u0131n yabanc\u0131 \u00f6\u011frenci geldi. Devam eden etkinlikler kapsam\u0131nda Samsun B\u00fcy\u00fck\u015fehir Belediyesi Sanat Merkezi\u2019nde Foto\u011fraflarla 23 Nisan Sergisi a\u00e7\u0131ld\u0131.<\/p>\n<p>Serginin a\u00e7\u0131l\u0131\u015f\u0131nda konu\u015fan Samsun B\u00fcy\u00fck\u015fehir Belediye Ba\u015fkan\u0131 Mustafa Demir, &#8220;D\u00fcnya \u00e7ocuklar\u0131 ile Samsunlu \u00e7ocuklar\u0131m\u0131z\u0131n dostluk, karde\u015flik kurdu\u011fu bu g\u00fczel organizasyona ev sahipli\u011fi yapmaktan mutluluk duyuyoruz. Bu g\u00fcn Samsun d\u00fcnyayla bulu\u015fuyor. D\u00fcnya da Samsunla bulu\u015fuyor&#8221; dedi.<\/p>\n<p>Samsun\u2019da 10 g\u00fcn boyunca \u00e7ok g\u00fczel etkinliklerinin yap\u0131laca\u011f\u0131n\u0131 belirten Samsun Valisi Osman Kaymak, d\u00fcnyan\u0131n bir\u00e7ok \u015fehrinden Samsun\u2019a gelen \u00e7ocuklara g\u00fczel bir ev sahipli\u011fi yapacaklar\u0131n\u0131 s\u00f6yledi.<\/p>\n<p>Konu\u015fmalar\u0131n ard\u0131ndan serginin a\u00e7\u0131l\u0131\u015f\u0131 ger\u00e7ekle\u015ftirildi.<div class=\"tiled-gallery type-rectangular tiled-gallery-unresized\" data-original-width=\"500\" data-carousel-extra='null' itemscope itemtype=\"http:\/\/schema.org\/ImageGallery\" > <div class=\"gallery-row\" style=\"width: 500px; height: 224px;\" data-original-width=\"500\" data-original-height=\"224\" > <div class=\"gallery-group images-1\" style=\"width: 334px; height: 224px;\" data-original-width=\"334\" data-original-height=\"224\" > <div class=\"tiled-gallery-item tiled-gallery-item-large\" itemprop=\"associatedMedia\" itemscope itemtype=\"http:\/\/schema.org\/ImageObject\"> <a href=\"http:\/\/www.tvturk.com\/index.php\/fotograflarla-23-nisan\/fotograflarla-23-nisan-3\/\" border=\"0\" itemprop=\"url\"> <meta itemprop=\"width\" content=\"330\"> <meta itemprop=\"height\" content=\"220\"> <img decoding=\"async\" class=\"\" data-attachment-id=\"136464\" data-orig-file=\"http:\/\/www.tvturk.com\/wp-content\/uploads\/2019\/04\/fotograflarla-23-nisan_ea3bec5.jpg\" data-orig-size=\"1000,666\" data-comments-opened=\"\" data-image-meta=\"{&quot;aperture&quot;:&quot;0&quot;,&quot;credit&quot;:&quot;IHA&quot;,&quot;camera&quot;:&quot;&quot;,&quot;caption&quot;:&quot;23 N\\u0130SAN ULUSAL EGEMENL\\u0130K VE \\u00c7OCUK BAYRAMI ETK\\u0130NL\\u0130KLER\\u0130 KAPSAMINDA FOTO\\u011eRAFLARLA 23 N\\u0130SAN SERG\\u0130S\\u0130 A\\u00c7ILDI. (KENAN AKY\\u00dcZ\\\/SAMSUN-\\u0130HA)&quot;,&quot;created_timestamp&quot;:&quot;0&quot;,&quot;copyright&quot;:&quot;\\u0130HLAS HABER AJANSI, www.iha.com.tr&quot;,&quot;focal_length&quot;:&quot;0&quot;,&quot;iso&quot;:&quot;0&quot;,&quot;shutter_speed&quot;:&quot;0&quot;,&quot;title&quot;:&quot;FOTO\\u011eRAFLARLA 23 N\\u0130SAN&quot;,&quot;orientation&quot;:&quot;0&quot;}\" data-image-title=\"Foto\u011fraflarla 23 Nisan\" data-image-description=\"&lt;p&gt;Foto\u011fraflarla 23 Nisan&lt;\/p&gt; \" data-medium-file=\"https:\/\/i0.wp.com\/www.tvturk.com\/wp-content\/uploads\/2019\/04\/fotograflarla-23-nisan_ea3bec5.jpg?fit=300%2C200\" data-large-file=\"https:\/\/i0.wp.com\/www.tvturk.com\/wp-content\/uploads\/2019\/04\/fotograflarla-23-nisan_ea3bec5.jpg?fit=1000%2C666\" src=\"https:\/\/i0.wp.com\/www.tvturk.com\/wp-content\/uploads\/2019\/04\/fotograflarla-23-nisan_ea3bec5.jpg?w=330&#038;h=220\" srcset=\"https:\/\/i0.wp.com\/www.tvturk.com\/wp-content\/uploads\/2019\/04\/fotograflarla-23-nisan_ea3bec5.jpg?w=1000 1000w, https:\/\/i0.wp.com\/www.tvturk.com\/wp-content\/uploads\/2019\/04\/fotograflarla-23-nisan_ea3bec5.jpg?resize=150%2C100 150w, https:\/\/i0.wp.com\/www.tvturk.com\/wp-content\/uploads\/2019\/04\/fotograflarla-23-nisan_ea3bec5.jpg?resize=300%2C200 300w, https:\/\/i0.wp.com\/www.tvturk.com\/wp-content\/uploads\/2019\/04\/fotograflarla-23-nisan_ea3bec5.jpg?resize=768%2C511 768w, https:\/\/i0.wp.com\/www.tvturk.com\/wp-content\/uploads\/2019\/04\/fotograflarla-23-nisan_ea3bec5.jpg?resize=170%2C113 170w, https:\/\/i0.wp.com\/www.tvturk.com\/wp-content\/uploads\/2019\/04\/fotograflarla-23-nisan_ea3bec5.jpg?resize=120%2C80 120w\" width=\"330\" height=\"220\" loading=\"lazy\" data-original-width=\"330\" data-original-height=\"220\" itemprop=\"http:\/\/schema.org\/image\" title=\"Foto\u011fraflarla 23 Nisan\" alt=\"Foto\u011fraflarla 23 Nisan\" style=\"width: 330px; height: 220px;\" \/> <\/a> <\/div> <\/div> <!-- close group --> <div class=\"gallery-group images-2\" style=\"width: 166px; height: 224px;\" data-original-width=\"166\" data-original-height=\"224\" > <div class=\"tiled-gallery-item tiled-gallery-item-small\" itemprop=\"associatedMedia\" itemscope itemtype=\"http:\/\/schema.org\/ImageObject\"> <a href=\"http:\/\/www.tvturk.com\/index.php\/fotograflarla-23-nisan\/fotograflarla-23-nisan-4\/\" border=\"0\" itemprop=\"url\"> <meta itemprop=\"width\" content=\"162\"> <meta itemprop=\"height\" content=\"108\"> <img decoding=\"async\" class=\"\" data-attachment-id=\"136465\" data-orig-file=\"http:\/\/www.tvturk.com\/wp-content\/uploads\/2019\/04\/fotograflarla-23-nisan_0b7b360.jpg\" data-orig-size=\"1000,666\" data-comments-opened=\"\" data-image-meta=\"{&quot;aperture&quot;:&quot;0&quot;,&quot;credit&quot;:&quot;IHA&quot;,&quot;camera&quot;:&quot;&quot;,&quot;caption&quot;:&quot;23 N\\u0130SAN ULUSAL EGEMENL\\u0130K VE \\u00c7OCUK BAYRAMI ETK\\u0130NL\\u0130KLER\\u0130 KAPSAMINDA FOTO\\u011eRAFLARLA 23 N\\u0130SAN SERG\\u0130S\\u0130 A\\u00c7ILDI. (KENAN AKY\\u00dcZ\\\/SAMSUN-\\u0130HA)&quot;,&quot;created_timestamp&quot;:&quot;0&quot;,&quot;copyright&quot;:&quot;\\u0130HLAS HABER AJANSI, www.iha.com.tr&quot;,&quot;focal_length&quot;:&quot;0&quot;,&quot;iso&quot;:&quot;0&quot;,&quot;shutter_speed&quot;:&quot;0&quot;,&quot;title&quot;:&quot;FOTO\\u011eRAFLARLA 23 N\\u0130SAN&quot;,&quot;orientation&quot;:&quot;0&quot;}\" data-image-title=\"Foto\u011fraflarla 23 Nisan\" data-image-description=\"&lt;p&gt;Foto\u011fraflarla 23 Nisan&lt;\/p&gt; \" data-medium-file=\"https:\/\/i0.wp.com\/www.tvturk.com\/wp-content\/uploads\/2019\/04\/fotograflarla-23-nisan_0b7b360.jpg?fit=300%2C200\" data-large-file=\"https:\/\/i0.wp.com\/www.tvturk.com\/wp-content\/uploads\/2019\/04\/fotograflarla-23-nisan_0b7b360.jpg?fit=1000%2C666\" src=\"https:\/\/i0.wp.com\/www.tvturk.com\/wp-content\/uploads\/2019\/04\/fotograflarla-23-nisan_0b7b360.jpg?w=162&#038;h=108\" srcset=\"https:\/\/i0.wp.com\/www.tvturk.com\/wp-content\/uploads\/2019\/04\/fotograflarla-23-nisan_0b7b360.jpg?w=1000 1000w, https:\/\/i0.wp.com\/www.tvturk.com\/wp-content\/uploads\/2019\/04\/fotograflarla-23-nisan_0b7b360.jpg?resize=150%2C100 150w, https:\/\/i0.wp.com\/www.tvturk.com\/wp-content\/uploads\/2019\/04\/fotograflarla-23-nisan_0b7b360.jpg?resize=300%2C200 300w, https:\/\/i0.wp.com\/www.tvturk.com\/wp-content\/uploads\/2019\/04\/fotograflarla-23-nisan_0b7b360.jpg?resize=768%2C511 768w, https:\/\/i0.wp.com\/www.tvturk.com\/wp-content\/uploads\/2019\/04\/fotograflarla-23-nisan_0b7b360.jpg?resize=170%2C113 170w, https:\/\/i0.wp.com\/www.tvturk.com\/wp-content\/uploads\/2019\/04\/fotograflarla-23-nisan_0b7b360.jpg?resize=120%2C80 120w\" width=\"162\" height=\"108\" loading=\"lazy\" data-original-width=\"162\" data-original-height=\"108\" itemprop=\"http:\/\/schema.org\/image\" title=\"Foto\u011fraflarla 23 Nisan\" alt=\"Foto\u011fraflarla 23 Nisan\" style=\"width: 162px; height: 108px;\" \/> <\/a> <\/div> <div class=\"tiled-gallery-item tiled-gallery-item-small\" itemprop=\"associatedMedia\" itemscope itemtype=\"http:\/\/schema.org\/ImageObject\"> <a href=\"http:\/\/www.tvturk.com\/index.php\/fotograflarla-23-nisan\/fotograflarla-23-nisan-5\/\" border=\"0\" itemprop=\"url\"> <meta itemprop=\"width\" content=\"162\"> <meta itemprop=\"height\" content=\"108\"> <img decoding=\"async\" class=\"\" data-attachment-id=\"136466\" data-orig-file=\"http:\/\/www.tvturk.com\/wp-content\/uploads\/2019\/04\/fotograflarla-23-nisan_023a778.jpg\" data-orig-size=\"1000,666\" data-comments-opened=\"\" data-image-meta=\"{&quot;aperture&quot;:&quot;0&quot;,&quot;credit&quot;:&quot;IHA&quot;,&quot;camera&quot;:&quot;&quot;,&quot;caption&quot;:&quot;23 N\\u0130SAN ULUSAL EGEMENL\\u0130K VE \\u00c7OCUK BAYRAMI ETK\\u0130NL\\u0130KLER\\u0130 KAPSAMINDA FOTO\\u011eRAFLARLA 23 N\\u0130SAN SERG\\u0130S\\u0130 A\\u00c7ILDI. (KENAN AKY\\u00dcZ\\\/SAMSUN-\\u0130HA)&quot;,&quot;created_timestamp&quot;:&quot;0&quot;,&quot;copyright&quot;:&quot;\\u0130HLAS HABER AJANSI, www.iha.com.tr&quot;,&quot;focal_length&quot;:&quot;0&quot;,&quot;iso&quot;:&quot;0&quot;,&quot;shutter_speed&quot;:&quot;0&quot;,&quot;title&quot;:&quot;FOTO\\u011eRAFLARLA 23 N\\u0130SAN&quot;,&quot;orientation&quot;:&quot;0&quot;}\" data-image-title=\"Foto\u011fraflarla 23 Nisan\" data-image-description=\"&lt;p&gt;Foto\u011fraflarla 23 Nisan&lt;\/p&gt; \" data-medium-file=\"https:\/\/i0.wp.com\/www.tvturk.com\/wp-content\/uploads\/2019\/04\/fotograflarla-23-nisan_023a778.jpg?fit=300%2C200\" data-large-file=\"https:\/\/i0.wp.com\/www.tvturk.com\/wp-content\/uploads\/2019\/04\/fotograflarla-23-nisan_023a778.jpg?fit=1000%2C666\" src=\"https:\/\/i0.wp.com\/www.tvturk.com\/wp-content\/uploads\/2019\/04\/fotograflarla-23-nisan_023a778.jpg?w=162&#038;h=108\" srcset=\"https:\/\/i0.wp.com\/www.tvturk.com\/wp-content\/uploads\/2019\/04\/fotograflarla-23-nisan_023a778.jpg?w=1000 1000w, https:\/\/i0.wp.com\/www.tvturk.com\/wp-content\/uploads\/2019\/04\/fotograflarla-23-nisan_023a778.jpg?resize=150%2C100 150w, https:\/\/i0.wp.com\/www.tvturk.com\/wp-content\/uploads\/2019\/04\/fotograflarla-23-nisan_023a778.jpg?resize=300%2C200 300w, https:\/\/i0.wp.com\/www.tvturk.com\/wp-content\/uploads\/2019\/04\/fotograflarla-23-nisan_023a778.jpg?resize=768%2C511 768w, https:\/\/i0.wp.com\/www.tvturk.com\/wp-content\/uploads\/2019\/04\/fotograflarla-23-nisan_023a778.jpg?resize=170%2C113 170w, https:\/\/i0.wp.com\/www.tvturk.com\/wp-content\/uploads\/2019\/04\/fotograflarla-23-nisan_023a778.jpg?resize=120%2C80 120w\" width=\"162\" height=\"108\" loading=\"lazy\" data-original-width=\"162\" data-original-height=\"108\" itemprop=\"http:\/\/schema.org\/image\" title=\"Foto\u011fraflarla 23 Nisan\" alt=\"Foto\u011fraflarla 23 Nisan\" style=\"width: 162px; height: 108px;\" \/> <\/a> <\/div> <\/div> <!-- close group --> <\/div> <!-- close row --> <div class=\"gallery-row\" style=\"width: 500px; height: 168px;\" data-original-width=\"500\" data-original-height=\"168\" > <div class=\"gallery-group images-1\" style=\"width: 250px; height: 168px;\" data-original-width=\"250\" data-original-height=\"168\" > <div class=\"tiled-gallery-item tiled-gallery-item-small\" itemprop=\"associatedMedia\" itemscope itemtype=\"http:\/\/schema.org\/ImageObject\"> <a href=\"http:\/\/www.tvturk.com\/index.php\/fotograflarla-23-nisan\/fotograflarla-23-nisan-6\/\" border=\"0\" itemprop=\"url\"> <meta itemprop=\"width\" content=\"246\"> <meta itemprop=\"height\" content=\"164\"> <img decoding=\"async\" class=\"\" data-attachment-id=\"136467\" data-orig-file=\"http:\/\/www.tvturk.com\/wp-content\/uploads\/2019\/04\/fotograflarla-23-nisan_7349035.jpg\" data-orig-size=\"1000,666\" data-comments-opened=\"\" data-image-meta=\"{&quot;aperture&quot;:&quot;0&quot;,&quot;credit&quot;:&quot;IHA&quot;,&quot;camera&quot;:&quot;&quot;,&quot;caption&quot;:&quot;MUSTAFA DEM\\u0130R (KENAN AKY\\u00dcZ\\\/SAMSUN-\\u0130HA)&quot;,&quot;created_timestamp&quot;:&quot;0&quot;,&quot;copyright&quot;:&quot;\\u0130HLAS HABER AJANSI, www.iha.com.tr&quot;,&quot;focal_length&quot;:&quot;0&quot;,&quot;iso&quot;:&quot;0&quot;,&quot;shutter_speed&quot;:&quot;0&quot;,&quot;title&quot;:&quot;FOTO\\u011eRAFLARLA 23 N\\u0130SAN&quot;,&quot;orientation&quot;:&quot;0&quot;}\" data-image-title=\"Foto\u011fraflarla 23 Nisan\" data-image-description=\"&lt;p&gt;Foto\u011fraflarla 23 Nisan&lt;\/p&gt; \" data-medium-file=\"https:\/\/i0.wp.com\/www.tvturk.com\/wp-content\/uploads\/2019\/04\/fotograflarla-23-nisan_7349035.jpg?fit=300%2C200\" data-large-file=\"https:\/\/i0.wp.com\/www.tvturk.com\/wp-content\/uploads\/2019\/04\/fotograflarla-23-nisan_7349035.jpg?fit=1000%2C666\" src=\"https:\/\/i0.wp.com\/www.tvturk.com\/wp-content\/uploads\/2019\/04\/fotograflarla-23-nisan_7349035.jpg?w=246&#038;h=164\" srcset=\"https:\/\/i0.wp.com\/www.tvturk.com\/wp-content\/uploads\/2019\/04\/fotograflarla-23-nisan_7349035.jpg?w=1000 1000w, https:\/\/i0.wp.com\/www.tvturk.com\/wp-content\/uploads\/2019\/04\/fotograflarla-23-nisan_7349035.jpg?resize=150%2C100 150w, https:\/\/i0.wp.com\/www.tvturk.com\/wp-content\/uploads\/2019\/04\/fotograflarla-23-nisan_7349035.jpg?resize=300%2C200 300w, https:\/\/i0.wp.com\/www.tvturk.com\/wp-content\/uploads\/2019\/04\/fotograflarla-23-nisan_7349035.jpg?resize=768%2C511 768w, https:\/\/i0.wp.com\/www.tvturk.com\/wp-content\/uploads\/2019\/04\/fotograflarla-23-nisan_7349035.jpg?resize=170%2C113 170w, https:\/\/i0.wp.com\/www.tvturk.com\/wp-content\/uploads\/2019\/04\/fotograflarla-23-nisan_7349035.jpg?resize=120%2C80 120w\" width=\"246\" height=\"164\" loading=\"lazy\" data-original-width=\"246\" data-original-height=\"164\" itemprop=\"http:\/\/schema.org\/image\" title=\"Foto\u011fraflarla 23 Nisan\" alt=\"Foto\u011fraflarla 23 Nisan\" style=\"width: 246px; height: 164px;\" \/> <\/a> <\/div> <\/div> <!-- close group --> <div class=\"gallery-group images-1\" style=\"width: 250px; height: 168px;\" data-original-width=\"250\" data-original-height=\"168\" > <div class=\"tiled-gallery-item tiled-gallery-item-small\" itemprop=\"associatedMedia\" itemscope itemtype=\"http:\/\/schema.org\/ImageObject\"> <a href=\"http:\/\/www.tvturk.com\/index.php\/fotograflarla-23-nisan\/fotograflarla-23-nisan-7\/\" border=\"0\" itemprop=\"url\"> <meta itemprop=\"width\" content=\"246\"> <meta itemprop=\"height\" content=\"164\"> <img decoding=\"async\" class=\"\" data-attachment-id=\"136468\" data-orig-file=\"http:\/\/www.tvturk.com\/wp-content\/uploads\/2019\/04\/fotograflarla-23-nisan_b20817b.jpg\" data-orig-size=\"1000,666\" data-comments-opened=\"\" data-image-meta=\"{&quot;aperture&quot;:&quot;0&quot;,&quot;credit&quot;:&quot;IHA&quot;,&quot;camera&quot;:&quot;&quot;,&quot;caption&quot;:&quot;23 N\\u0130SAN ULUSAL EGEMENL\\u0130K VE \\u00c7OCUK BAYRAMI ETK\\u0130NL\\u0130KLER\\u0130 KAPSAMINDA FOTO\\u011eRAFLARLA 23 N\\u0130SAN SERG\\u0130S\\u0130 A\\u00c7ILDI. (KENAN AKY\\u00dcZ\\\/SAMSUN-\\u0130HA)&quot;,&quot;created_timestamp&quot;:&quot;0&quot;,&quot;copyright&quot;:&quot;\\u0130HLAS HABER AJANSI, www.iha.com.tr&quot;,&quot;focal_length&quot;:&quot;0&quot;,&quot;iso&quot;:&quot;0&quot;,&quot;shutter_speed&quot;:&quot;0&quot;,&quot;title&quot;:&quot;FOTO\\u011eRAFLARLA 23 N\\u0130SAN&quot;,&quot;orientation&quot;:&quot;0&quot;}\" data-image-title=\"Foto\u011fraflarla 23 Nisan\" data-image-description=\"&lt;p&gt;Foto\u011fraflarla 23 Nisan&lt;\/p&gt; \" data-medium-file=\"https:\/\/i0.wp.com\/www.tvturk.com\/wp-content\/uploads\/2019\/04\/fotograflarla-23-nisan_b20817b.jpg?fit=300%2C200\" data-large-file=\"https:\/\/i0.wp.com\/www.tvturk.com\/wp-content\/uploads\/2019\/04\/fotograflarla-23-nisan_b20817b.jpg?fit=1000%2C666\" src=\"https:\/\/i0.wp.com\/www.tvturk.com\/wp-content\/uploads\/2019\/04\/fotograflarla-23-nisan_b20817b.jpg?w=246&#038;h=164\" srcset=\"https:\/\/i0.wp.com\/www.tvturk.com\/wp-content\/uploads\/2019\/04\/fotograflarla-23-nisan_b20817b.jpg?w=1000 1000w, https:\/\/i0.wp.com\/www.tvturk.com\/wp-content\/uploads\/2019\/04\/fotograflarla-23-nisan_b20817b.jpg?resize=150%2C100 150w, https:\/\/i0.wp.com\/www.tvturk.com\/wp-content\/uploads\/2019\/04\/fotograflarla-23-nisan_b20817b.jpg?resize=300%2C200 300w, https:\/\/i0.wp.com\/www.tvturk.com\/wp-content\/uploads\/2019\/04\/fotograflarla-23-nisan_b20817b.jpg?resize=768%2C511 768w, https:\/\/i0.wp.com\/www.tvturk.com\/wp-content\/uploads\/2019\/04\/fotograflarla-23-nisan_b20817b.jpg?resize=170%2C113 170w, https:\/\/i0.wp.com\/www.tvturk.com\/wp-content\/uploads\/2019\/04\/fotograflarla-23-nisan_b20817b.jpg?resize=120%2C80 120w\" width=\"246\" height=\"164\" loading=\"lazy\" data-original-width=\"246\" data-original-height=\"164\" itemprop=\"http:\/\/schema.org\/image\" title=\"Foto\u011fraflarla 23 Nisan\" alt=\"Foto\u011fraflarla 23 Nisan\" style=\"width: 246px; height: 164px;\" \/> <\/a> <\/div> <\/div> <!-- close group --> <\/div> <!-- close row --> <\/div><\/p>\n","protected":false},"excerpt":{"rendered":"<p>23 N\u0130SAN ULUSAL EGEMENL\u0130K VE \u00c7OCUK BAYRAMI ETK\u0130NL\u0130KLER\u0130 KAPSAMINDA FOTO\u011eRAFLARLA 23 N\u0130SAN SERG\u0130S\u0130 A\u00c7ILDI.<\/p>\n","protected":false},"author":1,"featured_media":136463,"comment_status":"closed","ping_status":"open","sticky":false,"template":"","format":"standard","meta":{"jetpack_post_was_ever_published":false,"_jetpack_newsletter_access":"","_jetpack_dont_email_post_to_subs":false,"_jetpack_newsletter_tier_id":0,"_jetpack_memberships_contains_paywalled_content":false,"_jetpack_memberships_contains_paid_content":false,"footnotes":"","jetpack_publicize_message":"","jetpack_publicize_feature_enabled":true,"jetpack_social_post_already_shared":true,"jetpack_social_options":{"image_generator_settings":{"template":"highway","default_image_id":0,"font":"","enabled":false},"version":2}},"categories":[1],"tags":[10563,8366],"class_list":["post-136462","post","type-post","status-publish","format-standard","has-post-thumbnail","hentry","category-genel","tag-fotograflarla","tag-nisan"],"jetpack_publicize_connections":[],"jetpack_featured_media_url":"https:\/\/i0.wp.com\/www.tvturk.com\/wp-content\/uploads\/2019\/04\/fotograflarla-23-nisan_22aa198.jpg?fit=1000%2C666","jetpack_sharing_enabled":true,"jetpack_shortlink":"https:\/\/wp.me\/paKIfm-zv0","_links":{"self":[{"href":"http:\/\/www.tvturk.com\/index.php\/wp-json\/wp\/v2\/posts\/136462","targetHints":{"allow":["GET"]}}],"collection":[{"href":"http:\/\/www.tvturk.com\/index.php\/wp-json\/wp\/v2\/posts"}],"about":[{"href":"http:\/\/www.tvturk.com\/index.php\/wp-json\/wp\/v2\/types\/post"}],"author":[{"embeddable":true,"href":"http:\/\/www.tvturk.com\/index.php\/wp-json\/wp\/v2\/users\/1"}],"replies":[{"embeddable":true,"href":"http:\/\/www.tvturk.com\/index.php\/wp-json\/wp\/v2\/comments?post=136462"}],"version-history":[{"count":1,"href":"http:\/\/www.tvturk.com\/index.php\/wp-json\/wp\/v2\/posts\/136462\/revisions"}],"predecessor-version":[{"id":136469,"href":"http:\/\/www.tvturk.com\/index.php\/wp-json\/wp\/v2\/posts\/136462\/revisions\/136469"}],"wp:featuredmedia":[{"embeddable":true,"href":"http:\/\/www.tvturk.com\/index.php\/wp-json\/wp\/v2\/media\/136463"}],"wp:attachment":[{"href":"http:\/\/www.tvturk.com\/index.php\/wp-json\/wp\/v2\/media?parent=136462"}],"wp:term":[{"taxonomy":"category","embeddable":true,"href":"http:\/\/www.tvturk.com\/index.php\/wp-json\/wp\/v2\/categories?post=136462"},{"taxonomy":"post_tag","embeddable":true,"href":"http:\/\/www.tvturk.com\/index.php\/wp-json\/wp\/v2\/tags?post=136462"}],"curies":[{"name":"wp","href":"https:\/\/api.w.org\/{rel}","templated":true}]}}