{"id":13667,"date":"2019-02-08T17:45:55","date_gmt":"2019-02-08T14:45:55","guid":{"rendered":"http:\/\/www.tvturk.com\/index.php\/ulusoydan-avcilar-yesilkente-2-okul-ve-kultur-merkezi-vaadi\/"},"modified":"2019-02-08T17:45:58","modified_gmt":"2019-02-08T14:45:58","slug":"ulusoydan-avcilar-yesilkente-2-okul-ve-kultur-merkezi-vaadi","status":"publish","type":"post","link":"http:\/\/www.tvturk.com\/index.php\/ulusoydan-avcilar-yesilkente-2-okul-ve-kultur-merkezi-vaadi\/","title":{"rendered":"Ulusoy\u2019dan Avc\u0131lar Ye\u015filkent\u2019e 2 okul ve k\u00fclt\u00fcr merkezi vaadi"},"content":{"rendered":"<p>Ak Parti Avc\u0131lar Belediye Ba\u015fkan Aday\u0131 \u0130brahim Ulusoy, se\u00e7im gezilerine Ye\u015filkent mahallesi ile devam etti. \u00c7amur i\u00e7indeki Ye\u015filkent\u2019in ad\u0131 gibi ye\u015fil olmas\u0131 i\u00e7in t\u00fcm olanaklar\u0131 kullanaca\u011f\u0131n\u0131 ifade eden Ulusoy, \u201cBizim koltu\u011fumuz olmayacak, bizim yerimiz mahallerimiz\u201d dedi.<\/p>\n<p>Se\u00e7im gezilerine devam eden Ak Parti Avc\u0131lar Belediye Ba\u015fkan Aday\u0131 \u0130brahim Ulusoy, Ye\u015filkent mahallesi sakinleriyle bir araya geldi. Vatanda\u015flar\u0131n soru ve sorunlar\u0131n\u0131 dinleyen Ulusoy, \u201c\u00c7amur i\u00e7indeki Ye\u015filkent\u2019in ad\u0131 gibi ye\u015fil olmas\u0131 i\u00e7in elimden gelen t\u00fcm imkanlar\u0131 kullanaca\u011f\u0131m. Dersime iyi \u00e7al\u0131\u015f\u0131yorum. Avc\u0131lar\u2019\u0131 halk\u0131m\u0131zla birlikte y\u00f6netece\u011fiz. Vatanda\u015f ne isterse o olacak. Ben koltuk istemiyorum. Benim yerim \u201cmahalle\u201dde olacak. Hep birlikte olaca\u011f\u0131z\u201d dedi.<\/p>\n<p>Ye\u015filkent\u2019teki gen\u00e7ler i\u00e7in istihdam olana\u011f\u0131<\/p>\n<p>Ye\u015filkent mahallesinde vatanda\u015flarla bir araya gelen Ulusoy, \u201cAvc\u0131lar\u2019\u0131n en b\u00fcy\u00fck dertlerinden birisi de maalesef Ye\u015filkent mahallesinde gen\u00e7lerimizin ya\u015fad\u0131\u011f\u0131 sorunlar. Bu sorunlar\u0131 biliyoruz. Belediye Ba\u015fkan\u0131 oldu\u011fumda bu sorunu k\u00f6k\u00fcnden kaz\u0131yaca\u011f\u0131m. K\u00fclt\u00fcr merkezimizi in\u015fa edip gen\u00e7lerimizi o illetten kurtaraca\u011f\u0131m. Gen\u00e7lerimizi k\u00fclt\u00fcr merkezimizde e\u011fitim olana\u011f\u0131 sa\u011flayaca\u011f\u0131z. Onlar i\u00e7in istihdam alanlar\u0131 olu\u015fturaca\u011f\u0131z. Donan\u0131ml\u0131 hale gelmelerini sa\u011flay\u0131p i\u015f bulmalar\u0131 i\u00e7in yard\u0131mc\u0131 olaca\u011f\u0131z\u201d s\u00f6z\u00fcn\u00fc verdi.<\/p>\n<p>Se\u00e7imden \u00f6nce 2 okul a\u00e7\u0131lacak, k\u00fclt\u00fcr merkezi in\u015fa edilecek<\/p>\n<p>Ulusoy, k\u00fclt\u00fcr merkeziyle birlikte 2 okul a\u00e7acaklar\u0131n\u0131 da belirtti: \u201cYe\u015filkent\u2019imizi imar\u0131n\u0131 verece\u011fim. Sizlere s\u00f6z veriyorum. Ye\u015filkent, ye\u015fil olacak. Se\u00e7im\u2019den \u00f6nce iki okulun temelini at\u0131yoruz. Biz b\u00f6yle \u00e7al\u0131\u015fmaya devam edece\u011fiz. Sa\u011fl\u0131k ocaklar\u0131n\u0131n hali i\u00e7ler ac\u0131s\u0131. Niye? \u00c7\u00fcnk\u00fc misyon ve vizyon yok. Bizim mantalitemiz net, Avc\u0131lar\u2019\u0131m\u0131z\u0131 20 y\u0131ll\u0131k hastal\u0131\u011f\u0131ndan kurtaraca\u011f\u0131z.\u201d<\/p>\n<p>Hizmet iyi olsayd\u0131 kesinlikle aday olmazd\u0131m<\/p>\n<p>Vatanda\u015ftan yetki istedi\u011fini dile getiren Ulusoy, se\u00e7ilmesi durumunda herkesin pozitif etkiyi hemen g\u00f6rece\u011fini s\u00f6yleyerek konu\u015fmas\u0131n\u0131 \u015f\u00f6yle s\u00fcrd\u00fcrd\u00fc: \u201cAvc\u0131lar huzura ve refaha kavu\u015fsun istiyoruz. \u00dcz\u00fclerek s\u00f6yl\u00fcyorum, Avc\u0131lar maalesef mevcut y\u00f6netimle \u2018hasta\u2019 oldu, durumu her an k\u00f6t\u00fcle\u015fiyor. Sevdam\u0131z olan Avc\u0131lar\u2019\u0131 \u2018hasta\u2019l\u0131ktan kurtar\u0131p iyile\u015ftirelim istiyoruz. \u00c7ok samimi bir \u015fey s\u00f6ylemek istiyorum. \u015eu anki hizmet iyi olsayd\u0131 kesinlikle aday olmazd\u0131m.\u201d<\/p>\n<p>20 y\u0131ld\u0131r ayn\u0131 zihniyetle y\u00f6netilen Avc\u0131lar\u2019\u0131n durumu ortada<\/p>\n<p>2 taraf\u0131 g\u00f6l olan, m\u00fckemmel bir konuma hakim Avc\u0131lar\u2019\u0131n 5 y\u0131l daha kan kaybetmesini istemedi\u011fini ifade eden Ulusoy, \u201cAvc\u0131lar\u2019\u0131n marka de\u011ferini art\u0131rmak istiyoruz. 20 y\u0131ld\u0131r buray\u0131 ayn\u0131 zihniyet y\u00f6netiyor. Avc\u0131lar\u2019\u0131n hali ortada. Hizmet de\u011fil, hezimet g\u00f6r\u00fcyoruz. 60\u2019a yak\u0131n projemiz var. Her mahalle i\u00e7in farkl\u0131 projeler \u00fczerinde \u00e7al\u0131\u015ft\u0131k. Her projemizin i\u00e7inde ye\u015fil ve mavi olacak\u201d dedi.<div class=\"tiled-gallery type-rectangular tiled-gallery-unresized\" data-original-width=\"500\" data-carousel-extra='null' itemscope itemtype=\"http:\/\/schema.org\/ImageGallery\" > <div class=\"gallery-row\" style=\"width: 500px; height: 142px;\" data-original-width=\"500\" data-original-height=\"142\" > <div class=\"gallery-group images-1\" style=\"width: 250px; height: 142px;\" data-original-width=\"250\" data-original-height=\"142\" > <div class=\"tiled-gallery-item tiled-gallery-item-small\" itemprop=\"associatedMedia\" itemscope itemtype=\"http:\/\/schema.org\/ImageObject\"> <a href=\"http:\/\/www.tvturk.com\/index.php\/ulusoydan-avcilar-yesilkente-2-okul-ve-kultur-merkezi-vaadi\/ulusoydan-avcilar-yesilkente-2-okul-ve-kultur-merkezi-vaadi-3\/\" border=\"0\" itemprop=\"url\"> <meta itemprop=\"width\" content=\"246\"> <meta itemprop=\"height\" content=\"138\"> <img decoding=\"async\" class=\"\" data-attachment-id=\"13669\" data-orig-file=\"http:\/\/www.tvturk.com\/wp-content\/uploads\/2019\/02\/ulusoydan-avcilar-yesilkente-2-okul-ve-kultur-merkezi-vaadi_65bc405.jpg\" data-orig-size=\"1000,562\" data-comments-opened=\"\" data-image-meta=\"{&quot;aperture&quot;:&quot;0&quot;,&quot;credit&quot;:&quot;IHA&quot;,&quot;camera&quot;:&quot;&quot;,&quot;caption&quot;:&quot;AK PART\\u0130 AVCILAR BELED\\u0130YE BA\\u015eKAN ADAYI \\u0130BRAH\\u0130M ULUSOY, SE\\u00c7\\u0130M GEZ\\u0130LER\\u0130NE YE\\u015e\\u0130LKENT MAHALLES\\u0130 \\u0130LE DEVAM ETT\\u0130. \\u00c7AMUR \\u0130\\u00c7\\u0130NDEK\\u0130 YE\\u015e\\u0130LKENT\\u2019\\u0130N ADI G\\u0130B\\u0130 YE\\u015e\\u0130L OLMASI \\u0130\\u00c7\\u0130N T\\u00dcM OLANAKLARI KULLANACA\\u011eINI \\u0130FADE EDEN ULUSOY, \\u201cB\\u0130Z\\u0130M KOLTU\\u011eUMUZ OLMAYACAK, B\\u0130Z\\u0130M YER\\u0130M\\u0130Z MAHALLER\\u0130M\\u0130Z\\u201d DED\\u0130. (\\u0130HA\\\/\\u0130STANBUL-\\u0130HA)&quot;,&quot;created_timestamp&quot;:&quot;0&quot;,&quot;copyright&quot;:&quot;\\u0130HLAS HABER AJANSI, www.iha.com.tr&quot;,&quot;focal_length&quot;:&quot;0&quot;,&quot;iso&quot;:&quot;0&quot;,&quot;shutter_speed&quot;:&quot;0&quot;,&quot;title&quot;:&quot;ULUSOY\\u0027DAN AVCILAR YE\\u015e\\u0130LKENT\\u2019E 2 OKUL VE K\\u00dcLT\\u00dcR MERKEZ\\u0130 VAAD\\u0130 BA\\u015eKAN ADAYI ULUSOY: \\u0022BEN KOLTUK \\u0130STEM\\u0130YORUM. BEN\\u0130M YER\\u0130M \\u201cMAHALLE\\u201dDE OLACAK\\u0022&quot;,&quot;orientation&quot;:&quot;0&quot;}\" data-image-title=\"Ulusoy\u2019dan Avc\u0131lar Ye\u015filkent\u2019e 2 okul ve k\u00fclt\u00fcr merkezi vaadi\" data-image-description=\"&lt;p&gt;Ulusoy\u2019dan Avc\u0131lar Ye\u015filkent\u2019e 2 okul ve k\u00fclt\u00fcr merkezi vaadi&lt;\/p&gt; \" data-medium-file=\"https:\/\/i0.wp.com\/www.tvturk.com\/wp-content\/uploads\/2019\/02\/ulusoydan-avcilar-yesilkente-2-okul-ve-kultur-merkezi-vaadi_65bc405.jpg?fit=300%2C169\" data-large-file=\"https:\/\/i0.wp.com\/www.tvturk.com\/wp-content\/uploads\/2019\/02\/ulusoydan-avcilar-yesilkente-2-okul-ve-kultur-merkezi-vaadi_65bc405.jpg?fit=1000%2C562\" src=\"https:\/\/i0.wp.com\/www.tvturk.com\/wp-content\/uploads\/2019\/02\/ulusoydan-avcilar-yesilkente-2-okul-ve-kultur-merkezi-vaadi_65bc405.jpg?w=246&#038;h=138\" srcset=\"https:\/\/i0.wp.com\/www.tvturk.com\/wp-content\/uploads\/2019\/02\/ulusoydan-avcilar-yesilkente-2-okul-ve-kultur-merkezi-vaadi_65bc405.jpg?w=1000 1000w, https:\/\/i0.wp.com\/www.tvturk.com\/wp-content\/uploads\/2019\/02\/ulusoydan-avcilar-yesilkente-2-okul-ve-kultur-merkezi-vaadi_65bc405.jpg?resize=150%2C84 150w, https:\/\/i0.wp.com\/www.tvturk.com\/wp-content\/uploads\/2019\/02\/ulusoydan-avcilar-yesilkente-2-okul-ve-kultur-merkezi-vaadi_65bc405.jpg?resize=300%2C169 300w, https:\/\/i0.wp.com\/www.tvturk.com\/wp-content\/uploads\/2019\/02\/ulusoydan-avcilar-yesilkente-2-okul-ve-kultur-merkezi-vaadi_65bc405.jpg?resize=768%2C432 768w, https:\/\/i0.wp.com\/www.tvturk.com\/wp-content\/uploads\/2019\/02\/ulusoydan-avcilar-yesilkente-2-okul-ve-kultur-merkezi-vaadi_65bc405.jpg?resize=200%2C113 200w\" width=\"246\" height=\"138\" loading=\"lazy\" data-original-width=\"246\" data-original-height=\"138\" itemprop=\"http:\/\/schema.org\/image\" title=\"Ulusoy\u2019dan Avc\u0131lar Ye\u015filkent\u2019e 2 okul ve k\u00fclt\u00fcr merkezi vaadi\" alt=\"Ulusoy\u2019dan Avc\u0131lar Ye\u015filkent\u2019e 2 okul ve k\u00fclt\u00fcr merkezi vaadi\" style=\"width: 246px; height: 138px;\" \/> <\/a> <\/div> <\/div> <!-- close group --> <div class=\"gallery-group images-1\" style=\"width: 250px; height: 142px;\" data-original-width=\"250\" data-original-height=\"142\" > <div class=\"tiled-gallery-item tiled-gallery-item-small\" itemprop=\"associatedMedia\" itemscope itemtype=\"http:\/\/schema.org\/ImageObject\"> <a href=\"http:\/\/www.tvturk.com\/index.php\/ulusoydan-avcilar-yesilkente-2-okul-ve-kultur-merkezi-vaadi\/ulusoydan-avcilar-yesilkente-2-okul-ve-kultur-merkezi-vaadi-4\/\" border=\"0\" itemprop=\"url\"> <meta itemprop=\"width\" content=\"246\"> <meta itemprop=\"height\" content=\"138\"> <img decoding=\"async\" class=\"\" data-attachment-id=\"13670\" data-orig-file=\"http:\/\/www.tvturk.com\/wp-content\/uploads\/2019\/02\/ulusoydan-avcilar-yesilkente-2-okul-ve-kultur-merkezi-vaadi_0e7bafa.jpg\" data-orig-size=\"1000,562\" data-comments-opened=\"\" data-image-meta=\"{&quot;aperture&quot;:&quot;0&quot;,&quot;credit&quot;:&quot;IHA&quot;,&quot;camera&quot;:&quot;&quot;,&quot;caption&quot;:&quot;SE\\u00c7\\u0130M GEZ\\u0130LER\\u0130NE DEVAM EDEN AK PART\\u0130 AVCILAR BELED\\u0130YE BA\\u015eKAN ADAYI \\u0130BRAH\\u0130M ULUSOY, YE\\u015e\\u0130LKENT MAHALLES\\u0130 SAK\\u0130NLER\\u0130YLE B\\u0130R ARAYA GELD\\u0130. (\\u0130HA\\\/\\u0130STANBUL-\\u0130HA)&quot;,&quot;created_timestamp&quot;:&quot;0&quot;,&quot;copyright&quot;:&quot;\\u0130HLAS HABER AJANSI, www.iha.com.tr&quot;,&quot;focal_length&quot;:&quot;0&quot;,&quot;iso&quot;:&quot;0&quot;,&quot;shutter_speed&quot;:&quot;0&quot;,&quot;title&quot;:&quot;ULUSOY\\u0027DAN AVCILAR YE\\u015e\\u0130LKENT\\u2019E 2 OKUL VE K\\u00dcLT\\u00dcR MERKEZ\\u0130 VAAD\\u0130 BA\\u015eKAN ADAYI ULUSOY: \\u0022BEN KOLTUK \\u0130STEM\\u0130YORUM. BEN\\u0130M YER\\u0130M \\u201cMAHALLE\\u201dDE OLACAK\\u0022&quot;,&quot;orientation&quot;:&quot;0&quot;}\" data-image-title=\"Ulusoy\u2019dan Avc\u0131lar Ye\u015filkent\u2019e 2 okul ve k\u00fclt\u00fcr merkezi vaadi\" data-image-description=\"&lt;p&gt;Ulusoy\u2019dan Avc\u0131lar Ye\u015filkent\u2019e 2 okul ve k\u00fclt\u00fcr merkezi vaadi&lt;\/p&gt; \" data-medium-file=\"https:\/\/i0.wp.com\/www.tvturk.com\/wp-content\/uploads\/2019\/02\/ulusoydan-avcilar-yesilkente-2-okul-ve-kultur-merkezi-vaadi_0e7bafa.jpg?fit=300%2C169\" data-large-file=\"https:\/\/i0.wp.com\/www.tvturk.com\/wp-content\/uploads\/2019\/02\/ulusoydan-avcilar-yesilkente-2-okul-ve-kultur-merkezi-vaadi_0e7bafa.jpg?fit=1000%2C562\" src=\"https:\/\/i0.wp.com\/www.tvturk.com\/wp-content\/uploads\/2019\/02\/ulusoydan-avcilar-yesilkente-2-okul-ve-kultur-merkezi-vaadi_0e7bafa.jpg?w=246&#038;h=138\" srcset=\"https:\/\/i0.wp.com\/www.tvturk.com\/wp-content\/uploads\/2019\/02\/ulusoydan-avcilar-yesilkente-2-okul-ve-kultur-merkezi-vaadi_0e7bafa.jpg?w=1000 1000w, https:\/\/i0.wp.com\/www.tvturk.com\/wp-content\/uploads\/2019\/02\/ulusoydan-avcilar-yesilkente-2-okul-ve-kultur-merkezi-vaadi_0e7bafa.jpg?resize=150%2C84 150w, https:\/\/i0.wp.com\/www.tvturk.com\/wp-content\/uploads\/2019\/02\/ulusoydan-avcilar-yesilkente-2-okul-ve-kultur-merkezi-vaadi_0e7bafa.jpg?resize=300%2C169 300w, https:\/\/i0.wp.com\/www.tvturk.com\/wp-content\/uploads\/2019\/02\/ulusoydan-avcilar-yesilkente-2-okul-ve-kultur-merkezi-vaadi_0e7bafa.jpg?resize=768%2C432 768w, https:\/\/i0.wp.com\/www.tvturk.com\/wp-content\/uploads\/2019\/02\/ulusoydan-avcilar-yesilkente-2-okul-ve-kultur-merkezi-vaadi_0e7bafa.jpg?resize=200%2C113 200w\" width=\"246\" height=\"138\" loading=\"lazy\" data-original-width=\"246\" data-original-height=\"138\" itemprop=\"http:\/\/schema.org\/image\" title=\"Ulusoy\u2019dan Avc\u0131lar Ye\u015filkent\u2019e 2 okul ve k\u00fclt\u00fcr merkezi vaadi\" alt=\"Ulusoy\u2019dan Avc\u0131lar Ye\u015filkent\u2019e 2 okul ve k\u00fclt\u00fcr merkezi vaadi\" style=\"width: 246px; height: 138px;\" \/> <\/a> <\/div> <\/div> <!-- close group --> <\/div> <!-- close row --> <div class=\"gallery-row\" style=\"width: 500px; height: 283px;\" data-original-width=\"500\" data-original-height=\"283\" > <div class=\"gallery-group images-1\" style=\"width: 500px; height: 283px;\" data-original-width=\"500\" data-original-height=\"283\" > <div class=\"tiled-gallery-item tiled-gallery-item-large\" itemprop=\"associatedMedia\" itemscope itemtype=\"http:\/\/schema.org\/ImageObject\"> <a href=\"http:\/\/www.tvturk.com\/index.php\/ulusoydan-avcilar-yesilkente-2-okul-ve-kultur-merkezi-vaadi\/ulusoydan-avcilar-yesilkente-2-okul-ve-kultur-merkezi-vaadi-5\/\" border=\"0\" itemprop=\"url\"> <meta itemprop=\"width\" content=\"496\"> <meta itemprop=\"height\" content=\"279\"> <img decoding=\"async\" class=\"\" data-attachment-id=\"13671\" data-orig-file=\"http:\/\/www.tvturk.com\/wp-content\/uploads\/2019\/02\/ulusoydan-avcilar-yesilkente-2-okul-ve-kultur-merkezi-vaadi_d10131f.jpg\" data-orig-size=\"1000,562\" data-comments-opened=\"\" data-image-meta=\"{&quot;aperture&quot;:&quot;0&quot;,&quot;credit&quot;:&quot;IHA&quot;,&quot;camera&quot;:&quot;&quot;,&quot;caption&quot;:&quot;AK PART\\u0130 AVCILAR BELED\\u0130YE BA\\u015eKAN ADAYI \\u0130BRAH\\u0130M ULUSOY, SE\\u00c7\\u0130M GEZ\\u0130LER\\u0130NE YE\\u015e\\u0130LKENT MAHALLES\\u0130 \\u0130LE DEVAM ETT\\u0130. \\u00c7AMUR \\u0130\\u00c7\\u0130NDEK\\u0130 YE\\u015e\\u0130LKENT\\u2019\\u0130N ADI G\\u0130B\\u0130 YE\\u015e\\u0130L OLMASI \\u0130\\u00c7\\u0130N T\\u00dcM OLANAKLARI KULLANACA\\u011eINI \\u0130FADE EDEN ULUSOY, \\u201cB\\u0130Z\\u0130M KOLTU\\u011eUMUZ OLMAYACAK, B\\u0130Z\\u0130M YER\\u0130M\\u0130Z MAHALLER\\u0130M\\u0130Z\\u201d DED\\u0130. (\\u0130HA\\\/\\u0130STANBUL-\\u0130HA)&quot;,&quot;created_timestamp&quot;:&quot;0&quot;,&quot;copyright&quot;:&quot;\\u0130HLAS HABER AJANSI, www.iha.com.tr&quot;,&quot;focal_length&quot;:&quot;0&quot;,&quot;iso&quot;:&quot;0&quot;,&quot;shutter_speed&quot;:&quot;0&quot;,&quot;title&quot;:&quot;ULUSOY\\u0027DAN AVCILAR YE\\u015e\\u0130LKENT\\u2019E 2 OKUL VE K\\u00dcLT\\u00dcR MERKEZ\\u0130 VAAD\\u0130 BA\\u015eKAN ADAYI ULUSOY: \\u0022BEN KOLTUK \\u0130STEM\\u0130YORUM. BEN\\u0130M YER\\u0130M \\u201cMAHALLE\\u201dDE OLACAK\\u0022&quot;,&quot;orientation&quot;:&quot;0&quot;}\" data-image-title=\"Ulusoy\u2019dan Avc\u0131lar Ye\u015filkent\u2019e 2 okul ve k\u00fclt\u00fcr merkezi vaadi\" data-image-description=\"&lt;p&gt;Ulusoy\u2019dan Avc\u0131lar Ye\u015filkent\u2019e 2 okul ve k\u00fclt\u00fcr merkezi vaadi&lt;\/p&gt; \" data-medium-file=\"https:\/\/i0.wp.com\/www.tvturk.com\/wp-content\/uploads\/2019\/02\/ulusoydan-avcilar-yesilkente-2-okul-ve-kultur-merkezi-vaadi_d10131f.jpg?fit=300%2C169\" data-large-file=\"https:\/\/i0.wp.com\/www.tvturk.com\/wp-content\/uploads\/2019\/02\/ulusoydan-avcilar-yesilkente-2-okul-ve-kultur-merkezi-vaadi_d10131f.jpg?fit=1000%2C562\" src=\"https:\/\/i0.wp.com\/www.tvturk.com\/wp-content\/uploads\/2019\/02\/ulusoydan-avcilar-yesilkente-2-okul-ve-kultur-merkezi-vaadi_d10131f.jpg?w=496&#038;h=279\" srcset=\"https:\/\/i0.wp.com\/www.tvturk.com\/wp-content\/uploads\/2019\/02\/ulusoydan-avcilar-yesilkente-2-okul-ve-kultur-merkezi-vaadi_d10131f.jpg?w=1000 1000w, https:\/\/i0.wp.com\/www.tvturk.com\/wp-content\/uploads\/2019\/02\/ulusoydan-avcilar-yesilkente-2-okul-ve-kultur-merkezi-vaadi_d10131f.jpg?resize=150%2C84 150w, https:\/\/i0.wp.com\/www.tvturk.com\/wp-content\/uploads\/2019\/02\/ulusoydan-avcilar-yesilkente-2-okul-ve-kultur-merkezi-vaadi_d10131f.jpg?resize=300%2C169 300w, https:\/\/i0.wp.com\/www.tvturk.com\/wp-content\/uploads\/2019\/02\/ulusoydan-avcilar-yesilkente-2-okul-ve-kultur-merkezi-vaadi_d10131f.jpg?resize=768%2C432 768w, https:\/\/i0.wp.com\/www.tvturk.com\/wp-content\/uploads\/2019\/02\/ulusoydan-avcilar-yesilkente-2-okul-ve-kultur-merkezi-vaadi_d10131f.jpg?resize=200%2C113 200w\" width=\"496\" height=\"279\" loading=\"lazy\" data-original-width=\"496\" data-original-height=\"279\" itemprop=\"http:\/\/schema.org\/image\" title=\"Ulusoy\u2019dan Avc\u0131lar Ye\u015filkent\u2019e 2 okul ve k\u00fclt\u00fcr merkezi vaadi\" alt=\"Ulusoy\u2019dan Avc\u0131lar Ye\u015filkent\u2019e 2 okul ve k\u00fclt\u00fcr merkezi vaadi\" style=\"width: 496px; height: 279px;\" \/> <\/a> <\/div> <\/div> <!-- close group --> <\/div> <!-- close row --> <\/div><\/p>\n","protected":false},"excerpt":{"rendered":"<p>AK PART\u0130 AVCILAR BELED\u0130YE BA\u015eKAN ADAYI \u0130BRAH\u0130M ULUSOY, SE\u00c7\u0130M GEZ\u0130LER\u0130NE YE\u015e\u0130LKENT MAHALLES\u0130 \u0130LE DEVAM ETT\u0130. \u00c7AMUR \u0130\u00c7\u0130NDEK\u0130 YE\u015e\u0130LKENT\u2019\u0130N ADI G\u0130B\u0130 YE\u015e\u0130L OLMASI \u0130\u00c7\u0130N T\u00dcM OLANAKLARI KULLANACA\u011eINI \u0130FADE EDEN ULUSOY, \u201cB\u0130Z\u0130M KOLTU\u011eUMUZ OLMAYACAK, B\u0130Z\u0130M YER\u0130M\u0130Z MAHALLER\u0130M\u0130Z\u201d DED\u0130.<\/p>\n","protected":false},"author":1,"featured_media":13668,"comment_status":"closed","ping_status":"open","sticky":false,"template":"","format":"standard","meta":{"jetpack_post_was_ever_published":false,"_jetpack_newsletter_access":"","_jetpack_dont_email_post_to_subs":false,"_jetpack_newsletter_tier_id":0,"_jetpack_memberships_contains_paywalled_content":false,"_jetpack_memberships_contains_paid_content":false,"footnotes":"","jetpack_publicize_message":"","jetpack_publicize_feature_enabled":true,"jetpack_social_post_already_shared":false,"jetpack_social_options":{"image_generator_settings":{"template":"highway","default_image_id":0,"font":"","enabled":false},"version":2}},"categories":[655],"tags":[601,630,295,120,6826,3989,6827],"class_list":["post-13667","post","type-post","status-publish","format-standard","has-post-thumbnail","hentry","category-son-dakika","tag-avcilar","tag-kultur","tag-merkezi","tag-okul","tag-ulusoydan","tag-vaadi","tag-yesilkente"],"jetpack_publicize_connections":[],"jetpack_featured_media_url":"https:\/\/i0.wp.com\/www.tvturk.com\/wp-content\/uploads\/2019\/02\/ulusoydan-avcilar-yesilkente-2-okul-ve-kultur-merkezi-vaadi_c76d30b.jpg?fit=1000%2C562","jetpack_sharing_enabled":true,"jetpack_shortlink":"https:\/\/wp.me\/paKIfm-3yr","_links":{"self":[{"href":"http:\/\/www.tvturk.com\/index.php\/wp-json\/wp\/v2\/posts\/13667","targetHints":{"allow":["GET"]}}],"collection":[{"href":"http:\/\/www.tvturk.com\/index.php\/wp-json\/wp\/v2\/posts"}],"about":[{"href":"http:\/\/www.tvturk.com\/index.php\/wp-json\/wp\/v2\/types\/post"}],"author":[{"embeddable":true,"href":"http:\/\/www.tvturk.com\/index.php\/wp-json\/wp\/v2\/users\/1"}],"replies":[{"embeddable":true,"href":"http:\/\/www.tvturk.com\/index.php\/wp-json\/wp\/v2\/comments?post=13667"}],"version-history":[{"count":1,"href":"http:\/\/www.tvturk.com\/index.php\/wp-json\/wp\/v2\/posts\/13667\/revisions"}],"predecessor-version":[{"id":13672,"href":"http:\/\/www.tvturk.com\/index.php\/wp-json\/wp\/v2\/posts\/13667\/revisions\/13672"}],"wp:featuredmedia":[{"embeddable":true,"href":"http:\/\/www.tvturk.com\/index.php\/wp-json\/wp\/v2\/media\/13668"}],"wp:attachment":[{"href":"http:\/\/www.tvturk.com\/index.php\/wp-json\/wp\/v2\/media?parent=13667"}],"wp:term":[{"taxonomy":"category","embeddable":true,"href":"http:\/\/www.tvturk.com\/index.php\/wp-json\/wp\/v2\/categories?post=13667"},{"taxonomy":"post_tag","embeddable":true,"href":"http:\/\/www.tvturk.com\/index.php\/wp-json\/wp\/v2\/tags?post=13667"}],"curies":[{"name":"wp","href":"https:\/\/api.w.org\/{rel}","templated":true}]}}