{"id":136922,"date":"2019-04-15T10:11:03","date_gmt":"2019-04-15T07:11:03","guid":{"rendered":"http:\/\/www.tvturk.com\/index.php\/finlandiyada-secimleri-demokratlar-kazandi\/"},"modified":"2019-04-15T10:11:06","modified_gmt":"2019-04-15T07:11:06","slug":"finlandiyada-secimleri-demokratlar-kazandi","status":"publish","type":"post","link":"http:\/\/www.tvturk.com\/index.php\/finlandiyada-secimleri-demokratlar-kazandi\/","title":{"rendered":"Finlandiya\u2019da se\u00e7imleri Demokratlar kazand\u0131"},"content":{"rendered":"<p>Finlandiya\u2019da genel se\u00e7imleri oylar\u0131n y\u00fczde 17,7\u2019sini alan Sosyal Demokratlar kazand\u0131. A\u015f\u0131r\u0131 sa\u011fc\u0131 Ger\u00e7ek Finler Partisi ise ikinci s\u0131raya y\u00fckseldi.<\/p>\n<p>Eski Finlandiya Ba\u015fbakan\u0131 Juha Sipila, se\u00e7im vaatlerini meclise bir t\u00fcrl\u00fc kabul ettiremeyince ge\u00e7ti\u011fimiz ay istifa etmi\u015fti. Finlandiya Se\u00e7im Kurulu, Pazar g\u00fcn\u00fc yap\u0131lan se\u00e7imlerde kat\u0131l\u0131m oran\u0131n\u0131 y\u00fczde 68,7 olarak a\u00e7\u0131klad\u0131. T\u00fcm sand\u0131klar\u0131n say\u0131ld\u0131\u011f\u0131 se\u00e7imde resmi olmayan sonu\u00e7lara g\u00f6re, Sosyal Demokrat Parti oylar\u0131n y\u00fczde 17,7\u2019sini alarak birinci oldu. A\u015f\u0131r\u0131 sa\u011fc\u0131 Ger\u00e7ek Finler Partisi ise oylar\u0131n y\u00fczde 17,5\u2019ini alarak se\u00e7imi ikinci s\u0131rada tamamlad\u0131. Milli Koalisyon Partisi ise y\u00fczde 17 oy oran\u0131yla \u00fc\u00e7\u00fcnc\u00fc s\u0131raya gerilerken, eski Ba\u015fbakan Sipila\u2019n\u0131n Merkez Partisi oylar\u0131n y\u00fczde 13,8\u2019ini alarak d\u00f6rd\u00fcnc\u00fc s\u0131raya geriledi.<\/p>\n<p>Sandalye say\u0131s\u0131n\u0131n 200 oldu\u011fu mecliste h\u00fckumet kurmak i\u00e7in 101 sandalye elde etmek gerekiyor. Mevcut sonu\u00e7lara g\u00f6re, h\u00fckumetin kurulmas\u0131 i\u00e7in partilerin koalisyon yapmas\u0131 gerekiyor.<\/p>\n<p>Ba\u015fbakan Sipila, s\u00f6z verdi\u011fi sa\u011fl\u0131k reformunu ger\u00e7ekle\u015ftiremedi\u011fi i\u00e7in Mart ay\u0131n\u0131n ba\u015f\u0131nda istifa etmi\u015fti.<div class=\"tiled-gallery type-rectangular tiled-gallery-unresized\" data-original-width=\"500\" data-carousel-extra='null' itemscope itemtype=\"http:\/\/schema.org\/ImageGallery\" > <div class=\"gallery-row\" style=\"width: 500px; height: 221px;\" data-original-width=\"500\" data-original-height=\"221\" > <div class=\"gallery-group images-1\" style=\"width: 334px; height: 221px;\" data-original-width=\"334\" data-original-height=\"221\" > <div class=\"tiled-gallery-item tiled-gallery-item-large\" itemprop=\"associatedMedia\" itemscope itemtype=\"http:\/\/schema.org\/ImageObject\"> <a href=\"http:\/\/www.tvturk.com\/index.php\/finlandiyada-secimleri-demokratlar-kazandi\/finlandiyada-secimleri-demokratlar-kazandi-3\/\" border=\"0\" itemprop=\"url\"> <meta itemprop=\"width\" content=\"330\"> <meta itemprop=\"height\" content=\"217\"> <img decoding=\"async\" class=\"\" data-attachment-id=\"136924\" data-orig-file=\"http:\/\/www.tvturk.com\/wp-content\/uploads\/2019\/04\/finlandiyada-secimleri-demokratlar-kazandi_074f5b3.jpg\" data-orig-size=\"1000,658\" data-comments-opened=\"\" data-image-meta=\"{&quot;aperture&quot;:&quot;0&quot;,&quot;credit&quot;:&quot;IHA&quot;,&quot;camera&quot;:&quot;&quot;,&quot;caption&quot;:&quot;SOSYAL DEMOKRATLARIN L\\u0130DER\\u0130 ANTT\\u0130 R\\u0130NNE, SE\\u00c7\\u0130M ZAFER\\u0130N\\u0130 KUTLUYOR (\\u0130HA\\\/HELS\\u0130NK\\u0130-\\u0130HA)&quot;,&quot;created_timestamp&quot;:&quot;0&quot;,&quot;copyright&quot;:&quot;\\u0130HLAS HABER AJANSI, www.iha.com.tr&quot;,&quot;focal_length&quot;:&quot;0&quot;,&quot;iso&quot;:&quot;0&quot;,&quot;shutter_speed&quot;:&quot;0&quot;,&quot;title&quot;:&quot;F\\u0130NLAND\\u0130YA\\u0027DA SE\\u00c7\\u0130MLER\\u0130 DEMOKRATLAR KAZANDI A\\u015eIRI SA\\u011eCILAR KIL PAYI KAYBETT\\u0130&quot;,&quot;orientation&quot;:&quot;0&quot;}\" data-image-title=\"Finlandiya\u2019da se\u00e7imleri Demokratlar kazand\u0131\" data-image-description=\"&lt;p&gt;Finlandiya\u2019da se\u00e7imleri Demokratlar kazand\u0131&lt;\/p&gt; \" data-medium-file=\"https:\/\/i0.wp.com\/www.tvturk.com\/wp-content\/uploads\/2019\/04\/finlandiyada-secimleri-demokratlar-kazandi_074f5b3.jpg?fit=300%2C197\" data-large-file=\"https:\/\/i0.wp.com\/www.tvturk.com\/wp-content\/uploads\/2019\/04\/finlandiyada-secimleri-demokratlar-kazandi_074f5b3.jpg?fit=1000%2C658\" src=\"https:\/\/i0.wp.com\/www.tvturk.com\/wp-content\/uploads\/2019\/04\/finlandiyada-secimleri-demokratlar-kazandi_074f5b3.jpg?w=330&#038;h=217\" srcset=\"https:\/\/i0.wp.com\/www.tvturk.com\/wp-content\/uploads\/2019\/04\/finlandiyada-secimleri-demokratlar-kazandi_074f5b3.jpg?w=1000 1000w, https:\/\/i0.wp.com\/www.tvturk.com\/wp-content\/uploads\/2019\/04\/finlandiyada-secimleri-demokratlar-kazandi_074f5b3.jpg?resize=150%2C99 150w, https:\/\/i0.wp.com\/www.tvturk.com\/wp-content\/uploads\/2019\/04\/finlandiyada-secimleri-demokratlar-kazandi_074f5b3.jpg?resize=300%2C197 300w, https:\/\/i0.wp.com\/www.tvturk.com\/wp-content\/uploads\/2019\/04\/finlandiyada-secimleri-demokratlar-kazandi_074f5b3.jpg?resize=768%2C505 768w, https:\/\/i0.wp.com\/www.tvturk.com\/wp-content\/uploads\/2019\/04\/finlandiyada-secimleri-demokratlar-kazandi_074f5b3.jpg?resize=170%2C113 170w, https:\/\/i0.wp.com\/www.tvturk.com\/wp-content\/uploads\/2019\/04\/finlandiyada-secimleri-demokratlar-kazandi_074f5b3.jpg?resize=120%2C80 120w\" width=\"330\" height=\"217\" loading=\"lazy\" data-original-width=\"330\" data-original-height=\"217\" itemprop=\"http:\/\/schema.org\/image\" title=\"Finlandiya\u2019da se\u00e7imleri Demokratlar kazand\u0131\" alt=\"Finlandiya\u2019da se\u00e7imleri Demokratlar kazand\u0131\" style=\"width: 330px; height: 217px;\" \/> <\/a> <\/div> <\/div> <!-- close group --> <div class=\"gallery-group images-2\" style=\"width: 166px; height: 221px;\" data-original-width=\"166\" data-original-height=\"221\" > <div class=\"tiled-gallery-item tiled-gallery-item-small\" itemprop=\"associatedMedia\" itemscope itemtype=\"http:\/\/schema.org\/ImageObject\"> <a href=\"http:\/\/www.tvturk.com\/index.php\/finlandiyada-secimleri-demokratlar-kazandi\/finlandiyada-secimleri-demokratlar-kazandi-4\/\" border=\"0\" itemprop=\"url\"> <meta itemprop=\"width\" content=\"162\"> <meta itemprop=\"height\" content=\"107\"> <img decoding=\"async\" class=\"\" data-attachment-id=\"136925\" data-orig-file=\"http:\/\/www.tvturk.com\/wp-content\/uploads\/2019\/04\/finlandiyada-secimleri-demokratlar-kazandi_2f81e6a.jpg\" data-orig-size=\"1000,665\" data-comments-opened=\"\" data-image-meta=\"{&quot;aperture&quot;:&quot;0&quot;,&quot;credit&quot;:&quot;IHA&quot;,&quot;camera&quot;:&quot;&quot;,&quot;caption&quot;:&quot;SOSYAL DEMOKRATLARIN L\\u0130DER\\u0130 ANTT\\u0130 R\\u0130NNE, OY KULLANIYOR (\\u0130HA\\\/HELS\\u0130NK\\u0130-\\u0130HA)&quot;,&quot;created_timestamp&quot;:&quot;0&quot;,&quot;copyright&quot;:&quot;\\u0130HLAS HABER AJANSI, www.iha.com.tr&quot;,&quot;focal_length&quot;:&quot;0&quot;,&quot;iso&quot;:&quot;0&quot;,&quot;shutter_speed&quot;:&quot;0&quot;,&quot;title&quot;:&quot;F\\u0130NLAND\\u0130YA\\u0027DA SE\\u00c7\\u0130MLER\\u0130 DEMOKRATLAR KAZANDI A\\u015eIRI SA\\u011eCILAR KIL PAYI KAYBETT\\u0130&quot;,&quot;orientation&quot;:&quot;0&quot;}\" data-image-title=\"Finlandiya\u2019da se\u00e7imleri Demokratlar kazand\u0131\" data-image-description=\"&lt;p&gt;Finlandiya\u2019da se\u00e7imleri Demokratlar kazand\u0131&lt;\/p&gt; \" data-medium-file=\"https:\/\/i0.wp.com\/www.tvturk.com\/wp-content\/uploads\/2019\/04\/finlandiyada-secimleri-demokratlar-kazandi_2f81e6a.jpg?fit=300%2C200\" data-large-file=\"https:\/\/i0.wp.com\/www.tvturk.com\/wp-content\/uploads\/2019\/04\/finlandiyada-secimleri-demokratlar-kazandi_2f81e6a.jpg?fit=1000%2C665\" src=\"https:\/\/i0.wp.com\/www.tvturk.com\/wp-content\/uploads\/2019\/04\/finlandiyada-secimleri-demokratlar-kazandi_2f81e6a.jpg?w=162&#038;h=107\" srcset=\"https:\/\/i0.wp.com\/www.tvturk.com\/wp-content\/uploads\/2019\/04\/finlandiyada-secimleri-demokratlar-kazandi_2f81e6a.jpg?w=1000 1000w, https:\/\/i0.wp.com\/www.tvturk.com\/wp-content\/uploads\/2019\/04\/finlandiyada-secimleri-demokratlar-kazandi_2f81e6a.jpg?resize=150%2C100 150w, https:\/\/i0.wp.com\/www.tvturk.com\/wp-content\/uploads\/2019\/04\/finlandiyada-secimleri-demokratlar-kazandi_2f81e6a.jpg?resize=300%2C200 300w, https:\/\/i0.wp.com\/www.tvturk.com\/wp-content\/uploads\/2019\/04\/finlandiyada-secimleri-demokratlar-kazandi_2f81e6a.jpg?resize=768%2C511 768w, https:\/\/i0.wp.com\/www.tvturk.com\/wp-content\/uploads\/2019\/04\/finlandiyada-secimleri-demokratlar-kazandi_2f81e6a.jpg?resize=170%2C113 170w, https:\/\/i0.wp.com\/www.tvturk.com\/wp-content\/uploads\/2019\/04\/finlandiyada-secimleri-demokratlar-kazandi_2f81e6a.jpg?resize=120%2C80 120w\" width=\"162\" height=\"107\" loading=\"lazy\" data-original-width=\"162\" data-original-height=\"107\" itemprop=\"http:\/\/schema.org\/image\" title=\"Finlandiya\u2019da se\u00e7imleri Demokratlar kazand\u0131\" alt=\"Finlandiya\u2019da se\u00e7imleri Demokratlar kazand\u0131\" style=\"width: 162px; height: 107px;\" \/> <\/a> <\/div> <div class=\"tiled-gallery-item tiled-gallery-item-small\" itemprop=\"associatedMedia\" itemscope itemtype=\"http:\/\/schema.org\/ImageObject\"> <a href=\"http:\/\/www.tvturk.com\/index.php\/finlandiyada-secimleri-demokratlar-kazandi\/finlandiyada-secimleri-demokratlar-kazandi-5\/\" border=\"0\" itemprop=\"url\"> <meta itemprop=\"width\" content=\"162\"> <meta itemprop=\"height\" content=\"106\"> <img decoding=\"async\" class=\"\" data-attachment-id=\"136926\" data-orig-file=\"http:\/\/www.tvturk.com\/wp-content\/uploads\/2019\/04\/finlandiyada-secimleri-demokratlar-kazandi_614226a.jpg\" data-orig-size=\"1000,653\" data-comments-opened=\"\" data-image-meta=\"{&quot;aperture&quot;:&quot;0&quot;,&quot;credit&quot;:&quot;IHA&quot;,&quot;camera&quot;:&quot;&quot;,&quot;caption&quot;:&quot;GER\\u00c7EK F\\u0130NLER PART\\u0130S\\u0130 L\\u0130DER\\u0130 JUSS\\u0130 HALLA-AHO (\\u0130HA\\\/HELS\\u0130NK\\u0130-\\u0130HA)&quot;,&quot;created_timestamp&quot;:&quot;0&quot;,&quot;copyright&quot;:&quot;\\u0130HLAS HABER AJANSI, www.iha.com.tr&quot;,&quot;focal_length&quot;:&quot;0&quot;,&quot;iso&quot;:&quot;0&quot;,&quot;shutter_speed&quot;:&quot;0&quot;,&quot;title&quot;:&quot;F\\u0130NLAND\\u0130YA\\u0027DA SE\\u00c7\\u0130MLER\\u0130 DEMOKRATLAR KAZANDI A\\u015eIRI SA\\u011eCILAR KIL PAYI KAYBETT\\u0130&quot;,&quot;orientation&quot;:&quot;0&quot;}\" data-image-title=\"Finlandiya\u2019da se\u00e7imleri Demokratlar kazand\u0131\" data-image-description=\"&lt;p&gt;Finlandiya\u2019da se\u00e7imleri Demokratlar kazand\u0131&lt;\/p&gt; \" data-medium-file=\"https:\/\/i0.wp.com\/www.tvturk.com\/wp-content\/uploads\/2019\/04\/finlandiyada-secimleri-demokratlar-kazandi_614226a.jpg?fit=300%2C196\" data-large-file=\"https:\/\/i0.wp.com\/www.tvturk.com\/wp-content\/uploads\/2019\/04\/finlandiyada-secimleri-demokratlar-kazandi_614226a.jpg?fit=1000%2C653\" src=\"https:\/\/i0.wp.com\/www.tvturk.com\/wp-content\/uploads\/2019\/04\/finlandiyada-secimleri-demokratlar-kazandi_614226a.jpg?w=162&#038;h=106\" srcset=\"https:\/\/i0.wp.com\/www.tvturk.com\/wp-content\/uploads\/2019\/04\/finlandiyada-secimleri-demokratlar-kazandi_614226a.jpg?w=1000 1000w, https:\/\/i0.wp.com\/www.tvturk.com\/wp-content\/uploads\/2019\/04\/finlandiyada-secimleri-demokratlar-kazandi_614226a.jpg?resize=150%2C98 150w, https:\/\/i0.wp.com\/www.tvturk.com\/wp-content\/uploads\/2019\/04\/finlandiyada-secimleri-demokratlar-kazandi_614226a.jpg?resize=300%2C196 300w, https:\/\/i0.wp.com\/www.tvturk.com\/wp-content\/uploads\/2019\/04\/finlandiyada-secimleri-demokratlar-kazandi_614226a.jpg?resize=768%2C502 768w, https:\/\/i0.wp.com\/www.tvturk.com\/wp-content\/uploads\/2019\/04\/finlandiyada-secimleri-demokratlar-kazandi_614226a.jpg?resize=510%2C330 510w, https:\/\/i0.wp.com\/www.tvturk.com\/wp-content\/uploads\/2019\/04\/finlandiyada-secimleri-demokratlar-kazandi_614226a.jpg?resize=120%2C80 120w\" width=\"162\" height=\"106\" loading=\"lazy\" data-original-width=\"162\" data-original-height=\"106\" itemprop=\"http:\/\/schema.org\/image\" title=\"Finlandiya\u2019da se\u00e7imleri Demokratlar kazand\u0131\" alt=\"Finlandiya\u2019da se\u00e7imleri Demokratlar kazand\u0131\" style=\"width: 162px; height: 106px;\" \/> <\/a> <\/div> <\/div> <!-- close group --> <\/div> <!-- close row --> <\/div><\/p>\n","protected":false},"excerpt":{"rendered":"<p>SOSYAL DEMOKRATLARIN L\u0130DER\u0130 ANTT\u0130 R\u0130NNE, SE\u00c7\u0130M ZAFER\u0130N\u0130 KUTLUYOR<\/p>\n","protected":false},"author":1,"featured_media":136923,"comment_status":"closed","ping_status":"open","sticky":false,"template":"","format":"standard","meta":{"jetpack_post_was_ever_published":false,"_jetpack_newsletter_access":"","_jetpack_dont_email_post_to_subs":false,"_jetpack_newsletter_tier_id":0,"_jetpack_memberships_contains_paywalled_content":false,"_jetpack_memberships_contains_paid_content":false,"footnotes":"","jetpack_publicize_message":"","jetpack_publicize_feature_enabled":true,"jetpack_social_post_already_shared":true,"jetpack_social_options":{"image_generator_settings":{"template":"highway","default_image_id":0,"font":"","enabled":false},"version":2}},"categories":[10],"tags":[31222,31221,3801,6949],"class_list":["post-136922","post","type-post","status-publish","format-standard","has-post-thumbnail","hentry","category-dunya","tag-demokratlar","tag-finlandiyada","tag-kazandi","tag-secimleri"],"jetpack_publicize_connections":[],"jetpack_featured_media_url":"https:\/\/i0.wp.com\/www.tvturk.com\/wp-content\/uploads\/2019\/04\/finlandiyada-secimleri-demokratlar-kazandi_b9d935d.jpg?fit=1000%2C712","jetpack_sharing_enabled":true,"jetpack_shortlink":"https:\/\/wp.me\/paKIfm-zCq","_links":{"self":[{"href":"http:\/\/www.tvturk.com\/index.php\/wp-json\/wp\/v2\/posts\/136922","targetHints":{"allow":["GET"]}}],"collection":[{"href":"http:\/\/www.tvturk.com\/index.php\/wp-json\/wp\/v2\/posts"}],"about":[{"href":"http:\/\/www.tvturk.com\/index.php\/wp-json\/wp\/v2\/types\/post"}],"author":[{"embeddable":true,"href":"http:\/\/www.tvturk.com\/index.php\/wp-json\/wp\/v2\/users\/1"}],"replies":[{"embeddable":true,"href":"http:\/\/www.tvturk.com\/index.php\/wp-json\/wp\/v2\/comments?post=136922"}],"version-history":[{"count":1,"href":"http:\/\/www.tvturk.com\/index.php\/wp-json\/wp\/v2\/posts\/136922\/revisions"}],"predecessor-version":[{"id":136927,"href":"http:\/\/www.tvturk.com\/index.php\/wp-json\/wp\/v2\/posts\/136922\/revisions\/136927"}],"wp:featuredmedia":[{"embeddable":true,"href":"http:\/\/www.tvturk.com\/index.php\/wp-json\/wp\/v2\/media\/136923"}],"wp:attachment":[{"href":"http:\/\/www.tvturk.com\/index.php\/wp-json\/wp\/v2\/media?parent=136922"}],"wp:term":[{"taxonomy":"category","embeddable":true,"href":"http:\/\/www.tvturk.com\/index.php\/wp-json\/wp\/v2\/categories?post=136922"},{"taxonomy":"post_tag","embeddable":true,"href":"http:\/\/www.tvturk.com\/index.php\/wp-json\/wp\/v2\/tags?post=136922"}],"curies":[{"name":"wp","href":"https:\/\/api.w.org\/{rel}","templated":true}]}}