{"id":137014,"date":"2019-04-15T10:26:00","date_gmt":"2019-04-15T07:26:00","guid":{"rendered":"http:\/\/www.tvturk.com\/index.php\/almanyada-turklerin-oturdugu-binada-yangin\/"},"modified":"2019-04-15T10:26:02","modified_gmt":"2019-04-15T07:26:02","slug":"almanyada-turklerin-oturdugu-binada-yangin","status":"publish","type":"post","link":"http:\/\/www.tvturk.com\/index.php\/almanyada-turklerin-oturdugu-binada-yangin\/","title":{"rendered":"Almanya\u2019da T\u00fcrklerin oturdu\u011fu binada yang\u0131n"},"content":{"rendered":"<p>Almanya\u2019n\u0131n Mannheim \u015fehrinde 9 T\u00fcrk ailenin ya\u015fad\u0131\u011f\u0131 binada yang\u0131n \u00e7\u0131kt\u0131. Yang\u0131n yar\u0131m saat i\u00e7inde kontrol alt\u0131na al\u0131n\u0131rken, can kayb\u0131 ya\u015fanmad\u0131.<\/p>\n<p>Almanya\u2019n\u0131n Baden-V\u00fcrtemberg eyaletinin Mannheim \u015fehrinde T\u00fcrklerin de ya\u015fad\u0131\u011f\u0131 bir binada yang\u0131n \u00e7\u0131kt\u0131. Gece 24.00\u2019ten sonra \u00e7\u0131kan yang\u0131nda maddi hasar meydana gelirken, can kayb\u0131 ya\u015fanmad\u0131. Yang\u0131n\u0131n, binan\u0131n \u00f6n\u00fcnden ge\u00e7en yabanc\u0131 uyruklular taraf\u0131ndan fark edildi\u011fi ve t\u00fcm bina sakinlerini uyand\u0131rarak polis ve itfaiyeyi arad\u0131klar\u0131 \u00f6\u011frenildi. \u0130hbar sayesinde yang\u0131na h\u0131zla m\u00fcdahale edilirken, yang\u0131n yar\u0131m saat i\u00e7inde kontrol alt\u0131na al\u0131nd\u0131.<\/p>\n<p>Yang\u0131n s\u00f6nd\u00fcrme \u00e7al\u0131\u015fmalar\u0131n\u0131n 2 saat s\u00fcrd\u00fc\u011f\u00fc binada 9 T\u00fcrk ailenin ya\u015fad\u0131\u011f\u0131 \u00f6\u011frenildi.<\/p>\n<p>Yang\u0131n\u0131n sebebinin hen\u00fcz belirlenmedi\u011fi ve polisin inceleme ba\u015flatt\u0131\u011f\u0131 a\u00e7\u0131kland\u0131.<div class=\"tiled-gallery type-rectangular tiled-gallery-unresized\" data-original-width=\"500\" data-carousel-extra='null' itemscope itemtype=\"http:\/\/schema.org\/ImageGallery\" > <div class=\"gallery-row\" style=\"width: 500px; height: 154px;\" data-original-width=\"500\" data-original-height=\"154\" > <div class=\"gallery-group images-1\" style=\"width: 271px; height: 154px;\" data-original-width=\"271\" data-original-height=\"154\" > <div class=\"tiled-gallery-item tiled-gallery-item-large\" itemprop=\"associatedMedia\" itemscope itemtype=\"http:\/\/schema.org\/ImageObject\"> <a href=\"http:\/\/www.tvturk.com\/index.php\/almanyada-turklerin-oturdugu-binada-yangin\/almanyada-turklerin-oturdugu-binada-yangin-3\/\" border=\"0\" itemprop=\"url\"> <meta itemprop=\"width\" content=\"267\"> <meta itemprop=\"height\" content=\"150\"> <img decoding=\"async\" class=\"\" data-attachment-id=\"137016\" data-orig-file=\"http:\/\/www.tvturk.com\/wp-content\/uploads\/2019\/04\/almanyada-turklerin-oturdugu-binada-yangin_2f3c7e1.jpg\" data-orig-size=\"1000,562\" data-comments-opened=\"\" data-image-meta=\"{&quot;aperture&quot;:&quot;0&quot;,&quot;credit&quot;:&quot;IHA&quot;,&quot;camera&quot;:&quot;&quot;,&quot;caption&quot;:&quot;ALMANYA\\u0027NIN MANNHE\\u0130M \\u015eEHR\\u0130NDE 9 T\\u00dcRK A\\u0130LEN\\u0130N YA\\u015eADI\\u011eI B\\u0130NADA YANGIN \\u00c7IKTI. YANGIN YARIM SAAT \\u0130\\u00c7\\u0130NDE KONTROL ALTINA ALINIRKEN, H\\u0130\\u00c7B\\u0130R CAN KAYBI YA\\u015eANMADI. (MEHMET KOCA\\\/MANNHE\\u0130M-\\u0130HA)&quot;,&quot;created_timestamp&quot;:&quot;0&quot;,&quot;copyright&quot;:&quot;\\u0130HLAS HABER AJANSI, www.iha.com.tr&quot;,&quot;focal_length&quot;:&quot;0&quot;,&quot;iso&quot;:&quot;0&quot;,&quot;shutter_speed&quot;:&quot;0&quot;,&quot;title&quot;:&quot;ALMANYA\\u2019DA T\\u00dcRKLER\\u0130N OTURDU\\u011eU B\\u0130NADA YANGIN&quot;,&quot;orientation&quot;:&quot;0&quot;}\" data-image-title=\"Almanya\u2019da T\u00fcrklerin oturdu\u011fu binada yang\u0131n\" data-image-description=\"&lt;p&gt;Almanya\u2019da T\u00fcrklerin oturdu\u011fu binada yang\u0131n&lt;\/p&gt; \" data-medium-file=\"https:\/\/i0.wp.com\/www.tvturk.com\/wp-content\/uploads\/2019\/04\/almanyada-turklerin-oturdugu-binada-yangin_2f3c7e1.jpg?fit=300%2C169\" data-large-file=\"https:\/\/i0.wp.com\/www.tvturk.com\/wp-content\/uploads\/2019\/04\/almanyada-turklerin-oturdugu-binada-yangin_2f3c7e1.jpg?fit=1000%2C562\" src=\"https:\/\/i0.wp.com\/www.tvturk.com\/wp-content\/uploads\/2019\/04\/almanyada-turklerin-oturdugu-binada-yangin_2f3c7e1.jpg?w=267&#038;h=150\" srcset=\"https:\/\/i0.wp.com\/www.tvturk.com\/wp-content\/uploads\/2019\/04\/almanyada-turklerin-oturdugu-binada-yangin_2f3c7e1.jpg?w=1000 1000w, https:\/\/i0.wp.com\/www.tvturk.com\/wp-content\/uploads\/2019\/04\/almanyada-turklerin-oturdugu-binada-yangin_2f3c7e1.jpg?resize=150%2C84 150w, https:\/\/i0.wp.com\/www.tvturk.com\/wp-content\/uploads\/2019\/04\/almanyada-turklerin-oturdugu-binada-yangin_2f3c7e1.jpg?resize=300%2C169 300w, https:\/\/i0.wp.com\/www.tvturk.com\/wp-content\/uploads\/2019\/04\/almanyada-turklerin-oturdugu-binada-yangin_2f3c7e1.jpg?resize=768%2C432 768w, https:\/\/i0.wp.com\/www.tvturk.com\/wp-content\/uploads\/2019\/04\/almanyada-turklerin-oturdugu-binada-yangin_2f3c7e1.jpg?resize=200%2C113 200w\" width=\"267\" height=\"150\" loading=\"lazy\" data-original-width=\"267\" data-original-height=\"150\" itemprop=\"http:\/\/schema.org\/image\" title=\"Almanya\u2019da T\u00fcrklerin oturdu\u011fu binada yang\u0131n\" alt=\"Almanya\u2019da T\u00fcrklerin oturdu\u011fu binada yang\u0131n\" style=\"width: 267px; height: 150px;\" \/> <\/a> <\/div> <\/div> <!-- close group --> <div class=\"gallery-group images-1\" style=\"width: 229px; height: 154px;\" data-original-width=\"229\" data-original-height=\"154\" > <div class=\"tiled-gallery-item tiled-gallery-item-small\" itemprop=\"associatedMedia\" itemscope itemtype=\"http:\/\/schema.org\/ImageObject\"> <a href=\"http:\/\/www.tvturk.com\/index.php\/almanyada-turklerin-oturdugu-binada-yangin\/almanyada-turklerin-oturdugu-binada-yangin-4\/\" border=\"0\" itemprop=\"url\"> <meta itemprop=\"width\" content=\"225\"> <meta itemprop=\"height\" content=\"150\"> <img decoding=\"async\" class=\"\" data-attachment-id=\"137017\" data-orig-file=\"http:\/\/www.tvturk.com\/wp-content\/uploads\/2019\/04\/almanyada-turklerin-oturdugu-binada-yangin_139df5e.jpg\" data-orig-size=\"1000,667\" data-comments-opened=\"\" data-image-meta=\"{&quot;aperture&quot;:&quot;0&quot;,&quot;credit&quot;:&quot;IHA&quot;,&quot;camera&quot;:&quot;&quot;,&quot;caption&quot;:&quot;ALMANYA\\u0027NIN MANNHE\\u0130M \\u015eEHR\\u0130NDE 9 T\\u00dcRK A\\u0130LEN\\u0130N YA\\u015eADI\\u011eI B\\u0130NADA YANGIN \\u00c7IKTI. YANGIN YARIM SAAT \\u0130\\u00c7\\u0130NDE KONTROL ALTINA ALINIRKEN, H\\u0130\\u00c7B\\u0130R CAN KAYBI YA\\u015eANMADI. (MEHMET KOCA\\\/MANNHE\\u0130M-\\u0130HA)&quot;,&quot;created_timestamp&quot;:&quot;0&quot;,&quot;copyright&quot;:&quot;\\u0130HLAS HABER AJANSI, www.iha.com.tr&quot;,&quot;focal_length&quot;:&quot;0&quot;,&quot;iso&quot;:&quot;0&quot;,&quot;shutter_speed&quot;:&quot;0&quot;,&quot;title&quot;:&quot;ALMANYA\\u2019DA T\\u00dcRKLER\\u0130N OTURDU\\u011eU B\\u0130NADA YANGIN&quot;,&quot;orientation&quot;:&quot;0&quot;}\" data-image-title=\"Almanya\u2019da T\u00fcrklerin oturdu\u011fu binada yang\u0131n\" data-image-description=\"&lt;p&gt;Almanya\u2019da T\u00fcrklerin oturdu\u011fu binada yang\u0131n&lt;\/p&gt; \" data-medium-file=\"https:\/\/i0.wp.com\/www.tvturk.com\/wp-content\/uploads\/2019\/04\/almanyada-turklerin-oturdugu-binada-yangin_139df5e.jpg?fit=300%2C200\" data-large-file=\"https:\/\/i0.wp.com\/www.tvturk.com\/wp-content\/uploads\/2019\/04\/almanyada-turklerin-oturdugu-binada-yangin_139df5e.jpg?fit=1000%2C667\" src=\"https:\/\/i0.wp.com\/www.tvturk.com\/wp-content\/uploads\/2019\/04\/almanyada-turklerin-oturdugu-binada-yangin_139df5e.jpg?w=225&#038;h=150\" srcset=\"https:\/\/i0.wp.com\/www.tvturk.com\/wp-content\/uploads\/2019\/04\/almanyada-turklerin-oturdugu-binada-yangin_139df5e.jpg?w=1000 1000w, https:\/\/i0.wp.com\/www.tvturk.com\/wp-content\/uploads\/2019\/04\/almanyada-turklerin-oturdugu-binada-yangin_139df5e.jpg?resize=150%2C100 150w, https:\/\/i0.wp.com\/www.tvturk.com\/wp-content\/uploads\/2019\/04\/almanyada-turklerin-oturdugu-binada-yangin_139df5e.jpg?resize=300%2C200 300w, https:\/\/i0.wp.com\/www.tvturk.com\/wp-content\/uploads\/2019\/04\/almanyada-turklerin-oturdugu-binada-yangin_139df5e.jpg?resize=768%2C512 768w, https:\/\/i0.wp.com\/www.tvturk.com\/wp-content\/uploads\/2019\/04\/almanyada-turklerin-oturdugu-binada-yangin_139df5e.jpg?resize=170%2C113 170w, https:\/\/i0.wp.com\/www.tvturk.com\/wp-content\/uploads\/2019\/04\/almanyada-turklerin-oturdugu-binada-yangin_139df5e.jpg?resize=120%2C80 120w\" width=\"225\" height=\"150\" loading=\"lazy\" data-original-width=\"225\" data-original-height=\"150\" itemprop=\"http:\/\/schema.org\/image\" title=\"Almanya\u2019da T\u00fcrklerin oturdu\u011fu binada yang\u0131n\" alt=\"Almanya\u2019da T\u00fcrklerin oturdu\u011fu binada yang\u0131n\" style=\"width: 225px; height: 150px;\" \/> <\/a> <\/div> <\/div> <!-- close group --> <\/div> <!-- close row --> <\/div><\/p>\n","protected":false},"excerpt":{"rendered":"<p>ALMANYA&#8217;NIN MANNHE\u0130M \u015eEHR\u0130NDE 9 T\u00dcRK A\u0130LEN\u0130N YA\u015eADI\u011eI B\u0130NADA YANGIN \u00c7IKTI. YANGIN YARIM SAAT \u0130\u00c7\u0130NDE KONTROL ALTINA ALINIRKEN, H\u0130\u00c7B\u0130R CAN KAYBI YA\u015eANMADI.<\/p>\n","protected":false},"author":1,"featured_media":137015,"comment_status":"closed","ping_status":"open","sticky":false,"template":"","format":"standard","meta":{"jetpack_post_was_ever_published":false,"_jetpack_newsletter_access":"","_jetpack_dont_email_post_to_subs":false,"_jetpack_newsletter_tier_id":0,"_jetpack_memberships_contains_paywalled_content":false,"_jetpack_memberships_contains_paid_content":false,"footnotes":"","jetpack_publicize_message":"","jetpack_publicize_feature_enabled":true,"jetpack_social_post_already_shared":true,"jetpack_social_options":{"image_generator_settings":{"template":"highway","default_image_id":0,"font":"","enabled":false},"version":2}},"categories":[10],"tags":[6637,3598,18168,15338,1617],"class_list":["post-137014","post","type-post","status-publish","format-standard","has-post-thumbnail","hentry","category-dunya","tag-almanyada","tag-binada","tag-oturdugu","tag-turklerin","tag-yangin"],"jetpack_publicize_connections":[],"jetpack_featured_media_url":"https:\/\/i0.wp.com\/www.tvturk.com\/wp-content\/uploads\/2019\/04\/almanyada-turklerin-oturdugu-binada-yangin_37780e9.jpg?fit=1000%2C750","jetpack_sharing_enabled":true,"jetpack_shortlink":"https:\/\/wp.me\/paKIfm-zDU","_links":{"self":[{"href":"http:\/\/www.tvturk.com\/index.php\/wp-json\/wp\/v2\/posts\/137014","targetHints":{"allow":["GET"]}}],"collection":[{"href":"http:\/\/www.tvturk.com\/index.php\/wp-json\/wp\/v2\/posts"}],"about":[{"href":"http:\/\/www.tvturk.com\/index.php\/wp-json\/wp\/v2\/types\/post"}],"author":[{"embeddable":true,"href":"http:\/\/www.tvturk.com\/index.php\/wp-json\/wp\/v2\/users\/1"}],"replies":[{"embeddable":true,"href":"http:\/\/www.tvturk.com\/index.php\/wp-json\/wp\/v2\/comments?post=137014"}],"version-history":[{"count":1,"href":"http:\/\/www.tvturk.com\/index.php\/wp-json\/wp\/v2\/posts\/137014\/revisions"}],"predecessor-version":[{"id":137018,"href":"http:\/\/www.tvturk.com\/index.php\/wp-json\/wp\/v2\/posts\/137014\/revisions\/137018"}],"wp:featuredmedia":[{"embeddable":true,"href":"http:\/\/www.tvturk.com\/index.php\/wp-json\/wp\/v2\/media\/137015"}],"wp:attachment":[{"href":"http:\/\/www.tvturk.com\/index.php\/wp-json\/wp\/v2\/media?parent=137014"}],"wp:term":[{"taxonomy":"category","embeddable":true,"href":"http:\/\/www.tvturk.com\/index.php\/wp-json\/wp\/v2\/categories?post=137014"},{"taxonomy":"post_tag","embeddable":true,"href":"http:\/\/www.tvturk.com\/index.php\/wp-json\/wp\/v2\/tags?post=137014"}],"curies":[{"name":"wp","href":"https:\/\/api.w.org\/{rel}","templated":true}]}}