{"id":137306,"date":"2019-04-15T12:51:23","date_gmt":"2019-04-15T09:51:23","guid":{"rendered":"http:\/\/www.tvturk.com\/index.php\/mehmet-ozhaseki-secimin-kazanilip-kaybedilmesi-sadece-adayla-olan-bir-is-degil\/"},"modified":"2019-04-15T12:51:23","modified_gmt":"2019-04-15T09:51:23","slug":"mehmet-ozhaseki-secimin-kazanilip-kaybedilmesi-sadece-adayla-olan-bir-is-degil","status":"publish","type":"post","link":"http:\/\/www.tvturk.com\/index.php\/mehmet-ozhaseki-secimin-kazanilip-kaybedilmesi-sadece-adayla-olan-bir-is-degil\/","title":{"rendered":"Mehmet \u00d6zhaseki: &#8220;Se\u00e7imin kazan\u0131l\u0131p kaybedilmesi sadece adayla olan bir i\u015f de\u011fil&#8221;"},"content":{"rendered":"<p>AK Parti\u2019nin 31 Mart Yerel Se\u00e7imlerinde Ankara B\u00fcy\u00fck\u015fehir  Belediye Ba\u015fkan Aday\u0131 olan Kayseri Milletvekili Mehmet \u00d6zhaseki, &#8220;Se\u00e7imlerin kazan\u0131l\u0131p kaybedilmesi sadece adayla olan bir i\u015f de\u011fil. Sand\u0131k g\u00fcvenli\u011fi \u00e7ok \u00f6nemliymi\u015f, partimize d\u00fc\u015fen en \u00f6nemli g\u00f6rev sand\u0131k g\u00fcvenli\u011fini sa\u011flamakm\u0131\u015f&#8221; dedi.<\/p>\n<p>AK Parti Kayseri Milletvekili Mehmet \u00d6zhaseki, 31 Mart Yerel Se\u00e7imleri sonras\u0131nda geldi\u011fi Kayseri\u2019de AK Parti \u0130l Ba\u015fkanl\u0131\u011f\u0131n\u0131 ziyaret etti. Mehmet \u00d6zhaseki bina giri\u015finde partililer taraf\u0131ndan kar\u015f\u0131land\u0131 ve burada bas\u0131n mensuplar\u0131n\u0131n sorular\u0131n\u0131 yan\u0131tlad\u0131.<\/p>\n<p>31 Mart Yerel Se\u00e7imlerinde Ankara\u2019da se\u00e7imin kaybedilmesiyle ilgili olarak sorulan bir soru \u00fczerine \u00d6zhaseki, &#8220;Demek ki b\u00f6yle hayat. Vuku olanda hay\u0131r vard\u0131r diye g\u00fczel bir s\u00f6z vard\u0131r. Biz \u00e7al\u0131\u015fmaktan ve \u00fczerimize d\u00fc\u015feni yapmaktan sorumluyuz. Sonu\u00e7lar\u0131 da Allah takdir eder. \u00d6nemli olan sizin \u00fczerinize d\u00fc\u015feni, hakk\u0131yla yap\u0131p yapmad\u0131\u011f\u0131n\u0131zd\u0131r. Sizin orada, hakk\u0131yla partiyi temsil etmeniz, fikirlerini, g\u00f6r\u00fc\u015flerini ve gelecekle ilgili d\u00fc\u015f\u00fcncelerinizi ifade etmeniz gerekiyor. Allah\u2019a hamd olsun, bunlar\u0131 hakk\u0131yla yerine getirdi\u011fimi d\u00fc\u015f\u00fcn\u00fcyorum. Ben \u00fczerime d\u00fc\u015feni ve elimden geleni yapt\u0131m. Tabi se\u00e7imlerin kazan\u0131l\u0131p kaybedilmesi sadece adayla olan bir i\u015f de\u011fil. Onun d\u0131\u015f\u0131nda, o kadar \u00e7ok etken ve fakt\u00f6r var. Bunlar hepsi bir araya geldi\u011finde sonucu belli ediyor. Biz bu ortaya \u00e7\u0131kan tabloyu iyi de\u011ferlendirmeliyiz. Bu tablo sonucunda da kendimize ders \u00e7\u0131karmal\u0131y\u0131z. Parti olarak da, \u015fah\u0131s olarak da elbetteki hatas\u0131z de\u011filiz. Bunlardan ders \u00e7\u0131kar\u0131p gelece\u011fe do\u011fru yol almak bizim birinci i\u015fimiz. Bundan dolay\u0131 17 y\u0131ld\u0131r iktidarday\u0131z. \u015eunu da kimse unutmas\u0131n ki biz Cumhur \u0130ttifak\u0131 olarak, y\u00fczde 52 gibi bir oy alarak hakl\u0131l\u0131\u011f\u0131m\u0131z\u0131 ispatlad\u0131k. Bir ba\u015fka konu, parti olarak bizler y\u00fczde 45 oy alm\u0131\u015f, 17.nci senesinde yine a\u00e7\u0131k ara birinci partiyiz. Ancak \u0130stanbul ve Ankara\u2019daki sonu\u00e7lar hepimizi \u00fczm\u00fc\u015ft\u00fcr. Bundan dolay\u0131 da en \u00e7ok kendi i\u00e7inde \u00f6z ele\u015ftiri k\u00fclt\u00fcr\u00fcn\u00fc geli\u015ftirip, buradan ders \u00e7\u0131karacak parti de biziz. Bu arada as\u0131l ders almas\u0131 gerekenler herhalde 20 y\u0131l boyunca, s\u0131rt\u0131 yerden kalkmayanlard\u0131r. Kendilerine bir kez daha bakmalar\u0131 laz\u0131m. Psikolojik olarak 1-2 \u015fehri ald\u0131k diye havaya girmemeleri laz\u0131m\u201d diye cevap verdi.<\/p>\n<p>\u00d6zhaseki sorulan bir ba\u015fka soru \u00fczerine ise, &#8220;\u0130stanbul se\u00e7imleri ile ilgili olarak zaten partimiz \u00fczerine d\u00fc\u015feni yap\u0131yor. Se\u00e7im i\u015fleri Ba\u015fkanl\u0131\u011f\u0131m\u0131z orada itirazlar\u0131 yap\u0131yor. Detay\u0131na vak\u0131f de\u011filim. Sand\u0131k g\u00fcvenli\u011fi \u00e7ok \u00f6nemliymi\u015f, partimize d\u00fc\u015fen en \u00f6nemli g\u00f6rev sand\u0131k g\u00fcvenli\u011fini sa\u011flamakm\u0131\u015f. Bir \u00e7ok yerde sand\u0131k m\u00fc\u015fahidimiz olmay\u0131nca, itiraz edilmeyince sand\u0131k yeniden a\u00e7\u0131l\u0131p say\u0131lm\u0131yor. Bundan dolay\u0131 da bir \u00e7ok yerde oy kayb\u0131na u\u011frad\u0131\u011f\u0131m\u0131z\u0131 anlad\u0131k. Elbette b\u00fcy\u00fck bir partiyiz, g\u00fc\u00e7l\u00fc bir te\u015fkilat\u0131m\u0131z var ancak sahip \u00e7\u0131kma noktas\u0131nda sand\u0131klara bu se\u00e7imlerde yetersiz kald\u0131\u011f\u0131m\u0131z\u0131 kendimiz de g\u00f6r\u00fcyoruz. Bunu da de\u011ferlendiriyoruz zaten. \u00c7\u00fcnk\u00fc a\u00e7\u0131lan her sand\u0131kta bizim oyumuz art\u0131yor kar\u015f\u0131 taraf\u0131n d\u00fc\u015f\u00fcyor. Ke\u015fke m\u00fcmk\u00fcn olsa da tarafs\u0131z g\u00f6zlemciler otursalar Ankara ve \u0130stanbul\u2019u yeniden saysalar emin olun sonu\u00e7 \u00e7ok daha farkl\u0131 de\u011fi\u015fir. Ama \u00f6yle olmad\u0131\u011f\u0131 i\u00e7in \u015fimdi b\u00f6yle bir sonu\u00e7la kar\u015f\u0131 kar\u015f\u0131yay\u0131z. Hay\u0131rl\u0131s\u0131 olsun diyoruz art\u0131k. Bundan sonra yap\u0131lacak ne varsa partimiz onu takip ediyor&#8221; dedi.<\/p>\n<p>Ankara B\u00fcy\u00fck\u015fehir Belediye Meclisinde verilen \u00f6nergenin g\u00f6r\u00fc\u015f\u00fclmemesi y\u00f6n\u00fcndeki tart\u0131\u015fmalarla ilgili olarak ise, &#8220;Ankara\u2019daki meseleye gelince ben de d\u0131\u015far\u0131dan takip ettim. Orada meclis \u00fcyeleri bir \u00f6nerge veriyorlar, o \u00f6nergede \u015firketlerin denetim ve y\u00f6netiminin bundan sonra olacaklar\u0131n meclis kontrol\u00fcnde olmas\u0131, b\u00fct\u00fcn partilerin buraya m\u00fcdahil olmas\u0131, \u015feffafl\u0131k \u00fczerine, fakat bir anda yang\u0131ndan mal ka\u00e7\u0131r\u0131yor gibi oylamadan kapatt\u0131m diyor ve oylatm\u0131yor. Ba\u015fkan\u0131n \u00f6yle bir yetkisi yok. Yani Meclis \u00fcyelerinin 3\u2019te 2\u2019den fazlas\u0131 size bir \u00f6nerge veriyorlar, siz bunu meclis \u00fcyelerinin oyuna bile sunmuyorsunuz. Kendi ba\u015f\u0131n\u0131za ben bu \u00f6nergeyi oylatm\u0131yorum diyerek kapat\u0131p ka\u00e7\u0131yorsunuz. Bunlar ileride tart\u0131\u015f\u0131l\u0131r, bu g\u00f6revi k\u00f6t\u00fcye kullanma su\u00e7una girer. O y\u00fczden in\u015fallah \u00f6n\u00fcm\u00fczdeki s\u00fcre\u00e7te b\u00f6yle hatalar yapmazlar, meclisten bir \u015fey ka\u00e7\u0131rmazlar. Meclis nihayetinde denetimini isteseniz de istemeseniz de yapar. Vatanda\u015f meclis \u00fcyelerini ba\u015fkan\u0131n yan\u0131nda dursun yardak\u00e7\u0131l\u0131k yaps\u0131n diye se\u00e7miyor. Oradaki insanlar\u0131n hepsi se\u00e7ilmi\u015f ve denetleme yetkisi var. Gensoru \u00f6nergesi verme yetkisi var bunu da \u00f6n\u00fcm\u00fczdeki g\u00fcnlerde kullan\u0131rlar. Ben Ankara ile ilgili \u00f6zel olarak ilgilenmiyorum. D\u0131\u015f\u0131nday\u0131m. Partimiz art\u0131k onu takip eder, il ba\u015fkanl\u0131\u011f\u0131m\u0131z onu takip eder&#8221; de\u011ferlendirmesinde bulundu.<\/p>\n<p>\u00d6zhaseki, &#8220;Kayseri\u2019de ba\u015far\u0131 var ittifak do\u011frusu tutmu\u015ftur. Milliyet\u00e7i Hareket Partisi ve AK Parti\u2019nin beraberli\u011fine vatanda\u015f onay vermi\u015ftir, ho\u015f bakm\u0131\u015ft\u0131r. Nihayetinde belediyelerin y\u00f6netiminde b\u00f6yle y\u00f6netim anlay\u0131\u015f\u0131 ortak ve ak\u0131lc\u0131 bir \u015fekilde devam edecektir. Ben nihayetinde Kayseri Milletvekiliyim. Devletin \u00fcst kademelerinde yer alm\u0131\u015f bir i\u015fi olarak ne kadar bilgi birikimim varsa bunu yine Kayseri i\u00e7in kullanmaya u\u011fra\u015faca\u011f\u0131m. Kayseri\u2019de in\u015fallah yeni g\u00fczel icraatlar d\u00f6nemi ba\u015fl\u0131yor&#8221; diye konu\u015ftu.<\/p>\n","protected":false},"excerpt":{"rendered":"<p>YEREL SE\u00c7\u0130MLERDE ANKARA B\u00dcY\u00dcK\u015eEH\u0130R  BELED\u0130YE BA\u015eKAN ADAYI OLAN KAYSER\u0130 M\u0130LLETVEK\u0130L\u0130 MEHMET \u00d6ZHASEK\u0130, &#8220;TAB\u0130\u0130 SE\u00c7\u0130MLER\u0130N KAZANILIP KAYBED\u0130LMES\u0130 SADECE ADAYLA OLAN B\u0130R \u0130\u015e DE\u011e\u0130L. SANDIK G\u00dcVENL\u0130\u011e\u0130 \u00c7OK \u00d6NEML\u0130YM\u0130\u015e, PART\u0130M\u0130ZE D\u00dc\u015eEN EN \u00d6NEML\u0130 G\u00d6REV SANDIK G\u00dcVENL\u0130\u011e\u0130N\u0130 SA\u011eLAMAKMI\u015e&#8221; DED\u0130.<\/p>\n","protected":false},"author":1,"featured_media":137307,"comment_status":"closed","ping_status":"open","sticky":false,"template":"","format":"standard","meta":{"jetpack_post_was_ever_published":false,"_jetpack_newsletter_access":"","_jetpack_dont_email_post_to_subs":false,"_jetpack_newsletter_tier_id":0,"_jetpack_memberships_contains_paywalled_content":false,"_jetpack_memberships_contains_paid_content":false,"footnotes":"","jetpack_publicize_message":"","jetpack_publicize_feature_enabled":true,"jetpack_social_post_already_shared":true,"jetpack_social_options":{"image_generator_settings":{"template":"highway","default_image_id":0,"font":"","enabled":false},"version":2}},"categories":[1],"tags":[31283,125,2039,432,31282,31281,2570,572,11788,8705,24666],"class_list":["post-137306","post","type-post","status-publish","format-standard","has-post-thumbnail","hentry","category-genel","tag-adayla","tag-bir","tag-degil","tag-is","tag-kaybedilmesi","tag-kazanilip","tag-mehmet","tag-olan","tag-ozhaseki","tag-sadece","tag-secimin"],"jetpack_publicize_connections":[],"jetpack_featured_media_url":"https:\/\/i0.wp.com\/www.tvturk.com\/wp-content\/uploads\/2019\/04\/mehmet-ozhaseki-secimin-kazanilip-kaybedilmesi-sadece-adayla-olan-bir-is-degil_39bcaec.jpg?fit=720%2C576","jetpack_sharing_enabled":true,"jetpack_shortlink":"https:\/\/wp.me\/paKIfm-zIC","_links":{"self":[{"href":"http:\/\/www.tvturk.com\/index.php\/wp-json\/wp\/v2\/posts\/137306","targetHints":{"allow":["GET"]}}],"collection":[{"href":"http:\/\/www.tvturk.com\/index.php\/wp-json\/wp\/v2\/posts"}],"about":[{"href":"http:\/\/www.tvturk.com\/index.php\/wp-json\/wp\/v2\/types\/post"}],"author":[{"embeddable":true,"href":"http:\/\/www.tvturk.com\/index.php\/wp-json\/wp\/v2\/users\/1"}],"replies":[{"embeddable":true,"href":"http:\/\/www.tvturk.com\/index.php\/wp-json\/wp\/v2\/comments?post=137306"}],"version-history":[{"count":0,"href":"http:\/\/www.tvturk.com\/index.php\/wp-json\/wp\/v2\/posts\/137306\/revisions"}],"wp:featuredmedia":[{"embeddable":true,"href":"http:\/\/www.tvturk.com\/index.php\/wp-json\/wp\/v2\/media\/137307"}],"wp:attachment":[{"href":"http:\/\/www.tvturk.com\/index.php\/wp-json\/wp\/v2\/media?parent=137306"}],"wp:term":[{"taxonomy":"category","embeddable":true,"href":"http:\/\/www.tvturk.com\/index.php\/wp-json\/wp\/v2\/categories?post=137306"},{"taxonomy":"post_tag","embeddable":true,"href":"http:\/\/www.tvturk.com\/index.php\/wp-json\/wp\/v2\/tags?post=137306"}],"curies":[{"name":"wp","href":"https:\/\/api.w.org\/{rel}","templated":true}]}}